{"id":25002,"date":"2022-08-05T17:18:37","date_gmt":"2022-08-05T17:18:37","guid":{"rendered":"https:\/\/www.africa-press.net\/cameroun\/politique\/cameroun-camair-co-se-dote-dun-nouvel-avion-de-129-places"},"modified":"2022-08-05T18:43:51","modified_gmt":"2022-08-05T18:43:51","slug":"cameroun-camair-co-se-dote-dun-nouvel-avion-de-129-places","status":"publish","type":"post","link":"https:\/\/www.africa-press.net\/cameroun\/toutes-les-actualites\/cameroun-camair-co-se-dote-dun-nouvel-avion-de-129-places","title":{"rendered":"Cameroun\u00a0: Camair-co se dote d\u2019un nouvel avion de 129 places"},"content":{"rendered":"<p><span style=\"color: #ff6600\"><strong>Africa-Press &#8211; Cameroun. <\/strong><\/span>Le nouvel oiseau de Camair-Co a foul\u00e9 le sol de Douala, capitale \u00e9conomique hier 04 ao\u00fbt 2022 en provenance d\u2019Ethiopie.<\/p>\n<p>Apr\u00e8s des ann\u00e9es marqu\u00e9es par des difficult\u00e9s financi\u00e8res, de mauvaises performances et la limitation de ses services \u00e0 cause de la crise sanitaire, Camair-Co se dote d\u2019un nouvel avion. Il s\u2019agit du : \u00ab The Boeing Company B373-7BD \u00bb du vol QC728.<\/p>\n<p>L\u2019engin a foul\u00e9 le Tarmac de l\u2019a\u00e9roport international de Douala ce jeudi 04 ao\u00fbt 2022. Dans le fond, ce nouvel avion est l\u2019un des 2 Boeing 737, propri\u00e9t\u00e9s de Camair-Co qui \u00e9tait en r\u00e9paration dans les ateliers de Ethiopian Airlines \u00e0 Addis-Abeba en \u00c9thiopie.<\/p>\n<p>N\u00e9anmoins, l\u2019avion est Flambant neuf, notamment avec de nouveaux moteurs et une Cabine totalement neuve. Il dispose pour le besoin de la cause de 117 places en classe \u00e9conomique et 12 en Business Class.<\/p>\n<p>Il s\u2019agit sans doute d\u2019une continuit\u00e9 dans la strat\u00e9gie de Camair-co visant \u00e0 reprendre son ascension. La compagnie avait annonc\u00e9, avant la CAN (Coupe d\u2019Afrique des Nations) le renforcement de son plan d\u2019exploitation domestique.<\/p>\n<p>La compagnie s\u2019\u00e9tait alors dot\u00e9e de deux a\u00e9ronefs de marque Bombardiers Q400 et dont des sources internes font \u00e9tat de nouvelles op\u00e9rations de leasing. Avec, un nouveau programme de vols devant permettre de mieux assurer la rotation pendant la comp\u00e9tition.<\/p>\n<p><strong>Pour plus d&rsquo;informations et d&rsquo;analyses sur la <a href=\"https:\/\/www.africa-press.net\/cameroun\">Cameroun<\/a>, suivez <a href=\"https:\/\/www.africa-press.net\/\">Africa-Press<\/a><\/strong><\/p>\n","protected":false},"excerpt":{"rendered":"<p>Africa-Press &#8211; Cameroun. Le nouvel oiseau de Camair-Co a foul\u00e9 le sol de Douala, capitale \u00e9conomique hier 04 ao\u00fbt 2022 en provenance d\u2019Ethiopie. Apr\u00e8s des ann\u00e9es marqu\u00e9es par des difficult\u00e9s financi\u00e8res, de mauvaises performances et la limitation de ses services \u00e0 cause de la crise sanitaire, Camair-Co se dote d\u2019un nouvel avion. Il s\u2019agit du [&hellip;]<\/p>\n","protected":false},"author":82,"featured_media":25001,"comment_status":"open","ping_status":"closed","sticky":false,"template":"","format":"standard","meta":{"footnotes":""},"categories":[21,11,10],"tags":[36,50,49],"class_list":["post-25002","post","type-post","status-publish","format-standard","has-post-thumbnail","hentry","category-communaute","category-homepage-french","category-toutes-les-actualites","tag-africa-press","tag-africa-press-cameroun","tag-cameroun"],"yoast_head":"<!-- This site is optimized with the Yoast SEO Premium plugin v26.1 (Yoast SEO v27.0) - https:\/\/yoast.com\/product\/yoast-seo-premium-wordpress\/ -->\n<title>Cameroun\u00a0: Camair-co se dote d\u2019un nouvel avion de 129 places - Cameroun<\/title>\n<meta name=\"description\" content=\"Le nouvel oiseau de Camair-Co a foul\u00e9 le sol de Douala, capitale \u00e9conomique hier 04 ao\u00fbt 2022 en provenance d\u2019Ethiopie. ...\" \/>\n<meta name=\"robots\" content=\"index, follow, max-snippet:-1, max-image-preview:large, max-video-preview:-1\" \/>\n<link rel=\"canonical\" href=\"https:\/\/www.africa-press.net\/cameroun\/toutes-les-actualites\/cameroun-camair-co-se-dote-dun-nouvel-avion-de-129-places\" \/>\n<meta property=\"og:locale\" content=\"fr_FR\" \/>\n<meta property=\"og:type\" content=\"article\" \/>\n<meta property=\"og:title\" content=\"Cameroun\u00a0: Camair-co se dote d\u2019un nouvel avion de 129 places\" \/>\n<meta property=\"og:description\" content=\"Le nouvel oiseau de Camair-Co a foul\u00e9 le sol de Douala, capitale \u00e9conomique hier 04 ao\u00fbt 2022 en provenance d\u2019Ethiopie. ...\" \/>\n<meta property=\"og:url\" content=\"https:\/\/www.africa-press.net\/cameroun\/toutes-les-actualites\/cameroun-camair-co-se-dote-dun-nouvel-avion-de-129-places\" \/>\n<meta property=\"og:site_name\" content=\"Cameroun\" \/>\n<meta property=\"article:published_time\" content=\"2022-08-05T17:18:37+00:00\" \/>\n<meta property=\"article:modified_time\" content=\"2022-08-05T18:43:51+00:00\" \/>\n<meta property=\"og:image\" content=\"https:\/\/static.africa-press.net\/cameroun\/sites\/57\/2022\/08\/img-62ed64d1b0466.jpg\" \/>\n\t<meta property=\"og:image:width\" content=\"720\" \/>\n\t<meta property=\"og:image:height\" content=\"540\" \/>\n\t<meta property=\"og:image:type\" content=\"image\/jpeg\" \/>\n<meta name=\"author\" content=\"cfeditorfr\" \/>\n<meta name=\"twitter:card\" content=\"summary_large_image\" \/>\n<meta name=\"twitter:label1\" content=\"\u00c9crit par\" \/>\n\t<meta name=\"twitter:data1\" content=\"cfeditorfr\" \/>\n\t<meta name=\"twitter:label2\" content=\"Dur\u00e9e de lecture estim\u00e9e\" \/>\n\t<meta name=\"twitter:data2\" content=\"2 minutes\" \/>\n<script type=\"application\/ld+json\" class=\"yoast-schema-graph\">{\"@context\":\"https:\/\/schema.org\",\"@graph\":[{\"@type\":\"Article\",\"@id\":\"https:\/\/www.africa-press.net\/cameroun\/toutes-les-actualites\/cameroun-camair-co-se-dote-dun-nouvel-avion-de-129-places#article\",\"isPartOf\":{\"@id\":\"https:\/\/www.africa-press.net\/cameroun\/toutes-les-actualites\/cameroun-camair-co-se-dote-dun-nouvel-avion-de-129-places\"},\"author\":{\"name\":\"cfeditorfr\",\"@id\":\"https:\/\/www.africa-press.net\/cameroun\/#\/schema\/person\/2b1cf3cd81a31e3cd26889ca66d677f1\"},\"headline\":\"Cameroun\u00a0: Camair-co se dote d\u2019un nouvel avion de 129 places\",\"datePublished\":\"2022-08-05T17:18:37+00:00\",\"dateModified\":\"2022-08-05T18:43:51+00:00\",\"mainEntityOfPage\":{\"@id\":\"https:\/\/www.africa-press.net\/cameroun\/toutes-les-actualites\/cameroun-camair-co-se-dote-dun-nouvel-avion-de-129-places\"},\"wordCount\":256,\"commentCount\":0,\"image\":{\"@id\":\"https:\/\/www.africa-press.net\/cameroun\/toutes-les-actualites\/cameroun-camair-co-se-dote-dun-nouvel-avion-de-129-places#primaryimage\"},\"thumbnailUrl\":\"https:\/\/static.africa-press.net\/cameroun\/sites\/57\/2022\/08\/img-62ed64d1b0466.jpg\",\"keywords\":[\"Africa Press\",\"Africa Press-Cameroun\",\"Cameroun\"],\"articleSection\":[\"Communaut\u00e9\",\"homepage-french\",\"Toutes les actualit\u00e9s\"],\"inLanguage\":\"fr-FR\",\"potentialAction\":[{\"@type\":\"CommentAction\",\"name\":\"Comment\",\"target\":[\"https:\/\/www.africa-press.net\/cameroun\/toutes-les-actualites\/cameroun-camair-co-se-dote-dun-nouvel-avion-de-129-places#respond\"]}]},{\"@type\":\"WebPage\",\"@id\":\"https:\/\/www.africa-press.net\/cameroun\/toutes-les-actualites\/cameroun-camair-co-se-dote-dun-nouvel-avion-de-129-places\",\"url\":\"https:\/\/www.africa-press.net\/cameroun\/toutes-les-actualites\/cameroun-camair-co-se-dote-dun-nouvel-avion-de-129-places\",\"name\":\"Cameroun\u00a0: Camair-co se dote d\u2019un nouvel avion de 129 places - Cameroun\",\"isPartOf\":{\"@id\":\"https:\/\/www.africa-press.net\/cameroun\/#website\"},\"primaryImageOfPage\":{\"@id\":\"https:\/\/www.africa-press.net\/cameroun\/toutes-les-actualites\/cameroun-camair-co-se-dote-dun-nouvel-avion-de-129-places#primaryimage\"},\"image\":{\"@id\":\"https:\/\/www.africa-press.net\/cameroun\/toutes-les-actualites\/cameroun-camair-co-se-dote-dun-nouvel-avion-de-129-places#primaryimage\"},\"thumbnailUrl\":\"https:\/\/static.africa-press.net\/cameroun\/sites\/57\/2022\/08\/img-62ed64d1b0466.jpg\",\"datePublished\":\"2022-08-05T17:18:37+00:00\",\"dateModified\":\"2022-08-05T18:43:51+00:00\",\"author\":{\"@id\":\"https:\/\/www.africa-press.net\/cameroun\/#\/schema\/person\/2b1cf3cd81a31e3cd26889ca66d677f1\"},\"description\":\"Le nouvel oiseau de Camair-Co a foul\u00e9 le sol de Douala, capitale \u00e9conomique hier 04 ao\u00fbt 2022 en provenance d\u2019Ethiopie. ...\",\"breadcrumb\":{\"@id\":\"https:\/\/www.africa-press.net\/cameroun\/toutes-les-actualites\/cameroun-camair-co-se-dote-dun-nouvel-avion-de-129-places#breadcrumb\"},\"inLanguage\":\"fr-FR\",\"potentialAction\":[{\"@type\":\"ReadAction\",\"target\":[\"https:\/\/www.africa-press.net\/cameroun\/toutes-les-actualites\/cameroun-camair-co-se-dote-dun-nouvel-avion-de-129-places\"]}]},{\"@type\":\"ImageObject\",\"inLanguage\":\"fr-FR\",\"@id\":\"https:\/\/www.africa-press.net\/cameroun\/toutes-les-actualites\/cameroun-camair-co-se-dote-dun-nouvel-avion-de-129-places#primaryimage\",\"url\":\"https:\/\/static.africa-press.net\/cameroun\/sites\/57\/2022\/08\/img-62ed64d1b0466.jpg\",\"contentUrl\":\"https:\/\/static.africa-press.net\/cameroun\/sites\/57\/2022\/08\/img-62ed64d1b0466.jpg\",\"width\":720,\"height\":540,\"caption\":\"Cameroun\u00a0: Camair-co se dote d\u2019un nouvel avion de 129 places\"},{\"@type\":\"BreadcrumbList\",\"@id\":\"https:\/\/www.africa-press.net\/cameroun\/toutes-les-actualites\/cameroun-camair-co-se-dote-dun-nouvel-avion-de-129-places#breadcrumb\",\"itemListElement\":[{\"@type\":\"ListItem\",\"position\":1,\"name\":\"Accueil\",\"item\":\"https:\/\/www.africa-press.net\/cameroun\/\"},{\"@type\":\"ListItem\",\"position\":2,\"name\":\"Cameroun\u00a0: Camair-co se dote d\u2019un nouvel avion de 129 places\"}]},{\"@type\":\"WebSite\",\"@id\":\"https:\/\/www.africa-press.net\/cameroun\/#website\",\"url\":\"https:\/\/www.africa-press.net\/cameroun\/\",\"name\":\"Cameroun\",\"description\":\"Just another Africa News Agency Sites site\",\"potentialAction\":[{\"@type\":\"SearchAction\",\"target\":{\"@type\":\"EntryPoint\",\"urlTemplate\":\"https:\/\/www.africa-press.net\/cameroun\/?s={search_term_string}\"},\"query-input\":{\"@type\":\"PropertyValueSpecification\",\"valueRequired\":true,\"valueName\":\"search_term_string\"}}],\"inLanguage\":\"fr-FR\"},{\"@type\":\"Person\",\"@id\":\"https:\/\/www.africa-press.net\/cameroun\/#\/schema\/person\/2b1cf3cd81a31e3cd26889ca66d677f1\",\"name\":\"cfeditorfr\"}]}<\/script>\n<!-- \/ Yoast SEO Premium plugin. -->","yoast_head_json":{"title":"Cameroun\u00a0: Camair-co se dote d\u2019un nouvel avion de 129 places - Cameroun","description":"Le nouvel oiseau de Camair-Co a foul\u00e9 le sol de Douala, capitale \u00e9conomique hier 04 ao\u00fbt 2022 en provenance d\u2019Ethiopie. ...","robots":{"index":"index","follow":"follow","max-snippet":"max-snippet:-1","max-image-preview":"max-image-preview:large","max-video-preview":"max-video-preview:-1"},"canonical":"https:\/\/www.africa-press.net\/cameroun\/toutes-les-actualites\/cameroun-camair-co-se-dote-dun-nouvel-avion-de-129-places","og_locale":"fr_FR","og_type":"article","og_title":"Cameroun\u00a0: Camair-co se dote d\u2019un nouvel avion de 129 places","og_description":"Le nouvel oiseau de Camair-Co a foul\u00e9 le sol de Douala, capitale \u00e9conomique hier 04 ao\u00fbt 2022 en provenance d\u2019Ethiopie. ...","og_url":"https:\/\/www.africa-press.net\/cameroun\/toutes-les-actualites\/cameroun-camair-co-se-dote-dun-nouvel-avion-de-129-places","og_site_name":"Cameroun","article_published_time":"2022-08-05T17:18:37+00:00","article_modified_time":"2022-08-05T18:43:51+00:00","og_image":[{"width":720,"height":540,"url":"https:\/\/static.africa-press.net\/cameroun\/sites\/57\/2022\/08\/img-62ed64d1b0466.jpg","type":"image\/jpeg"}],"author":"cfeditorfr","twitter_card":"summary_large_image","twitter_misc":{"\u00c9crit par":"cfeditorfr","Dur\u00e9e de lecture estim\u00e9e":"2 minutes"},"schema":{"@context":"https:\/\/schema.org","@graph":[{"@type":"Article","@id":"https:\/\/www.africa-press.net\/cameroun\/toutes-les-actualites\/cameroun-camair-co-se-dote-dun-nouvel-avion-de-129-places#article","isPartOf":{"@id":"https:\/\/www.africa-press.net\/cameroun\/toutes-les-actualites\/cameroun-camair-co-se-dote-dun-nouvel-avion-de-129-places"},"author":{"name":"cfeditorfr","@id":"https:\/\/www.africa-press.net\/cameroun\/#\/schema\/person\/2b1cf3cd81a31e3cd26889ca66d677f1"},"headline":"Cameroun\u00a0: Camair-co se dote d\u2019un nouvel avion de 129 places","datePublished":"2022-08-05T17:18:37+00:00","dateModified":"2022-08-05T18:43:51+00:00","mainEntityOfPage":{"@id":"https:\/\/www.africa-press.net\/cameroun\/toutes-les-actualites\/cameroun-camair-co-se-dote-dun-nouvel-avion-de-129-places"},"wordCount":256,"commentCount":0,"image":{"@id":"https:\/\/www.africa-press.net\/cameroun\/toutes-les-actualites\/cameroun-camair-co-se-dote-dun-nouvel-avion-de-129-places#primaryimage"},"thumbnailUrl":"https:\/\/static.africa-press.net\/cameroun\/sites\/57\/2022\/08\/img-62ed64d1b0466.jpg","keywords":["Africa Press","Africa Press-Cameroun","Cameroun"],"articleSection":["Communaut\u00e9","homepage-french","Toutes les actualit\u00e9s"],"inLanguage":"fr-FR","potentialAction":[{"@type":"CommentAction","name":"Comment","target":["https:\/\/www.africa-press.net\/cameroun\/toutes-les-actualites\/cameroun-camair-co-se-dote-dun-nouvel-avion-de-129-places#respond"]}]},{"@type":"WebPage","@id":"https:\/\/www.africa-press.net\/cameroun\/toutes-les-actualites\/cameroun-camair-co-se-dote-dun-nouvel-avion-de-129-places","url":"https:\/\/www.africa-press.net\/cameroun\/toutes-les-actualites\/cameroun-camair-co-se-dote-dun-nouvel-avion-de-129-places","name":"Cameroun\u00a0: Camair-co se dote d\u2019un nouvel avion de 129 places - Cameroun","isPartOf":{"@id":"https:\/\/www.africa-press.net\/cameroun\/#website"},"primaryImageOfPage":{"@id":"https:\/\/www.africa-press.net\/cameroun\/toutes-les-actualites\/cameroun-camair-co-se-dote-dun-nouvel-avion-de-129-places#primaryimage"},"image":{"@id":"https:\/\/www.africa-press.net\/cameroun\/toutes-les-actualites\/cameroun-camair-co-se-dote-dun-nouvel-avion-de-129-places#primaryimage"},"thumbnailUrl":"https:\/\/static.africa-press.net\/cameroun\/sites\/57\/2022\/08\/img-62ed64d1b0466.jpg","datePublished":"2022-08-05T17:18:37+00:00","dateModified":"2022-08-05T18:43:51+00:00","author":{"@id":"https:\/\/www.africa-press.net\/cameroun\/#\/schema\/person\/2b1cf3cd81a31e3cd26889ca66d677f1"},"description":"Le nouvel oiseau de Camair-Co a foul\u00e9 le sol de Douala, capitale \u00e9conomique hier 04 ao\u00fbt 2022 en provenance d\u2019Ethiopie. ...","breadcrumb":{"@id":"https:\/\/www.africa-press.net\/cameroun\/toutes-les-actualites\/cameroun-camair-co-se-dote-dun-nouvel-avion-de-129-places#breadcrumb"},"inLanguage":"fr-FR","potentialAction":[{"@type":"ReadAction","target":["https:\/\/www.africa-press.net\/cameroun\/toutes-les-actualites\/cameroun-camair-co-se-dote-dun-nouvel-avion-de-129-places"]}]},{"@type":"ImageObject","inLanguage":"fr-FR","@id":"https:\/\/www.africa-press.net\/cameroun\/toutes-les-actualites\/cameroun-camair-co-se-dote-dun-nouvel-avion-de-129-places#primaryimage","url":"https:\/\/static.africa-press.net\/cameroun\/sites\/57\/2022\/08\/img-62ed64d1b0466.jpg","contentUrl":"https:\/\/static.africa-press.net\/cameroun\/sites\/57\/2022\/08\/img-62ed64d1b0466.jpg","width":720,"height":540,"caption":"Cameroun\u00a0: Camair-co se dote d\u2019un nouvel avion de 129 places"},{"@type":"BreadcrumbList","@id":"https:\/\/www.africa-press.net\/cameroun\/toutes-les-actualites\/cameroun-camair-co-se-dote-dun-nouvel-avion-de-129-places#breadcrumb","itemListElement":[{"@type":"ListItem","position":1,"name":"Accueil","item":"https:\/\/www.africa-press.net\/cameroun\/"},{"@type":"ListItem","position":2,"name":"Cameroun\u00a0: Camair-co se dote d\u2019un nouvel avion de 129 places"}]},{"@type":"WebSite","@id":"https:\/\/www.africa-press.net\/cameroun\/#website","url":"https:\/\/www.africa-press.net\/cameroun\/","name":"Cameroun","description":"Just another Africa News Agency Sites site","potentialAction":[{"@type":"SearchAction","target":{"@type":"EntryPoint","urlTemplate":"https:\/\/www.africa-press.net\/cameroun\/?s={search_term_string}"},"query-input":{"@type":"PropertyValueSpecification","valueRequired":true,"valueName":"search_term_string"}}],"inLanguage":"fr-FR"},{"@type":"Person","@id":"https:\/\/www.africa-press.net\/cameroun\/#\/schema\/person\/2b1cf3cd81a31e3cd26889ca66d677f1","name":"cfeditorfr"}]}},"_links":{"self":[{"href":"https:\/\/www.africa-press.net\/cameroun\/wp-json\/wp\/v2\/posts\/25002","targetHints":{"allow":["GET"]}}],"collection":[{"href":"https:\/\/www.africa-press.net\/cameroun\/wp-json\/wp\/v2\/posts"}],"about":[{"href":"https:\/\/www.africa-press.net\/cameroun\/wp-json\/wp\/v2\/types\/post"}],"author":[{"embeddable":true,"href":"https:\/\/www.africa-press.net\/cameroun\/wp-json\/wp\/v2\/users\/82"}],"replies":[{"embeddable":true,"href":"https:\/\/www.africa-press.net\/cameroun\/wp-json\/wp\/v2\/comments?post=25002"}],"version-history":[{"count":0,"href":"https:\/\/www.africa-press.net\/cameroun\/wp-json\/wp\/v2\/posts\/25002\/revisions"}],"wp:featuredmedia":[{"embeddable":true,"href":"https:\/\/www.africa-press.net\/cameroun\/wp-json\/wp\/v2\/media\/25001"}],"wp:attachment":[{"href":"https:\/\/www.africa-press.net\/cameroun\/wp-json\/wp\/v2\/media?parent=25002"}],"wp:term":[{"taxonomy":"category","embeddable":true,"href":"https:\/\/www.africa-press.net\/cameroun\/wp-json\/wp\/v2\/categories?post=25002"},{"taxonomy":"post_tag","embeddable":true,"href":"https:\/\/www.africa-press.net\/cameroun\/wp-json\/wp\/v2\/tags?post=25002"}],"curies":[{"name":"wp","href":"https:\/\/api.w.org\/{rel}","templated":true}]}}