{"id":25005,"date":"2022-08-05T17:23:09","date_gmt":"2022-08-05T17:23:09","guid":{"rendered":"https:\/\/www.africa-press.net\/cameroun\/politique\/cameroun-les-resultats-du-probatoire-general-sont-disponibles"},"modified":"2022-08-05T18:44:23","modified_gmt":"2022-08-05T18:44:23","slug":"cameroun-les-resultats-du-probatoire-general-sont-disponibles","status":"publish","type":"post","link":"https:\/\/www.africa-press.net\/cameroun\/toutes-les-actualites\/cameroun-les-resultats-du-probatoire-general-sont-disponibles","title":{"rendered":"Cameroun : les r\u00e9sultats du probatoire g\u00e9n\u00e9ral sont disponibles"},"content":{"rendered":"<p><span style=\"color: #ff6600\"><strong>Africa-Press &#8211; Cameroun. <\/strong><\/span>Ils seront mis \u00e0 la disposition de la communaut\u00e9 \u00e9ducative nationale jusqu\u2019au vendredi 05 ao\u00fbt 2022.<\/p>\n<p>Les r\u00e9sultats du probatoire de l\u2019Enseignement secondaire g\u00e9n\u00e9ral sont connus. Comme l\u2019a annonc\u00e9 le directeur de l\u2019Office du baccalaur\u00e9at du Cameroun (OBC) mercredi 03 ao\u00fbt dernier ces r\u00e9sultats seront mis \u00e0 la disposition du public ce vendredi. Les candidats concern\u00e9s ou leurs parents pourront les consulter via le 8070 en envoyant par SMS le matricule du candidat au prix de 150 Francs CFA.<\/p>\n<p>Ces r\u00e9sultats seront aussi lus \u00e0 la radio ce m\u00eame vendredi sur les antennes du r\u00e9seau national de la Cameroon radio television (Crtv), le Poste national et les antennes r\u00e9gionales.<\/p>\n<p>Depuis mercredi 03 ao\u00fbt 2022, les candidats au probatoire STT consultent progressivement leurs r\u00e9sultats.<\/p>\n<p>La publication des r\u00e9sultats des probatoires ESG et Technique boucle la saison des examens de l\u2019Enseignement secondaire pour le compte de l\u2019ann\u00e9e scolaire 2021-2022. Mardi 02 ao\u00fbt, les r\u00e9sultats du baccalaur\u00e9at STT ont \u00e9t\u00e9 rendus publics. Les 27 et 28 juillet 2022, les r\u00e9sultats des baccalaur\u00e9ats technique industriel et secondaire g\u00e9n\u00e9ral ont \u00e9t\u00e9 respectivement d\u00e9livr\u00e9s.<\/p>\n<p><strong>Pour plus d&rsquo;informations et d&rsquo;analyses sur la <a href=\"https:\/\/www.africa-press.net\/cameroun\">Cameroun<\/a>, suivez <a href=\"https:\/\/www.africa-press.net\/\">Africa-Press<\/a><\/strong><\/p>\n","protected":false},"excerpt":{"rendered":"<p>Africa-Press &#8211; Cameroun. Ils seront mis \u00e0 la disposition de la communaut\u00e9 \u00e9ducative nationale jusqu\u2019au vendredi 05 ao\u00fbt 2022. Les r\u00e9sultats du probatoire de l\u2019Enseignement secondaire g\u00e9n\u00e9ral sont connus. Comme l\u2019a annonc\u00e9 le directeur de l\u2019Office du baccalaur\u00e9at du Cameroun (OBC) mercredi 03 ao\u00fbt dernier ces r\u00e9sultats seront mis \u00e0 la disposition du public ce [&hellip;]<\/p>\n","protected":false},"author":82,"featured_media":25004,"comment_status":"open","ping_status":"closed","sticky":false,"template":"","format":"standard","meta":{"footnotes":""},"categories":[21,11,10],"tags":[36,50,49],"class_list":["post-25005","post","type-post","status-publish","format-standard","has-post-thumbnail","hentry","category-communaute","category-homepage-french","category-toutes-les-actualites","tag-africa-press","tag-africa-press-cameroun","tag-cameroun"],"yoast_head":"<!-- This site is optimized with the Yoast SEO Premium plugin v26.1 (Yoast SEO v27.0) - https:\/\/yoast.com\/product\/yoast-seo-premium-wordpress\/ -->\n<title>Cameroun : les r\u00e9sultats du probatoire g\u00e9n\u00e9ral sont disponibles - Cameroun<\/title>\n<meta name=\"description\" content=\"Ils seront mis \u00e0 la disposition de la communaut\u00e9 \u00e9ducative nationale jusqu\u2019au vendredi 05 ao\u00fbt 2022. Les r\u00e9sultats du p ...\" \/>\n<meta name=\"robots\" content=\"index, follow, max-snippet:-1, max-image-preview:large, max-video-preview:-1\" \/>\n<link rel=\"canonical\" href=\"https:\/\/www.africa-press.net\/cameroun\/toutes-les-actualites\/cameroun-les-resultats-du-probatoire-general-sont-disponibles\" \/>\n<meta property=\"og:locale\" content=\"fr_FR\" \/>\n<meta property=\"og:type\" content=\"article\" \/>\n<meta property=\"og:title\" content=\"Cameroun : les r\u00e9sultats du probatoire g\u00e9n\u00e9ral sont disponibles\" \/>\n<meta property=\"og:description\" content=\"Ils seront mis \u00e0 la disposition de la communaut\u00e9 \u00e9ducative nationale jusqu\u2019au vendredi 05 ao\u00fbt 2022. Les r\u00e9sultats du p ...\" \/>\n<meta property=\"og:url\" content=\"https:\/\/www.africa-press.net\/cameroun\/toutes-les-actualites\/cameroun-les-resultats-du-probatoire-general-sont-disponibles\" \/>\n<meta property=\"og:site_name\" content=\"Cameroun\" \/>\n<meta property=\"article:published_time\" content=\"2022-08-05T17:23:09+00:00\" \/>\n<meta property=\"article:modified_time\" content=\"2022-08-05T18:44:23+00:00\" \/>\n<meta property=\"og:image\" content=\"https:\/\/static.africa-press.net\/cameroun\/sites\/57\/2022\/08\/img-62ed64efb3f22.jpg\" \/>\n\t<meta property=\"og:image:width\" content=\"720\" \/>\n\t<meta property=\"og:image:height\" content=\"326\" \/>\n\t<meta property=\"og:image:type\" content=\"image\/jpeg\" \/>\n<meta name=\"author\" content=\"cfeditorfr\" \/>\n<meta name=\"twitter:card\" content=\"summary_large_image\" \/>\n<meta name=\"twitter:label1\" content=\"\u00c9crit par\" \/>\n\t<meta name=\"twitter:data1\" content=\"cfeditorfr\" \/>\n\t<meta name=\"twitter:label2\" content=\"Dur\u00e9e de lecture estim\u00e9e\" \/>\n\t<meta name=\"twitter:data2\" content=\"1 minute\" \/>\n<script type=\"application\/ld+json\" class=\"yoast-schema-graph\">{\"@context\":\"https:\/\/schema.org\",\"@graph\":[{\"@type\":\"Article\",\"@id\":\"https:\/\/www.africa-press.net\/cameroun\/toutes-les-actualites\/cameroun-les-resultats-du-probatoire-general-sont-disponibles#article\",\"isPartOf\":{\"@id\":\"https:\/\/www.africa-press.net\/cameroun\/toutes-les-actualites\/cameroun-les-resultats-du-probatoire-general-sont-disponibles\"},\"author\":{\"name\":\"cfeditorfr\",\"@id\":\"https:\/\/www.africa-press.net\/cameroun\/#\/schema\/person\/2b1cf3cd81a31e3cd26889ca66d677f1\"},\"headline\":\"Cameroun : les r\u00e9sultats du probatoire g\u00e9n\u00e9ral sont disponibles\",\"datePublished\":\"2022-08-05T17:23:09+00:00\",\"dateModified\":\"2022-08-05T18:44:23+00:00\",\"mainEntityOfPage\":{\"@id\":\"https:\/\/www.africa-press.net\/cameroun\/toutes-les-actualites\/cameroun-les-resultats-du-probatoire-general-sont-disponibles\"},\"wordCount\":221,\"commentCount\":0,\"image\":{\"@id\":\"https:\/\/www.africa-press.net\/cameroun\/toutes-les-actualites\/cameroun-les-resultats-du-probatoire-general-sont-disponibles#primaryimage\"},\"thumbnailUrl\":\"https:\/\/static.africa-press.net\/cameroun\/sites\/57\/2022\/08\/img-62ed64efb3f22.jpg\",\"keywords\":[\"Africa Press\",\"Africa Press-Cameroun\",\"Cameroun\"],\"articleSection\":[\"Communaut\u00e9\",\"homepage-french\",\"Toutes les actualit\u00e9s\"],\"inLanguage\":\"fr-FR\",\"potentialAction\":[{\"@type\":\"CommentAction\",\"name\":\"Comment\",\"target\":[\"https:\/\/www.africa-press.net\/cameroun\/toutes-les-actualites\/cameroun-les-resultats-du-probatoire-general-sont-disponibles#respond\"]}]},{\"@type\":\"WebPage\",\"@id\":\"https:\/\/www.africa-press.net\/cameroun\/toutes-les-actualites\/cameroun-les-resultats-du-probatoire-general-sont-disponibles\",\"url\":\"https:\/\/www.africa-press.net\/cameroun\/toutes-les-actualites\/cameroun-les-resultats-du-probatoire-general-sont-disponibles\",\"name\":\"Cameroun : les r\u00e9sultats du probatoire g\u00e9n\u00e9ral sont disponibles - Cameroun\",\"isPartOf\":{\"@id\":\"https:\/\/www.africa-press.net\/cameroun\/#website\"},\"primaryImageOfPage\":{\"@id\":\"https:\/\/www.africa-press.net\/cameroun\/toutes-les-actualites\/cameroun-les-resultats-du-probatoire-general-sont-disponibles#primaryimage\"},\"image\":{\"@id\":\"https:\/\/www.africa-press.net\/cameroun\/toutes-les-actualites\/cameroun-les-resultats-du-probatoire-general-sont-disponibles#primaryimage\"},\"thumbnailUrl\":\"https:\/\/static.africa-press.net\/cameroun\/sites\/57\/2022\/08\/img-62ed64efb3f22.jpg\",\"datePublished\":\"2022-08-05T17:23:09+00:00\",\"dateModified\":\"2022-08-05T18:44:23+00:00\",\"author\":{\"@id\":\"https:\/\/www.africa-press.net\/cameroun\/#\/schema\/person\/2b1cf3cd81a31e3cd26889ca66d677f1\"},\"description\":\"Ils seront mis \u00e0 la disposition de la communaut\u00e9 \u00e9ducative nationale jusqu\u2019au vendredi 05 ao\u00fbt 2022. Les r\u00e9sultats du p ...\",\"breadcrumb\":{\"@id\":\"https:\/\/www.africa-press.net\/cameroun\/toutes-les-actualites\/cameroun-les-resultats-du-probatoire-general-sont-disponibles#breadcrumb\"},\"inLanguage\":\"fr-FR\",\"potentialAction\":[{\"@type\":\"ReadAction\",\"target\":[\"https:\/\/www.africa-press.net\/cameroun\/toutes-les-actualites\/cameroun-les-resultats-du-probatoire-general-sont-disponibles\"]}]},{\"@type\":\"ImageObject\",\"inLanguage\":\"fr-FR\",\"@id\":\"https:\/\/www.africa-press.net\/cameroun\/toutes-les-actualites\/cameroun-les-resultats-du-probatoire-general-sont-disponibles#primaryimage\",\"url\":\"https:\/\/static.africa-press.net\/cameroun\/sites\/57\/2022\/08\/img-62ed64efb3f22.jpg\",\"contentUrl\":\"https:\/\/static.africa-press.net\/cameroun\/sites\/57\/2022\/08\/img-62ed64efb3f22.jpg\",\"width\":720,\"height\":326,\"caption\":\"Cameroun : les r\u00e9sultats du probatoire g\u00e9n\u00e9ral sont disponibles\"},{\"@type\":\"BreadcrumbList\",\"@id\":\"https:\/\/www.africa-press.net\/cameroun\/toutes-les-actualites\/cameroun-les-resultats-du-probatoire-general-sont-disponibles#breadcrumb\",\"itemListElement\":[{\"@type\":\"ListItem\",\"position\":1,\"name\":\"Accueil\",\"item\":\"https:\/\/www.africa-press.net\/cameroun\/\"},{\"@type\":\"ListItem\",\"position\":2,\"name\":\"Cameroun : les r\u00e9sultats du probatoire g\u00e9n\u00e9ral sont disponibles\"}]},{\"@type\":\"WebSite\",\"@id\":\"https:\/\/www.africa-press.net\/cameroun\/#website\",\"url\":\"https:\/\/www.africa-press.net\/cameroun\/\",\"name\":\"Cameroun\",\"description\":\"Just another Africa News Agency Sites site\",\"potentialAction\":[{\"@type\":\"SearchAction\",\"target\":{\"@type\":\"EntryPoint\",\"urlTemplate\":\"https:\/\/www.africa-press.net\/cameroun\/?s={search_term_string}\"},\"query-input\":{\"@type\":\"PropertyValueSpecification\",\"valueRequired\":true,\"valueName\":\"search_term_string\"}}],\"inLanguage\":\"fr-FR\"},{\"@type\":\"Person\",\"@id\":\"https:\/\/www.africa-press.net\/cameroun\/#\/schema\/person\/2b1cf3cd81a31e3cd26889ca66d677f1\",\"name\":\"cfeditorfr\"}]}<\/script>\n<!-- \/ Yoast SEO Premium plugin. -->","yoast_head_json":{"title":"Cameroun : les r\u00e9sultats du probatoire g\u00e9n\u00e9ral sont disponibles - Cameroun","description":"Ils seront mis \u00e0 la disposition de la communaut\u00e9 \u00e9ducative nationale jusqu\u2019au vendredi 05 ao\u00fbt 2022. Les r\u00e9sultats du p ...","robots":{"index":"index","follow":"follow","max-snippet":"max-snippet:-1","max-image-preview":"max-image-preview:large","max-video-preview":"max-video-preview:-1"},"canonical":"https:\/\/www.africa-press.net\/cameroun\/toutes-les-actualites\/cameroun-les-resultats-du-probatoire-general-sont-disponibles","og_locale":"fr_FR","og_type":"article","og_title":"Cameroun : les r\u00e9sultats du probatoire g\u00e9n\u00e9ral sont disponibles","og_description":"Ils seront mis \u00e0 la disposition de la communaut\u00e9 \u00e9ducative nationale jusqu\u2019au vendredi 05 ao\u00fbt 2022. Les r\u00e9sultats du p ...","og_url":"https:\/\/www.africa-press.net\/cameroun\/toutes-les-actualites\/cameroun-les-resultats-du-probatoire-general-sont-disponibles","og_site_name":"Cameroun","article_published_time":"2022-08-05T17:23:09+00:00","article_modified_time":"2022-08-05T18:44:23+00:00","og_image":[{"width":720,"height":326,"url":"https:\/\/static.africa-press.net\/cameroun\/sites\/57\/2022\/08\/img-62ed64efb3f22.jpg","type":"image\/jpeg"}],"author":"cfeditorfr","twitter_card":"summary_large_image","twitter_misc":{"\u00c9crit par":"cfeditorfr","Dur\u00e9e de lecture estim\u00e9e":"1 minute"},"schema":{"@context":"https:\/\/schema.org","@graph":[{"@type":"Article","@id":"https:\/\/www.africa-press.net\/cameroun\/toutes-les-actualites\/cameroun-les-resultats-du-probatoire-general-sont-disponibles#article","isPartOf":{"@id":"https:\/\/www.africa-press.net\/cameroun\/toutes-les-actualites\/cameroun-les-resultats-du-probatoire-general-sont-disponibles"},"author":{"name":"cfeditorfr","@id":"https:\/\/www.africa-press.net\/cameroun\/#\/schema\/person\/2b1cf3cd81a31e3cd26889ca66d677f1"},"headline":"Cameroun : les r\u00e9sultats du probatoire g\u00e9n\u00e9ral sont disponibles","datePublished":"2022-08-05T17:23:09+00:00","dateModified":"2022-08-05T18:44:23+00:00","mainEntityOfPage":{"@id":"https:\/\/www.africa-press.net\/cameroun\/toutes-les-actualites\/cameroun-les-resultats-du-probatoire-general-sont-disponibles"},"wordCount":221,"commentCount":0,"image":{"@id":"https:\/\/www.africa-press.net\/cameroun\/toutes-les-actualites\/cameroun-les-resultats-du-probatoire-general-sont-disponibles#primaryimage"},"thumbnailUrl":"https:\/\/static.africa-press.net\/cameroun\/sites\/57\/2022\/08\/img-62ed64efb3f22.jpg","keywords":["Africa Press","Africa Press-Cameroun","Cameroun"],"articleSection":["Communaut\u00e9","homepage-french","Toutes les actualit\u00e9s"],"inLanguage":"fr-FR","potentialAction":[{"@type":"CommentAction","name":"Comment","target":["https:\/\/www.africa-press.net\/cameroun\/toutes-les-actualites\/cameroun-les-resultats-du-probatoire-general-sont-disponibles#respond"]}]},{"@type":"WebPage","@id":"https:\/\/www.africa-press.net\/cameroun\/toutes-les-actualites\/cameroun-les-resultats-du-probatoire-general-sont-disponibles","url":"https:\/\/www.africa-press.net\/cameroun\/toutes-les-actualites\/cameroun-les-resultats-du-probatoire-general-sont-disponibles","name":"Cameroun : les r\u00e9sultats du probatoire g\u00e9n\u00e9ral sont disponibles - Cameroun","isPartOf":{"@id":"https:\/\/www.africa-press.net\/cameroun\/#website"},"primaryImageOfPage":{"@id":"https:\/\/www.africa-press.net\/cameroun\/toutes-les-actualites\/cameroun-les-resultats-du-probatoire-general-sont-disponibles#primaryimage"},"image":{"@id":"https:\/\/www.africa-press.net\/cameroun\/toutes-les-actualites\/cameroun-les-resultats-du-probatoire-general-sont-disponibles#primaryimage"},"thumbnailUrl":"https:\/\/static.africa-press.net\/cameroun\/sites\/57\/2022\/08\/img-62ed64efb3f22.jpg","datePublished":"2022-08-05T17:23:09+00:00","dateModified":"2022-08-05T18:44:23+00:00","author":{"@id":"https:\/\/www.africa-press.net\/cameroun\/#\/schema\/person\/2b1cf3cd81a31e3cd26889ca66d677f1"},"description":"Ils seront mis \u00e0 la disposition de la communaut\u00e9 \u00e9ducative nationale jusqu\u2019au vendredi 05 ao\u00fbt 2022. Les r\u00e9sultats du p ...","breadcrumb":{"@id":"https:\/\/www.africa-press.net\/cameroun\/toutes-les-actualites\/cameroun-les-resultats-du-probatoire-general-sont-disponibles#breadcrumb"},"inLanguage":"fr-FR","potentialAction":[{"@type":"ReadAction","target":["https:\/\/www.africa-press.net\/cameroun\/toutes-les-actualites\/cameroun-les-resultats-du-probatoire-general-sont-disponibles"]}]},{"@type":"ImageObject","inLanguage":"fr-FR","@id":"https:\/\/www.africa-press.net\/cameroun\/toutes-les-actualites\/cameroun-les-resultats-du-probatoire-general-sont-disponibles#primaryimage","url":"https:\/\/static.africa-press.net\/cameroun\/sites\/57\/2022\/08\/img-62ed64efb3f22.jpg","contentUrl":"https:\/\/static.africa-press.net\/cameroun\/sites\/57\/2022\/08\/img-62ed64efb3f22.jpg","width":720,"height":326,"caption":"Cameroun : les r\u00e9sultats du probatoire g\u00e9n\u00e9ral sont disponibles"},{"@type":"BreadcrumbList","@id":"https:\/\/www.africa-press.net\/cameroun\/toutes-les-actualites\/cameroun-les-resultats-du-probatoire-general-sont-disponibles#breadcrumb","itemListElement":[{"@type":"ListItem","position":1,"name":"Accueil","item":"https:\/\/www.africa-press.net\/cameroun\/"},{"@type":"ListItem","position":2,"name":"Cameroun : les r\u00e9sultats du probatoire g\u00e9n\u00e9ral sont disponibles"}]},{"@type":"WebSite","@id":"https:\/\/www.africa-press.net\/cameroun\/#website","url":"https:\/\/www.africa-press.net\/cameroun\/","name":"Cameroun","description":"Just another Africa News Agency Sites site","potentialAction":[{"@type":"SearchAction","target":{"@type":"EntryPoint","urlTemplate":"https:\/\/www.africa-press.net\/cameroun\/?s={search_term_string}"},"query-input":{"@type":"PropertyValueSpecification","valueRequired":true,"valueName":"search_term_string"}}],"inLanguage":"fr-FR"},{"@type":"Person","@id":"https:\/\/www.africa-press.net\/cameroun\/#\/schema\/person\/2b1cf3cd81a31e3cd26889ca66d677f1","name":"cfeditorfr"}]}},"_links":{"self":[{"href":"https:\/\/www.africa-press.net\/cameroun\/wp-json\/wp\/v2\/posts\/25005","targetHints":{"allow":["GET"]}}],"collection":[{"href":"https:\/\/www.africa-press.net\/cameroun\/wp-json\/wp\/v2\/posts"}],"about":[{"href":"https:\/\/www.africa-press.net\/cameroun\/wp-json\/wp\/v2\/types\/post"}],"author":[{"embeddable":true,"href":"https:\/\/www.africa-press.net\/cameroun\/wp-json\/wp\/v2\/users\/82"}],"replies":[{"embeddable":true,"href":"https:\/\/www.africa-press.net\/cameroun\/wp-json\/wp\/v2\/comments?post=25005"}],"version-history":[{"count":0,"href":"https:\/\/www.africa-press.net\/cameroun\/wp-json\/wp\/v2\/posts\/25005\/revisions"}],"wp:featuredmedia":[{"embeddable":true,"href":"https:\/\/www.africa-press.net\/cameroun\/wp-json\/wp\/v2\/media\/25004"}],"wp:attachment":[{"href":"https:\/\/www.africa-press.net\/cameroun\/wp-json\/wp\/v2\/media?parent=25005"}],"wp:term":[{"taxonomy":"category","embeddable":true,"href":"https:\/\/www.africa-press.net\/cameroun\/wp-json\/wp\/v2\/categories?post=25005"},{"taxonomy":"post_tag","embeddable":true,"href":"https:\/\/www.africa-press.net\/cameroun\/wp-json\/wp\/v2\/tags?post=25005"}],"curies":[{"name":"wp","href":"https:\/\/api.w.org\/{rel}","templated":true}]}}