{"id":25017,"date":"2022-08-05T17:56:08","date_gmt":"2022-08-05T17:56:08","guid":{"rendered":"https:\/\/www.africa-press.net\/cameroun\/politique\/orange-fab-cameroun-demarre-sa-premiere-saison"},"modified":"2022-08-05T18:46:24","modified_gmt":"2022-08-05T18:46:24","slug":"orange-fab-cameroun-demarre-sa-premiere-saison","status":"publish","type":"post","link":"https:\/\/www.africa-press.net\/cameroun\/economie\/orange-fab-cameroun-demarre-sa-premiere-saison","title":{"rendered":"Orange Fab Cameroun d\u00e9marre sa premi\u00e8re saison"},"content":{"rendered":"<p><span style=\"color: #ff6600\"><strong>Africa-Press &#8211; Cameroun. <\/strong><\/span>ORANGE CAMEROUN ) &#8211; Orange Cameroun a lanc\u00e9 le 15 juillet dernier la premi\u00e8re saison de son programme d\u2019acc\u00e9l\u00e9ration de start-up Orange Fab, avec l\u2019ambition de faire \u00e9merger des entreprises innovantes et promouvoir l\u2019entrepreneuriat local.<\/p>\n<p>Ce lancement fait suite \u00e0 un appel \u00e0 candidatures initi\u00e9 d&rsquo;Octobre \u00e0 Novembre 2021 pour les start-ups des domaines suivants : sant\u00e9, agriculture et transport pour lequel 51 start-up ont candidat\u00e9.<\/p>\n<p>Apr\u00e8s une premi\u00e8re phase de pr\u00e9s\u00e9lection, 06 start-up sont pass\u00e9es devant un jury compos\u00e9 d\u2019experts d\u2019Orange Cameroun le 25 Mai 2022 dans les locaux d&rsquo;Orange Digital Center pour convaincre sur la port\u00e9e de leur produit.<\/p>\n<p>Orange Fab c&rsquo;est quoi ?<\/p>\n<p>Orange Fab est le r\u00e9seau qui acc\u00e9l\u00e8re les start-up et l&rsquo;innovation au sein du Groupe Orange.<\/p>\n<p>Il s&rsquo;agit d&rsquo;un programme con\u00e7u pour accompagner les start-ups dans l\u2019acc\u00e9l\u00e9ration de leur croissance.<\/p>\n<p>Ce programme 100% gratuit a pour objectif de permettre aux start-up s\u00e9lectionn\u00e9es d\u2019optimiser leur produit ou service, et ainsi de d\u00e9velopper leur chiffre d\u2019affaires et leur visibilit\u00e9 sur le march\u00e9 camerounais tout en participant \u00e0 la structuration de leur plan de d\u00e9veloppement.<\/p>\n<p>Quelles sont les start-up s\u00e9lectionn\u00e9es ?<\/p>\n<p>Pour la premi\u00e8re saison du programme Orange Fab Cameroun, les 03 start-up s\u00e9lectionn\u00e9es sont les suivantes :<\/p>\n<p>OuiCare &#8211; Domaine sant\u00e9<\/p>\n<p>OuiCare est un carnet de sant\u00e9 digital et un syst\u00e8me d&rsquo;archivage des donn\u00e9es des patients.<\/p>\n<p>Il permet aux individus d&rsquo;avoir \u00e0 tout moment acc\u00e8s \u00e0 leurs informations m\u00e9dicales et aux m\u00e9decins d&rsquo;avoir une lecture lin\u00e9aire de l&rsquo;\u00e9tat de sant\u00e9 de leurs patients ainsi que de leurs ant\u00e9c\u00e9dents m\u00e9dicaux pour une prise en charge rapide du patient.<\/p>\n<p>Mapane &#8211; Domaine transport<\/p>\n<p>Mapane est une application pour la gestion anticip\u00e9e du flux routier.<\/p>\n<p>Elle permet entre autres de renseigner les usagers sur l&rsquo;\u00e9tat du Trafic routier ; d&rsquo;alerter sur les zones d&rsquo;insalubrit\u00e9 et de fournir la localisation des personnes voulant partager leur position.<\/p>\n<p>ClinicAgro &#8211; Domaine agriculture<\/p>\n<p>ClinicAgro est un kit connect\u00e9 pour l&rsquo;analyse des sols et l&rsquo;orientation des choix des cultures ainsi qu\u2019un mini laboratoire mobile et digital d&rsquo;analyse des plantes et des sols.<\/p>\n<p>Quel est le contenu de ce programme d&rsquo;acc\u00e9l\u00e9ration ?<\/p>\n<p>Les 3 start-up b\u00e9n\u00e9ficient donc actuellement et gratuitement de 6 mois d&rsquo;acc\u00e9l\u00e9ration incluant :<\/p>\n<p>Un audit business suivi de coachings personnalis\u00e9s et mentorings<\/p>\n<p>La possibilit\u00e9 de partenariats avec Orange Cameroun<\/p>\n<p>Les mises en relation avec des partenaires et investisseurs potentiels<\/p>\n<p>La communication sur leurs activit\u00e9s op\u00e9rationnelles.<\/p>\n<p>Orange Digital Center Cameroun affirme ainsi une fois de plus son engagement en faveur de l\u2019entrepreneuriat camerounais.<\/p>\n<p><strong>Pour plus d&rsquo;informations et d&rsquo;analyses sur la <a href=\"https:\/\/www.africa-press.net\/cameroun\">Cameroun<\/a>, suivez <a href=\"https:\/\/www.africa-press.net\/\">Africa-Press<\/a><\/strong><\/p>\n","protected":false},"excerpt":{"rendered":"<p>Africa-Press &#8211; Cameroun. ORANGE CAMEROUN ) &#8211; Orange Cameroun a lanc\u00e9 le 15 juillet dernier la premi\u00e8re saison de son programme d\u2019acc\u00e9l\u00e9ration de start-up Orange Fab, avec l\u2019ambition de faire \u00e9merger des entreprises innovantes et promouvoir l\u2019entrepreneuriat local. Ce lancement fait suite \u00e0 un appel \u00e0 candidatures initi\u00e9 d&rsquo;Octobre \u00e0 Novembre 2021 pour les start-ups [&hellip;]<\/p>\n","protected":false},"author":82,"featured_media":25016,"comment_status":"open","ping_status":"closed","sticky":false,"template":"","format":"standard","meta":{"footnotes":""},"categories":[3,11,10],"tags":[36,50,49],"class_list":["post-25017","post","type-post","status-publish","format-standard","has-post-thumbnail","hentry","category-economie","category-homepage-french","category-toutes-les-actualites","tag-africa-press","tag-africa-press-cameroun","tag-cameroun"],"yoast_head":"<!-- This site is optimized with the Yoast SEO Premium plugin v26.1 (Yoast SEO v27.0) - https:\/\/yoast.com\/product\/yoast-seo-premium-wordpress\/ -->\n<title>Orange Fab Cameroun d\u00e9marre sa premi\u00e8re saison - Cameroun<\/title>\n<meta name=\"description\" content=\"ORANGE CAMEROUN ) - Orange Cameroun a lanc\u00e9 le 15 juillet dernier la premi\u00e8re saison de son programme d\u2019acc\u00e9l\u00e9ration de ...\" \/>\n<meta name=\"robots\" content=\"index, follow, max-snippet:-1, max-image-preview:large, max-video-preview:-1\" \/>\n<link rel=\"canonical\" href=\"https:\/\/www.africa-press.net\/cameroun\/economie\/orange-fab-cameroun-demarre-sa-premiere-saison\" \/>\n<meta property=\"og:locale\" content=\"fr_FR\" \/>\n<meta property=\"og:type\" content=\"article\" \/>\n<meta property=\"og:title\" content=\"Orange Fab Cameroun d\u00e9marre sa premi\u00e8re saison\" \/>\n<meta property=\"og:description\" content=\"ORANGE CAMEROUN ) - Orange Cameroun a lanc\u00e9 le 15 juillet dernier la premi\u00e8re saison de son programme d\u2019acc\u00e9l\u00e9ration de ...\" \/>\n<meta property=\"og:url\" content=\"https:\/\/www.africa-press.net\/cameroun\/economie\/orange-fab-cameroun-demarre-sa-premiere-saison\" \/>\n<meta property=\"og:site_name\" content=\"Cameroun\" \/>\n<meta property=\"article:published_time\" content=\"2022-08-05T17:56:08+00:00\" \/>\n<meta property=\"article:modified_time\" content=\"2022-08-05T18:46:24+00:00\" \/>\n<meta property=\"og:image\" content=\"https:\/\/static.africa-press.net\/cameroun\/sites\/57\/2022\/08\/img-62ed6566c904c.jpg\" \/>\n\t<meta property=\"og:image:width\" content=\"720\" \/>\n\t<meta property=\"og:image:height\" content=\"479\" \/>\n\t<meta property=\"og:image:type\" content=\"image\/jpeg\" \/>\n<meta name=\"author\" content=\"cfeditorfr\" \/>\n<meta name=\"twitter:card\" content=\"summary_large_image\" \/>\n<meta name=\"twitter:label1\" content=\"\u00c9crit par\" \/>\n\t<meta name=\"twitter:data1\" content=\"cfeditorfr\" \/>\n\t<meta name=\"twitter:label2\" content=\"Dur\u00e9e de lecture estim\u00e9e\" \/>\n\t<meta name=\"twitter:data2\" content=\"3 minutes\" \/>\n<script type=\"application\/ld+json\" class=\"yoast-schema-graph\">{\"@context\":\"https:\/\/schema.org\",\"@graph\":[{\"@type\":\"Article\",\"@id\":\"https:\/\/www.africa-press.net\/cameroun\/economie\/orange-fab-cameroun-demarre-sa-premiere-saison#article\",\"isPartOf\":{\"@id\":\"https:\/\/www.africa-press.net\/cameroun\/economie\/orange-fab-cameroun-demarre-sa-premiere-saison\"},\"author\":{\"name\":\"cfeditorfr\",\"@id\":\"https:\/\/www.africa-press.net\/cameroun\/#\/schema\/person\/2b1cf3cd81a31e3cd26889ca66d677f1\"},\"headline\":\"Orange Fab Cameroun d\u00e9marre sa premi\u00e8re saison\",\"datePublished\":\"2022-08-05T17:56:08+00:00\",\"dateModified\":\"2022-08-05T18:46:24+00:00\",\"mainEntityOfPage\":{\"@id\":\"https:\/\/www.africa-press.net\/cameroun\/economie\/orange-fab-cameroun-demarre-sa-premiere-saison\"},\"wordCount\":481,\"commentCount\":0,\"image\":{\"@id\":\"https:\/\/www.africa-press.net\/cameroun\/economie\/orange-fab-cameroun-demarre-sa-premiere-saison#primaryimage\"},\"thumbnailUrl\":\"https:\/\/static.africa-press.net\/cameroun\/sites\/57\/2022\/08\/img-62ed6566c904c.jpg\",\"keywords\":[\"Africa Press\",\"Africa Press-Cameroun\",\"Cameroun\"],\"articleSection\":[\"\u00c9conomie\",\"homepage-french\",\"Toutes les actualit\u00e9s\"],\"inLanguage\":\"fr-FR\",\"potentialAction\":[{\"@type\":\"CommentAction\",\"name\":\"Comment\",\"target\":[\"https:\/\/www.africa-press.net\/cameroun\/economie\/orange-fab-cameroun-demarre-sa-premiere-saison#respond\"]}]},{\"@type\":\"WebPage\",\"@id\":\"https:\/\/www.africa-press.net\/cameroun\/economie\/orange-fab-cameroun-demarre-sa-premiere-saison\",\"url\":\"https:\/\/www.africa-press.net\/cameroun\/economie\/orange-fab-cameroun-demarre-sa-premiere-saison\",\"name\":\"Orange Fab Cameroun d\u00e9marre sa premi\u00e8re saison - Cameroun\",\"isPartOf\":{\"@id\":\"https:\/\/www.africa-press.net\/cameroun\/#website\"},\"primaryImageOfPage\":{\"@id\":\"https:\/\/www.africa-press.net\/cameroun\/economie\/orange-fab-cameroun-demarre-sa-premiere-saison#primaryimage\"},\"image\":{\"@id\":\"https:\/\/www.africa-press.net\/cameroun\/economie\/orange-fab-cameroun-demarre-sa-premiere-saison#primaryimage\"},\"thumbnailUrl\":\"https:\/\/static.africa-press.net\/cameroun\/sites\/57\/2022\/08\/img-62ed6566c904c.jpg\",\"datePublished\":\"2022-08-05T17:56:08+00:00\",\"dateModified\":\"2022-08-05T18:46:24+00:00\",\"author\":{\"@id\":\"https:\/\/www.africa-press.net\/cameroun\/#\/schema\/person\/2b1cf3cd81a31e3cd26889ca66d677f1\"},\"description\":\"ORANGE CAMEROUN ) - Orange Cameroun a lanc\u00e9 le 15 juillet dernier la premi\u00e8re saison de son programme d\u2019acc\u00e9l\u00e9ration de ...\",\"breadcrumb\":{\"@id\":\"https:\/\/www.africa-press.net\/cameroun\/economie\/orange-fab-cameroun-demarre-sa-premiere-saison#breadcrumb\"},\"inLanguage\":\"fr-FR\",\"potentialAction\":[{\"@type\":\"ReadAction\",\"target\":[\"https:\/\/www.africa-press.net\/cameroun\/economie\/orange-fab-cameroun-demarre-sa-premiere-saison\"]}]},{\"@type\":\"ImageObject\",\"inLanguage\":\"fr-FR\",\"@id\":\"https:\/\/www.africa-press.net\/cameroun\/economie\/orange-fab-cameroun-demarre-sa-premiere-saison#primaryimage\",\"url\":\"https:\/\/static.africa-press.net\/cameroun\/sites\/57\/2022\/08\/img-62ed6566c904c.jpg\",\"contentUrl\":\"https:\/\/static.africa-press.net\/cameroun\/sites\/57\/2022\/08\/img-62ed6566c904c.jpg\",\"width\":720,\"height\":479,\"caption\":\"Orange Fab Cameroun d\u00e9marre sa premi\u00e8re saison\"},{\"@type\":\"BreadcrumbList\",\"@id\":\"https:\/\/www.africa-press.net\/cameroun\/economie\/orange-fab-cameroun-demarre-sa-premiere-saison#breadcrumb\",\"itemListElement\":[{\"@type\":\"ListItem\",\"position\":1,\"name\":\"Accueil\",\"item\":\"https:\/\/www.africa-press.net\/cameroun\/\"},{\"@type\":\"ListItem\",\"position\":2,\"name\":\"Orange Fab Cameroun d\u00e9marre sa premi\u00e8re saison\"}]},{\"@type\":\"WebSite\",\"@id\":\"https:\/\/www.africa-press.net\/cameroun\/#website\",\"url\":\"https:\/\/www.africa-press.net\/cameroun\/\",\"name\":\"Cameroun\",\"description\":\"Just another Africa News Agency Sites site\",\"potentialAction\":[{\"@type\":\"SearchAction\",\"target\":{\"@type\":\"EntryPoint\",\"urlTemplate\":\"https:\/\/www.africa-press.net\/cameroun\/?s={search_term_string}\"},\"query-input\":{\"@type\":\"PropertyValueSpecification\",\"valueRequired\":true,\"valueName\":\"search_term_string\"}}],\"inLanguage\":\"fr-FR\"},{\"@type\":\"Person\",\"@id\":\"https:\/\/www.africa-press.net\/cameroun\/#\/schema\/person\/2b1cf3cd81a31e3cd26889ca66d677f1\",\"name\":\"cfeditorfr\"}]}<\/script>\n<!-- \/ Yoast SEO Premium plugin. -->","yoast_head_json":{"title":"Orange Fab Cameroun d\u00e9marre sa premi\u00e8re saison - Cameroun","description":"ORANGE CAMEROUN ) - Orange Cameroun a lanc\u00e9 le 15 juillet dernier la premi\u00e8re saison de son programme d\u2019acc\u00e9l\u00e9ration de ...","robots":{"index":"index","follow":"follow","max-snippet":"max-snippet:-1","max-image-preview":"max-image-preview:large","max-video-preview":"max-video-preview:-1"},"canonical":"https:\/\/www.africa-press.net\/cameroun\/economie\/orange-fab-cameroun-demarre-sa-premiere-saison","og_locale":"fr_FR","og_type":"article","og_title":"Orange Fab Cameroun d\u00e9marre sa premi\u00e8re saison","og_description":"ORANGE CAMEROUN ) - Orange Cameroun a lanc\u00e9 le 15 juillet dernier la premi\u00e8re saison de son programme d\u2019acc\u00e9l\u00e9ration de ...","og_url":"https:\/\/www.africa-press.net\/cameroun\/economie\/orange-fab-cameroun-demarre-sa-premiere-saison","og_site_name":"Cameroun","article_published_time":"2022-08-05T17:56:08+00:00","article_modified_time":"2022-08-05T18:46:24+00:00","og_image":[{"width":720,"height":479,"url":"https:\/\/static.africa-press.net\/cameroun\/sites\/57\/2022\/08\/img-62ed6566c904c.jpg","type":"image\/jpeg"}],"author":"cfeditorfr","twitter_card":"summary_large_image","twitter_misc":{"\u00c9crit par":"cfeditorfr","Dur\u00e9e de lecture estim\u00e9e":"3 minutes"},"schema":{"@context":"https:\/\/schema.org","@graph":[{"@type":"Article","@id":"https:\/\/www.africa-press.net\/cameroun\/economie\/orange-fab-cameroun-demarre-sa-premiere-saison#article","isPartOf":{"@id":"https:\/\/www.africa-press.net\/cameroun\/economie\/orange-fab-cameroun-demarre-sa-premiere-saison"},"author":{"name":"cfeditorfr","@id":"https:\/\/www.africa-press.net\/cameroun\/#\/schema\/person\/2b1cf3cd81a31e3cd26889ca66d677f1"},"headline":"Orange Fab Cameroun d\u00e9marre sa premi\u00e8re saison","datePublished":"2022-08-05T17:56:08+00:00","dateModified":"2022-08-05T18:46:24+00:00","mainEntityOfPage":{"@id":"https:\/\/www.africa-press.net\/cameroun\/economie\/orange-fab-cameroun-demarre-sa-premiere-saison"},"wordCount":481,"commentCount":0,"image":{"@id":"https:\/\/www.africa-press.net\/cameroun\/economie\/orange-fab-cameroun-demarre-sa-premiere-saison#primaryimage"},"thumbnailUrl":"https:\/\/static.africa-press.net\/cameroun\/sites\/57\/2022\/08\/img-62ed6566c904c.jpg","keywords":["Africa Press","Africa Press-Cameroun","Cameroun"],"articleSection":["\u00c9conomie","homepage-french","Toutes les actualit\u00e9s"],"inLanguage":"fr-FR","potentialAction":[{"@type":"CommentAction","name":"Comment","target":["https:\/\/www.africa-press.net\/cameroun\/economie\/orange-fab-cameroun-demarre-sa-premiere-saison#respond"]}]},{"@type":"WebPage","@id":"https:\/\/www.africa-press.net\/cameroun\/economie\/orange-fab-cameroun-demarre-sa-premiere-saison","url":"https:\/\/www.africa-press.net\/cameroun\/economie\/orange-fab-cameroun-demarre-sa-premiere-saison","name":"Orange Fab Cameroun d\u00e9marre sa premi\u00e8re saison - Cameroun","isPartOf":{"@id":"https:\/\/www.africa-press.net\/cameroun\/#website"},"primaryImageOfPage":{"@id":"https:\/\/www.africa-press.net\/cameroun\/economie\/orange-fab-cameroun-demarre-sa-premiere-saison#primaryimage"},"image":{"@id":"https:\/\/www.africa-press.net\/cameroun\/economie\/orange-fab-cameroun-demarre-sa-premiere-saison#primaryimage"},"thumbnailUrl":"https:\/\/static.africa-press.net\/cameroun\/sites\/57\/2022\/08\/img-62ed6566c904c.jpg","datePublished":"2022-08-05T17:56:08+00:00","dateModified":"2022-08-05T18:46:24+00:00","author":{"@id":"https:\/\/www.africa-press.net\/cameroun\/#\/schema\/person\/2b1cf3cd81a31e3cd26889ca66d677f1"},"description":"ORANGE CAMEROUN ) - Orange Cameroun a lanc\u00e9 le 15 juillet dernier la premi\u00e8re saison de son programme d\u2019acc\u00e9l\u00e9ration de ...","breadcrumb":{"@id":"https:\/\/www.africa-press.net\/cameroun\/economie\/orange-fab-cameroun-demarre-sa-premiere-saison#breadcrumb"},"inLanguage":"fr-FR","potentialAction":[{"@type":"ReadAction","target":["https:\/\/www.africa-press.net\/cameroun\/economie\/orange-fab-cameroun-demarre-sa-premiere-saison"]}]},{"@type":"ImageObject","inLanguage":"fr-FR","@id":"https:\/\/www.africa-press.net\/cameroun\/economie\/orange-fab-cameroun-demarre-sa-premiere-saison#primaryimage","url":"https:\/\/static.africa-press.net\/cameroun\/sites\/57\/2022\/08\/img-62ed6566c904c.jpg","contentUrl":"https:\/\/static.africa-press.net\/cameroun\/sites\/57\/2022\/08\/img-62ed6566c904c.jpg","width":720,"height":479,"caption":"Orange Fab Cameroun d\u00e9marre sa premi\u00e8re saison"},{"@type":"BreadcrumbList","@id":"https:\/\/www.africa-press.net\/cameroun\/economie\/orange-fab-cameroun-demarre-sa-premiere-saison#breadcrumb","itemListElement":[{"@type":"ListItem","position":1,"name":"Accueil","item":"https:\/\/www.africa-press.net\/cameroun\/"},{"@type":"ListItem","position":2,"name":"Orange Fab Cameroun d\u00e9marre sa premi\u00e8re saison"}]},{"@type":"WebSite","@id":"https:\/\/www.africa-press.net\/cameroun\/#website","url":"https:\/\/www.africa-press.net\/cameroun\/","name":"Cameroun","description":"Just another Africa News Agency Sites site","potentialAction":[{"@type":"SearchAction","target":{"@type":"EntryPoint","urlTemplate":"https:\/\/www.africa-press.net\/cameroun\/?s={search_term_string}"},"query-input":{"@type":"PropertyValueSpecification","valueRequired":true,"valueName":"search_term_string"}}],"inLanguage":"fr-FR"},{"@type":"Person","@id":"https:\/\/www.africa-press.net\/cameroun\/#\/schema\/person\/2b1cf3cd81a31e3cd26889ca66d677f1","name":"cfeditorfr"}]}},"_links":{"self":[{"href":"https:\/\/www.africa-press.net\/cameroun\/wp-json\/wp\/v2\/posts\/25017","targetHints":{"allow":["GET"]}}],"collection":[{"href":"https:\/\/www.africa-press.net\/cameroun\/wp-json\/wp\/v2\/posts"}],"about":[{"href":"https:\/\/www.africa-press.net\/cameroun\/wp-json\/wp\/v2\/types\/post"}],"author":[{"embeddable":true,"href":"https:\/\/www.africa-press.net\/cameroun\/wp-json\/wp\/v2\/users\/82"}],"replies":[{"embeddable":true,"href":"https:\/\/www.africa-press.net\/cameroun\/wp-json\/wp\/v2\/comments?post=25017"}],"version-history":[{"count":0,"href":"https:\/\/www.africa-press.net\/cameroun\/wp-json\/wp\/v2\/posts\/25017\/revisions"}],"wp:featuredmedia":[{"embeddable":true,"href":"https:\/\/www.africa-press.net\/cameroun\/wp-json\/wp\/v2\/media\/25016"}],"wp:attachment":[{"href":"https:\/\/www.africa-press.net\/cameroun\/wp-json\/wp\/v2\/media?parent=25017"}],"wp:term":[{"taxonomy":"category","embeddable":true,"href":"https:\/\/www.africa-press.net\/cameroun\/wp-json\/wp\/v2\/categories?post=25017"},{"taxonomy":"post_tag","embeddable":true,"href":"https:\/\/www.africa-press.net\/cameroun\/wp-json\/wp\/v2\/tags?post=25017"}],"curies":[{"name":"wp","href":"https:\/\/api.w.org\/{rel}","templated":true}]}}