{"id":25020,"date":"2022-08-05T18:00:39","date_gmt":"2022-08-05T18:00:39","guid":{"rendered":"https:\/\/www.africa-press.net\/cameroun\/politique\/mais-la-chenille-legionnaire-et-les-temperatures-menacent-la-production-dans-la-partie-septentrionale-du-cameroun"},"modified":"2022-08-05T19:09:04","modified_gmt":"2022-08-05T19:09:04","slug":"mais-la-chenille-legionnaire-et-les-temperatures-menacent-la-production-dans-la-partie-septentrionale-du-cameroun","status":"publish","type":"post","link":"https:\/\/www.africa-press.net\/cameroun\/economie\/mais-la-chenille-legionnaire-et-les-temperatures-menacent-la-production-dans-la-partie-septentrionale-du-cameroun","title":{"rendered":"Ma\u00efs\u00a0: la chenille l\u00e9gionnaire et les temp\u00e9ratures menacent la production dans la partie septentrionale du Cameroun"},"content":{"rendered":"<p><span style=\"color: #ff6600\"><strong>Africa-Press &#8211; Cameroun. <\/strong><\/span>Investir au Cameroun) &#8211; Selon l\u2019Observatoire national sur les changements climatiques (Onacc), la p\u00e9riode allant du 1er au 10 ao\u00fbt 2022 pourrait \u00eatre p\u00e9rilleuse pour la culture du ma\u00efs dans la partie septentrionale du Cameroun. \u00ab\u2009Durant cette p\u00e9riode, il y a un risque \u00e9lev\u00e9 d\u2019enregistrer des cas de d\u00e9gradation et de destruction des champs de ma\u00efs dans de nombreuses localit\u00e9s situ\u00e9es dans la zone soudano-sah\u00e9lienne, notamment la r\u00e9gion de l\u2019Extr\u00eame-Nord, suite aux attaques de chenilles l\u00e9gionnaires\u2009\u00bb, alerte l\u2019Onacc.<\/p>\n<p>En plus de cette menace que fait peser la chenille l\u00e9gionnaire, grande ravageuse de cultures qui s\u2019attaque principalement aux c\u00e9r\u00e9ales telles que le ma\u00efs et le sorgho, poursuit l\u2019Onacc, les temp\u00e9ratures \u00e9lev\u00e9es (entre 30\u00b0 et 35 \u00b0C) annonc\u00e9es au cours de la d\u00e9cade sous revue devraient \u00eatre n\u00e9fastes \u00e0 la production c\u00e9r\u00e9ali\u00e8re, principalement dans la r\u00e9gion du Nord et celle de l\u2019Extr\u00eame-Nord, apprend-on.<\/p>\n<p>Cette pr\u00e9vision pessimiste est une nouvelle tr\u00e8s peu reluisante pour les populations de cette partie du Cameroun, dans laquelle la consommation des c\u00e9r\u00e9ales (ma\u00efs, sorgho, mil, etc.) fait partie des habitudes alimentaires. Si les pr\u00e9visions de l\u2019Onacc se r\u00e9alisent effectivement, le d\u00e9ficit c\u00e9r\u00e9alier dans la r\u00e9gion de l\u2019Extr\u00eame-Nord, par exemple, devrait s\u2019aggraver, renfor\u00e7ant par la m\u00eame occasion l\u2019ins\u00e9curit\u00e9 alimentaire dans cette r\u00e9gion parmi les plus pauvres du Cameroun.<\/p>\n<p>\u00c0 en croire les donn\u00e9es du minist\u00e8re de l\u2019Agriculture, la r\u00e9gion de l\u2019Extr\u00eame-Nord a d\u00e9j\u00e0 enregistr\u00e9 un d\u00e9ficit c\u00e9r\u00e9alier de 74\u2009560 tonnes au cours de la campagne agricole 2021, contre seulement 15\u2009560 tonnes en 2020. Ce qui r\u00e9v\u00e8le une hausse du d\u00e9ficit de 58\u2009919 tonnes en glissement annuel, soit 378% en valeur relative.<\/p>\n<p>\u00c0 l\u2019origine de l\u2019explosion du d\u00e9ficit c\u00e9r\u00e9alier dans cet important bassin de production, le minist\u00e8re de l\u2019Agriculture met \u00e0 l\u2019index les conflits, les ravages de la chenille l\u00e9gionnaire, les attaques des oiseaux granivores, la destruction des plantations par des pachydermes et le climat de plus en plus rude, en raison des changements climatiques. \u00c0 cela, il faut ajouter l\u2019explosion de la population, du fait de l\u2019arriv\u00e9e massive de r\u00e9fugi\u00e9s nig\u00e9rians qui ont fui les exactions de Boko Haram.<\/p>\n<p>Brice R. Mbodiam<\/p>\n<p><strong>Pour plus d&rsquo;informations et d&rsquo;analyses sur la <a href=\"https:\/\/www.africa-press.net\/cameroun\">Cameroun<\/a>, suivez <a href=\"https:\/\/www.africa-press.net\/\">Africa-Press<\/a><\/strong><\/p>\n","protected":false},"excerpt":{"rendered":"<p>Africa-Press &#8211; Cameroun. Investir au Cameroun) &#8211; Selon l\u2019Observatoire national sur les changements climatiques (Onacc), la p\u00e9riode allant du 1er au 10 ao\u00fbt 2022 pourrait \u00eatre p\u00e9rilleuse pour la culture du ma\u00efs dans la partie septentrionale du Cameroun. \u00ab\u2009Durant cette p\u00e9riode, il y a un risque \u00e9lev\u00e9 d\u2019enregistrer des cas de d\u00e9gradation et de destruction [&hellip;]<\/p>\n","protected":false},"author":82,"featured_media":25019,"comment_status":"open","ping_status":"closed","sticky":false,"template":"","format":"standard","meta":{"footnotes":""},"categories":[3,11,10],"tags":[36,50,49],"class_list":["post-25020","post","type-post","status-publish","format-standard","has-post-thumbnail","hentry","category-economie","category-homepage-french","category-toutes-les-actualites","tag-africa-press","tag-africa-press-cameroun","tag-cameroun"],"yoast_head":"<!-- This site is optimized with the Yoast SEO Premium plugin v26.1 (Yoast SEO v27.0) - https:\/\/yoast.com\/product\/yoast-seo-premium-wordpress\/ -->\n<title>Ma\u00efs\u00a0: la chenille l\u00e9gionnaire et les temp\u00e9ratures menacent la production dans la partie septentrionale du Cameroun - Cameroun<\/title>\n<meta name=\"description\" content=\"Investir au Cameroun) - Selon l\u2019Observatoire national sur les changements climatiques (Onacc), la p\u00e9riode allant du 1er ...\" \/>\n<meta name=\"robots\" content=\"index, follow, max-snippet:-1, max-image-preview:large, max-video-preview:-1\" \/>\n<link rel=\"canonical\" href=\"https:\/\/www.africa-press.net\/cameroun\/economie\/mais-la-chenille-legionnaire-et-les-temperatures-menacent-la-production-dans-la-partie-septentrionale-du-cameroun\" \/>\n<meta property=\"og:locale\" content=\"fr_FR\" \/>\n<meta property=\"og:type\" content=\"article\" \/>\n<meta property=\"og:title\" content=\"Ma\u00efs\u00a0: la chenille l\u00e9gionnaire et les temp\u00e9ratures menacent la production dans la partie septentrionale du Cameroun\" \/>\n<meta property=\"og:description\" content=\"Investir au Cameroun) - Selon l\u2019Observatoire national sur les changements climatiques (Onacc), la p\u00e9riode allant du 1er ...\" \/>\n<meta property=\"og:url\" content=\"https:\/\/www.africa-press.net\/cameroun\/economie\/mais-la-chenille-legionnaire-et-les-temperatures-menacent-la-production-dans-la-partie-septentrionale-du-cameroun\" \/>\n<meta property=\"og:site_name\" content=\"Cameroun\" \/>\n<meta property=\"article:published_time\" content=\"2022-08-05T18:00:39+00:00\" \/>\n<meta property=\"article:modified_time\" content=\"2022-08-05T19:09:04+00:00\" \/>\n<meta property=\"og:image\" content=\"https:\/\/static.africa-press.net\/cameroun\/sites\/57\/2022\/08\/img-62ed65864d2db.jpg\" \/>\n\t<meta property=\"og:image:width\" content=\"720\" \/>\n\t<meta property=\"og:image:height\" content=\"480\" \/>\n\t<meta property=\"og:image:type\" content=\"image\/jpeg\" \/>\n<meta name=\"author\" content=\"cfeditorfr\" \/>\n<meta name=\"twitter:card\" content=\"summary_large_image\" \/>\n<meta name=\"twitter:label1\" content=\"\u00c9crit par\" \/>\n\t<meta name=\"twitter:data1\" content=\"cfeditorfr\" \/>\n\t<meta name=\"twitter:label2\" content=\"Dur\u00e9e de lecture estim\u00e9e\" \/>\n\t<meta name=\"twitter:data2\" content=\"3 minutes\" \/>\n<script type=\"application\/ld+json\" class=\"yoast-schema-graph\">{\"@context\":\"https:\/\/schema.org\",\"@graph\":[{\"@type\":\"Article\",\"@id\":\"https:\/\/www.africa-press.net\/cameroun\/economie\/mais-la-chenille-legionnaire-et-les-temperatures-menacent-la-production-dans-la-partie-septentrionale-du-cameroun#article\",\"isPartOf\":{\"@id\":\"https:\/\/www.africa-press.net\/cameroun\/economie\/mais-la-chenille-legionnaire-et-les-temperatures-menacent-la-production-dans-la-partie-septentrionale-du-cameroun\"},\"author\":{\"name\":\"cfeditorfr\",\"@id\":\"https:\/\/www.africa-press.net\/cameroun\/#\/schema\/person\/2b1cf3cd81a31e3cd26889ca66d677f1\"},\"headline\":\"Ma\u00efs\u00a0: la chenille l\u00e9gionnaire et les temp\u00e9ratures menacent la production dans la partie septentrionale du Cameroun\",\"datePublished\":\"2022-08-05T18:00:39+00:00\",\"dateModified\":\"2022-08-05T19:09:04+00:00\",\"mainEntityOfPage\":{\"@id\":\"https:\/\/www.africa-press.net\/cameroun\/economie\/mais-la-chenille-legionnaire-et-les-temperatures-menacent-la-production-dans-la-partie-septentrionale-du-cameroun\"},\"wordCount\":444,\"commentCount\":0,\"image\":{\"@id\":\"https:\/\/www.africa-press.net\/cameroun\/economie\/mais-la-chenille-legionnaire-et-les-temperatures-menacent-la-production-dans-la-partie-septentrionale-du-cameroun#primaryimage\"},\"thumbnailUrl\":\"https:\/\/static.africa-press.net\/cameroun\/sites\/57\/2022\/08\/img-62ed65864d2db.jpg\",\"keywords\":[\"Africa Press\",\"Africa Press-Cameroun\",\"Cameroun\"],\"articleSection\":[\"\u00c9conomie\",\"homepage-french\",\"Toutes les actualit\u00e9s\"],\"inLanguage\":\"fr-FR\",\"potentialAction\":[{\"@type\":\"CommentAction\",\"name\":\"Comment\",\"target\":[\"https:\/\/www.africa-press.net\/cameroun\/economie\/mais-la-chenille-legionnaire-et-les-temperatures-menacent-la-production-dans-la-partie-septentrionale-du-cameroun#respond\"]}]},{\"@type\":\"WebPage\",\"@id\":\"https:\/\/www.africa-press.net\/cameroun\/economie\/mais-la-chenille-legionnaire-et-les-temperatures-menacent-la-production-dans-la-partie-septentrionale-du-cameroun\",\"url\":\"https:\/\/www.africa-press.net\/cameroun\/economie\/mais-la-chenille-legionnaire-et-les-temperatures-menacent-la-production-dans-la-partie-septentrionale-du-cameroun\",\"name\":\"Ma\u00efs\u00a0: la chenille l\u00e9gionnaire et les temp\u00e9ratures menacent la production dans la partie septentrionale du Cameroun - Cameroun\",\"isPartOf\":{\"@id\":\"https:\/\/www.africa-press.net\/cameroun\/#website\"},\"primaryImageOfPage\":{\"@id\":\"https:\/\/www.africa-press.net\/cameroun\/economie\/mais-la-chenille-legionnaire-et-les-temperatures-menacent-la-production-dans-la-partie-septentrionale-du-cameroun#primaryimage\"},\"image\":{\"@id\":\"https:\/\/www.africa-press.net\/cameroun\/economie\/mais-la-chenille-legionnaire-et-les-temperatures-menacent-la-production-dans-la-partie-septentrionale-du-cameroun#primaryimage\"},\"thumbnailUrl\":\"https:\/\/static.africa-press.net\/cameroun\/sites\/57\/2022\/08\/img-62ed65864d2db.jpg\",\"datePublished\":\"2022-08-05T18:00:39+00:00\",\"dateModified\":\"2022-08-05T19:09:04+00:00\",\"author\":{\"@id\":\"https:\/\/www.africa-press.net\/cameroun\/#\/schema\/person\/2b1cf3cd81a31e3cd26889ca66d677f1\"},\"description\":\"Investir au Cameroun) - Selon l\u2019Observatoire national sur les changements climatiques (Onacc), la p\u00e9riode allant du 1er ...\",\"breadcrumb\":{\"@id\":\"https:\/\/www.africa-press.net\/cameroun\/economie\/mais-la-chenille-legionnaire-et-les-temperatures-menacent-la-production-dans-la-partie-septentrionale-du-cameroun#breadcrumb\"},\"inLanguage\":\"fr-FR\",\"potentialAction\":[{\"@type\":\"ReadAction\",\"target\":[\"https:\/\/www.africa-press.net\/cameroun\/economie\/mais-la-chenille-legionnaire-et-les-temperatures-menacent-la-production-dans-la-partie-septentrionale-du-cameroun\"]}]},{\"@type\":\"ImageObject\",\"inLanguage\":\"fr-FR\",\"@id\":\"https:\/\/www.africa-press.net\/cameroun\/economie\/mais-la-chenille-legionnaire-et-les-temperatures-menacent-la-production-dans-la-partie-septentrionale-du-cameroun#primaryimage\",\"url\":\"https:\/\/static.africa-press.net\/cameroun\/sites\/57\/2022\/08\/img-62ed65864d2db.jpg\",\"contentUrl\":\"https:\/\/static.africa-press.net\/cameroun\/sites\/57\/2022\/08\/img-62ed65864d2db.jpg\",\"width\":720,\"height\":480,\"caption\":\"Ma\u00efs\u00a0: la chenille l\u00e9gionnaire et les temp\u00e9ratures menacent la production dans la partie septentrionale du Cameroun\"},{\"@type\":\"BreadcrumbList\",\"@id\":\"https:\/\/www.africa-press.net\/cameroun\/economie\/mais-la-chenille-legionnaire-et-les-temperatures-menacent-la-production-dans-la-partie-septentrionale-du-cameroun#breadcrumb\",\"itemListElement\":[{\"@type\":\"ListItem\",\"position\":1,\"name\":\"Accueil\",\"item\":\"https:\/\/www.africa-press.net\/cameroun\/\"},{\"@type\":\"ListItem\",\"position\":2,\"name\":\"Ma\u00efs\u00a0: la chenille l\u00e9gionnaire et les temp\u00e9ratures menacent la production dans la partie septentrionale du Cameroun\"}]},{\"@type\":\"WebSite\",\"@id\":\"https:\/\/www.africa-press.net\/cameroun\/#website\",\"url\":\"https:\/\/www.africa-press.net\/cameroun\/\",\"name\":\"Cameroun\",\"description\":\"Just another Africa News Agency Sites site\",\"potentialAction\":[{\"@type\":\"SearchAction\",\"target\":{\"@type\":\"EntryPoint\",\"urlTemplate\":\"https:\/\/www.africa-press.net\/cameroun\/?s={search_term_string}\"},\"query-input\":{\"@type\":\"PropertyValueSpecification\",\"valueRequired\":true,\"valueName\":\"search_term_string\"}}],\"inLanguage\":\"fr-FR\"},{\"@type\":\"Person\",\"@id\":\"https:\/\/www.africa-press.net\/cameroun\/#\/schema\/person\/2b1cf3cd81a31e3cd26889ca66d677f1\",\"name\":\"cfeditorfr\"}]}<\/script>\n<!-- \/ Yoast SEO Premium plugin. -->","yoast_head_json":{"title":"Ma\u00efs\u00a0: la chenille l\u00e9gionnaire et les temp\u00e9ratures menacent la production dans la partie septentrionale du Cameroun - Cameroun","description":"Investir au Cameroun) - Selon l\u2019Observatoire national sur les changements climatiques (Onacc), la p\u00e9riode allant du 1er ...","robots":{"index":"index","follow":"follow","max-snippet":"max-snippet:-1","max-image-preview":"max-image-preview:large","max-video-preview":"max-video-preview:-1"},"canonical":"https:\/\/www.africa-press.net\/cameroun\/economie\/mais-la-chenille-legionnaire-et-les-temperatures-menacent-la-production-dans-la-partie-septentrionale-du-cameroun","og_locale":"fr_FR","og_type":"article","og_title":"Ma\u00efs\u00a0: la chenille l\u00e9gionnaire et les temp\u00e9ratures menacent la production dans la partie septentrionale du Cameroun","og_description":"Investir au Cameroun) - Selon l\u2019Observatoire national sur les changements climatiques (Onacc), la p\u00e9riode allant du 1er ...","og_url":"https:\/\/www.africa-press.net\/cameroun\/economie\/mais-la-chenille-legionnaire-et-les-temperatures-menacent-la-production-dans-la-partie-septentrionale-du-cameroun","og_site_name":"Cameroun","article_published_time":"2022-08-05T18:00:39+00:00","article_modified_time":"2022-08-05T19:09:04+00:00","og_image":[{"width":720,"height":480,"url":"https:\/\/static.africa-press.net\/cameroun\/sites\/57\/2022\/08\/img-62ed65864d2db.jpg","type":"image\/jpeg"}],"author":"cfeditorfr","twitter_card":"summary_large_image","twitter_misc":{"\u00c9crit par":"cfeditorfr","Dur\u00e9e de lecture estim\u00e9e":"3 minutes"},"schema":{"@context":"https:\/\/schema.org","@graph":[{"@type":"Article","@id":"https:\/\/www.africa-press.net\/cameroun\/economie\/mais-la-chenille-legionnaire-et-les-temperatures-menacent-la-production-dans-la-partie-septentrionale-du-cameroun#article","isPartOf":{"@id":"https:\/\/www.africa-press.net\/cameroun\/economie\/mais-la-chenille-legionnaire-et-les-temperatures-menacent-la-production-dans-la-partie-septentrionale-du-cameroun"},"author":{"name":"cfeditorfr","@id":"https:\/\/www.africa-press.net\/cameroun\/#\/schema\/person\/2b1cf3cd81a31e3cd26889ca66d677f1"},"headline":"Ma\u00efs\u00a0: la chenille l\u00e9gionnaire et les temp\u00e9ratures menacent la production dans la partie septentrionale du Cameroun","datePublished":"2022-08-05T18:00:39+00:00","dateModified":"2022-08-05T19:09:04+00:00","mainEntityOfPage":{"@id":"https:\/\/www.africa-press.net\/cameroun\/economie\/mais-la-chenille-legionnaire-et-les-temperatures-menacent-la-production-dans-la-partie-septentrionale-du-cameroun"},"wordCount":444,"commentCount":0,"image":{"@id":"https:\/\/www.africa-press.net\/cameroun\/economie\/mais-la-chenille-legionnaire-et-les-temperatures-menacent-la-production-dans-la-partie-septentrionale-du-cameroun#primaryimage"},"thumbnailUrl":"https:\/\/static.africa-press.net\/cameroun\/sites\/57\/2022\/08\/img-62ed65864d2db.jpg","keywords":["Africa Press","Africa Press-Cameroun","Cameroun"],"articleSection":["\u00c9conomie","homepage-french","Toutes les actualit\u00e9s"],"inLanguage":"fr-FR","potentialAction":[{"@type":"CommentAction","name":"Comment","target":["https:\/\/www.africa-press.net\/cameroun\/economie\/mais-la-chenille-legionnaire-et-les-temperatures-menacent-la-production-dans-la-partie-septentrionale-du-cameroun#respond"]}]},{"@type":"WebPage","@id":"https:\/\/www.africa-press.net\/cameroun\/economie\/mais-la-chenille-legionnaire-et-les-temperatures-menacent-la-production-dans-la-partie-septentrionale-du-cameroun","url":"https:\/\/www.africa-press.net\/cameroun\/economie\/mais-la-chenille-legionnaire-et-les-temperatures-menacent-la-production-dans-la-partie-septentrionale-du-cameroun","name":"Ma\u00efs\u00a0: la chenille l\u00e9gionnaire et les temp\u00e9ratures menacent la production dans la partie septentrionale du Cameroun - Cameroun","isPartOf":{"@id":"https:\/\/www.africa-press.net\/cameroun\/#website"},"primaryImageOfPage":{"@id":"https:\/\/www.africa-press.net\/cameroun\/economie\/mais-la-chenille-legionnaire-et-les-temperatures-menacent-la-production-dans-la-partie-septentrionale-du-cameroun#primaryimage"},"image":{"@id":"https:\/\/www.africa-press.net\/cameroun\/economie\/mais-la-chenille-legionnaire-et-les-temperatures-menacent-la-production-dans-la-partie-septentrionale-du-cameroun#primaryimage"},"thumbnailUrl":"https:\/\/static.africa-press.net\/cameroun\/sites\/57\/2022\/08\/img-62ed65864d2db.jpg","datePublished":"2022-08-05T18:00:39+00:00","dateModified":"2022-08-05T19:09:04+00:00","author":{"@id":"https:\/\/www.africa-press.net\/cameroun\/#\/schema\/person\/2b1cf3cd81a31e3cd26889ca66d677f1"},"description":"Investir au Cameroun) - Selon l\u2019Observatoire national sur les changements climatiques (Onacc), la p\u00e9riode allant du 1er ...","breadcrumb":{"@id":"https:\/\/www.africa-press.net\/cameroun\/economie\/mais-la-chenille-legionnaire-et-les-temperatures-menacent-la-production-dans-la-partie-septentrionale-du-cameroun#breadcrumb"},"inLanguage":"fr-FR","potentialAction":[{"@type":"ReadAction","target":["https:\/\/www.africa-press.net\/cameroun\/economie\/mais-la-chenille-legionnaire-et-les-temperatures-menacent-la-production-dans-la-partie-septentrionale-du-cameroun"]}]},{"@type":"ImageObject","inLanguage":"fr-FR","@id":"https:\/\/www.africa-press.net\/cameroun\/economie\/mais-la-chenille-legionnaire-et-les-temperatures-menacent-la-production-dans-la-partie-septentrionale-du-cameroun#primaryimage","url":"https:\/\/static.africa-press.net\/cameroun\/sites\/57\/2022\/08\/img-62ed65864d2db.jpg","contentUrl":"https:\/\/static.africa-press.net\/cameroun\/sites\/57\/2022\/08\/img-62ed65864d2db.jpg","width":720,"height":480,"caption":"Ma\u00efs\u00a0: la chenille l\u00e9gionnaire et les temp\u00e9ratures menacent la production dans la partie septentrionale du Cameroun"},{"@type":"BreadcrumbList","@id":"https:\/\/www.africa-press.net\/cameroun\/economie\/mais-la-chenille-legionnaire-et-les-temperatures-menacent-la-production-dans-la-partie-septentrionale-du-cameroun#breadcrumb","itemListElement":[{"@type":"ListItem","position":1,"name":"Accueil","item":"https:\/\/www.africa-press.net\/cameroun\/"},{"@type":"ListItem","position":2,"name":"Ma\u00efs\u00a0: la chenille l\u00e9gionnaire et les temp\u00e9ratures menacent la production dans la partie septentrionale du Cameroun"}]},{"@type":"WebSite","@id":"https:\/\/www.africa-press.net\/cameroun\/#website","url":"https:\/\/www.africa-press.net\/cameroun\/","name":"Cameroun","description":"Just another Africa News Agency Sites site","potentialAction":[{"@type":"SearchAction","target":{"@type":"EntryPoint","urlTemplate":"https:\/\/www.africa-press.net\/cameroun\/?s={search_term_string}"},"query-input":{"@type":"PropertyValueSpecification","valueRequired":true,"valueName":"search_term_string"}}],"inLanguage":"fr-FR"},{"@type":"Person","@id":"https:\/\/www.africa-press.net\/cameroun\/#\/schema\/person\/2b1cf3cd81a31e3cd26889ca66d677f1","name":"cfeditorfr"}]}},"_links":{"self":[{"href":"https:\/\/www.africa-press.net\/cameroun\/wp-json\/wp\/v2\/posts\/25020","targetHints":{"allow":["GET"]}}],"collection":[{"href":"https:\/\/www.africa-press.net\/cameroun\/wp-json\/wp\/v2\/posts"}],"about":[{"href":"https:\/\/www.africa-press.net\/cameroun\/wp-json\/wp\/v2\/types\/post"}],"author":[{"embeddable":true,"href":"https:\/\/www.africa-press.net\/cameroun\/wp-json\/wp\/v2\/users\/82"}],"replies":[{"embeddable":true,"href":"https:\/\/www.africa-press.net\/cameroun\/wp-json\/wp\/v2\/comments?post=25020"}],"version-history":[{"count":0,"href":"https:\/\/www.africa-press.net\/cameroun\/wp-json\/wp\/v2\/posts\/25020\/revisions"}],"wp:featuredmedia":[{"embeddable":true,"href":"https:\/\/www.africa-press.net\/cameroun\/wp-json\/wp\/v2\/media\/25019"}],"wp:attachment":[{"href":"https:\/\/www.africa-press.net\/cameroun\/wp-json\/wp\/v2\/media?parent=25020"}],"wp:term":[{"taxonomy":"category","embeddable":true,"href":"https:\/\/www.africa-press.net\/cameroun\/wp-json\/wp\/v2\/categories?post=25020"},{"taxonomy":"post_tag","embeddable":true,"href":"https:\/\/www.africa-press.net\/cameroun\/wp-json\/wp\/v2\/tags?post=25020"}],"curies":[{"name":"wp","href":"https:\/\/api.w.org\/{rel}","templated":true}]}}