{"id":25039,"date":"2022-08-06T15:25:40","date_gmt":"2022-08-06T15:25:40","guid":{"rendered":"https:\/\/www.africa-press.net\/cameroun\/politique\/cameroun-dementi-le-coordonnateur-general-du-complexe-sportif-de-japoma-assure-que-le-joyau-architectural-nest-pas-abandonne"},"modified":"2022-08-06T15:26:01","modified_gmt":"2022-08-06T15:26:01","slug":"cameroun-dementi-le-coordonnateur-general-du-complexe-sportif-de-japoma-assure-que-le-joyau-architectural-nest-pas-abandonne","status":"publish","type":"post","link":"https:\/\/www.africa-press.net\/cameroun\/sports\/cameroun-dementi-le-coordonnateur-general-du-complexe-sportif-de-japoma-assure-que-le-joyau-architectural-nest-pas-abandonne","title":{"rendered":"Cameroun  &#8211; D\u00e9menti: Le coordonnateur g\u00e9n\u00e9ral du complexe sportif de Japoma assure que le \u00ab joyau architectural \u00bb n\u2019est pas abandonn\u00e9"},"content":{"rendered":"<p><span style=\"color: #ff6600\"><strong>Africa-Press &#8211; Cameroun. <\/strong><\/span>La semaine \u00e9coul\u00e9e, les internautes d\u00e9couvraient avec effarement des images du complexe sportif de Japoma envahi par les herbes folles. Elles \u00e9taient publi\u00e9es sur le compte Facebook du conseiller municipal PCRN de Douala 3\u00e8me Vincent de Paul Yede. L&rsquo;infrastructure pr\u00e9sent\u00e9e depuis sa construction comme un \u00ab joyau architecturall \u00bb \u00e9tait m\u00e9connaissable. Le coordonnateur g\u00e9n\u00e9ral du complexe , Guy Joseph Eyoum n\u2019a pas aim\u00e9 cette exposition. Le gestionnaire a publi\u00e9 le 31 Juillet 2022, photos \u00e0 l\u2019appui, un communiqu\u00e9 dans lequel il tente de contredire les lanceurs d\u2019alerte.<\/p>\n<p>Il entend \u00ab fustiger fermement la campagne de d\u00e9sinformation et de d\u00e9nigrement antipatriotique men\u00e9e par les adeptes de l\u2019intoxication v\u00e9hicul\u00e9e dans les r\u00e9seaux sociaux depuis le 30 Juillet 2022 (\u2026) et faisant \u00e9tat de l\u2019envahissement du complexe sportif par les herbes, car filmer les herbes \u00e0 l\u2019ext\u00e9rieur et en saison de pluie pour en faire mauvais usage est malveillant \u00bb. Guy Joseph Eyoum ajoute des images qui \u00ab illustrent l\u2019environnement du complexe sportif de Japoma au 31 Juillet 2022 \u00bb.<\/p>\n<p>Le responsable d\u00e9clare que les espaces verts, les friches int\u00e9rieures et ext\u00e9rieures du complexe sportif de Japoma \u00ab font l\u2019objet d\u2019un suivi r\u00e9gulier adoss\u00e9 sur un planning de travail p\u00e9riodique et rationnel \u00bb. Et d\u2019ajouter : \u00ab la maintenance des \u00e9quipements du complexe sportif de Japoma fait l\u2019objet d\u2019une attention particuli\u00e8re. De ce fait, la fonctionnalit\u00e9 et l\u2019int\u00e9grit\u00e9 des installations, \u00e9quipements et syst\u00e8mes ne souffrent pas de d\u00e9faillances \u00bb.<\/p>\n<p>Le journaliste Jacques Banyoglog, responsable de la page Facebook K-poral Media qui avait lui aussi relay\u00e9 les informations de Vincent de Paul Yede a r\u00e9agi au communiqu\u00e9 du coordonnateur g\u00e9n\u00e9ral du complexe sportif de Japoma. \u00ab (&#8230;) Cependant, le d\u00e9menti de ce responsable ne bat pas en br\u00e8che les informations du conseiller municipal (\u2026) Le communiqu\u00e9 pr\u00e9cise \u00e9galement que le stade est bien entretenu et les alentours constamment d\u00e9frich\u00e9s. Cette sortie du coordonnateur du stade de Japoma a le m\u00e9rite de faire taire la pol\u00e9mique et de montrer, images et vid\u00e9os \u00e0 l&rsquo;appui que le stade de Japoma a des espaces ext\u00e9rieurs bien am\u00e9nag\u00e9s. Il faut n\u00e9anmoins pr\u00e9ciser que des efforts restent \u00e0 faire pour rendre aussi propres d&rsquo;autres espaces qui ne le sont pas encore. Vincent de Paul YEDE quant \u00e0 lui a le m\u00e9rite d&rsquo;avoir suscit\u00e9 l&rsquo;attention de l&rsquo;opinion publique sur l&rsquo;entretien des infrastructures publiques. A travers sa publication, il a attir\u00e9 l&rsquo;attention des responsables du stade sur l&rsquo;aspect li\u00e9 \u00e0 l&rsquo;entretien des infrastructures dont Ils ont la charge. En tirant la sonnette d&rsquo;alarme, l&rsquo;\u00e9lu du peuple joue pleinement son r\u00f4le de veille et de proposition. L&rsquo;opinion publique aura d\u00e9sormais un regard assez pouss\u00e9 sur la gestion et l&rsquo;entretien du joyau architectural qu&rsquo;est le complexe sportif de Japoma qui, au-del\u00e0 de tout, fait la fiert\u00e9 du Cameroun \u00bb, se r\u00e9jouit notre confr\u00e8re.<\/p>\n<p><strong>Pour plus d&rsquo;informations et d&rsquo;analyses sur la <a href=\"https:\/\/www.africa-press.net\/cameroun\">Cameroun<\/a>, suivez <a href=\"https:\/\/www.africa-press.net\/\">Africa-Press<\/a><\/strong><\/p>\n","protected":false},"excerpt":{"rendered":"<p>Africa-Press &#8211; Cameroun. La semaine \u00e9coul\u00e9e, les internautes d\u00e9couvraient avec effarement des images du complexe sportif de Japoma envahi par les herbes folles. Elles \u00e9taient publi\u00e9es sur le compte Facebook du conseiller municipal PCRN de Douala 3\u00e8me Vincent de Paul Yede. L&rsquo;infrastructure pr\u00e9sent\u00e9e depuis sa construction comme un \u00ab joyau architecturall \u00bb \u00e9tait m\u00e9connaissable. Le [&hellip;]<\/p>\n","protected":false},"author":82,"featured_media":25038,"comment_status":"open","ping_status":"closed","sticky":false,"template":"","format":"standard","meta":{"footnotes":""},"categories":[11,6,10],"tags":[36,50,49],"class_list":["post-25039","post","type-post","status-publish","format-standard","has-post-thumbnail","hentry","category-homepage-french","category-sports","category-toutes-les-actualites","tag-africa-press","tag-africa-press-cameroun","tag-cameroun"],"yoast_head":"<!-- This site is optimized with the Yoast SEO Premium plugin v26.1 (Yoast SEO v27.0) - https:\/\/yoast.com\/product\/yoast-seo-premium-wordpress\/ -->\n<title>Cameroun - D\u00e9menti: Le coordonnateur g\u00e9n\u00e9ral du complexe sportif de Japoma assure que le \u00ab joyau architectural \u00bb n\u2019est pas abandonn\u00e9 - Cameroun<\/title>\n<meta name=\"description\" content=\"La semaine \u00e9coul\u00e9e, les internautes d\u00e9couvraient avec effarement des images du complexe sportif de Japoma envahi par les ...\" \/>\n<meta name=\"robots\" content=\"index, follow, max-snippet:-1, max-image-preview:large, max-video-preview:-1\" \/>\n<link rel=\"canonical\" href=\"https:\/\/www.africa-press.net\/cameroun\/sports\/cameroun-dementi-le-coordonnateur-general-du-complexe-sportif-de-japoma-assure-que-le-joyau-architectural-nest-pas-abandonne\" \/>\n<meta property=\"og:locale\" content=\"fr_FR\" \/>\n<meta property=\"og:type\" content=\"article\" \/>\n<meta property=\"og:title\" content=\"Cameroun - D\u00e9menti: Le coordonnateur g\u00e9n\u00e9ral du complexe sportif de Japoma assure que le \u00ab joyau architectural \u00bb n\u2019est pas abandonn\u00e9\" \/>\n<meta property=\"og:description\" content=\"La semaine \u00e9coul\u00e9e, les internautes d\u00e9couvraient avec effarement des images du complexe sportif de Japoma envahi par les ...\" \/>\n<meta property=\"og:url\" content=\"https:\/\/www.africa-press.net\/cameroun\/sports\/cameroun-dementi-le-coordonnateur-general-du-complexe-sportif-de-japoma-assure-que-le-joyau-architectural-nest-pas-abandonne\" \/>\n<meta property=\"og:site_name\" content=\"Cameroun\" \/>\n<meta property=\"article:published_time\" content=\"2022-08-06T15:25:40+00:00\" \/>\n<meta property=\"article:modified_time\" content=\"2022-08-06T15:26:01+00:00\" \/>\n<meta property=\"og:image\" content=\"https:\/\/static.africa-press.net\/cameroun\/sites\/57\/2022\/08\/img-62ee87e4a19ae.jpg\" \/>\n\t<meta property=\"og:image:width\" content=\"800\" \/>\n\t<meta property=\"og:image:height\" content=\"351\" \/>\n\t<meta property=\"og:image:type\" content=\"image\/jpeg\" \/>\n<meta name=\"author\" content=\"cfeditorfr\" \/>\n<meta name=\"twitter:card\" content=\"summary_large_image\" \/>\n<meta name=\"twitter:label1\" content=\"\u00c9crit par\" \/>\n\t<meta name=\"twitter:data1\" content=\"cfeditorfr\" \/>\n\t<meta name=\"twitter:label2\" content=\"Dur\u00e9e de lecture estim\u00e9e\" \/>\n\t<meta name=\"twitter:data2\" content=\"3 minutes\" \/>\n<script type=\"application\/ld+json\" class=\"yoast-schema-graph\">{\"@context\":\"https:\/\/schema.org\",\"@graph\":[{\"@type\":\"Article\",\"@id\":\"https:\/\/www.africa-press.net\/cameroun\/sports\/cameroun-dementi-le-coordonnateur-general-du-complexe-sportif-de-japoma-assure-que-le-joyau-architectural-nest-pas-abandonne#article\",\"isPartOf\":{\"@id\":\"https:\/\/www.africa-press.net\/cameroun\/sports\/cameroun-dementi-le-coordonnateur-general-du-complexe-sportif-de-japoma-assure-que-le-joyau-architectural-nest-pas-abandonne\"},\"author\":{\"name\":\"cfeditorfr\",\"@id\":\"https:\/\/www.africa-press.net\/cameroun\/#\/schema\/person\/2b1cf3cd81a31e3cd26889ca66d677f1\"},\"headline\":\"Cameroun &#8211; D\u00e9menti: Le coordonnateur g\u00e9n\u00e9ral du complexe sportif de Japoma assure que le \u00ab joyau architectural \u00bb n\u2019est pas abandonn\u00e9\",\"datePublished\":\"2022-08-06T15:25:40+00:00\",\"dateModified\":\"2022-08-06T15:26:01+00:00\",\"mainEntityOfPage\":{\"@id\":\"https:\/\/www.africa-press.net\/cameroun\/sports\/cameroun-dementi-le-coordonnateur-general-du-complexe-sportif-de-japoma-assure-que-le-joyau-architectural-nest-pas-abandonne\"},\"wordCount\":542,\"commentCount\":0,\"image\":{\"@id\":\"https:\/\/www.africa-press.net\/cameroun\/sports\/cameroun-dementi-le-coordonnateur-general-du-complexe-sportif-de-japoma-assure-que-le-joyau-architectural-nest-pas-abandonne#primaryimage\"},\"thumbnailUrl\":\"https:\/\/static.africa-press.net\/cameroun\/sites\/57\/2022\/08\/img-62ee87e4a19ae.jpg\",\"keywords\":[\"Africa Press\",\"Africa Press-Cameroun\",\"Cameroun\"],\"articleSection\":[\"homepage-french\",\"Sports\",\"Toutes les actualit\u00e9s\"],\"inLanguage\":\"fr-FR\",\"potentialAction\":[{\"@type\":\"CommentAction\",\"name\":\"Comment\",\"target\":[\"https:\/\/www.africa-press.net\/cameroun\/sports\/cameroun-dementi-le-coordonnateur-general-du-complexe-sportif-de-japoma-assure-que-le-joyau-architectural-nest-pas-abandonne#respond\"]}]},{\"@type\":\"WebPage\",\"@id\":\"https:\/\/www.africa-press.net\/cameroun\/sports\/cameroun-dementi-le-coordonnateur-general-du-complexe-sportif-de-japoma-assure-que-le-joyau-architectural-nest-pas-abandonne\",\"url\":\"https:\/\/www.africa-press.net\/cameroun\/sports\/cameroun-dementi-le-coordonnateur-general-du-complexe-sportif-de-japoma-assure-que-le-joyau-architectural-nest-pas-abandonne\",\"name\":\"Cameroun - D\u00e9menti: Le coordonnateur g\u00e9n\u00e9ral du complexe sportif de Japoma assure que le \u00ab joyau architectural \u00bb n\u2019est pas abandonn\u00e9 - Cameroun\",\"isPartOf\":{\"@id\":\"https:\/\/www.africa-press.net\/cameroun\/#website\"},\"primaryImageOfPage\":{\"@id\":\"https:\/\/www.africa-press.net\/cameroun\/sports\/cameroun-dementi-le-coordonnateur-general-du-complexe-sportif-de-japoma-assure-que-le-joyau-architectural-nest-pas-abandonne#primaryimage\"},\"image\":{\"@id\":\"https:\/\/www.africa-press.net\/cameroun\/sports\/cameroun-dementi-le-coordonnateur-general-du-complexe-sportif-de-japoma-assure-que-le-joyau-architectural-nest-pas-abandonne#primaryimage\"},\"thumbnailUrl\":\"https:\/\/static.africa-press.net\/cameroun\/sites\/57\/2022\/08\/img-62ee87e4a19ae.jpg\",\"datePublished\":\"2022-08-06T15:25:40+00:00\",\"dateModified\":\"2022-08-06T15:26:01+00:00\",\"author\":{\"@id\":\"https:\/\/www.africa-press.net\/cameroun\/#\/schema\/person\/2b1cf3cd81a31e3cd26889ca66d677f1\"},\"description\":\"La semaine \u00e9coul\u00e9e, les internautes d\u00e9couvraient avec effarement des images du complexe sportif de Japoma envahi par les ...\",\"breadcrumb\":{\"@id\":\"https:\/\/www.africa-press.net\/cameroun\/sports\/cameroun-dementi-le-coordonnateur-general-du-complexe-sportif-de-japoma-assure-que-le-joyau-architectural-nest-pas-abandonne#breadcrumb\"},\"inLanguage\":\"fr-FR\",\"potentialAction\":[{\"@type\":\"ReadAction\",\"target\":[\"https:\/\/www.africa-press.net\/cameroun\/sports\/cameroun-dementi-le-coordonnateur-general-du-complexe-sportif-de-japoma-assure-que-le-joyau-architectural-nest-pas-abandonne\"]}]},{\"@type\":\"ImageObject\",\"inLanguage\":\"fr-FR\",\"@id\":\"https:\/\/www.africa-press.net\/cameroun\/sports\/cameroun-dementi-le-coordonnateur-general-du-complexe-sportif-de-japoma-assure-que-le-joyau-architectural-nest-pas-abandonne#primaryimage\",\"url\":\"https:\/\/static.africa-press.net\/cameroun\/sites\/57\/2022\/08\/img-62ee87e4a19ae.jpg\",\"contentUrl\":\"https:\/\/static.africa-press.net\/cameroun\/sites\/57\/2022\/08\/img-62ee87e4a19ae.jpg\",\"width\":800,\"height\":351,\"caption\":\"Cameroun - D\u00e9menti: Le coordonnateur g\u00e9n\u00e9ral du complexe sportif de Japoma assure que le \u00ab joyau architectural \u00bb n\u2019est pas abandonn\u00e9\"},{\"@type\":\"BreadcrumbList\",\"@id\":\"https:\/\/www.africa-press.net\/cameroun\/sports\/cameroun-dementi-le-coordonnateur-general-du-complexe-sportif-de-japoma-assure-que-le-joyau-architectural-nest-pas-abandonne#breadcrumb\",\"itemListElement\":[{\"@type\":\"ListItem\",\"position\":1,\"name\":\"Accueil\",\"item\":\"https:\/\/www.africa-press.net\/cameroun\/\"},{\"@type\":\"ListItem\",\"position\":2,\"name\":\"Cameroun &#8211; D\u00e9menti: Le coordonnateur g\u00e9n\u00e9ral du complexe sportif de Japoma assure que le \u00ab joyau architectural \u00bb n\u2019est pas abandonn\u00e9\"}]},{\"@type\":\"WebSite\",\"@id\":\"https:\/\/www.africa-press.net\/cameroun\/#website\",\"url\":\"https:\/\/www.africa-press.net\/cameroun\/\",\"name\":\"Cameroun\",\"description\":\"Just another Africa News Agency Sites site\",\"potentialAction\":[{\"@type\":\"SearchAction\",\"target\":{\"@type\":\"EntryPoint\",\"urlTemplate\":\"https:\/\/www.africa-press.net\/cameroun\/?s={search_term_string}\"},\"query-input\":{\"@type\":\"PropertyValueSpecification\",\"valueRequired\":true,\"valueName\":\"search_term_string\"}}],\"inLanguage\":\"fr-FR\"},{\"@type\":\"Person\",\"@id\":\"https:\/\/www.africa-press.net\/cameroun\/#\/schema\/person\/2b1cf3cd81a31e3cd26889ca66d677f1\",\"name\":\"cfeditorfr\"}]}<\/script>\n<!-- \/ Yoast SEO Premium plugin. -->","yoast_head_json":{"title":"Cameroun - D\u00e9menti: Le coordonnateur g\u00e9n\u00e9ral du complexe sportif de Japoma assure que le \u00ab joyau architectural \u00bb n\u2019est pas abandonn\u00e9 - Cameroun","description":"La semaine \u00e9coul\u00e9e, les internautes d\u00e9couvraient avec effarement des images du complexe sportif de Japoma envahi par les ...","robots":{"index":"index","follow":"follow","max-snippet":"max-snippet:-1","max-image-preview":"max-image-preview:large","max-video-preview":"max-video-preview:-1"},"canonical":"https:\/\/www.africa-press.net\/cameroun\/sports\/cameroun-dementi-le-coordonnateur-general-du-complexe-sportif-de-japoma-assure-que-le-joyau-architectural-nest-pas-abandonne","og_locale":"fr_FR","og_type":"article","og_title":"Cameroun - D\u00e9menti: Le coordonnateur g\u00e9n\u00e9ral du complexe sportif de Japoma assure que le \u00ab joyau architectural \u00bb n\u2019est pas abandonn\u00e9","og_description":"La semaine \u00e9coul\u00e9e, les internautes d\u00e9couvraient avec effarement des images du complexe sportif de Japoma envahi par les ...","og_url":"https:\/\/www.africa-press.net\/cameroun\/sports\/cameroun-dementi-le-coordonnateur-general-du-complexe-sportif-de-japoma-assure-que-le-joyau-architectural-nest-pas-abandonne","og_site_name":"Cameroun","article_published_time":"2022-08-06T15:25:40+00:00","article_modified_time":"2022-08-06T15:26:01+00:00","og_image":[{"width":800,"height":351,"url":"https:\/\/static.africa-press.net\/cameroun\/sites\/57\/2022\/08\/img-62ee87e4a19ae.jpg","type":"image\/jpeg"}],"author":"cfeditorfr","twitter_card":"summary_large_image","twitter_misc":{"\u00c9crit par":"cfeditorfr","Dur\u00e9e de lecture estim\u00e9e":"3 minutes"},"schema":{"@context":"https:\/\/schema.org","@graph":[{"@type":"Article","@id":"https:\/\/www.africa-press.net\/cameroun\/sports\/cameroun-dementi-le-coordonnateur-general-du-complexe-sportif-de-japoma-assure-que-le-joyau-architectural-nest-pas-abandonne#article","isPartOf":{"@id":"https:\/\/www.africa-press.net\/cameroun\/sports\/cameroun-dementi-le-coordonnateur-general-du-complexe-sportif-de-japoma-assure-que-le-joyau-architectural-nest-pas-abandonne"},"author":{"name":"cfeditorfr","@id":"https:\/\/www.africa-press.net\/cameroun\/#\/schema\/person\/2b1cf3cd81a31e3cd26889ca66d677f1"},"headline":"Cameroun &#8211; D\u00e9menti: Le coordonnateur g\u00e9n\u00e9ral du complexe sportif de Japoma assure que le \u00ab joyau architectural \u00bb n\u2019est pas abandonn\u00e9","datePublished":"2022-08-06T15:25:40+00:00","dateModified":"2022-08-06T15:26:01+00:00","mainEntityOfPage":{"@id":"https:\/\/www.africa-press.net\/cameroun\/sports\/cameroun-dementi-le-coordonnateur-general-du-complexe-sportif-de-japoma-assure-que-le-joyau-architectural-nest-pas-abandonne"},"wordCount":542,"commentCount":0,"image":{"@id":"https:\/\/www.africa-press.net\/cameroun\/sports\/cameroun-dementi-le-coordonnateur-general-du-complexe-sportif-de-japoma-assure-que-le-joyau-architectural-nest-pas-abandonne#primaryimage"},"thumbnailUrl":"https:\/\/static.africa-press.net\/cameroun\/sites\/57\/2022\/08\/img-62ee87e4a19ae.jpg","keywords":["Africa Press","Africa Press-Cameroun","Cameroun"],"articleSection":["homepage-french","Sports","Toutes les actualit\u00e9s"],"inLanguage":"fr-FR","potentialAction":[{"@type":"CommentAction","name":"Comment","target":["https:\/\/www.africa-press.net\/cameroun\/sports\/cameroun-dementi-le-coordonnateur-general-du-complexe-sportif-de-japoma-assure-que-le-joyau-architectural-nest-pas-abandonne#respond"]}]},{"@type":"WebPage","@id":"https:\/\/www.africa-press.net\/cameroun\/sports\/cameroun-dementi-le-coordonnateur-general-du-complexe-sportif-de-japoma-assure-que-le-joyau-architectural-nest-pas-abandonne","url":"https:\/\/www.africa-press.net\/cameroun\/sports\/cameroun-dementi-le-coordonnateur-general-du-complexe-sportif-de-japoma-assure-que-le-joyau-architectural-nest-pas-abandonne","name":"Cameroun - D\u00e9menti: Le coordonnateur g\u00e9n\u00e9ral du complexe sportif de Japoma assure que le \u00ab joyau architectural \u00bb n\u2019est pas abandonn\u00e9 - Cameroun","isPartOf":{"@id":"https:\/\/www.africa-press.net\/cameroun\/#website"},"primaryImageOfPage":{"@id":"https:\/\/www.africa-press.net\/cameroun\/sports\/cameroun-dementi-le-coordonnateur-general-du-complexe-sportif-de-japoma-assure-que-le-joyau-architectural-nest-pas-abandonne#primaryimage"},"image":{"@id":"https:\/\/www.africa-press.net\/cameroun\/sports\/cameroun-dementi-le-coordonnateur-general-du-complexe-sportif-de-japoma-assure-que-le-joyau-architectural-nest-pas-abandonne#primaryimage"},"thumbnailUrl":"https:\/\/static.africa-press.net\/cameroun\/sites\/57\/2022\/08\/img-62ee87e4a19ae.jpg","datePublished":"2022-08-06T15:25:40+00:00","dateModified":"2022-08-06T15:26:01+00:00","author":{"@id":"https:\/\/www.africa-press.net\/cameroun\/#\/schema\/person\/2b1cf3cd81a31e3cd26889ca66d677f1"},"description":"La semaine \u00e9coul\u00e9e, les internautes d\u00e9couvraient avec effarement des images du complexe sportif de Japoma envahi par les ...","breadcrumb":{"@id":"https:\/\/www.africa-press.net\/cameroun\/sports\/cameroun-dementi-le-coordonnateur-general-du-complexe-sportif-de-japoma-assure-que-le-joyau-architectural-nest-pas-abandonne#breadcrumb"},"inLanguage":"fr-FR","potentialAction":[{"@type":"ReadAction","target":["https:\/\/www.africa-press.net\/cameroun\/sports\/cameroun-dementi-le-coordonnateur-general-du-complexe-sportif-de-japoma-assure-que-le-joyau-architectural-nest-pas-abandonne"]}]},{"@type":"ImageObject","inLanguage":"fr-FR","@id":"https:\/\/www.africa-press.net\/cameroun\/sports\/cameroun-dementi-le-coordonnateur-general-du-complexe-sportif-de-japoma-assure-que-le-joyau-architectural-nest-pas-abandonne#primaryimage","url":"https:\/\/static.africa-press.net\/cameroun\/sites\/57\/2022\/08\/img-62ee87e4a19ae.jpg","contentUrl":"https:\/\/static.africa-press.net\/cameroun\/sites\/57\/2022\/08\/img-62ee87e4a19ae.jpg","width":800,"height":351,"caption":"Cameroun - D\u00e9menti: Le coordonnateur g\u00e9n\u00e9ral du complexe sportif de Japoma assure que le \u00ab joyau architectural \u00bb n\u2019est pas abandonn\u00e9"},{"@type":"BreadcrumbList","@id":"https:\/\/www.africa-press.net\/cameroun\/sports\/cameroun-dementi-le-coordonnateur-general-du-complexe-sportif-de-japoma-assure-que-le-joyau-architectural-nest-pas-abandonne#breadcrumb","itemListElement":[{"@type":"ListItem","position":1,"name":"Accueil","item":"https:\/\/www.africa-press.net\/cameroun\/"},{"@type":"ListItem","position":2,"name":"Cameroun &#8211; D\u00e9menti: Le coordonnateur g\u00e9n\u00e9ral du complexe sportif de Japoma assure que le \u00ab joyau architectural \u00bb n\u2019est pas abandonn\u00e9"}]},{"@type":"WebSite","@id":"https:\/\/www.africa-press.net\/cameroun\/#website","url":"https:\/\/www.africa-press.net\/cameroun\/","name":"Cameroun","description":"Just another Africa News Agency Sites site","potentialAction":[{"@type":"SearchAction","target":{"@type":"EntryPoint","urlTemplate":"https:\/\/www.africa-press.net\/cameroun\/?s={search_term_string}"},"query-input":{"@type":"PropertyValueSpecification","valueRequired":true,"valueName":"search_term_string"}}],"inLanguage":"fr-FR"},{"@type":"Person","@id":"https:\/\/www.africa-press.net\/cameroun\/#\/schema\/person\/2b1cf3cd81a31e3cd26889ca66d677f1","name":"cfeditorfr"}]}},"_links":{"self":[{"href":"https:\/\/www.africa-press.net\/cameroun\/wp-json\/wp\/v2\/posts\/25039","targetHints":{"allow":["GET"]}}],"collection":[{"href":"https:\/\/www.africa-press.net\/cameroun\/wp-json\/wp\/v2\/posts"}],"about":[{"href":"https:\/\/www.africa-press.net\/cameroun\/wp-json\/wp\/v2\/types\/post"}],"author":[{"embeddable":true,"href":"https:\/\/www.africa-press.net\/cameroun\/wp-json\/wp\/v2\/users\/82"}],"replies":[{"embeddable":true,"href":"https:\/\/www.africa-press.net\/cameroun\/wp-json\/wp\/v2\/comments?post=25039"}],"version-history":[{"count":0,"href":"https:\/\/www.africa-press.net\/cameroun\/wp-json\/wp\/v2\/posts\/25039\/revisions"}],"wp:featuredmedia":[{"embeddable":true,"href":"https:\/\/www.africa-press.net\/cameroun\/wp-json\/wp\/v2\/media\/25038"}],"wp:attachment":[{"href":"https:\/\/www.africa-press.net\/cameroun\/wp-json\/wp\/v2\/media?parent=25039"}],"wp:term":[{"taxonomy":"category","embeddable":true,"href":"https:\/\/www.africa-press.net\/cameroun\/wp-json\/wp\/v2\/categories?post=25039"},{"taxonomy":"post_tag","embeddable":true,"href":"https:\/\/www.africa-press.net\/cameroun\/wp-json\/wp\/v2\/tags?post=25039"}],"curies":[{"name":"wp","href":"https:\/\/api.w.org\/{rel}","templated":true}]}}