{"id":25045,"date":"2022-08-06T12:42:01","date_gmt":"2022-08-06T12:42:01","guid":{"rendered":"https:\/\/www.africa-press.net\/cameroun\/politique\/cholera-en-10-mois-le-cameroun-a-enregistre-200-deces"},"modified":"2022-08-06T15:27:19","modified_gmt":"2022-08-06T15:27:19","slug":"cholera-en-10-mois-le-cameroun-a-enregistre-200-deces","status":"publish","type":"post","link":"https:\/\/www.africa-press.net\/cameroun\/toutes-les-actualites\/cholera-en-10-mois-le-cameroun-a-enregistre-200-deces","title":{"rendered":"Chol\u00e9ra: En 10 mois, le Cameroun a enregistr\u00e9 200 d\u00e9c\u00e8s"},"content":{"rendered":"<p><span style=\"color: #ff6600\"><strong>Africa-Press &#8211; Cameroun. <\/strong><\/span>Depuis que le chol\u00e9ra a fait son retour \u00e0 la fin de 2021, au minist\u00e8re de la Sant\u00e9 publique (Minsant\u00e9) l\u2019on avance des chiffres qui donnent froid au dos. Dans un tweet \u00e9mis le jeudi 4 ao\u00fbt 2022, le chef de ce d\u00e9partement minist\u00e9riel, Manaouda Malachie, affirme que, \u00abdepuis la r\u00e9surgence du chol\u00e9ra en fin d\u2019ann\u00e9e derni\u00e8re, 200 personnes sont mortes sur un cumul de 10\u2009322 cas confirm\u00e9s\u00bb.<\/p>\n<p>Au dernier pointage le 20 juillet 2022, le Minsant\u00e9 dressait un bilan faisant \u00e9tat de \u00ab 9\u2009970 cas pour 197 d\u00e9c\u00e8s \u00bb. Dans la m\u00eame lanc\u00e9e, le Minsant\u00e9 d\u00e9clarait que \u00ab 8\u2009810 cas confirm\u00e9s il y a un mois, dont 164 d\u00e9c\u00e8s \u00bb. L\u2019on apprenait par la m\u00eame occasion que \u00ab la maladie est active dans cinq des dix r\u00e9gions que compte le pays, selon le Minsant\u00e9. Il s\u2019agit du Centre, de l\u2019Est, du Littoral, de l\u2019Ouest et du Sud-ouest \u00bb.<\/p>\n<p>Depuis le 21 octobre 2021 que le chol\u00e9ra a resurgi au Cameroun, le gouvernement affirme avoir mis en place \u00ab un dispositif sanitaire de r\u00e9ponse a \u00ab\u2009imm\u00e9diatement\u2009\u00bb \u00e9t\u00e9 mis en branle d\u00e8s la notification des premiers cas dans les r\u00e9gions du Littoral et du Sud-ouest, les plus touch\u00e9es \u00bb. Lors d\u2019un point de presse tenue le 7 avril 2022, Malachie Manaouda renseignait sur ce que \u00ab\u2009le gouvernement, dans une approche multidisciplinaire, a pris un train d\u2019actions pour pr\u00e9venir et combattre le chol\u00e9ra, faire baisser la mortalit\u00e9 et prot\u00e9ger les populations ainsi que le personnel de sant\u00e9, contre cette maladie\u2009\u00bb. Au menu des actions men\u00e9es, l\u2019on recensait \u00ab la surveillance, l\u2019am\u00e9lioration de l\u2019approvisionnement en eau, l\u2019assainissement et l\u2019hygi\u00e8ne, l\u2019am\u00e9nagement des espaces de vie, la mobilisation sociale, le traitement de la maladie et l\u2019administration du vaccin antichol\u00e9rique oral \u00bb.<\/p>\n<p>Cette riposte muscl\u00e9e n\u2019a cependant eu que peu d\u2019effets sur le trend haussier des cas et de morts. Pour autant, le gouvernement ne se d\u00e9courage pas. \u00ab Nous allons organiser d\u2019autres campagnes de vaccination pour tenter de circonscrire l\u2019\u00e9pid\u00e9mie en m\u00eame temps que nous avons prescrit \u00e0 nos \u00e9quipes de mettre un accent sur la n\u00e9cessit\u00e9 de respecter les mesures d\u2019hygi\u00e8ne \u00bb, d\u00e9clarait le Minsant\u00e9.<\/p>\n<p>Bernard Bangda<\/p>\n<p><strong>Pour plus d&rsquo;informations et d&rsquo;analyses sur la <a href=\"https:\/\/www.africa-press.net\/cameroun\">Cameroun<\/a>, suivez <a href=\"https:\/\/www.africa-press.net\/\">Africa-Press<\/a><\/strong><\/p>\n","protected":false},"excerpt":{"rendered":"<p>Africa-Press &#8211; Cameroun. Depuis que le chol\u00e9ra a fait son retour \u00e0 la fin de 2021, au minist\u00e8re de la Sant\u00e9 publique (Minsant\u00e9) l\u2019on avance des chiffres qui donnent froid au dos. Dans un tweet \u00e9mis le jeudi 4 ao\u00fbt 2022, le chef de ce d\u00e9partement minist\u00e9riel, Manaouda Malachie, affirme que, \u00abdepuis la r\u00e9surgence du [&hellip;]<\/p>\n","protected":false},"author":82,"featured_media":25044,"comment_status":"open","ping_status":"closed","sticky":false,"template":"","format":"standard","meta":{"footnotes":""},"categories":[21,11,10],"tags":[36,50,49],"class_list":["post-25045","post","type-post","status-publish","format-standard","has-post-thumbnail","hentry","category-communaute","category-homepage-french","category-toutes-les-actualites","tag-africa-press","tag-africa-press-cameroun","tag-cameroun"],"yoast_head":"<!-- This site is optimized with the Yoast SEO Premium plugin v26.1 (Yoast SEO v27.0) - https:\/\/yoast.com\/product\/yoast-seo-premium-wordpress\/ -->\n<title>Chol\u00e9ra: En 10 mois, le Cameroun a enregistr\u00e9 200 d\u00e9c\u00e8s - Cameroun<\/title>\n<meta name=\"description\" content=\"Depuis que le chol\u00e9ra a fait son retour \u00e0 la fin de 2021, au minist\u00e8re de la Sant\u00e9 publique (Minsant\u00e9) l\u2019on avance des c ...\" \/>\n<meta name=\"robots\" content=\"index, follow, max-snippet:-1, max-image-preview:large, max-video-preview:-1\" \/>\n<link rel=\"canonical\" href=\"https:\/\/www.africa-press.net\/cameroun\/toutes-les-actualites\/cholera-en-10-mois-le-cameroun-a-enregistre-200-deces\" \/>\n<meta property=\"og:locale\" content=\"fr_FR\" \/>\n<meta property=\"og:type\" content=\"article\" \/>\n<meta property=\"og:title\" content=\"Chol\u00e9ra: En 10 mois, le Cameroun a enregistr\u00e9 200 d\u00e9c\u00e8s\" \/>\n<meta property=\"og:description\" content=\"Depuis que le chol\u00e9ra a fait son retour \u00e0 la fin de 2021, au minist\u00e8re de la Sant\u00e9 publique (Minsant\u00e9) l\u2019on avance des c ...\" \/>\n<meta property=\"og:url\" content=\"https:\/\/www.africa-press.net\/cameroun\/toutes-les-actualites\/cholera-en-10-mois-le-cameroun-a-enregistre-200-deces\" \/>\n<meta property=\"og:site_name\" content=\"Cameroun\" \/>\n<meta property=\"article:published_time\" content=\"2022-08-06T12:42:01+00:00\" \/>\n<meta property=\"article:modified_time\" content=\"2022-08-06T15:27:19+00:00\" \/>\n<meta property=\"og:image\" content=\"https:\/\/static.africa-press.net\/cameroun\/sites\/57\/2022\/08\/img-62ee883b59fee.jpg\" \/>\n\t<meta property=\"og:image:width\" content=\"800\" \/>\n\t<meta property=\"og:image:height\" content=\"448\" \/>\n\t<meta property=\"og:image:type\" content=\"image\/jpeg\" \/>\n<meta name=\"author\" content=\"cfeditorfr\" \/>\n<meta name=\"twitter:card\" content=\"summary_large_image\" \/>\n<meta name=\"twitter:label1\" content=\"\u00c9crit par\" \/>\n\t<meta name=\"twitter:data1\" content=\"cfeditorfr\" \/>\n\t<meta name=\"twitter:label2\" content=\"Dur\u00e9e de lecture estim\u00e9e\" \/>\n\t<meta name=\"twitter:data2\" content=\"2 minutes\" \/>\n<script type=\"application\/ld+json\" class=\"yoast-schema-graph\">{\"@context\":\"https:\/\/schema.org\",\"@graph\":[{\"@type\":\"Article\",\"@id\":\"https:\/\/www.africa-press.net\/cameroun\/toutes-les-actualites\/cholera-en-10-mois-le-cameroun-a-enregistre-200-deces#article\",\"isPartOf\":{\"@id\":\"https:\/\/www.africa-press.net\/cameroun\/toutes-les-actualites\/cholera-en-10-mois-le-cameroun-a-enregistre-200-deces\"},\"author\":{\"name\":\"cfeditorfr\",\"@id\":\"https:\/\/www.africa-press.net\/cameroun\/#\/schema\/person\/2b1cf3cd81a31e3cd26889ca66d677f1\"},\"headline\":\"Chol\u00e9ra: En 10 mois, le Cameroun a enregistr\u00e9 200 d\u00e9c\u00e8s\",\"datePublished\":\"2022-08-06T12:42:01+00:00\",\"dateModified\":\"2022-08-06T15:27:19+00:00\",\"mainEntityOfPage\":{\"@id\":\"https:\/\/www.africa-press.net\/cameroun\/toutes-les-actualites\/cholera-en-10-mois-le-cameroun-a-enregistre-200-deces\"},\"wordCount\":411,\"commentCount\":0,\"image\":{\"@id\":\"https:\/\/www.africa-press.net\/cameroun\/toutes-les-actualites\/cholera-en-10-mois-le-cameroun-a-enregistre-200-deces#primaryimage\"},\"thumbnailUrl\":\"https:\/\/static.africa-press.net\/cameroun\/sites\/57\/2022\/08\/img-62ee883b59fee.jpg\",\"keywords\":[\"Africa Press\",\"Africa Press-Cameroun\",\"Cameroun\"],\"articleSection\":[\"Communaut\u00e9\",\"homepage-french\",\"Toutes les actualit\u00e9s\"],\"inLanguage\":\"fr-FR\",\"potentialAction\":[{\"@type\":\"CommentAction\",\"name\":\"Comment\",\"target\":[\"https:\/\/www.africa-press.net\/cameroun\/toutes-les-actualites\/cholera-en-10-mois-le-cameroun-a-enregistre-200-deces#respond\"]}]},{\"@type\":\"WebPage\",\"@id\":\"https:\/\/www.africa-press.net\/cameroun\/toutes-les-actualites\/cholera-en-10-mois-le-cameroun-a-enregistre-200-deces\",\"url\":\"https:\/\/www.africa-press.net\/cameroun\/toutes-les-actualites\/cholera-en-10-mois-le-cameroun-a-enregistre-200-deces\",\"name\":\"Chol\u00e9ra: En 10 mois, le Cameroun a enregistr\u00e9 200 d\u00e9c\u00e8s - Cameroun\",\"isPartOf\":{\"@id\":\"https:\/\/www.africa-press.net\/cameroun\/#website\"},\"primaryImageOfPage\":{\"@id\":\"https:\/\/www.africa-press.net\/cameroun\/toutes-les-actualites\/cholera-en-10-mois-le-cameroun-a-enregistre-200-deces#primaryimage\"},\"image\":{\"@id\":\"https:\/\/www.africa-press.net\/cameroun\/toutes-les-actualites\/cholera-en-10-mois-le-cameroun-a-enregistre-200-deces#primaryimage\"},\"thumbnailUrl\":\"https:\/\/static.africa-press.net\/cameroun\/sites\/57\/2022\/08\/img-62ee883b59fee.jpg\",\"datePublished\":\"2022-08-06T12:42:01+00:00\",\"dateModified\":\"2022-08-06T15:27:19+00:00\",\"author\":{\"@id\":\"https:\/\/www.africa-press.net\/cameroun\/#\/schema\/person\/2b1cf3cd81a31e3cd26889ca66d677f1\"},\"description\":\"Depuis que le chol\u00e9ra a fait son retour \u00e0 la fin de 2021, au minist\u00e8re de la Sant\u00e9 publique (Minsant\u00e9) l\u2019on avance des c ...\",\"breadcrumb\":{\"@id\":\"https:\/\/www.africa-press.net\/cameroun\/toutes-les-actualites\/cholera-en-10-mois-le-cameroun-a-enregistre-200-deces#breadcrumb\"},\"inLanguage\":\"fr-FR\",\"potentialAction\":[{\"@type\":\"ReadAction\",\"target\":[\"https:\/\/www.africa-press.net\/cameroun\/toutes-les-actualites\/cholera-en-10-mois-le-cameroun-a-enregistre-200-deces\"]}]},{\"@type\":\"ImageObject\",\"inLanguage\":\"fr-FR\",\"@id\":\"https:\/\/www.africa-press.net\/cameroun\/toutes-les-actualites\/cholera-en-10-mois-le-cameroun-a-enregistre-200-deces#primaryimage\",\"url\":\"https:\/\/static.africa-press.net\/cameroun\/sites\/57\/2022\/08\/img-62ee883b59fee.jpg\",\"contentUrl\":\"https:\/\/static.africa-press.net\/cameroun\/sites\/57\/2022\/08\/img-62ee883b59fee.jpg\",\"width\":800,\"height\":448,\"caption\":\"Chol\u00e9ra: En 10 mois, le Cameroun a enregistr\u00e9 200 d\u00e9c\u00e8s\"},{\"@type\":\"BreadcrumbList\",\"@id\":\"https:\/\/www.africa-press.net\/cameroun\/toutes-les-actualites\/cholera-en-10-mois-le-cameroun-a-enregistre-200-deces#breadcrumb\",\"itemListElement\":[{\"@type\":\"ListItem\",\"position\":1,\"name\":\"Accueil\",\"item\":\"https:\/\/www.africa-press.net\/cameroun\/\"},{\"@type\":\"ListItem\",\"position\":2,\"name\":\"Chol\u00e9ra: En 10 mois, le Cameroun a enregistr\u00e9 200 d\u00e9c\u00e8s\"}]},{\"@type\":\"WebSite\",\"@id\":\"https:\/\/www.africa-press.net\/cameroun\/#website\",\"url\":\"https:\/\/www.africa-press.net\/cameroun\/\",\"name\":\"Cameroun\",\"description\":\"Just another Africa News Agency Sites site\",\"potentialAction\":[{\"@type\":\"SearchAction\",\"target\":{\"@type\":\"EntryPoint\",\"urlTemplate\":\"https:\/\/www.africa-press.net\/cameroun\/?s={search_term_string}\"},\"query-input\":{\"@type\":\"PropertyValueSpecification\",\"valueRequired\":true,\"valueName\":\"search_term_string\"}}],\"inLanguage\":\"fr-FR\"},{\"@type\":\"Person\",\"@id\":\"https:\/\/www.africa-press.net\/cameroun\/#\/schema\/person\/2b1cf3cd81a31e3cd26889ca66d677f1\",\"name\":\"cfeditorfr\"}]}<\/script>\n<!-- \/ Yoast SEO Premium plugin. -->","yoast_head_json":{"title":"Chol\u00e9ra: En 10 mois, le Cameroun a enregistr\u00e9 200 d\u00e9c\u00e8s - Cameroun","description":"Depuis que le chol\u00e9ra a fait son retour \u00e0 la fin de 2021, au minist\u00e8re de la Sant\u00e9 publique (Minsant\u00e9) l\u2019on avance des c ...","robots":{"index":"index","follow":"follow","max-snippet":"max-snippet:-1","max-image-preview":"max-image-preview:large","max-video-preview":"max-video-preview:-1"},"canonical":"https:\/\/www.africa-press.net\/cameroun\/toutes-les-actualites\/cholera-en-10-mois-le-cameroun-a-enregistre-200-deces","og_locale":"fr_FR","og_type":"article","og_title":"Chol\u00e9ra: En 10 mois, le Cameroun a enregistr\u00e9 200 d\u00e9c\u00e8s","og_description":"Depuis que le chol\u00e9ra a fait son retour \u00e0 la fin de 2021, au minist\u00e8re de la Sant\u00e9 publique (Minsant\u00e9) l\u2019on avance des c ...","og_url":"https:\/\/www.africa-press.net\/cameroun\/toutes-les-actualites\/cholera-en-10-mois-le-cameroun-a-enregistre-200-deces","og_site_name":"Cameroun","article_published_time":"2022-08-06T12:42:01+00:00","article_modified_time":"2022-08-06T15:27:19+00:00","og_image":[{"width":800,"height":448,"url":"https:\/\/static.africa-press.net\/cameroun\/sites\/57\/2022\/08\/img-62ee883b59fee.jpg","type":"image\/jpeg"}],"author":"cfeditorfr","twitter_card":"summary_large_image","twitter_misc":{"\u00c9crit par":"cfeditorfr","Dur\u00e9e de lecture estim\u00e9e":"2 minutes"},"schema":{"@context":"https:\/\/schema.org","@graph":[{"@type":"Article","@id":"https:\/\/www.africa-press.net\/cameroun\/toutes-les-actualites\/cholera-en-10-mois-le-cameroun-a-enregistre-200-deces#article","isPartOf":{"@id":"https:\/\/www.africa-press.net\/cameroun\/toutes-les-actualites\/cholera-en-10-mois-le-cameroun-a-enregistre-200-deces"},"author":{"name":"cfeditorfr","@id":"https:\/\/www.africa-press.net\/cameroun\/#\/schema\/person\/2b1cf3cd81a31e3cd26889ca66d677f1"},"headline":"Chol\u00e9ra: En 10 mois, le Cameroun a enregistr\u00e9 200 d\u00e9c\u00e8s","datePublished":"2022-08-06T12:42:01+00:00","dateModified":"2022-08-06T15:27:19+00:00","mainEntityOfPage":{"@id":"https:\/\/www.africa-press.net\/cameroun\/toutes-les-actualites\/cholera-en-10-mois-le-cameroun-a-enregistre-200-deces"},"wordCount":411,"commentCount":0,"image":{"@id":"https:\/\/www.africa-press.net\/cameroun\/toutes-les-actualites\/cholera-en-10-mois-le-cameroun-a-enregistre-200-deces#primaryimage"},"thumbnailUrl":"https:\/\/static.africa-press.net\/cameroun\/sites\/57\/2022\/08\/img-62ee883b59fee.jpg","keywords":["Africa Press","Africa Press-Cameroun","Cameroun"],"articleSection":["Communaut\u00e9","homepage-french","Toutes les actualit\u00e9s"],"inLanguage":"fr-FR","potentialAction":[{"@type":"CommentAction","name":"Comment","target":["https:\/\/www.africa-press.net\/cameroun\/toutes-les-actualites\/cholera-en-10-mois-le-cameroun-a-enregistre-200-deces#respond"]}]},{"@type":"WebPage","@id":"https:\/\/www.africa-press.net\/cameroun\/toutes-les-actualites\/cholera-en-10-mois-le-cameroun-a-enregistre-200-deces","url":"https:\/\/www.africa-press.net\/cameroun\/toutes-les-actualites\/cholera-en-10-mois-le-cameroun-a-enregistre-200-deces","name":"Chol\u00e9ra: En 10 mois, le Cameroun a enregistr\u00e9 200 d\u00e9c\u00e8s - Cameroun","isPartOf":{"@id":"https:\/\/www.africa-press.net\/cameroun\/#website"},"primaryImageOfPage":{"@id":"https:\/\/www.africa-press.net\/cameroun\/toutes-les-actualites\/cholera-en-10-mois-le-cameroun-a-enregistre-200-deces#primaryimage"},"image":{"@id":"https:\/\/www.africa-press.net\/cameroun\/toutes-les-actualites\/cholera-en-10-mois-le-cameroun-a-enregistre-200-deces#primaryimage"},"thumbnailUrl":"https:\/\/static.africa-press.net\/cameroun\/sites\/57\/2022\/08\/img-62ee883b59fee.jpg","datePublished":"2022-08-06T12:42:01+00:00","dateModified":"2022-08-06T15:27:19+00:00","author":{"@id":"https:\/\/www.africa-press.net\/cameroun\/#\/schema\/person\/2b1cf3cd81a31e3cd26889ca66d677f1"},"description":"Depuis que le chol\u00e9ra a fait son retour \u00e0 la fin de 2021, au minist\u00e8re de la Sant\u00e9 publique (Minsant\u00e9) l\u2019on avance des c ...","breadcrumb":{"@id":"https:\/\/www.africa-press.net\/cameroun\/toutes-les-actualites\/cholera-en-10-mois-le-cameroun-a-enregistre-200-deces#breadcrumb"},"inLanguage":"fr-FR","potentialAction":[{"@type":"ReadAction","target":["https:\/\/www.africa-press.net\/cameroun\/toutes-les-actualites\/cholera-en-10-mois-le-cameroun-a-enregistre-200-deces"]}]},{"@type":"ImageObject","inLanguage":"fr-FR","@id":"https:\/\/www.africa-press.net\/cameroun\/toutes-les-actualites\/cholera-en-10-mois-le-cameroun-a-enregistre-200-deces#primaryimage","url":"https:\/\/static.africa-press.net\/cameroun\/sites\/57\/2022\/08\/img-62ee883b59fee.jpg","contentUrl":"https:\/\/static.africa-press.net\/cameroun\/sites\/57\/2022\/08\/img-62ee883b59fee.jpg","width":800,"height":448,"caption":"Chol\u00e9ra: En 10 mois, le Cameroun a enregistr\u00e9 200 d\u00e9c\u00e8s"},{"@type":"BreadcrumbList","@id":"https:\/\/www.africa-press.net\/cameroun\/toutes-les-actualites\/cholera-en-10-mois-le-cameroun-a-enregistre-200-deces#breadcrumb","itemListElement":[{"@type":"ListItem","position":1,"name":"Accueil","item":"https:\/\/www.africa-press.net\/cameroun\/"},{"@type":"ListItem","position":2,"name":"Chol\u00e9ra: En 10 mois, le Cameroun a enregistr\u00e9 200 d\u00e9c\u00e8s"}]},{"@type":"WebSite","@id":"https:\/\/www.africa-press.net\/cameroun\/#website","url":"https:\/\/www.africa-press.net\/cameroun\/","name":"Cameroun","description":"Just another Africa News Agency Sites site","potentialAction":[{"@type":"SearchAction","target":{"@type":"EntryPoint","urlTemplate":"https:\/\/www.africa-press.net\/cameroun\/?s={search_term_string}"},"query-input":{"@type":"PropertyValueSpecification","valueRequired":true,"valueName":"search_term_string"}}],"inLanguage":"fr-FR"},{"@type":"Person","@id":"https:\/\/www.africa-press.net\/cameroun\/#\/schema\/person\/2b1cf3cd81a31e3cd26889ca66d677f1","name":"cfeditorfr"}]}},"_links":{"self":[{"href":"https:\/\/www.africa-press.net\/cameroun\/wp-json\/wp\/v2\/posts\/25045","targetHints":{"allow":["GET"]}}],"collection":[{"href":"https:\/\/www.africa-press.net\/cameroun\/wp-json\/wp\/v2\/posts"}],"about":[{"href":"https:\/\/www.africa-press.net\/cameroun\/wp-json\/wp\/v2\/types\/post"}],"author":[{"embeddable":true,"href":"https:\/\/www.africa-press.net\/cameroun\/wp-json\/wp\/v2\/users\/82"}],"replies":[{"embeddable":true,"href":"https:\/\/www.africa-press.net\/cameroun\/wp-json\/wp\/v2\/comments?post=25045"}],"version-history":[{"count":0,"href":"https:\/\/www.africa-press.net\/cameroun\/wp-json\/wp\/v2\/posts\/25045\/revisions"}],"wp:featuredmedia":[{"embeddable":true,"href":"https:\/\/www.africa-press.net\/cameroun\/wp-json\/wp\/v2\/media\/25044"}],"wp:attachment":[{"href":"https:\/\/www.africa-press.net\/cameroun\/wp-json\/wp\/v2\/media?parent=25045"}],"wp:term":[{"taxonomy":"category","embeddable":true,"href":"https:\/\/www.africa-press.net\/cameroun\/wp-json\/wp\/v2\/categories?post=25045"},{"taxonomy":"post_tag","embeddable":true,"href":"https:\/\/www.africa-press.net\/cameroun\/wp-json\/wp\/v2\/tags?post=25045"}],"curies":[{"name":"wp","href":"https:\/\/api.w.org\/{rel}","templated":true}]}}