{"id":25048,"date":"2022-08-06T12:51:40","date_gmt":"2022-08-06T12:51:40","guid":{"rendered":"https:\/\/www.africa-press.net\/cameroun\/politique\/cameroun-la-production-de-mais-menacee-par-la-chenille-legionnaire-et-les-temperatures-au-nord"},"modified":"2022-08-06T15:28:06","modified_gmt":"2022-08-06T15:28:06","slug":"cameroun-la-production-de-mais-menacee-par-la-chenille-legionnaire-et-les-temperatures-au-nord","status":"publish","type":"post","link":"https:\/\/www.africa-press.net\/cameroun\/economie\/cameroun-la-production-de-mais-menacee-par-la-chenille-legionnaire-et-les-temperatures-au-nord","title":{"rendered":"Cameroun: La production de ma\u00efs menac\u00e9e par la chenille l\u00e9gionnaire et les temp\u00e9ratures au Nord"},"content":{"rendered":"<p><span style=\"color: #ff6600\"><strong>Africa-Press &#8211; Cameroun. <\/strong><\/span>L\u2019Onacc \u00e9voque \u00ab une p\u00e9riode p\u00e9rilleuse \u00bb pour la production du ma\u00efs dans le grand nord du Cameroun compos\u00e9e des r\u00e9gions de l\u2019Adamaoua, du Nord et de l\u2019Extr\u00eame-nord. \u00ab\u2009Du 1er au 10 ao\u00fbt 2022, il y a un risque \u00e9lev\u00e9 d\u2019enregistrer des cas de d\u00e9gradation et de destruction des champs de ma\u00efs dans de nombreuses localit\u00e9s situ\u00e9es dans la zone soudano-sah\u00e9lienne, notamment la r\u00e9gion de l\u2019Extr\u00eame-Nord, suite aux attaques de chenilles l\u00e9gionnaires\u2009\u00bb, peut-on lire dans le document \u00e9voqu\u00e9 supra de l\u2019Onacc. L\u2019organe de veille climatique au Cameroun fait allusion aux fortes hausses de temp\u00e9ratures (entre 30\u00b0 et 35 \u00b0C) annonc\u00e9es au cours de cette d\u00e9cade. Mais aussi \u00e0 la chenille l\u00e9gionnaire, grande ravageuse de cultures qui s\u2019attaque principalement aux c\u00e9r\u00e9ales telles que le ma\u00efs et le sorgho. Toutes choses qui pr\u00e9disent de mauvaises r\u00e9coltes c\u00e9r\u00e9ali\u00e8res au cours de la premi\u00e8re d\u00e9cade du mois d\u2019ao\u00fbt 2022, notamment pour les cultivateurs des r\u00e9gions du Nord et de l\u2019Extr\u00eame-nord.<\/p>\n<p>Mauvaise nouvelle donc. Qui n\u2019affecte pas seulement les producteurs de cette partie du pays. La perspective de mauvais rendements agricoles est \u00e9galement un coup dur pour les populations dont l\u2019alimentation est faite \u00e0 base de c\u00e9r\u00e9ales (ma\u00efs, sorgho, mil, etc.) fait partie des habitudes alimentaires. Selon l\u2019Onacc, si ces pr\u00e9visions se r\u00e9alisent effectivement, l\u2019on va observer un d\u00e9ficit c\u00e9r\u00e9alier croissant dans la r\u00e9gion de l\u2019Extr\u00eame-Nord. Les populations de cette r\u00e9gion, parmi les plus pauvres du Cameroun, serait alors tr\u00e8s expos\u00e9e \u00e0 l\u2019ins\u00e9curit\u00e9 alimentaire.<\/p>\n<p>Pour rappel, et selon les statistiques disponibles au minist\u00e8re de l\u2019Agriculture, la r\u00e9gion de l\u2019Extr\u00eame-Nord a d\u00e9j\u00e0 enregistr\u00e9 un d\u00e9ficit c\u00e9r\u00e9alier de 74\u2009560 tonnes au cours de la campagne agricole 2021, contre 15\u2009560 tonnes en 2020. Soit une hausse du d\u00e9ficit de 58\u2009919 tonnes en glissement annuel. Dans ce minist\u00e8re, l\u2019on explique cette chute drastique de la production c\u00e9r\u00e9ali\u00e8re dans cet important bassin de production par \u00ab les conflits, les ravages de la chenille l\u00e9gionnaire, les attaques des oiseaux granivores, la destruction des plantations par des pachydermes et le climat de plus en plus rude, en raison des changements climatiques \u00bb. Egalement point\u00e9 du doigt, le boom d\u00e9mographique sous-tendu par l\u2019arriv\u00e9e massive de r\u00e9fugi\u00e9s nig\u00e9rians fuyant les exactions de Boko Haram.<\/p>\n<p>Bernard Bangda<\/p>\n<p><strong>Pour plus d&rsquo;informations et d&rsquo;analyses sur la <a href=\"https:\/\/www.africa-press.net\/cameroun\">Cameroun<\/a>, suivez <a href=\"https:\/\/www.africa-press.net\/\">Africa-Press<\/a><\/strong><\/p>\n","protected":false},"excerpt":{"rendered":"<p>Africa-Press &#8211; Cameroun. L\u2019Onacc \u00e9voque \u00ab une p\u00e9riode p\u00e9rilleuse \u00bb pour la production du ma\u00efs dans le grand nord du Cameroun compos\u00e9e des r\u00e9gions de l\u2019Adamaoua, du Nord et de l\u2019Extr\u00eame-nord. \u00ab\u2009Du 1er au 10 ao\u00fbt 2022, il y a un risque \u00e9lev\u00e9 d\u2019enregistrer des cas de d\u00e9gradation et de destruction des champs de ma\u00efs [&hellip;]<\/p>\n","protected":false},"author":82,"featured_media":25047,"comment_status":"open","ping_status":"closed","sticky":false,"template":"","format":"standard","meta":{"footnotes":""},"categories":[3,11,10],"tags":[36,50,49],"class_list":["post-25048","post","type-post","status-publish","format-standard","has-post-thumbnail","hentry","category-economie","category-homepage-french","category-toutes-les-actualites","tag-africa-press","tag-africa-press-cameroun","tag-cameroun"],"yoast_head":"<!-- This site is optimized with the Yoast SEO Premium plugin v26.1 (Yoast SEO v27.0) - https:\/\/yoast.com\/product\/yoast-seo-premium-wordpress\/ -->\n<title>Cameroun: La production de ma\u00efs menac\u00e9e par la chenille l\u00e9gionnaire et les temp\u00e9ratures au Nord - Cameroun<\/title>\n<meta name=\"description\" content=\"L\u2019Onacc \u00e9voque \u00ab une p\u00e9riode p\u00e9rilleuse \u00bb pour la production du ma\u00efs dans le grand nord du Cameroun compos\u00e9e des r\u00e9gions ...\" \/>\n<meta name=\"robots\" content=\"index, follow, max-snippet:-1, max-image-preview:large, max-video-preview:-1\" \/>\n<link rel=\"canonical\" href=\"https:\/\/www.africa-press.net\/cameroun\/economie\/cameroun-la-production-de-mais-menacee-par-la-chenille-legionnaire-et-les-temperatures-au-nord\" \/>\n<meta property=\"og:locale\" content=\"fr_FR\" \/>\n<meta property=\"og:type\" content=\"article\" \/>\n<meta property=\"og:title\" content=\"Cameroun: La production de ma\u00efs menac\u00e9e par la chenille l\u00e9gionnaire et les temp\u00e9ratures au Nord\" \/>\n<meta property=\"og:description\" content=\"L\u2019Onacc \u00e9voque \u00ab une p\u00e9riode p\u00e9rilleuse \u00bb pour la production du ma\u00efs dans le grand nord du Cameroun compos\u00e9e des r\u00e9gions ...\" \/>\n<meta property=\"og:url\" content=\"https:\/\/www.africa-press.net\/cameroun\/economie\/cameroun-la-production-de-mais-menacee-par-la-chenille-legionnaire-et-les-temperatures-au-nord\" \/>\n<meta property=\"og:site_name\" content=\"Cameroun\" \/>\n<meta property=\"article:published_time\" content=\"2022-08-06T12:51:40+00:00\" \/>\n<meta property=\"article:modified_time\" content=\"2022-08-06T15:28:06+00:00\" \/>\n<meta property=\"og:image\" content=\"https:\/\/static.africa-press.net\/cameroun\/sites\/57\/2022\/08\/img-62ee886254407.jpg\" \/>\n\t<meta property=\"og:image:width\" content=\"800\" \/>\n\t<meta property=\"og:image:height\" content=\"537\" \/>\n\t<meta property=\"og:image:type\" content=\"image\/jpeg\" \/>\n<meta name=\"author\" content=\"cfeditorfr\" \/>\n<meta name=\"twitter:card\" content=\"summary_large_image\" \/>\n<meta name=\"twitter:label1\" content=\"\u00c9crit par\" \/>\n\t<meta name=\"twitter:data1\" content=\"cfeditorfr\" \/>\n\t<meta name=\"twitter:label2\" content=\"Dur\u00e9e de lecture estim\u00e9e\" \/>\n\t<meta name=\"twitter:data2\" content=\"2 minutes\" \/>\n<script type=\"application\/ld+json\" class=\"yoast-schema-graph\">{\"@context\":\"https:\/\/schema.org\",\"@graph\":[{\"@type\":\"Article\",\"@id\":\"https:\/\/www.africa-press.net\/cameroun\/economie\/cameroun-la-production-de-mais-menacee-par-la-chenille-legionnaire-et-les-temperatures-au-nord#article\",\"isPartOf\":{\"@id\":\"https:\/\/www.africa-press.net\/cameroun\/economie\/cameroun-la-production-de-mais-menacee-par-la-chenille-legionnaire-et-les-temperatures-au-nord\"},\"author\":{\"name\":\"cfeditorfr\",\"@id\":\"https:\/\/www.africa-press.net\/cameroun\/#\/schema\/person\/2b1cf3cd81a31e3cd26889ca66d677f1\"},\"headline\":\"Cameroun: La production de ma\u00efs menac\u00e9e par la chenille l\u00e9gionnaire et les temp\u00e9ratures au Nord\",\"datePublished\":\"2022-08-06T12:51:40+00:00\",\"dateModified\":\"2022-08-06T15:28:06+00:00\",\"mainEntityOfPage\":{\"@id\":\"https:\/\/www.africa-press.net\/cameroun\/economie\/cameroun-la-production-de-mais-menacee-par-la-chenille-legionnaire-et-les-temperatures-au-nord\"},\"wordCount\":463,\"commentCount\":0,\"image\":{\"@id\":\"https:\/\/www.africa-press.net\/cameroun\/economie\/cameroun-la-production-de-mais-menacee-par-la-chenille-legionnaire-et-les-temperatures-au-nord#primaryimage\"},\"thumbnailUrl\":\"https:\/\/static.africa-press.net\/cameroun\/sites\/57\/2022\/08\/img-62ee886254407.jpg\",\"keywords\":[\"Africa Press\",\"Africa Press-Cameroun\",\"Cameroun\"],\"articleSection\":[\"\u00c9conomie\",\"homepage-french\",\"Toutes les actualit\u00e9s\"],\"inLanguage\":\"fr-FR\",\"potentialAction\":[{\"@type\":\"CommentAction\",\"name\":\"Comment\",\"target\":[\"https:\/\/www.africa-press.net\/cameroun\/economie\/cameroun-la-production-de-mais-menacee-par-la-chenille-legionnaire-et-les-temperatures-au-nord#respond\"]}]},{\"@type\":\"WebPage\",\"@id\":\"https:\/\/www.africa-press.net\/cameroun\/economie\/cameroun-la-production-de-mais-menacee-par-la-chenille-legionnaire-et-les-temperatures-au-nord\",\"url\":\"https:\/\/www.africa-press.net\/cameroun\/economie\/cameroun-la-production-de-mais-menacee-par-la-chenille-legionnaire-et-les-temperatures-au-nord\",\"name\":\"Cameroun: La production de ma\u00efs menac\u00e9e par la chenille l\u00e9gionnaire et les temp\u00e9ratures au Nord - Cameroun\",\"isPartOf\":{\"@id\":\"https:\/\/www.africa-press.net\/cameroun\/#website\"},\"primaryImageOfPage\":{\"@id\":\"https:\/\/www.africa-press.net\/cameroun\/economie\/cameroun-la-production-de-mais-menacee-par-la-chenille-legionnaire-et-les-temperatures-au-nord#primaryimage\"},\"image\":{\"@id\":\"https:\/\/www.africa-press.net\/cameroun\/economie\/cameroun-la-production-de-mais-menacee-par-la-chenille-legionnaire-et-les-temperatures-au-nord#primaryimage\"},\"thumbnailUrl\":\"https:\/\/static.africa-press.net\/cameroun\/sites\/57\/2022\/08\/img-62ee886254407.jpg\",\"datePublished\":\"2022-08-06T12:51:40+00:00\",\"dateModified\":\"2022-08-06T15:28:06+00:00\",\"author\":{\"@id\":\"https:\/\/www.africa-press.net\/cameroun\/#\/schema\/person\/2b1cf3cd81a31e3cd26889ca66d677f1\"},\"description\":\"L\u2019Onacc \u00e9voque \u00ab une p\u00e9riode p\u00e9rilleuse \u00bb pour la production du ma\u00efs dans le grand nord du Cameroun compos\u00e9e des r\u00e9gions ...\",\"breadcrumb\":{\"@id\":\"https:\/\/www.africa-press.net\/cameroun\/economie\/cameroun-la-production-de-mais-menacee-par-la-chenille-legionnaire-et-les-temperatures-au-nord#breadcrumb\"},\"inLanguage\":\"fr-FR\",\"potentialAction\":[{\"@type\":\"ReadAction\",\"target\":[\"https:\/\/www.africa-press.net\/cameroun\/economie\/cameroun-la-production-de-mais-menacee-par-la-chenille-legionnaire-et-les-temperatures-au-nord\"]}]},{\"@type\":\"ImageObject\",\"inLanguage\":\"fr-FR\",\"@id\":\"https:\/\/www.africa-press.net\/cameroun\/economie\/cameroun-la-production-de-mais-menacee-par-la-chenille-legionnaire-et-les-temperatures-au-nord#primaryimage\",\"url\":\"https:\/\/static.africa-press.net\/cameroun\/sites\/57\/2022\/08\/img-62ee886254407.jpg\",\"contentUrl\":\"https:\/\/static.africa-press.net\/cameroun\/sites\/57\/2022\/08\/img-62ee886254407.jpg\",\"width\":800,\"height\":537,\"caption\":\"Cameroun: La production de ma\u00efs menac\u00e9e par la chenille l\u00e9gionnaire et les temp\u00e9ratures au Nord\"},{\"@type\":\"BreadcrumbList\",\"@id\":\"https:\/\/www.africa-press.net\/cameroun\/economie\/cameroun-la-production-de-mais-menacee-par-la-chenille-legionnaire-et-les-temperatures-au-nord#breadcrumb\",\"itemListElement\":[{\"@type\":\"ListItem\",\"position\":1,\"name\":\"Accueil\",\"item\":\"https:\/\/www.africa-press.net\/cameroun\/\"},{\"@type\":\"ListItem\",\"position\":2,\"name\":\"Cameroun: La production de ma\u00efs menac\u00e9e par la chenille l\u00e9gionnaire et les temp\u00e9ratures au Nord\"}]},{\"@type\":\"WebSite\",\"@id\":\"https:\/\/www.africa-press.net\/cameroun\/#website\",\"url\":\"https:\/\/www.africa-press.net\/cameroun\/\",\"name\":\"Cameroun\",\"description\":\"Just another Africa News Agency Sites site\",\"potentialAction\":[{\"@type\":\"SearchAction\",\"target\":{\"@type\":\"EntryPoint\",\"urlTemplate\":\"https:\/\/www.africa-press.net\/cameroun\/?s={search_term_string}\"},\"query-input\":{\"@type\":\"PropertyValueSpecification\",\"valueRequired\":true,\"valueName\":\"search_term_string\"}}],\"inLanguage\":\"fr-FR\"},{\"@type\":\"Person\",\"@id\":\"https:\/\/www.africa-press.net\/cameroun\/#\/schema\/person\/2b1cf3cd81a31e3cd26889ca66d677f1\",\"name\":\"cfeditorfr\"}]}<\/script>\n<!-- \/ Yoast SEO Premium plugin. -->","yoast_head_json":{"title":"Cameroun: La production de ma\u00efs menac\u00e9e par la chenille l\u00e9gionnaire et les temp\u00e9ratures au Nord - Cameroun","description":"L\u2019Onacc \u00e9voque \u00ab une p\u00e9riode p\u00e9rilleuse \u00bb pour la production du ma\u00efs dans le grand nord du Cameroun compos\u00e9e des r\u00e9gions ...","robots":{"index":"index","follow":"follow","max-snippet":"max-snippet:-1","max-image-preview":"max-image-preview:large","max-video-preview":"max-video-preview:-1"},"canonical":"https:\/\/www.africa-press.net\/cameroun\/economie\/cameroun-la-production-de-mais-menacee-par-la-chenille-legionnaire-et-les-temperatures-au-nord","og_locale":"fr_FR","og_type":"article","og_title":"Cameroun: La production de ma\u00efs menac\u00e9e par la chenille l\u00e9gionnaire et les temp\u00e9ratures au Nord","og_description":"L\u2019Onacc \u00e9voque \u00ab une p\u00e9riode p\u00e9rilleuse \u00bb pour la production du ma\u00efs dans le grand nord du Cameroun compos\u00e9e des r\u00e9gions ...","og_url":"https:\/\/www.africa-press.net\/cameroun\/economie\/cameroun-la-production-de-mais-menacee-par-la-chenille-legionnaire-et-les-temperatures-au-nord","og_site_name":"Cameroun","article_published_time":"2022-08-06T12:51:40+00:00","article_modified_time":"2022-08-06T15:28:06+00:00","og_image":[{"width":800,"height":537,"url":"https:\/\/static.africa-press.net\/cameroun\/sites\/57\/2022\/08\/img-62ee886254407.jpg","type":"image\/jpeg"}],"author":"cfeditorfr","twitter_card":"summary_large_image","twitter_misc":{"\u00c9crit par":"cfeditorfr","Dur\u00e9e de lecture estim\u00e9e":"2 minutes"},"schema":{"@context":"https:\/\/schema.org","@graph":[{"@type":"Article","@id":"https:\/\/www.africa-press.net\/cameroun\/economie\/cameroun-la-production-de-mais-menacee-par-la-chenille-legionnaire-et-les-temperatures-au-nord#article","isPartOf":{"@id":"https:\/\/www.africa-press.net\/cameroun\/economie\/cameroun-la-production-de-mais-menacee-par-la-chenille-legionnaire-et-les-temperatures-au-nord"},"author":{"name":"cfeditorfr","@id":"https:\/\/www.africa-press.net\/cameroun\/#\/schema\/person\/2b1cf3cd81a31e3cd26889ca66d677f1"},"headline":"Cameroun: La production de ma\u00efs menac\u00e9e par la chenille l\u00e9gionnaire et les temp\u00e9ratures au Nord","datePublished":"2022-08-06T12:51:40+00:00","dateModified":"2022-08-06T15:28:06+00:00","mainEntityOfPage":{"@id":"https:\/\/www.africa-press.net\/cameroun\/economie\/cameroun-la-production-de-mais-menacee-par-la-chenille-legionnaire-et-les-temperatures-au-nord"},"wordCount":463,"commentCount":0,"image":{"@id":"https:\/\/www.africa-press.net\/cameroun\/economie\/cameroun-la-production-de-mais-menacee-par-la-chenille-legionnaire-et-les-temperatures-au-nord#primaryimage"},"thumbnailUrl":"https:\/\/static.africa-press.net\/cameroun\/sites\/57\/2022\/08\/img-62ee886254407.jpg","keywords":["Africa Press","Africa Press-Cameroun","Cameroun"],"articleSection":["\u00c9conomie","homepage-french","Toutes les actualit\u00e9s"],"inLanguage":"fr-FR","potentialAction":[{"@type":"CommentAction","name":"Comment","target":["https:\/\/www.africa-press.net\/cameroun\/economie\/cameroun-la-production-de-mais-menacee-par-la-chenille-legionnaire-et-les-temperatures-au-nord#respond"]}]},{"@type":"WebPage","@id":"https:\/\/www.africa-press.net\/cameroun\/economie\/cameroun-la-production-de-mais-menacee-par-la-chenille-legionnaire-et-les-temperatures-au-nord","url":"https:\/\/www.africa-press.net\/cameroun\/economie\/cameroun-la-production-de-mais-menacee-par-la-chenille-legionnaire-et-les-temperatures-au-nord","name":"Cameroun: La production de ma\u00efs menac\u00e9e par la chenille l\u00e9gionnaire et les temp\u00e9ratures au Nord - Cameroun","isPartOf":{"@id":"https:\/\/www.africa-press.net\/cameroun\/#website"},"primaryImageOfPage":{"@id":"https:\/\/www.africa-press.net\/cameroun\/economie\/cameroun-la-production-de-mais-menacee-par-la-chenille-legionnaire-et-les-temperatures-au-nord#primaryimage"},"image":{"@id":"https:\/\/www.africa-press.net\/cameroun\/economie\/cameroun-la-production-de-mais-menacee-par-la-chenille-legionnaire-et-les-temperatures-au-nord#primaryimage"},"thumbnailUrl":"https:\/\/static.africa-press.net\/cameroun\/sites\/57\/2022\/08\/img-62ee886254407.jpg","datePublished":"2022-08-06T12:51:40+00:00","dateModified":"2022-08-06T15:28:06+00:00","author":{"@id":"https:\/\/www.africa-press.net\/cameroun\/#\/schema\/person\/2b1cf3cd81a31e3cd26889ca66d677f1"},"description":"L\u2019Onacc \u00e9voque \u00ab une p\u00e9riode p\u00e9rilleuse \u00bb pour la production du ma\u00efs dans le grand nord du Cameroun compos\u00e9e des r\u00e9gions ...","breadcrumb":{"@id":"https:\/\/www.africa-press.net\/cameroun\/economie\/cameroun-la-production-de-mais-menacee-par-la-chenille-legionnaire-et-les-temperatures-au-nord#breadcrumb"},"inLanguage":"fr-FR","potentialAction":[{"@type":"ReadAction","target":["https:\/\/www.africa-press.net\/cameroun\/economie\/cameroun-la-production-de-mais-menacee-par-la-chenille-legionnaire-et-les-temperatures-au-nord"]}]},{"@type":"ImageObject","inLanguage":"fr-FR","@id":"https:\/\/www.africa-press.net\/cameroun\/economie\/cameroun-la-production-de-mais-menacee-par-la-chenille-legionnaire-et-les-temperatures-au-nord#primaryimage","url":"https:\/\/static.africa-press.net\/cameroun\/sites\/57\/2022\/08\/img-62ee886254407.jpg","contentUrl":"https:\/\/static.africa-press.net\/cameroun\/sites\/57\/2022\/08\/img-62ee886254407.jpg","width":800,"height":537,"caption":"Cameroun: La production de ma\u00efs menac\u00e9e par la chenille l\u00e9gionnaire et les temp\u00e9ratures au Nord"},{"@type":"BreadcrumbList","@id":"https:\/\/www.africa-press.net\/cameroun\/economie\/cameroun-la-production-de-mais-menacee-par-la-chenille-legionnaire-et-les-temperatures-au-nord#breadcrumb","itemListElement":[{"@type":"ListItem","position":1,"name":"Accueil","item":"https:\/\/www.africa-press.net\/cameroun\/"},{"@type":"ListItem","position":2,"name":"Cameroun: La production de ma\u00efs menac\u00e9e par la chenille l\u00e9gionnaire et les temp\u00e9ratures au Nord"}]},{"@type":"WebSite","@id":"https:\/\/www.africa-press.net\/cameroun\/#website","url":"https:\/\/www.africa-press.net\/cameroun\/","name":"Cameroun","description":"Just another Africa News Agency Sites site","potentialAction":[{"@type":"SearchAction","target":{"@type":"EntryPoint","urlTemplate":"https:\/\/www.africa-press.net\/cameroun\/?s={search_term_string}"},"query-input":{"@type":"PropertyValueSpecification","valueRequired":true,"valueName":"search_term_string"}}],"inLanguage":"fr-FR"},{"@type":"Person","@id":"https:\/\/www.africa-press.net\/cameroun\/#\/schema\/person\/2b1cf3cd81a31e3cd26889ca66d677f1","name":"cfeditorfr"}]}},"_links":{"self":[{"href":"https:\/\/www.africa-press.net\/cameroun\/wp-json\/wp\/v2\/posts\/25048","targetHints":{"allow":["GET"]}}],"collection":[{"href":"https:\/\/www.africa-press.net\/cameroun\/wp-json\/wp\/v2\/posts"}],"about":[{"href":"https:\/\/www.africa-press.net\/cameroun\/wp-json\/wp\/v2\/types\/post"}],"author":[{"embeddable":true,"href":"https:\/\/www.africa-press.net\/cameroun\/wp-json\/wp\/v2\/users\/82"}],"replies":[{"embeddable":true,"href":"https:\/\/www.africa-press.net\/cameroun\/wp-json\/wp\/v2\/comments?post=25048"}],"version-history":[{"count":0,"href":"https:\/\/www.africa-press.net\/cameroun\/wp-json\/wp\/v2\/posts\/25048\/revisions"}],"wp:featuredmedia":[{"embeddable":true,"href":"https:\/\/www.africa-press.net\/cameroun\/wp-json\/wp\/v2\/media\/25047"}],"wp:attachment":[{"href":"https:\/\/www.africa-press.net\/cameroun\/wp-json\/wp\/v2\/media?parent=25048"}],"wp:term":[{"taxonomy":"category","embeddable":true,"href":"https:\/\/www.africa-press.net\/cameroun\/wp-json\/wp\/v2\/categories?post=25048"},{"taxonomy":"post_tag","embeddable":true,"href":"https:\/\/www.africa-press.net\/cameroun\/wp-json\/wp\/v2\/tags?post=25048"}],"curies":[{"name":"wp","href":"https:\/\/api.w.org\/{rel}","templated":true}]}}