{"id":25051,"date":"2022-08-06T12:59:28","date_gmt":"2022-08-06T12:59:28","guid":{"rendered":"https:\/\/www.africa-press.net\/cameroun\/politique\/cameroun-etoo-ramene-pius-ndiefi-dans-la-taniere-des-lions-indomptables"},"modified":"2022-08-06T15:28:52","modified_gmt":"2022-08-06T15:28:52","slug":"cameroun-etoo-ramene-pius-ndiefi-dans-la-taniere-des-lions-indomptables","status":"publish","type":"post","link":"https:\/\/www.africa-press.net\/cameroun\/sports\/cameroun-etoo-ramene-pius-ndiefi-dans-la-taniere-des-lions-indomptables","title":{"rendered":"Cameroun: Eto\u2019o ram\u00e8ne Pius NDiefi dans la tani\u00e8re des Lions indomptables"},"content":{"rendered":"<p><span style=\"color: #ff6600\"><strong>Africa-Press &#8211; Cameroun. <\/strong><\/span>Le pr\u00e9sident de la F\u00e9d\u00e9ration camerounaise de football (FECAFOOT), Samuel Eto\u2019o Fils a en effet nomm\u00e9 de nouveaux staffs techniques au sein de trois s\u00e9lections. Notamment les moins de 15 ans, les moins de 17 ans et la s\u00e9lection nationale amateur.<\/p>\n<p>Puis N\u2019Diefi, ancien international camerounais fait \u00e9galement son entr\u00e9e dans l\u2019une de ces listes, comme s\u00e9lectionneur adjoint de l\u2019\u00e9quipe nationale A\u2019. N\u00e9 le 5 juillet 1975 \u00e0 Buea-Douala, l\u2019ancien international Camerounais \u00e9voluait au poste d\u2019attaquant au sein de la tani\u00e8re de l\u2019\u00e9quipe masculine fanion des Lions indomptables. Avec sa petite taille et ses danses loufoques \u00e0 chaque but inscrit, Pius N\u2019Diefi a marqu\u00e9 toute une g\u00e9n\u00e9ration d\u2019amateurs de football.<\/p>\n<p>\u00ab En 2000, alors qu\u2019il n\u2019a que 25 ans, N\u2019Diefi s\u2019est fait conna\u00eetre lors de ce match mythique qui opposait le club Sedanais au club parisien o\u00f9 il marquera un tripl\u00e9 et permettra \u00e0 son club de s\u2019imposer face \u00e0 une \u00e9quipe parisienne au top de sa forme. Une victoire qui est rest\u00e9e grav\u00e9e dans la m\u00e9moire des supporters \u00bb informe actucameroun.<\/p>\n<p>Jean Daniel Obama<\/p>\n<p>Nouveau staff des Lions A\u2019<\/p>\n<p>S\u00e9lectionneur : Alioum Saidou<\/p>\n<p>S\u00e9lectionneur adjoint : Pius Ndiefi<\/p>\n<p>Entra\u00eeneur des gardiens : Cl\u00e9ment Assimba<\/p>\n<p>Pr\u00e9parateur physique : Narcisse Tinkeu<\/p>\n<p>Team manager : Blaise Yoye<\/p>\n<p>Nouveau staff des Lionceaux U15<\/p>\n<p>S\u00e9lectionneur : Bertin Ebwelle<\/p>\n<p>S\u00e9lectionneur adjoint : Justin Ledoux Bambock<\/p>\n<p>Entra\u00eeneur des gardiens : Engelbert Ndougsa<\/p>\n<p>Pr\u00e9parateur physique : Georges Mamert Biloa<\/p>\n<p>Team manager : Brice Mabaya<\/p>\n<p>Nouveau staff des Lionceaux U17<\/p>\n<p>S\u00e9lectionneur : Jean Pierre Fiala<\/p>\n<p>S\u00e9lectionneur adjoint : Serge Mimpo<\/p>\n<p>Entra\u00eeneur des gardiens : Dieudonn\u00e9 Mayo Bologo<\/p>\n<p>Pr\u00e9parateur physique : D\u00e9nis Mahouli<\/p>\n<p>Team manager : Nicolas Alnoudji<\/p>\n<p><strong>Pour plus d&rsquo;informations et d&rsquo;analyses sur la <a href=\"https:\/\/www.africa-press.net\/cameroun\">Cameroun<\/a>, suivez <a href=\"https:\/\/www.africa-press.net\/\">Africa-Press<\/a><\/strong><\/p>\n","protected":false},"excerpt":{"rendered":"<p>Africa-Press &#8211; Cameroun. Le pr\u00e9sident de la F\u00e9d\u00e9ration camerounaise de football (FECAFOOT), Samuel Eto\u2019o Fils a en effet nomm\u00e9 de nouveaux staffs techniques au sein de trois s\u00e9lections. Notamment les moins de 15 ans, les moins de 17 ans et la s\u00e9lection nationale amateur. Puis N\u2019Diefi, ancien international camerounais fait \u00e9galement son entr\u00e9e dans l\u2019une [&hellip;]<\/p>\n","protected":false},"author":82,"featured_media":25050,"comment_status":"open","ping_status":"closed","sticky":false,"template":"","format":"standard","meta":{"footnotes":""},"categories":[11,6,10],"tags":[36,50,49],"class_list":["post-25051","post","type-post","status-publish","format-standard","has-post-thumbnail","hentry","category-homepage-french","category-sports","category-toutes-les-actualites","tag-africa-press","tag-africa-press-cameroun","tag-cameroun"],"yoast_head":"<!-- This site is optimized with the Yoast SEO Premium plugin v26.1 (Yoast SEO v27.0) - https:\/\/yoast.com\/product\/yoast-seo-premium-wordpress\/ -->\n<title>Cameroun: Eto\u2019o ram\u00e8ne Pius NDiefi dans la tani\u00e8re des Lions indomptables - Cameroun<\/title>\n<meta name=\"description\" content=\"Le pr\u00e9sident de la F\u00e9d\u00e9ration camerounaise de football (FECAFOOT), Samuel Eto\u2019o Fils a en effet nomm\u00e9 de nouveaux staffs ...\" \/>\n<meta name=\"robots\" content=\"index, follow, max-snippet:-1, max-image-preview:large, max-video-preview:-1\" \/>\n<link rel=\"canonical\" href=\"https:\/\/www.africa-press.net\/cameroun\/sports\/cameroun-etoo-ramene-pius-ndiefi-dans-la-taniere-des-lions-indomptables\" \/>\n<meta property=\"og:locale\" content=\"fr_FR\" \/>\n<meta property=\"og:type\" content=\"article\" \/>\n<meta property=\"og:title\" content=\"Cameroun: Eto\u2019o ram\u00e8ne Pius NDiefi dans la tani\u00e8re des Lions indomptables\" \/>\n<meta property=\"og:description\" content=\"Le pr\u00e9sident de la F\u00e9d\u00e9ration camerounaise de football (FECAFOOT), Samuel Eto\u2019o Fils a en effet nomm\u00e9 de nouveaux staffs ...\" \/>\n<meta property=\"og:url\" content=\"https:\/\/www.africa-press.net\/cameroun\/sports\/cameroun-etoo-ramene-pius-ndiefi-dans-la-taniere-des-lions-indomptables\" \/>\n<meta property=\"og:site_name\" content=\"Cameroun\" \/>\n<meta property=\"article:published_time\" content=\"2022-08-06T12:59:28+00:00\" \/>\n<meta property=\"article:modified_time\" content=\"2022-08-06T15:28:52+00:00\" \/>\n<meta property=\"og:image\" content=\"https:\/\/static.africa-press.net\/cameroun\/sites\/57\/2022\/08\/img-62ee8890ee7bd.jpg\" \/>\n\t<meta property=\"og:image:width\" content=\"800\" \/>\n\t<meta property=\"og:image:height\" content=\"533\" \/>\n\t<meta property=\"og:image:type\" content=\"image\/jpeg\" \/>\n<meta name=\"author\" content=\"cfeditorfr\" \/>\n<meta name=\"twitter:card\" content=\"summary_large_image\" \/>\n<meta name=\"twitter:label1\" content=\"\u00c9crit par\" \/>\n\t<meta name=\"twitter:data1\" content=\"cfeditorfr\" \/>\n\t<meta name=\"twitter:label2\" content=\"Dur\u00e9e de lecture estim\u00e9e\" \/>\n\t<meta name=\"twitter:data2\" content=\"2 minutes\" \/>\n<script type=\"application\/ld+json\" class=\"yoast-schema-graph\">{\"@context\":\"https:\/\/schema.org\",\"@graph\":[{\"@type\":\"Article\",\"@id\":\"https:\/\/www.africa-press.net\/cameroun\/sports\/cameroun-etoo-ramene-pius-ndiefi-dans-la-taniere-des-lions-indomptables#article\",\"isPartOf\":{\"@id\":\"https:\/\/www.africa-press.net\/cameroun\/sports\/cameroun-etoo-ramene-pius-ndiefi-dans-la-taniere-des-lions-indomptables\"},\"author\":{\"name\":\"cfeditorfr\",\"@id\":\"https:\/\/www.africa-press.net\/cameroun\/#\/schema\/person\/2b1cf3cd81a31e3cd26889ca66d677f1\"},\"headline\":\"Cameroun: Eto\u2019o ram\u00e8ne Pius NDiefi dans la tani\u00e8re des Lions indomptables\",\"datePublished\":\"2022-08-06T12:59:28+00:00\",\"dateModified\":\"2022-08-06T15:28:52+00:00\",\"mainEntityOfPage\":{\"@id\":\"https:\/\/www.africa-press.net\/cameroun\/sports\/cameroun-etoo-ramene-pius-ndiefi-dans-la-taniere-des-lions-indomptables\"},\"wordCount\":313,\"commentCount\":0,\"image\":{\"@id\":\"https:\/\/www.africa-press.net\/cameroun\/sports\/cameroun-etoo-ramene-pius-ndiefi-dans-la-taniere-des-lions-indomptables#primaryimage\"},\"thumbnailUrl\":\"https:\/\/static.africa-press.net\/cameroun\/sites\/57\/2022\/08\/img-62ee8890ee7bd.jpg\",\"keywords\":[\"Africa Press\",\"Africa Press-Cameroun\",\"Cameroun\"],\"articleSection\":[\"homepage-french\",\"Sports\",\"Toutes les actualit\u00e9s\"],\"inLanguage\":\"fr-FR\",\"potentialAction\":[{\"@type\":\"CommentAction\",\"name\":\"Comment\",\"target\":[\"https:\/\/www.africa-press.net\/cameroun\/sports\/cameroun-etoo-ramene-pius-ndiefi-dans-la-taniere-des-lions-indomptables#respond\"]}]},{\"@type\":\"WebPage\",\"@id\":\"https:\/\/www.africa-press.net\/cameroun\/sports\/cameroun-etoo-ramene-pius-ndiefi-dans-la-taniere-des-lions-indomptables\",\"url\":\"https:\/\/www.africa-press.net\/cameroun\/sports\/cameroun-etoo-ramene-pius-ndiefi-dans-la-taniere-des-lions-indomptables\",\"name\":\"Cameroun: Eto\u2019o ram\u00e8ne Pius NDiefi dans la tani\u00e8re des Lions indomptables - Cameroun\",\"isPartOf\":{\"@id\":\"https:\/\/www.africa-press.net\/cameroun\/#website\"},\"primaryImageOfPage\":{\"@id\":\"https:\/\/www.africa-press.net\/cameroun\/sports\/cameroun-etoo-ramene-pius-ndiefi-dans-la-taniere-des-lions-indomptables#primaryimage\"},\"image\":{\"@id\":\"https:\/\/www.africa-press.net\/cameroun\/sports\/cameroun-etoo-ramene-pius-ndiefi-dans-la-taniere-des-lions-indomptables#primaryimage\"},\"thumbnailUrl\":\"https:\/\/static.africa-press.net\/cameroun\/sites\/57\/2022\/08\/img-62ee8890ee7bd.jpg\",\"datePublished\":\"2022-08-06T12:59:28+00:00\",\"dateModified\":\"2022-08-06T15:28:52+00:00\",\"author\":{\"@id\":\"https:\/\/www.africa-press.net\/cameroun\/#\/schema\/person\/2b1cf3cd81a31e3cd26889ca66d677f1\"},\"description\":\"Le pr\u00e9sident de la F\u00e9d\u00e9ration camerounaise de football (FECAFOOT), Samuel Eto\u2019o Fils a en effet nomm\u00e9 de nouveaux staffs ...\",\"breadcrumb\":{\"@id\":\"https:\/\/www.africa-press.net\/cameroun\/sports\/cameroun-etoo-ramene-pius-ndiefi-dans-la-taniere-des-lions-indomptables#breadcrumb\"},\"inLanguage\":\"fr-FR\",\"potentialAction\":[{\"@type\":\"ReadAction\",\"target\":[\"https:\/\/www.africa-press.net\/cameroun\/sports\/cameroun-etoo-ramene-pius-ndiefi-dans-la-taniere-des-lions-indomptables\"]}]},{\"@type\":\"ImageObject\",\"inLanguage\":\"fr-FR\",\"@id\":\"https:\/\/www.africa-press.net\/cameroun\/sports\/cameroun-etoo-ramene-pius-ndiefi-dans-la-taniere-des-lions-indomptables#primaryimage\",\"url\":\"https:\/\/static.africa-press.net\/cameroun\/sites\/57\/2022\/08\/img-62ee8890ee7bd.jpg\",\"contentUrl\":\"https:\/\/static.africa-press.net\/cameroun\/sites\/57\/2022\/08\/img-62ee8890ee7bd.jpg\",\"width\":800,\"height\":533,\"caption\":\"Cameroun: Eto\u2019o ram\u00e8ne Pius NDiefi dans la tani\u00e8re des Lions indomptables\"},{\"@type\":\"BreadcrumbList\",\"@id\":\"https:\/\/www.africa-press.net\/cameroun\/sports\/cameroun-etoo-ramene-pius-ndiefi-dans-la-taniere-des-lions-indomptables#breadcrumb\",\"itemListElement\":[{\"@type\":\"ListItem\",\"position\":1,\"name\":\"Accueil\",\"item\":\"https:\/\/www.africa-press.net\/cameroun\/\"},{\"@type\":\"ListItem\",\"position\":2,\"name\":\"Cameroun: Eto\u2019o ram\u00e8ne Pius NDiefi dans la tani\u00e8re des Lions indomptables\"}]},{\"@type\":\"WebSite\",\"@id\":\"https:\/\/www.africa-press.net\/cameroun\/#website\",\"url\":\"https:\/\/www.africa-press.net\/cameroun\/\",\"name\":\"Cameroun\",\"description\":\"Just another Africa News Agency Sites site\",\"potentialAction\":[{\"@type\":\"SearchAction\",\"target\":{\"@type\":\"EntryPoint\",\"urlTemplate\":\"https:\/\/www.africa-press.net\/cameroun\/?s={search_term_string}\"},\"query-input\":{\"@type\":\"PropertyValueSpecification\",\"valueRequired\":true,\"valueName\":\"search_term_string\"}}],\"inLanguage\":\"fr-FR\"},{\"@type\":\"Person\",\"@id\":\"https:\/\/www.africa-press.net\/cameroun\/#\/schema\/person\/2b1cf3cd81a31e3cd26889ca66d677f1\",\"name\":\"cfeditorfr\"}]}<\/script>\n<!-- \/ Yoast SEO Premium plugin. -->","yoast_head_json":{"title":"Cameroun: Eto\u2019o ram\u00e8ne Pius NDiefi dans la tani\u00e8re des Lions indomptables - Cameroun","description":"Le pr\u00e9sident de la F\u00e9d\u00e9ration camerounaise de football (FECAFOOT), Samuel Eto\u2019o Fils a en effet nomm\u00e9 de nouveaux staffs ...","robots":{"index":"index","follow":"follow","max-snippet":"max-snippet:-1","max-image-preview":"max-image-preview:large","max-video-preview":"max-video-preview:-1"},"canonical":"https:\/\/www.africa-press.net\/cameroun\/sports\/cameroun-etoo-ramene-pius-ndiefi-dans-la-taniere-des-lions-indomptables","og_locale":"fr_FR","og_type":"article","og_title":"Cameroun: Eto\u2019o ram\u00e8ne Pius NDiefi dans la tani\u00e8re des Lions indomptables","og_description":"Le pr\u00e9sident de la F\u00e9d\u00e9ration camerounaise de football (FECAFOOT), Samuel Eto\u2019o Fils a en effet nomm\u00e9 de nouveaux staffs ...","og_url":"https:\/\/www.africa-press.net\/cameroun\/sports\/cameroun-etoo-ramene-pius-ndiefi-dans-la-taniere-des-lions-indomptables","og_site_name":"Cameroun","article_published_time":"2022-08-06T12:59:28+00:00","article_modified_time":"2022-08-06T15:28:52+00:00","og_image":[{"width":800,"height":533,"url":"https:\/\/static.africa-press.net\/cameroun\/sites\/57\/2022\/08\/img-62ee8890ee7bd.jpg","type":"image\/jpeg"}],"author":"cfeditorfr","twitter_card":"summary_large_image","twitter_misc":{"\u00c9crit par":"cfeditorfr","Dur\u00e9e de lecture estim\u00e9e":"2 minutes"},"schema":{"@context":"https:\/\/schema.org","@graph":[{"@type":"Article","@id":"https:\/\/www.africa-press.net\/cameroun\/sports\/cameroun-etoo-ramene-pius-ndiefi-dans-la-taniere-des-lions-indomptables#article","isPartOf":{"@id":"https:\/\/www.africa-press.net\/cameroun\/sports\/cameroun-etoo-ramene-pius-ndiefi-dans-la-taniere-des-lions-indomptables"},"author":{"name":"cfeditorfr","@id":"https:\/\/www.africa-press.net\/cameroun\/#\/schema\/person\/2b1cf3cd81a31e3cd26889ca66d677f1"},"headline":"Cameroun: Eto\u2019o ram\u00e8ne Pius NDiefi dans la tani\u00e8re des Lions indomptables","datePublished":"2022-08-06T12:59:28+00:00","dateModified":"2022-08-06T15:28:52+00:00","mainEntityOfPage":{"@id":"https:\/\/www.africa-press.net\/cameroun\/sports\/cameroun-etoo-ramene-pius-ndiefi-dans-la-taniere-des-lions-indomptables"},"wordCount":313,"commentCount":0,"image":{"@id":"https:\/\/www.africa-press.net\/cameroun\/sports\/cameroun-etoo-ramene-pius-ndiefi-dans-la-taniere-des-lions-indomptables#primaryimage"},"thumbnailUrl":"https:\/\/static.africa-press.net\/cameroun\/sites\/57\/2022\/08\/img-62ee8890ee7bd.jpg","keywords":["Africa Press","Africa Press-Cameroun","Cameroun"],"articleSection":["homepage-french","Sports","Toutes les actualit\u00e9s"],"inLanguage":"fr-FR","potentialAction":[{"@type":"CommentAction","name":"Comment","target":["https:\/\/www.africa-press.net\/cameroun\/sports\/cameroun-etoo-ramene-pius-ndiefi-dans-la-taniere-des-lions-indomptables#respond"]}]},{"@type":"WebPage","@id":"https:\/\/www.africa-press.net\/cameroun\/sports\/cameroun-etoo-ramene-pius-ndiefi-dans-la-taniere-des-lions-indomptables","url":"https:\/\/www.africa-press.net\/cameroun\/sports\/cameroun-etoo-ramene-pius-ndiefi-dans-la-taniere-des-lions-indomptables","name":"Cameroun: Eto\u2019o ram\u00e8ne Pius NDiefi dans la tani\u00e8re des Lions indomptables - Cameroun","isPartOf":{"@id":"https:\/\/www.africa-press.net\/cameroun\/#website"},"primaryImageOfPage":{"@id":"https:\/\/www.africa-press.net\/cameroun\/sports\/cameroun-etoo-ramene-pius-ndiefi-dans-la-taniere-des-lions-indomptables#primaryimage"},"image":{"@id":"https:\/\/www.africa-press.net\/cameroun\/sports\/cameroun-etoo-ramene-pius-ndiefi-dans-la-taniere-des-lions-indomptables#primaryimage"},"thumbnailUrl":"https:\/\/static.africa-press.net\/cameroun\/sites\/57\/2022\/08\/img-62ee8890ee7bd.jpg","datePublished":"2022-08-06T12:59:28+00:00","dateModified":"2022-08-06T15:28:52+00:00","author":{"@id":"https:\/\/www.africa-press.net\/cameroun\/#\/schema\/person\/2b1cf3cd81a31e3cd26889ca66d677f1"},"description":"Le pr\u00e9sident de la F\u00e9d\u00e9ration camerounaise de football (FECAFOOT), Samuel Eto\u2019o Fils a en effet nomm\u00e9 de nouveaux staffs ...","breadcrumb":{"@id":"https:\/\/www.africa-press.net\/cameroun\/sports\/cameroun-etoo-ramene-pius-ndiefi-dans-la-taniere-des-lions-indomptables#breadcrumb"},"inLanguage":"fr-FR","potentialAction":[{"@type":"ReadAction","target":["https:\/\/www.africa-press.net\/cameroun\/sports\/cameroun-etoo-ramene-pius-ndiefi-dans-la-taniere-des-lions-indomptables"]}]},{"@type":"ImageObject","inLanguage":"fr-FR","@id":"https:\/\/www.africa-press.net\/cameroun\/sports\/cameroun-etoo-ramene-pius-ndiefi-dans-la-taniere-des-lions-indomptables#primaryimage","url":"https:\/\/static.africa-press.net\/cameroun\/sites\/57\/2022\/08\/img-62ee8890ee7bd.jpg","contentUrl":"https:\/\/static.africa-press.net\/cameroun\/sites\/57\/2022\/08\/img-62ee8890ee7bd.jpg","width":800,"height":533,"caption":"Cameroun: Eto\u2019o ram\u00e8ne Pius NDiefi dans la tani\u00e8re des Lions indomptables"},{"@type":"BreadcrumbList","@id":"https:\/\/www.africa-press.net\/cameroun\/sports\/cameroun-etoo-ramene-pius-ndiefi-dans-la-taniere-des-lions-indomptables#breadcrumb","itemListElement":[{"@type":"ListItem","position":1,"name":"Accueil","item":"https:\/\/www.africa-press.net\/cameroun\/"},{"@type":"ListItem","position":2,"name":"Cameroun: Eto\u2019o ram\u00e8ne Pius NDiefi dans la tani\u00e8re des Lions indomptables"}]},{"@type":"WebSite","@id":"https:\/\/www.africa-press.net\/cameroun\/#website","url":"https:\/\/www.africa-press.net\/cameroun\/","name":"Cameroun","description":"Just another Africa News Agency Sites site","potentialAction":[{"@type":"SearchAction","target":{"@type":"EntryPoint","urlTemplate":"https:\/\/www.africa-press.net\/cameroun\/?s={search_term_string}"},"query-input":{"@type":"PropertyValueSpecification","valueRequired":true,"valueName":"search_term_string"}}],"inLanguage":"fr-FR"},{"@type":"Person","@id":"https:\/\/www.africa-press.net\/cameroun\/#\/schema\/person\/2b1cf3cd81a31e3cd26889ca66d677f1","name":"cfeditorfr"}]}},"_links":{"self":[{"href":"https:\/\/www.africa-press.net\/cameroun\/wp-json\/wp\/v2\/posts\/25051","targetHints":{"allow":["GET"]}}],"collection":[{"href":"https:\/\/www.africa-press.net\/cameroun\/wp-json\/wp\/v2\/posts"}],"about":[{"href":"https:\/\/www.africa-press.net\/cameroun\/wp-json\/wp\/v2\/types\/post"}],"author":[{"embeddable":true,"href":"https:\/\/www.africa-press.net\/cameroun\/wp-json\/wp\/v2\/users\/82"}],"replies":[{"embeddable":true,"href":"https:\/\/www.africa-press.net\/cameroun\/wp-json\/wp\/v2\/comments?post=25051"}],"version-history":[{"count":0,"href":"https:\/\/www.africa-press.net\/cameroun\/wp-json\/wp\/v2\/posts\/25051\/revisions"}],"wp:featuredmedia":[{"embeddable":true,"href":"https:\/\/www.africa-press.net\/cameroun\/wp-json\/wp\/v2\/media\/25050"}],"wp:attachment":[{"href":"https:\/\/www.africa-press.net\/cameroun\/wp-json\/wp\/v2\/media?parent=25051"}],"wp:term":[{"taxonomy":"category","embeddable":true,"href":"https:\/\/www.africa-press.net\/cameroun\/wp-json\/wp\/v2\/categories?post=25051"},{"taxonomy":"post_tag","embeddable":true,"href":"https:\/\/www.africa-press.net\/cameroun\/wp-json\/wp\/v2\/tags?post=25051"}],"curies":[{"name":"wp","href":"https:\/\/api.w.org\/{rel}","templated":true}]}}