{"id":25054,"date":"2022-08-06T13:06:15","date_gmt":"2022-08-06T13:06:15","guid":{"rendered":"https:\/\/www.africa-press.net\/cameroun\/politique\/union-africaine-deux-camerounais-promus-a-de-hautes-fonctions"},"modified":"2022-08-06T15:29:50","modified_gmt":"2022-08-06T15:29:50","slug":"union-africaine-deux-camerounais-promus-a-de-hautes-fonctions","status":"publish","type":"post","link":"https:\/\/www.africa-press.net\/cameroun\/politique\/union-africaine-deux-camerounais-promus-a-de-hautes-fonctions","title":{"rendered":"Union Africaine: Deux Camerounais promus  \u00e0 de hautes fonctions !"},"content":{"rendered":"<p><span style=\"color: #ff6600\"><strong>Africa-Press &#8211; Cameroun. <\/strong><\/span>La diplomatie camerounaise remporte une nouvelle victoire. Elle a favoris\u00e9 la promotion r\u00e9cente de deux de ses ressortissants au sein de l\u2019Union Africaine. Dans deux communiqu\u00e9s de presse sign\u00e9s le 2 Aout 2022, le ministre des relations ext\u00e9rieures Lejeune Mbella Mbella, annonce que Suzanne Ntyam Ondo \u00e9pouse Mengue et Enobot Agboraw prennent du galon.<\/p>\n<p>Suzanne Ntyam Ondo \u00e9pouse Mengue a \u00e9t\u00e9 r\u00e9\u00e9lue par le Conseil Ex\u00e9cutif de l\u2018Union Africaine r\u00e9uni en sa 41\u00e8me session \u00e0 Lusaka le 15 Juillet 2022, pour un deuxi\u00e8me mandat \u00e0 un poste de juge \u00e0 la Cour Africaine des Droits de l\u2019Homme et des Peuples (CAfDHP). Elle est magistrate et pr\u00e9sidente de la Commission d\u2019Assistance Supr\u00eame de la Cour Supr\u00eame.<\/p>\n<p>Enobot Agboraw a \u00e9t\u00e9 nomm\u00e9 le 9 Juin 2022 par le pr\u00e9sident de la Commission de l\u2019Union Africaine Moussa Faki Mahamat \u00ab au terme d\u2019un processus hautement s\u00e9lectif \u00bb au poste de secr\u00e9taire ex\u00e9cutif de la Commission Africaine de l\u2019Energie Nucl\u00e9aire.<\/p>\n<p>Lejeune Mbella Mbella attribue ces succ\u00e8s \u00e0 \u00ab la politique de placement des Camerounais au sein de la Fonction Publique internationale promue par le chef de l\u2019Etat \u00bb. Il assure \u00e0 chacun des heureux \u00e9lus que \u00ab le gouvernement continuera \u00e0 lui apporter tout l\u2019accompagnement n\u00e9cessaire \u00e0 l\u2019accomplissement de son mandat \u00bb.<\/p>\n<p><strong>Pour plus d&rsquo;informations et d&rsquo;analyses sur la <a href=\"https:\/\/www.africa-press.net\/cameroun\">Cameroun<\/a>, suivez <a href=\"https:\/\/www.africa-press.net\/\">Africa-Press<\/a><\/strong><\/p>\n","protected":false},"excerpt":{"rendered":"<p>Africa-Press &#8211; Cameroun. La diplomatie camerounaise remporte une nouvelle victoire. Elle a favoris\u00e9 la promotion r\u00e9cente de deux de ses ressortissants au sein de l\u2019Union Africaine. Dans deux communiqu\u00e9s de presse sign\u00e9s le 2 Aout 2022, le ministre des relations ext\u00e9rieures Lejeune Mbella Mbella, annonce que Suzanne Ntyam Ondo \u00e9pouse Mengue et Enobot Agboraw prennent [&hellip;]<\/p>\n","protected":false},"author":82,"featured_media":25053,"comment_status":"open","ping_status":"closed","sticky":false,"template":"","format":"standard","meta":{"footnotes":""},"categories":[11,2,10],"tags":[36,50,49],"class_list":["post-25054","post","type-post","status-publish","format-standard","has-post-thumbnail","hentry","category-homepage-french","category-politique","category-toutes-les-actualites","tag-africa-press","tag-africa-press-cameroun","tag-cameroun"],"yoast_head":"<!-- This site is optimized with the Yoast SEO Premium plugin v26.1 (Yoast SEO v27.0) - https:\/\/yoast.com\/product\/yoast-seo-premium-wordpress\/ -->\n<title>Union Africaine: Deux Camerounais promus \u00e0 de hautes fonctions ! - Cameroun<\/title>\n<meta name=\"description\" content=\"La diplomatie camerounaise remporte une nouvelle victoire. Elle a favoris\u00e9 la promotion r\u00e9cente de deux de ses ressortis ...\" \/>\n<meta name=\"robots\" content=\"index, follow, max-snippet:-1, max-image-preview:large, max-video-preview:-1\" \/>\n<link rel=\"canonical\" href=\"https:\/\/www.africa-press.net\/cameroun\/politique\/union-africaine-deux-camerounais-promus-a-de-hautes-fonctions\" \/>\n<meta property=\"og:locale\" content=\"fr_FR\" \/>\n<meta property=\"og:type\" content=\"article\" \/>\n<meta property=\"og:title\" content=\"Union Africaine: Deux Camerounais promus \u00e0 de hautes fonctions !\" \/>\n<meta property=\"og:description\" content=\"La diplomatie camerounaise remporte une nouvelle victoire. Elle a favoris\u00e9 la promotion r\u00e9cente de deux de ses ressortis ...\" \/>\n<meta property=\"og:url\" content=\"https:\/\/www.africa-press.net\/cameroun\/politique\/union-africaine-deux-camerounais-promus-a-de-hautes-fonctions\" \/>\n<meta property=\"og:site_name\" content=\"Cameroun\" \/>\n<meta property=\"article:published_time\" content=\"2022-08-06T13:06:15+00:00\" \/>\n<meta property=\"article:modified_time\" content=\"2022-08-06T15:29:50+00:00\" \/>\n<meta property=\"og:image\" content=\"https:\/\/static.africa-press.net\/cameroun\/sites\/57\/2022\/08\/img-62ee88be3a7da.jpg\" \/>\n\t<meta property=\"og:image:width\" content=\"800\" \/>\n\t<meta property=\"og:image:height\" content=\"660\" \/>\n\t<meta property=\"og:image:type\" content=\"image\/jpeg\" \/>\n<meta name=\"author\" content=\"cfeditorfr\" \/>\n<meta name=\"twitter:card\" content=\"summary_large_image\" \/>\n<meta name=\"twitter:label1\" content=\"\u00c9crit par\" \/>\n\t<meta name=\"twitter:data1\" content=\"cfeditorfr\" \/>\n\t<meta name=\"twitter:label2\" content=\"Dur\u00e9e de lecture estim\u00e9e\" \/>\n\t<meta name=\"twitter:data2\" content=\"2 minutes\" \/>\n<script type=\"application\/ld+json\" class=\"yoast-schema-graph\">{\"@context\":\"https:\/\/schema.org\",\"@graph\":[{\"@type\":\"Article\",\"@id\":\"https:\/\/www.africa-press.net\/cameroun\/politique\/union-africaine-deux-camerounais-promus-a-de-hautes-fonctions#article\",\"isPartOf\":{\"@id\":\"https:\/\/www.africa-press.net\/cameroun\/politique\/union-africaine-deux-camerounais-promus-a-de-hautes-fonctions\"},\"author\":{\"name\":\"cfeditorfr\",\"@id\":\"https:\/\/www.africa-press.net\/cameroun\/#\/schema\/person\/2b1cf3cd81a31e3cd26889ca66d677f1\"},\"headline\":\"Union Africaine: Deux Camerounais promus \u00e0 de hautes fonctions !\",\"datePublished\":\"2022-08-06T13:06:15+00:00\",\"dateModified\":\"2022-08-06T15:29:50+00:00\",\"mainEntityOfPage\":{\"@id\":\"https:\/\/www.africa-press.net\/cameroun\/politique\/union-africaine-deux-camerounais-promus-a-de-hautes-fonctions\"},\"wordCount\":240,\"commentCount\":0,\"image\":{\"@id\":\"https:\/\/www.africa-press.net\/cameroun\/politique\/union-africaine-deux-camerounais-promus-a-de-hautes-fonctions#primaryimage\"},\"thumbnailUrl\":\"https:\/\/static.africa-press.net\/cameroun\/sites\/57\/2022\/08\/img-62ee88be3a7da.jpg\",\"keywords\":[\"Africa Press\",\"Africa Press-Cameroun\",\"Cameroun\"],\"articleSection\":[\"homepage-french\",\"Politique\",\"Toutes les actualit\u00e9s\"],\"inLanguage\":\"fr-FR\",\"potentialAction\":[{\"@type\":\"CommentAction\",\"name\":\"Comment\",\"target\":[\"https:\/\/www.africa-press.net\/cameroun\/politique\/union-africaine-deux-camerounais-promus-a-de-hautes-fonctions#respond\"]}]},{\"@type\":\"WebPage\",\"@id\":\"https:\/\/www.africa-press.net\/cameroun\/politique\/union-africaine-deux-camerounais-promus-a-de-hautes-fonctions\",\"url\":\"https:\/\/www.africa-press.net\/cameroun\/politique\/union-africaine-deux-camerounais-promus-a-de-hautes-fonctions\",\"name\":\"Union Africaine: Deux Camerounais promus \u00e0 de hautes fonctions ! - Cameroun\",\"isPartOf\":{\"@id\":\"https:\/\/www.africa-press.net\/cameroun\/#website\"},\"primaryImageOfPage\":{\"@id\":\"https:\/\/www.africa-press.net\/cameroun\/politique\/union-africaine-deux-camerounais-promus-a-de-hautes-fonctions#primaryimage\"},\"image\":{\"@id\":\"https:\/\/www.africa-press.net\/cameroun\/politique\/union-africaine-deux-camerounais-promus-a-de-hautes-fonctions#primaryimage\"},\"thumbnailUrl\":\"https:\/\/static.africa-press.net\/cameroun\/sites\/57\/2022\/08\/img-62ee88be3a7da.jpg\",\"datePublished\":\"2022-08-06T13:06:15+00:00\",\"dateModified\":\"2022-08-06T15:29:50+00:00\",\"author\":{\"@id\":\"https:\/\/www.africa-press.net\/cameroun\/#\/schema\/person\/2b1cf3cd81a31e3cd26889ca66d677f1\"},\"description\":\"La diplomatie camerounaise remporte une nouvelle victoire. Elle a favoris\u00e9 la promotion r\u00e9cente de deux de ses ressortis ...\",\"breadcrumb\":{\"@id\":\"https:\/\/www.africa-press.net\/cameroun\/politique\/union-africaine-deux-camerounais-promus-a-de-hautes-fonctions#breadcrumb\"},\"inLanguage\":\"fr-FR\",\"potentialAction\":[{\"@type\":\"ReadAction\",\"target\":[\"https:\/\/www.africa-press.net\/cameroun\/politique\/union-africaine-deux-camerounais-promus-a-de-hautes-fonctions\"]}]},{\"@type\":\"ImageObject\",\"inLanguage\":\"fr-FR\",\"@id\":\"https:\/\/www.africa-press.net\/cameroun\/politique\/union-africaine-deux-camerounais-promus-a-de-hautes-fonctions#primaryimage\",\"url\":\"https:\/\/static.africa-press.net\/cameroun\/sites\/57\/2022\/08\/img-62ee88be3a7da.jpg\",\"contentUrl\":\"https:\/\/static.africa-press.net\/cameroun\/sites\/57\/2022\/08\/img-62ee88be3a7da.jpg\",\"width\":800,\"height\":660,\"caption\":\"Union Africaine: Deux Camerounais promus \u00e0 de hautes fonctions !\"},{\"@type\":\"BreadcrumbList\",\"@id\":\"https:\/\/www.africa-press.net\/cameroun\/politique\/union-africaine-deux-camerounais-promus-a-de-hautes-fonctions#breadcrumb\",\"itemListElement\":[{\"@type\":\"ListItem\",\"position\":1,\"name\":\"Accueil\",\"item\":\"https:\/\/www.africa-press.net\/cameroun\/\"},{\"@type\":\"ListItem\",\"position\":2,\"name\":\"Union Africaine: Deux Camerounais promus \u00e0 de hautes fonctions !\"}]},{\"@type\":\"WebSite\",\"@id\":\"https:\/\/www.africa-press.net\/cameroun\/#website\",\"url\":\"https:\/\/www.africa-press.net\/cameroun\/\",\"name\":\"Cameroun\",\"description\":\"Just another Africa News Agency Sites site\",\"potentialAction\":[{\"@type\":\"SearchAction\",\"target\":{\"@type\":\"EntryPoint\",\"urlTemplate\":\"https:\/\/www.africa-press.net\/cameroun\/?s={search_term_string}\"},\"query-input\":{\"@type\":\"PropertyValueSpecification\",\"valueRequired\":true,\"valueName\":\"search_term_string\"}}],\"inLanguage\":\"fr-FR\"},{\"@type\":\"Person\",\"@id\":\"https:\/\/www.africa-press.net\/cameroun\/#\/schema\/person\/2b1cf3cd81a31e3cd26889ca66d677f1\",\"name\":\"cfeditorfr\"}]}<\/script>\n<!-- \/ Yoast SEO Premium plugin. -->","yoast_head_json":{"title":"Union Africaine: Deux Camerounais promus \u00e0 de hautes fonctions ! - Cameroun","description":"La diplomatie camerounaise remporte une nouvelle victoire. Elle a favoris\u00e9 la promotion r\u00e9cente de deux de ses ressortis ...","robots":{"index":"index","follow":"follow","max-snippet":"max-snippet:-1","max-image-preview":"max-image-preview:large","max-video-preview":"max-video-preview:-1"},"canonical":"https:\/\/www.africa-press.net\/cameroun\/politique\/union-africaine-deux-camerounais-promus-a-de-hautes-fonctions","og_locale":"fr_FR","og_type":"article","og_title":"Union Africaine: Deux Camerounais promus \u00e0 de hautes fonctions !","og_description":"La diplomatie camerounaise remporte une nouvelle victoire. Elle a favoris\u00e9 la promotion r\u00e9cente de deux de ses ressortis ...","og_url":"https:\/\/www.africa-press.net\/cameroun\/politique\/union-africaine-deux-camerounais-promus-a-de-hautes-fonctions","og_site_name":"Cameroun","article_published_time":"2022-08-06T13:06:15+00:00","article_modified_time":"2022-08-06T15:29:50+00:00","og_image":[{"width":800,"height":660,"url":"https:\/\/static.africa-press.net\/cameroun\/sites\/57\/2022\/08\/img-62ee88be3a7da.jpg","type":"image\/jpeg"}],"author":"cfeditorfr","twitter_card":"summary_large_image","twitter_misc":{"\u00c9crit par":"cfeditorfr","Dur\u00e9e de lecture estim\u00e9e":"2 minutes"},"schema":{"@context":"https:\/\/schema.org","@graph":[{"@type":"Article","@id":"https:\/\/www.africa-press.net\/cameroun\/politique\/union-africaine-deux-camerounais-promus-a-de-hautes-fonctions#article","isPartOf":{"@id":"https:\/\/www.africa-press.net\/cameroun\/politique\/union-africaine-deux-camerounais-promus-a-de-hautes-fonctions"},"author":{"name":"cfeditorfr","@id":"https:\/\/www.africa-press.net\/cameroun\/#\/schema\/person\/2b1cf3cd81a31e3cd26889ca66d677f1"},"headline":"Union Africaine: Deux Camerounais promus \u00e0 de hautes fonctions !","datePublished":"2022-08-06T13:06:15+00:00","dateModified":"2022-08-06T15:29:50+00:00","mainEntityOfPage":{"@id":"https:\/\/www.africa-press.net\/cameroun\/politique\/union-africaine-deux-camerounais-promus-a-de-hautes-fonctions"},"wordCount":240,"commentCount":0,"image":{"@id":"https:\/\/www.africa-press.net\/cameroun\/politique\/union-africaine-deux-camerounais-promus-a-de-hautes-fonctions#primaryimage"},"thumbnailUrl":"https:\/\/static.africa-press.net\/cameroun\/sites\/57\/2022\/08\/img-62ee88be3a7da.jpg","keywords":["Africa Press","Africa Press-Cameroun","Cameroun"],"articleSection":["homepage-french","Politique","Toutes les actualit\u00e9s"],"inLanguage":"fr-FR","potentialAction":[{"@type":"CommentAction","name":"Comment","target":["https:\/\/www.africa-press.net\/cameroun\/politique\/union-africaine-deux-camerounais-promus-a-de-hautes-fonctions#respond"]}]},{"@type":"WebPage","@id":"https:\/\/www.africa-press.net\/cameroun\/politique\/union-africaine-deux-camerounais-promus-a-de-hautes-fonctions","url":"https:\/\/www.africa-press.net\/cameroun\/politique\/union-africaine-deux-camerounais-promus-a-de-hautes-fonctions","name":"Union Africaine: Deux Camerounais promus \u00e0 de hautes fonctions ! - Cameroun","isPartOf":{"@id":"https:\/\/www.africa-press.net\/cameroun\/#website"},"primaryImageOfPage":{"@id":"https:\/\/www.africa-press.net\/cameroun\/politique\/union-africaine-deux-camerounais-promus-a-de-hautes-fonctions#primaryimage"},"image":{"@id":"https:\/\/www.africa-press.net\/cameroun\/politique\/union-africaine-deux-camerounais-promus-a-de-hautes-fonctions#primaryimage"},"thumbnailUrl":"https:\/\/static.africa-press.net\/cameroun\/sites\/57\/2022\/08\/img-62ee88be3a7da.jpg","datePublished":"2022-08-06T13:06:15+00:00","dateModified":"2022-08-06T15:29:50+00:00","author":{"@id":"https:\/\/www.africa-press.net\/cameroun\/#\/schema\/person\/2b1cf3cd81a31e3cd26889ca66d677f1"},"description":"La diplomatie camerounaise remporte une nouvelle victoire. Elle a favoris\u00e9 la promotion r\u00e9cente de deux de ses ressortis ...","breadcrumb":{"@id":"https:\/\/www.africa-press.net\/cameroun\/politique\/union-africaine-deux-camerounais-promus-a-de-hautes-fonctions#breadcrumb"},"inLanguage":"fr-FR","potentialAction":[{"@type":"ReadAction","target":["https:\/\/www.africa-press.net\/cameroun\/politique\/union-africaine-deux-camerounais-promus-a-de-hautes-fonctions"]}]},{"@type":"ImageObject","inLanguage":"fr-FR","@id":"https:\/\/www.africa-press.net\/cameroun\/politique\/union-africaine-deux-camerounais-promus-a-de-hautes-fonctions#primaryimage","url":"https:\/\/static.africa-press.net\/cameroun\/sites\/57\/2022\/08\/img-62ee88be3a7da.jpg","contentUrl":"https:\/\/static.africa-press.net\/cameroun\/sites\/57\/2022\/08\/img-62ee88be3a7da.jpg","width":800,"height":660,"caption":"Union Africaine: Deux Camerounais promus \u00e0 de hautes fonctions !"},{"@type":"BreadcrumbList","@id":"https:\/\/www.africa-press.net\/cameroun\/politique\/union-africaine-deux-camerounais-promus-a-de-hautes-fonctions#breadcrumb","itemListElement":[{"@type":"ListItem","position":1,"name":"Accueil","item":"https:\/\/www.africa-press.net\/cameroun\/"},{"@type":"ListItem","position":2,"name":"Union Africaine: Deux Camerounais promus \u00e0 de hautes fonctions !"}]},{"@type":"WebSite","@id":"https:\/\/www.africa-press.net\/cameroun\/#website","url":"https:\/\/www.africa-press.net\/cameroun\/","name":"Cameroun","description":"Just another Africa News Agency Sites site","potentialAction":[{"@type":"SearchAction","target":{"@type":"EntryPoint","urlTemplate":"https:\/\/www.africa-press.net\/cameroun\/?s={search_term_string}"},"query-input":{"@type":"PropertyValueSpecification","valueRequired":true,"valueName":"search_term_string"}}],"inLanguage":"fr-FR"},{"@type":"Person","@id":"https:\/\/www.africa-press.net\/cameroun\/#\/schema\/person\/2b1cf3cd81a31e3cd26889ca66d677f1","name":"cfeditorfr"}]}},"_links":{"self":[{"href":"https:\/\/www.africa-press.net\/cameroun\/wp-json\/wp\/v2\/posts\/25054","targetHints":{"allow":["GET"]}}],"collection":[{"href":"https:\/\/www.africa-press.net\/cameroun\/wp-json\/wp\/v2\/posts"}],"about":[{"href":"https:\/\/www.africa-press.net\/cameroun\/wp-json\/wp\/v2\/types\/post"}],"author":[{"embeddable":true,"href":"https:\/\/www.africa-press.net\/cameroun\/wp-json\/wp\/v2\/users\/82"}],"replies":[{"embeddable":true,"href":"https:\/\/www.africa-press.net\/cameroun\/wp-json\/wp\/v2\/comments?post=25054"}],"version-history":[{"count":0,"href":"https:\/\/www.africa-press.net\/cameroun\/wp-json\/wp\/v2\/posts\/25054\/revisions"}],"wp:featuredmedia":[{"embeddable":true,"href":"https:\/\/www.africa-press.net\/cameroun\/wp-json\/wp\/v2\/media\/25053"}],"wp:attachment":[{"href":"https:\/\/www.africa-press.net\/cameroun\/wp-json\/wp\/v2\/media?parent=25054"}],"wp:term":[{"taxonomy":"category","embeddable":true,"href":"https:\/\/www.africa-press.net\/cameroun\/wp-json\/wp\/v2\/categories?post=25054"},{"taxonomy":"post_tag","embeddable":true,"href":"https:\/\/www.africa-press.net\/cameroun\/wp-json\/wp\/v2\/tags?post=25054"}],"curies":[{"name":"wp","href":"https:\/\/api.w.org\/{rel}","templated":true}]}}