{"id":25063,"date":"2022-08-06T15:25:04","date_gmt":"2022-08-06T15:25:04","guid":{"rendered":"https:\/\/www.africa-press.net\/cameroun\/politique\/cameroun-france-la-reconnaissance-dun-fait-historique-na-point-besoin-de-commission"},"modified":"2022-08-06T15:25:04","modified_gmt":"2022-08-06T15:25:04","slug":"cameroun-france-la-reconnaissance-dun-fait-historique-na-point-besoin-de-commission","status":"publish","type":"post","link":"https:\/\/www.africa-press.net\/cameroun\/politique\/cameroun-france-la-reconnaissance-dun-fait-historique-na-point-besoin-de-commission","title":{"rendered":"Cameroun-France : \u00ab\u00a0La reconnaissance d\u2019un fait historique n\u2019a point besoin de commission\u00a0\u00bb"},"content":{"rendered":"<p><span style=\"color: #ff6600\"><strong>Africa-Press &#8211; Cameroun. <\/strong><\/span>Je pense au Chant des partisans, sa m\u00e9lodie gutturale et ses appels lancinants. On croirait entendre Ruben Um Nyob\u00e8 \u2013 ou les plus fougueux Ernest Ouandi\u00e9 et Castor Osende Afana. Je pense jusqu\u2019\u00e0 l\u2019obsession \u00e0 Frantz Fanon qui affirme que \u00ab chaque g\u00e9n\u00e9ration doit, dans une relative opacit\u00e9, d\u00e9couvrir sa mission, la remplir ou la trahir \u00bb. J\u2019entends la proph\u00e9tie de C\u00e9saire, non pas celle sur l\u2019Afrique, c\u0153ur de r\u00e9serve de l\u2019humanit\u00e9 \u2013 elle aurait toute sa place ici \u2013, mais celle o\u00f9 \u00ab la vieille n\u00e9gritude progressivement se cadav\u00e9rise \u00bb. Et revenant au Chant des partisans, je le mod\u00e8le \u00e0 ma mesure, me tourne vers l\u2019humanit\u00e9, l\u2019Afrique, la France, pour demander : entends-tu la vieille n\u00e9gritude se cadav\u00e9riser ? Entends-tu cette jeunesse par\u00e9e pour sa fanonienne mission ?<\/p>\n<p>Tous responsables<\/p>\n<p>Depuis les ind\u00e9pendances des colonies fran\u00e7aises, chaque g\u00e9n\u00e9ration pr\u00e9sidentielle, de Charles de Gaulle \u00e0 Emmanuel Macron, n\u2019a qu\u2019une obsession : dans une relative opacit\u00e9, accomplir sa mission, p\u00e9renniser la Fran\u00e7afrique. Chacun sa m\u00e9thode, suivant l\u2019opacit\u00e9 qu\u2019il affronte : les nationalismes, l\u2019\u00e9veil \u00e0 la d\u00e9mocratie, les temps Kadhafi-Gbagbo\u2026 L\u2019opacit\u00e9 \u00e0 laquelle doit faire face Macron, c\u2019est cette jeunesse teigneuse, debout contre la Fran\u00e7afrique et le CFA, courtis\u00e9e par la Russie et la Chine. Elle a trouv\u00e9 sa mission et est d\u00e9termin\u00e9e \u00e0 l\u2019accomplir. Pour affronter cette jeunesse, on a fait appel \u00e0 Achille Mbembe. L\u2019historien a lev\u00e9 cahin-caha une l\u00e9gion de jeunes pour la veill\u00e9e d\u2019armes de Montpellier. L\u2019histoire dira si la vielle recette de la division est la bonne m\u00e9thode.<\/p>\n<p>J\u2019ai donn\u00e9 mon avis sur Montpellier. Je voudrais ici dire ce que je pense de la commission Macron sur la guerre camerounaise d\u2019ind\u00e9pendance. Je ne rappellerai pas comme certains l\u2019ont fait \u2013 et \u00e0 raison \u2013 que pour noyer un sujet, on cr\u00e9e une commission. Je tairai les aga\u00e7antes r\u00e9f\u00e9rences du pr\u00e9sident fran\u00e7ais \u00e0 son propre \u00e2ge pour se d\u00e9solidariser de ce pan de l\u2019histoire de France survenu avant sa naissance. Je me ferai violence pour oublier que sa proposition inclut la n\u00e9cessit\u00e9 de faire la part des responsabilit\u00e9s entre les nationalistes et les imp\u00e9rialistes. Je ne m\u2019appesantirai pas sur mon regret qu\u2019outre ses limites cette solution soit juste une r\u00e9ponse impromptue \u00e0 une question de journaliste. Mais je regretterai am\u00e8rement que le pr\u00e9sident n\u2019ait pas profit\u00e9 de son voyage au pays de Um Nyob\u00e8 pour s\u2019incliner devant la m\u00e9moire des milliers de martyrs camerounais du colonialisme.<\/p>\n<p>Si le pr\u00e9sident avait lu Fanon, il conna\u00eetrait l\u2019humaine solidarit\u00e9 qui a fait dire au ma\u00eetre : \u00ab Je suis homme et c\u2019est tout le pass\u00e9 du monde que j\u2019ai \u00e0 reprendre. La guerre du P\u00e9loponn\u00e8se est aussi mienne que la d\u00e9couverte de la boussole .\u00bb<\/p>\n<p>Je n\u2019ai pas \u00e9t\u00e9 acteur de cette guerre. Mais j\u2019ai une double responsabilit\u00e9 parce que n\u00e9 au Cameroun et aujourd\u2019hui citoyen fran\u00e7ais. Cette double appartenance m\u2019impose des devoirs, mais surtout l\u2019obligation de loyaut\u00e9 envers les deux parties. Si cette situation peut \u00eatre parfois inconfortable \u2013 la tentation de privil\u00e9gier l\u2019une ou l\u2019autre \u2013, elle me donne le privil\u00e8ge de pouvoir influer sur le destin de l\u2019une et de l\u2019autre. Je l\u2019ai fait avec beaucoup de bonheur, d\u2019honneurs et de succ\u00e8s pour la France. Ici, j\u2019agis pour les deux.<\/p>\n<p>La m\u00e9moire souill\u00e9e des martyrs<\/p>\n<p>J\u2019ai \u00e9t\u00e9 interpell\u00e9 par mes amis, mais aussi par mes contempteurs, qui voulaient savoir qu\u2019elle serait ma r\u00e9action si on m\u2019invitait \u00e0 cette commission. Je n\u2019ai pas l\u2019exp\u00e9rience du possible. Je ne sais donc pas quelle position je prendrais. Mais je n\u2019en pense pas moins. Je ne comprends pas la n\u00e9cessit\u00e9 de confier \u00e0 une commission la mission de permettre de reconna\u00eetre un fait historique tragique, et qui ne pr\u00eate pas \u00e0 pol\u00e9mique.<\/p>\n<p>La guerre qui a meurtri le Cameroun a fait l\u2019objet d\u2019un immense travail de sp\u00e9cialistes des deux bords. Pour Thomas Deltombe, Manuel Domergue et Jacob Tatsisa, auteurs de La guerre du Cameroun (\u00e9d. La D\u00e9couverte), elle serait m\u00eame \u00e0 l\u2019origine de l\u2019horreur postcoloniale nomm\u00e9e Fran\u00e7afrique. Et pour finir de convaincre le pr\u00e9sident, l\u2019argument le plus pertinent sera la caution intellectuelle apport\u00e9e \u00e0 cet ouvrage par Achille Mbembe, qui en est le pr\u00e9facier.<\/p>\n<p>La reconnaissance d\u2019un fait historique n\u2019a point besoin de commission. Mon plus convaincant inspirateur n\u2019est autre que Monsieur Macron. On sait avec quelle passion il a condamn\u00e9 l\u2019agression imp\u00e9rialiste de la Russie contre l\u2019Ukraine. Sa conviction et son engagement sont tels qu\u2019il n\u2019h\u00e9site pas \u00e0 traiter d\u2019hypocrite qui ne pense pas comme lui. Lui reprochera-t-on de n\u2019avoir pas attendu, pour se prononcer, le r\u00e9sultat des travaux d\u2019une commission ?<\/p>\n<p>Go\u00fbt rance<\/p>\n<p>La France est le berceau des Droits humains. J\u2019en suis fier. La position de son chef est donc essentielle. Monsieur le pr\u00e9sident, soyons dignes de nos valeurs, sinon un jour cette France d\u00e9sormais arc-en-ciel aura honte de nous. De savoir que nous avons souill\u00e9 la m\u00e9moire des martyrs par nos procrastinations. Cette commission n\u2019aura de sens que si elle cherche les voies et moyens pour faire le deuil de ce crime. Alors, avec Fanon, nous serons tous comptables des grandeurs et des faiblesses de l\u2019humanit\u00e9.<\/p>\n<p>Et toi, Afrique, tu seras plus respectable et respect\u00e9e si en attendant, \u00e0 tort ou \u00e0 raison les mea culpa de tes victimaires, tu \u00e9cris toi-m\u00eame ton histoire \u2013 cette t\u00e2che n\u2019incombe \u00e0 nul autre, m\u00eame pas \u00e0 l\u2019Unesco \u2013 et l\u2019enseigne \u00e0 tes enfants. Les reconnaissances m\u00e9got\u00e9es ont un go\u00fbt rance. Jusqu\u2019\u00e0 sa mort, le Nobel de la Paix de Klerk a cri\u00e9 qu\u2019on lui avait arrach\u00e9 la reconnaissance de la criminalit\u00e9 de l\u2019apartheid, que ce n\u2019\u00e9tait pas son intime conviction.<\/p>\n<p>Au mieux, la reconnaissance par la France des crimes coloniaux devrait \u00eatre la cerise sur le g\u00e2teau de la conscientisation et de la d\u00e9sali\u00e9nation de l\u2019Afrique. Sinon, on devrait pouvoir s\u2019en passer. Alors, ma pauvre France sera bien \u00e0 plaindre. Et je ne le puis souffrir.<\/p>\n<p><strong>Pour plus d&rsquo;informations et d&rsquo;analyses sur la <a href=\"https:\/\/www.africa-press.net\/cameroun\">Cameroun<\/a>, suivez <a href=\"https:\/\/www.africa-press.net\/\">Africa-Press<\/a><\/strong><\/p>\n","protected":false},"excerpt":{"rendered":"<p>Africa-Press &#8211; Cameroun. Je pense au Chant des partisans, sa m\u00e9lodie gutturale et ses appels lancinants. On croirait entendre Ruben Um Nyob\u00e8 \u2013 ou les plus fougueux Ernest Ouandi\u00e9 et Castor Osende Afana. Je pense jusqu\u2019\u00e0 l\u2019obsession \u00e0 Frantz Fanon qui affirme que \u00ab chaque g\u00e9n\u00e9ration doit, dans une relative opacit\u00e9, d\u00e9couvrir sa mission, la [&hellip;]<\/p>\n","protected":false},"author":82,"featured_media":25062,"comment_status":"open","ping_status":"closed","sticky":false,"template":"","format":"standard","meta":{"footnotes":""},"categories":[7,11,2,20,10],"tags":[36,50,49],"class_list":["post-25063","post","type-post","status-publish","format-standard","has-post-thumbnail","hentry","category-dossiers","category-homepage-french","category-politique","category-top-nouvelles","category-toutes-les-actualites","tag-africa-press","tag-africa-press-cameroun","tag-cameroun"],"yoast_head":"<!-- This site is optimized with the Yoast SEO Premium plugin v26.1 (Yoast SEO v27.0) - https:\/\/yoast.com\/product\/yoast-seo-premium-wordpress\/ -->\n<title>Cameroun-France : \u00ab\u00a0La reconnaissance d\u2019un fait historique n\u2019a point besoin de commission\u00a0\u00bb - Cameroun<\/title>\n<meta name=\"robots\" content=\"index, follow, max-snippet:-1, max-image-preview:large, max-video-preview:-1\" \/>\n<link rel=\"canonical\" href=\"https:\/\/www.africa-press.net\/cameroun\/politique\/cameroun-france-la-reconnaissance-dun-fait-historique-na-point-besoin-de-commission\" \/>\n<meta property=\"og:locale\" content=\"fr_FR\" \/>\n<meta property=\"og:type\" content=\"article\" \/>\n<meta property=\"og:title\" content=\"Cameroun-France : \u00ab\u00a0La reconnaissance d\u2019un fait historique n\u2019a point besoin de commission\u00a0\u00bb\" \/>\n<meta property=\"og:description\" content=\"Africa-Press &#8211; Cameroun. Je pense au Chant des partisans, sa m\u00e9lodie gutturale et ses appels lancinants. On croirait entendre Ruben Um Nyob\u00e8 \u2013 ou les plus fougueux Ernest Ouandi\u00e9 et Castor Osende Afana. Je pense jusqu\u2019\u00e0 l\u2019obsession \u00e0 Frantz Fanon qui affirme que \u00ab chaque g\u00e9n\u00e9ration doit, dans une relative opacit\u00e9, d\u00e9couvrir sa mission, la [&hellip;]\" \/>\n<meta property=\"og:url\" content=\"https:\/\/www.africa-press.net\/cameroun\/politique\/cameroun-france-la-reconnaissance-dun-fait-historique-na-point-besoin-de-commission\" \/>\n<meta property=\"og:site_name\" content=\"Cameroun\" \/>\n<meta property=\"article:published_time\" content=\"2022-08-06T15:25:04+00:00\" \/>\n<meta name=\"author\" content=\"cfeditorfr\" \/>\n<meta name=\"twitter:card\" content=\"summary_large_image\" \/>\n<meta name=\"twitter:label1\" content=\"\u00c9crit par\" \/>\n\t<meta name=\"twitter:data1\" content=\"cfeditorfr\" \/>\n\t<meta name=\"twitter:label2\" content=\"Dur\u00e9e de lecture estim\u00e9e\" \/>\n\t<meta name=\"twitter:data2\" content=\"5 minutes\" \/>\n<script type=\"application\/ld+json\" class=\"yoast-schema-graph\">{\"@context\":\"https:\/\/schema.org\",\"@graph\":[{\"@type\":\"Article\",\"@id\":\"https:\/\/www.africa-press.net\/cameroun\/politique\/cameroun-france-la-reconnaissance-dun-fait-historique-na-point-besoin-de-commission#article\",\"isPartOf\":{\"@id\":\"https:\/\/www.africa-press.net\/cameroun\/politique\/cameroun-france-la-reconnaissance-dun-fait-historique-na-point-besoin-de-commission\"},\"author\":{\"name\":\"cfeditorfr\",\"@id\":\"https:\/\/www.africa-press.net\/cameroun\/#\/schema\/person\/2b1cf3cd81a31e3cd26889ca66d677f1\"},\"headline\":\"Cameroun-France : \u00ab\u00a0La reconnaissance d\u2019un fait historique n\u2019a point besoin de commission\u00a0\u00bb\",\"datePublished\":\"2022-08-06T15:25:04+00:00\",\"mainEntityOfPage\":{\"@id\":\"https:\/\/www.africa-press.net\/cameroun\/politique\/cameroun-france-la-reconnaissance-dun-fait-historique-na-point-besoin-de-commission\"},\"wordCount\":1109,\"commentCount\":0,\"image\":{\"@id\":\"https:\/\/www.africa-press.net\/cameroun\/politique\/cameroun-france-la-reconnaissance-dun-fait-historique-na-point-besoin-de-commission#primaryimage\"},\"thumbnailUrl\":\"https:\/\/static.africa-press.net\/cameroun\/sites\/57\/2022\/08\/postQueueImg_1-62ee8b69b3e0f.jpg\",\"keywords\":[\"Africa Press\",\"Africa Press-Cameroun\",\"Cameroun\"],\"articleSection\":[\"Dossiers\",\"homepage-french\",\"Politique\",\"Top Nouvelles\",\"Toutes les actualit\u00e9s\"],\"inLanguage\":\"fr-FR\",\"potentialAction\":[{\"@type\":\"CommentAction\",\"name\":\"Comment\",\"target\":[\"https:\/\/www.africa-press.net\/cameroun\/politique\/cameroun-france-la-reconnaissance-dun-fait-historique-na-point-besoin-de-commission#respond\"]}]},{\"@type\":\"WebPage\",\"@id\":\"https:\/\/www.africa-press.net\/cameroun\/politique\/cameroun-france-la-reconnaissance-dun-fait-historique-na-point-besoin-de-commission\",\"url\":\"https:\/\/www.africa-press.net\/cameroun\/politique\/cameroun-france-la-reconnaissance-dun-fait-historique-na-point-besoin-de-commission\",\"name\":\"Cameroun-France : \u00ab\u00a0La reconnaissance d\u2019un fait historique n\u2019a point besoin de commission\u00a0\u00bb - Cameroun\",\"isPartOf\":{\"@id\":\"https:\/\/www.africa-press.net\/cameroun\/#website\"},\"primaryImageOfPage\":{\"@id\":\"https:\/\/www.africa-press.net\/cameroun\/politique\/cameroun-france-la-reconnaissance-dun-fait-historique-na-point-besoin-de-commission#primaryimage\"},\"image\":{\"@id\":\"https:\/\/www.africa-press.net\/cameroun\/politique\/cameroun-france-la-reconnaissance-dun-fait-historique-na-point-besoin-de-commission#primaryimage\"},\"thumbnailUrl\":\"https:\/\/static.africa-press.net\/cameroun\/sites\/57\/2022\/08\/postQueueImg_1-62ee8b69b3e0f.jpg\",\"datePublished\":\"2022-08-06T15:25:04+00:00\",\"author\":{\"@id\":\"https:\/\/www.africa-press.net\/cameroun\/#\/schema\/person\/2b1cf3cd81a31e3cd26889ca66d677f1\"},\"breadcrumb\":{\"@id\":\"https:\/\/www.africa-press.net\/cameroun\/politique\/cameroun-france-la-reconnaissance-dun-fait-historique-na-point-besoin-de-commission#breadcrumb\"},\"inLanguage\":\"fr-FR\",\"potentialAction\":[{\"@type\":\"ReadAction\",\"target\":[\"https:\/\/www.africa-press.net\/cameroun\/politique\/cameroun-france-la-reconnaissance-dun-fait-historique-na-point-besoin-de-commission\"]}]},{\"@type\":\"ImageObject\",\"inLanguage\":\"fr-FR\",\"@id\":\"https:\/\/www.africa-press.net\/cameroun\/politique\/cameroun-france-la-reconnaissance-dun-fait-historique-na-point-besoin-de-commission#primaryimage\",\"url\":\"https:\/\/static.africa-press.net\/cameroun\/sites\/57\/2022\/08\/postQueueImg_1-62ee8b69b3e0f.jpg\",\"contentUrl\":\"https:\/\/static.africa-press.net\/cameroun\/sites\/57\/2022\/08\/postQueueImg_1-62ee8b69b3e0f.jpg\",\"width\":1256,\"height\":628,\"caption\":\"Cameroun-France : \u00ab\u00a0La reconnaissance d\u2019un fait historique n\u2019a point besoin de commission\u00a0\u00bb\"},{\"@type\":\"BreadcrumbList\",\"@id\":\"https:\/\/www.africa-press.net\/cameroun\/politique\/cameroun-france-la-reconnaissance-dun-fait-historique-na-point-besoin-de-commission#breadcrumb\",\"itemListElement\":[{\"@type\":\"ListItem\",\"position\":1,\"name\":\"Accueil\",\"item\":\"https:\/\/www.africa-press.net\/cameroun\/\"},{\"@type\":\"ListItem\",\"position\":2,\"name\":\"Cameroun-France : \u00ab\u00a0La reconnaissance d\u2019un fait historique n\u2019a point besoin de commission\u00a0\u00bb\"}]},{\"@type\":\"WebSite\",\"@id\":\"https:\/\/www.africa-press.net\/cameroun\/#website\",\"url\":\"https:\/\/www.africa-press.net\/cameroun\/\",\"name\":\"Cameroun\",\"description\":\"Just another Africa News Agency Sites site\",\"potentialAction\":[{\"@type\":\"SearchAction\",\"target\":{\"@type\":\"EntryPoint\",\"urlTemplate\":\"https:\/\/www.africa-press.net\/cameroun\/?s={search_term_string}\"},\"query-input\":{\"@type\":\"PropertyValueSpecification\",\"valueRequired\":true,\"valueName\":\"search_term_string\"}}],\"inLanguage\":\"fr-FR\"},{\"@type\":\"Person\",\"@id\":\"https:\/\/www.africa-press.net\/cameroun\/#\/schema\/person\/2b1cf3cd81a31e3cd26889ca66d677f1\",\"name\":\"cfeditorfr\"}]}<\/script>\n<!-- \/ Yoast SEO Premium plugin. -->","yoast_head_json":{"title":"Cameroun-France : \u00ab\u00a0La reconnaissance d\u2019un fait historique n\u2019a point besoin de commission\u00a0\u00bb - Cameroun","robots":{"index":"index","follow":"follow","max-snippet":"max-snippet:-1","max-image-preview":"max-image-preview:large","max-video-preview":"max-video-preview:-1"},"canonical":"https:\/\/www.africa-press.net\/cameroun\/politique\/cameroun-france-la-reconnaissance-dun-fait-historique-na-point-besoin-de-commission","og_locale":"fr_FR","og_type":"article","og_title":"Cameroun-France : \u00ab\u00a0La reconnaissance d\u2019un fait historique n\u2019a point besoin de commission\u00a0\u00bb","og_description":"Africa-Press &#8211; Cameroun. Je pense au Chant des partisans, sa m\u00e9lodie gutturale et ses appels lancinants. On croirait entendre Ruben Um Nyob\u00e8 \u2013 ou les plus fougueux Ernest Ouandi\u00e9 et Castor Osende Afana. Je pense jusqu\u2019\u00e0 l\u2019obsession \u00e0 Frantz Fanon qui affirme que \u00ab chaque g\u00e9n\u00e9ration doit, dans une relative opacit\u00e9, d\u00e9couvrir sa mission, la [&hellip;]","og_url":"https:\/\/www.africa-press.net\/cameroun\/politique\/cameroun-france-la-reconnaissance-dun-fait-historique-na-point-besoin-de-commission","og_site_name":"Cameroun","article_published_time":"2022-08-06T15:25:04+00:00","author":"cfeditorfr","twitter_card":"summary_large_image","twitter_misc":{"\u00c9crit par":"cfeditorfr","Dur\u00e9e de lecture estim\u00e9e":"5 minutes"},"schema":{"@context":"https:\/\/schema.org","@graph":[{"@type":"Article","@id":"https:\/\/www.africa-press.net\/cameroun\/politique\/cameroun-france-la-reconnaissance-dun-fait-historique-na-point-besoin-de-commission#article","isPartOf":{"@id":"https:\/\/www.africa-press.net\/cameroun\/politique\/cameroun-france-la-reconnaissance-dun-fait-historique-na-point-besoin-de-commission"},"author":{"name":"cfeditorfr","@id":"https:\/\/www.africa-press.net\/cameroun\/#\/schema\/person\/2b1cf3cd81a31e3cd26889ca66d677f1"},"headline":"Cameroun-France : \u00ab\u00a0La reconnaissance d\u2019un fait historique n\u2019a point besoin de commission\u00a0\u00bb","datePublished":"2022-08-06T15:25:04+00:00","mainEntityOfPage":{"@id":"https:\/\/www.africa-press.net\/cameroun\/politique\/cameroun-france-la-reconnaissance-dun-fait-historique-na-point-besoin-de-commission"},"wordCount":1109,"commentCount":0,"image":{"@id":"https:\/\/www.africa-press.net\/cameroun\/politique\/cameroun-france-la-reconnaissance-dun-fait-historique-na-point-besoin-de-commission#primaryimage"},"thumbnailUrl":"https:\/\/static.africa-press.net\/cameroun\/sites\/57\/2022\/08\/postQueueImg_1-62ee8b69b3e0f.jpg","keywords":["Africa Press","Africa Press-Cameroun","Cameroun"],"articleSection":["Dossiers","homepage-french","Politique","Top Nouvelles","Toutes les actualit\u00e9s"],"inLanguage":"fr-FR","potentialAction":[{"@type":"CommentAction","name":"Comment","target":["https:\/\/www.africa-press.net\/cameroun\/politique\/cameroun-france-la-reconnaissance-dun-fait-historique-na-point-besoin-de-commission#respond"]}]},{"@type":"WebPage","@id":"https:\/\/www.africa-press.net\/cameroun\/politique\/cameroun-france-la-reconnaissance-dun-fait-historique-na-point-besoin-de-commission","url":"https:\/\/www.africa-press.net\/cameroun\/politique\/cameroun-france-la-reconnaissance-dun-fait-historique-na-point-besoin-de-commission","name":"Cameroun-France : \u00ab\u00a0La reconnaissance d\u2019un fait historique n\u2019a point besoin de commission\u00a0\u00bb - Cameroun","isPartOf":{"@id":"https:\/\/www.africa-press.net\/cameroun\/#website"},"primaryImageOfPage":{"@id":"https:\/\/www.africa-press.net\/cameroun\/politique\/cameroun-france-la-reconnaissance-dun-fait-historique-na-point-besoin-de-commission#primaryimage"},"image":{"@id":"https:\/\/www.africa-press.net\/cameroun\/politique\/cameroun-france-la-reconnaissance-dun-fait-historique-na-point-besoin-de-commission#primaryimage"},"thumbnailUrl":"https:\/\/static.africa-press.net\/cameroun\/sites\/57\/2022\/08\/postQueueImg_1-62ee8b69b3e0f.jpg","datePublished":"2022-08-06T15:25:04+00:00","author":{"@id":"https:\/\/www.africa-press.net\/cameroun\/#\/schema\/person\/2b1cf3cd81a31e3cd26889ca66d677f1"},"breadcrumb":{"@id":"https:\/\/www.africa-press.net\/cameroun\/politique\/cameroun-france-la-reconnaissance-dun-fait-historique-na-point-besoin-de-commission#breadcrumb"},"inLanguage":"fr-FR","potentialAction":[{"@type":"ReadAction","target":["https:\/\/www.africa-press.net\/cameroun\/politique\/cameroun-france-la-reconnaissance-dun-fait-historique-na-point-besoin-de-commission"]}]},{"@type":"ImageObject","inLanguage":"fr-FR","@id":"https:\/\/www.africa-press.net\/cameroun\/politique\/cameroun-france-la-reconnaissance-dun-fait-historique-na-point-besoin-de-commission#primaryimage","url":"https:\/\/static.africa-press.net\/cameroun\/sites\/57\/2022\/08\/postQueueImg_1-62ee8b69b3e0f.jpg","contentUrl":"https:\/\/static.africa-press.net\/cameroun\/sites\/57\/2022\/08\/postQueueImg_1-62ee8b69b3e0f.jpg","width":1256,"height":628,"caption":"Cameroun-France : \u00ab\u00a0La reconnaissance d\u2019un fait historique n\u2019a point besoin de commission\u00a0\u00bb"},{"@type":"BreadcrumbList","@id":"https:\/\/www.africa-press.net\/cameroun\/politique\/cameroun-france-la-reconnaissance-dun-fait-historique-na-point-besoin-de-commission#breadcrumb","itemListElement":[{"@type":"ListItem","position":1,"name":"Accueil","item":"https:\/\/www.africa-press.net\/cameroun\/"},{"@type":"ListItem","position":2,"name":"Cameroun-France : \u00ab\u00a0La reconnaissance d\u2019un fait historique n\u2019a point besoin de commission\u00a0\u00bb"}]},{"@type":"WebSite","@id":"https:\/\/www.africa-press.net\/cameroun\/#website","url":"https:\/\/www.africa-press.net\/cameroun\/","name":"Cameroun","description":"Just another Africa News Agency Sites site","potentialAction":[{"@type":"SearchAction","target":{"@type":"EntryPoint","urlTemplate":"https:\/\/www.africa-press.net\/cameroun\/?s={search_term_string}"},"query-input":{"@type":"PropertyValueSpecification","valueRequired":true,"valueName":"search_term_string"}}],"inLanguage":"fr-FR"},{"@type":"Person","@id":"https:\/\/www.africa-press.net\/cameroun\/#\/schema\/person\/2b1cf3cd81a31e3cd26889ca66d677f1","name":"cfeditorfr"}]}},"_links":{"self":[{"href":"https:\/\/www.africa-press.net\/cameroun\/wp-json\/wp\/v2\/posts\/25063","targetHints":{"allow":["GET"]}}],"collection":[{"href":"https:\/\/www.africa-press.net\/cameroun\/wp-json\/wp\/v2\/posts"}],"about":[{"href":"https:\/\/www.africa-press.net\/cameroun\/wp-json\/wp\/v2\/types\/post"}],"author":[{"embeddable":true,"href":"https:\/\/www.africa-press.net\/cameroun\/wp-json\/wp\/v2\/users\/82"}],"replies":[{"embeddable":true,"href":"https:\/\/www.africa-press.net\/cameroun\/wp-json\/wp\/v2\/comments?post=25063"}],"version-history":[{"count":0,"href":"https:\/\/www.africa-press.net\/cameroun\/wp-json\/wp\/v2\/posts\/25063\/revisions"}],"wp:featuredmedia":[{"embeddable":true,"href":"https:\/\/www.africa-press.net\/cameroun\/wp-json\/wp\/v2\/media\/25062"}],"wp:attachment":[{"href":"https:\/\/www.africa-press.net\/cameroun\/wp-json\/wp\/v2\/media?parent=25063"}],"wp:term":[{"taxonomy":"category","embeddable":true,"href":"https:\/\/www.africa-press.net\/cameroun\/wp-json\/wp\/v2\/categories?post=25063"},{"taxonomy":"post_tag","embeddable":true,"href":"https:\/\/www.africa-press.net\/cameroun\/wp-json\/wp\/v2\/tags?post=25063"}],"curies":[{"name":"wp","href":"https:\/\/api.w.org\/{rel}","templated":true}]}}