{"id":2508,"date":"2021-04-26T16:01:24","date_gmt":"2021-04-26T16:01:24","guid":{"rendered":"https:\/\/www.africa-press.net\/cameroun\/politique\/cameroun-lutte-contre-le-covid-19-malgre-les-reticences-des-populations-debut-ce-jour-de-la-campagne-de-vaccination-dans-les-universites"},"modified":"2021-04-26T19:00:40","modified_gmt":"2021-04-26T19:00:40","slug":"cameroun-lutte-contre-le-covid-19-malgre-les-reticences-des-populations-debut-ce-jour-de-la-campagne-de-vaccination-dans-les-universites","status":"publish","type":"post","link":"https:\/\/www.africa-press.net\/cameroun\/toutes-les-actualites\/cameroun-lutte-contre-le-covid-19-malgre-les-reticences-des-populations-debut-ce-jour-de-la-campagne-de-vaccination-dans-les-universites","title":{"rendered":"Cameroun &#8211; Lutte contre le COVID-19: Malgr\u00e9 les r\u00e9ticences des populations, d\u00e9but ce jour de la campagne de vaccination dans les universit\u00e9s"},"content":{"rendered":"<p><span style=\"color: #ff6600\"><strong><a href=\"https:\/\/www.africa-press.net\/\">Africa-Press<\/a> &#8211; <a href=\"https:\/\/www.africa-press.net\/cameroun\">Cameroun<\/a>. <\/strong><\/span>A partir de ce lundi 26 avril 2021, les \u00e9tudiants, enseignants et personnels administratifs en service dans les universit\u00e9s d\u2019Etat pourront se faire administrer une dose du vaccin anti COVID-19. La campagne de vaccination contre le virus dans les campus universitaires d\u00e9marre en effet par l\u2019Universit\u00e9 de Yaound\u00e9 II-Soa, en fin de matin\u00e9e.<\/p>\n<p>Les autorit\u00e9s sanitaires tiennent \u00e0 rappeler que l\u2019administration du vaccin est volontaire et se fait sous certaines conditions. Il ne faut par exemple pas n\u2019avoir pas \u00e9t\u00e9 test\u00e9 positif au cours des six mois pr\u00e9c\u00e9dant le vaccin.<\/p>\n<p><b>\u00abEn s\u2019exposant de fa\u00e7on naturelle \u00e0 la maladie, on a d\u00e9j\u00e0 stimul\u00e9 le syst\u00e8me immunitaire; ce que le vaccin aurait pu faire aussi. A partir de ce moment, il est pr\u00e9f\u00e9rable de garder la dose de vaccin pour les personnes qui ne sont pas prot\u00e9g\u00e9es. En r\u00e9sum\u00e9, si je sais que je suis positif, je ne suis pas oblig\u00e9 de me faire vacciner parce que le vaccin ne va pas agir sur la maladie que je suis en train de faire. Il est recommand\u00e9 d\u2019attendre trois \u00e0 six mois le temps que les anticorps et les cellules produits par mon corps en r\u00e9ponse \u00e0 la maladie s\u2019estompent. A partir de ce moment, on me vaccine pour stimuler encore mon organisme \u00e0 produire plus d\u2019anticorps et de cellules\u00bb<\/b><\/p>\n<p>, explique Dr Shalom Tchokfe Ndoula, Secr\u00e9taire permanent du Programme \u00e9largi de vaccination.<\/p>\n<p>En m\u00e9moire, le Cameroun a d\u00e9j\u00e0 re\u00e7u plusieurs milliers de doses de trois vaccins: Sinopharm (chinois), Astrazeneca (britannique) et Sputnik V (russe). La campagne d\u2019administration desdits vaccins est en cours depuis le 12 avril 2021, malgr\u00e9 les r\u00e9ticences au sein de l\u2019opinion, dues notamment \u00e0 la diffusion des informations et rumeurs sur les effets ind\u00e9sirables.<\/p>\n<p>Plus d\u2019un an apr\u00e8s le premier cas d\u00e9clar\u00e9 de COVID-19 en terre camerounaise, notre pays a d\u00e9j\u00e0 enregistr\u00e9 plus de 62 000 malades, avec d\u00e9sormais pr\u00e8s du millier de morts.<\/p>\n","protected":false},"excerpt":{"rendered":"<p>Africa-Press &#8211; Cameroun. A partir de ce lundi 26 avril 2021, les \u00e9tudiants, enseignants et personnels administratifs en service dans les universit\u00e9s d\u2019Etat pourront se faire administrer une dose du vaccin anti COVID-19. La campagne de vaccination contre le virus dans les campus universitaires d\u00e9marre en effet par l\u2019Universit\u00e9 de Yaound\u00e9 II-Soa, en fin de [&hellip;]<\/p>\n","protected":false},"author":82,"featured_media":2507,"comment_status":"open","ping_status":"closed","sticky":false,"template":"","format":"standard","meta":{"footnotes":""},"categories":[21,11,10],"tags":[36,50,49],"class_list":["post-2508","post","type-post","status-publish","format-standard","has-post-thumbnail","hentry","category-communaute","category-homepage-french","category-toutes-les-actualites","tag-africa-press","tag-africa-press-cameroun","tag-cameroun"],"yoast_head":"<!-- This site is optimized with the Yoast SEO Premium plugin v26.1 (Yoast SEO v27.0) - https:\/\/yoast.com\/product\/yoast-seo-premium-wordpress\/ -->\n<title>Cameroun - Lutte contre le COVID-19: Malgr\u00e9 les r\u00e9ticences des populations, d\u00e9but ce jour de la campagne de vaccination dans les universit\u00e9s - Cameroun<\/title>\n<meta name=\"description\" content=\"A partir de ce lundi 26 avril 2021, les \u00e9tudiants, enseignants et personnels administratifs en service dans les universi ...\" \/>\n<meta name=\"robots\" content=\"index, follow, max-snippet:-1, max-image-preview:large, max-video-preview:-1\" \/>\n<link rel=\"canonical\" href=\"https:\/\/www.africa-press.net\/cameroun\/toutes-les-actualites\/cameroun-lutte-contre-le-covid-19-malgre-les-reticences-des-populations-debut-ce-jour-de-la-campagne-de-vaccination-dans-les-universites\" \/>\n<meta property=\"og:locale\" content=\"fr_FR\" \/>\n<meta property=\"og:type\" content=\"article\" \/>\n<meta property=\"og:title\" content=\"Cameroun - Lutte contre le COVID-19: Malgr\u00e9 les r\u00e9ticences des populations, d\u00e9but ce jour de la campagne de vaccination dans les universit\u00e9s\" \/>\n<meta property=\"og:description\" content=\"A partir de ce lundi 26 avril 2021, les \u00e9tudiants, enseignants et personnels administratifs en service dans les universi ...\" \/>\n<meta property=\"og:url\" content=\"https:\/\/www.africa-press.net\/cameroun\/toutes-les-actualites\/cameroun-lutte-contre-le-covid-19-malgre-les-reticences-des-populations-debut-ce-jour-de-la-campagne-de-vaccination-dans-les-universites\" \/>\n<meta property=\"og:site_name\" content=\"Cameroun\" \/>\n<meta property=\"article:published_time\" content=\"2021-04-26T16:01:24+00:00\" \/>\n<meta property=\"article:modified_time\" content=\"2021-04-26T19:00:40+00:00\" \/>\n<meta property=\"og:image\" content=\"https:\/\/static.africa-press.net\/cameroun\/sites\/57\/2021\/04\/img-60870db86f01b.jpg\" \/>\n\t<meta property=\"og:image:width\" content=\"800\" \/>\n\t<meta property=\"og:image:height\" content=\"533\" \/>\n\t<meta property=\"og:image:type\" content=\"image\/jpeg\" \/>\n<meta name=\"author\" content=\"cfeditorfr\" \/>\n<meta name=\"twitter:card\" content=\"summary_large_image\" \/>\n<meta name=\"twitter:label1\" content=\"\u00c9crit par\" \/>\n\t<meta name=\"twitter:data1\" content=\"cfeditorfr\" \/>\n\t<meta name=\"twitter:label2\" content=\"Dur\u00e9e de lecture estim\u00e9e\" \/>\n\t<meta name=\"twitter:data2\" content=\"2 minutes\" \/>\n<script type=\"application\/ld+json\" class=\"yoast-schema-graph\">{\"@context\":\"https:\/\/schema.org\",\"@graph\":[{\"@type\":\"Article\",\"@id\":\"https:\/\/www.africa-press.net\/cameroun\/toutes-les-actualites\/cameroun-lutte-contre-le-covid-19-malgre-les-reticences-des-populations-debut-ce-jour-de-la-campagne-de-vaccination-dans-les-universites#article\",\"isPartOf\":{\"@id\":\"https:\/\/www.africa-press.net\/cameroun\/toutes-les-actualites\/cameroun-lutte-contre-le-covid-19-malgre-les-reticences-des-populations-debut-ce-jour-de-la-campagne-de-vaccination-dans-les-universites\"},\"author\":{\"name\":\"cfeditorfr\",\"@id\":\"https:\/\/www.africa-press.net\/cameroun\/#\/schema\/person\/2b1cf3cd81a31e3cd26889ca66d677f1\"},\"headline\":\"Cameroun &#8211; Lutte contre le COVID-19: Malgr\u00e9 les r\u00e9ticences des populations, d\u00e9but ce jour de la campagne de vaccination dans les universit\u00e9s\",\"datePublished\":\"2021-04-26T16:01:24+00:00\",\"dateModified\":\"2021-04-26T19:00:40+00:00\",\"mainEntityOfPage\":{\"@id\":\"https:\/\/www.africa-press.net\/cameroun\/toutes-les-actualites\/cameroun-lutte-contre-le-covid-19-malgre-les-reticences-des-populations-debut-ce-jour-de-la-campagne-de-vaccination-dans-les-universites\"},\"wordCount\":367,\"commentCount\":0,\"image\":{\"@id\":\"https:\/\/www.africa-press.net\/cameroun\/toutes-les-actualites\/cameroun-lutte-contre-le-covid-19-malgre-les-reticences-des-populations-debut-ce-jour-de-la-campagne-de-vaccination-dans-les-universites#primaryimage\"},\"thumbnailUrl\":\"https:\/\/static.africa-press.net\/cameroun\/sites\/57\/2021\/04\/img-60870db86f01b.jpg\",\"keywords\":[\"Africa Press\",\"Africa Press-Cameroun\",\"Cameroun\"],\"articleSection\":[\"Communaut\u00e9\",\"homepage-french\",\"Toutes les actualit\u00e9s\"],\"inLanguage\":\"fr-FR\",\"potentialAction\":[{\"@type\":\"CommentAction\",\"name\":\"Comment\",\"target\":[\"https:\/\/www.africa-press.net\/cameroun\/toutes-les-actualites\/cameroun-lutte-contre-le-covid-19-malgre-les-reticences-des-populations-debut-ce-jour-de-la-campagne-de-vaccination-dans-les-universites#respond\"]}]},{\"@type\":\"WebPage\",\"@id\":\"https:\/\/www.africa-press.net\/cameroun\/toutes-les-actualites\/cameroun-lutte-contre-le-covid-19-malgre-les-reticences-des-populations-debut-ce-jour-de-la-campagne-de-vaccination-dans-les-universites\",\"url\":\"https:\/\/www.africa-press.net\/cameroun\/toutes-les-actualites\/cameroun-lutte-contre-le-covid-19-malgre-les-reticences-des-populations-debut-ce-jour-de-la-campagne-de-vaccination-dans-les-universites\",\"name\":\"Cameroun - Lutte contre le COVID-19: Malgr\u00e9 les r\u00e9ticences des populations, d\u00e9but ce jour de la campagne de vaccination dans les universit\u00e9s - Cameroun\",\"isPartOf\":{\"@id\":\"https:\/\/www.africa-press.net\/cameroun\/#website\"},\"primaryImageOfPage\":{\"@id\":\"https:\/\/www.africa-press.net\/cameroun\/toutes-les-actualites\/cameroun-lutte-contre-le-covid-19-malgre-les-reticences-des-populations-debut-ce-jour-de-la-campagne-de-vaccination-dans-les-universites#primaryimage\"},\"image\":{\"@id\":\"https:\/\/www.africa-press.net\/cameroun\/toutes-les-actualites\/cameroun-lutte-contre-le-covid-19-malgre-les-reticences-des-populations-debut-ce-jour-de-la-campagne-de-vaccination-dans-les-universites#primaryimage\"},\"thumbnailUrl\":\"https:\/\/static.africa-press.net\/cameroun\/sites\/57\/2021\/04\/img-60870db86f01b.jpg\",\"datePublished\":\"2021-04-26T16:01:24+00:00\",\"dateModified\":\"2021-04-26T19:00:40+00:00\",\"author\":{\"@id\":\"https:\/\/www.africa-press.net\/cameroun\/#\/schema\/person\/2b1cf3cd81a31e3cd26889ca66d677f1\"},\"description\":\"A partir de ce lundi 26 avril 2021, les \u00e9tudiants, enseignants et personnels administratifs en service dans les universi ...\",\"breadcrumb\":{\"@id\":\"https:\/\/www.africa-press.net\/cameroun\/toutes-les-actualites\/cameroun-lutte-contre-le-covid-19-malgre-les-reticences-des-populations-debut-ce-jour-de-la-campagne-de-vaccination-dans-les-universites#breadcrumb\"},\"inLanguage\":\"fr-FR\",\"potentialAction\":[{\"@type\":\"ReadAction\",\"target\":[\"https:\/\/www.africa-press.net\/cameroun\/toutes-les-actualites\/cameroun-lutte-contre-le-covid-19-malgre-les-reticences-des-populations-debut-ce-jour-de-la-campagne-de-vaccination-dans-les-universites\"]}]},{\"@type\":\"ImageObject\",\"inLanguage\":\"fr-FR\",\"@id\":\"https:\/\/www.africa-press.net\/cameroun\/toutes-les-actualites\/cameroun-lutte-contre-le-covid-19-malgre-les-reticences-des-populations-debut-ce-jour-de-la-campagne-de-vaccination-dans-les-universites#primaryimage\",\"url\":\"https:\/\/static.africa-press.net\/cameroun\/sites\/57\/2021\/04\/img-60870db86f01b.jpg\",\"contentUrl\":\"https:\/\/static.africa-press.net\/cameroun\/sites\/57\/2021\/04\/img-60870db86f01b.jpg\",\"width\":800,\"height\":533,\"caption\":\"Cameroun - Lutte contre le COVID-19: Malgr\u00e9 les r\u00e9ticences des populations, d\u00e9but ce jour de la campagne de vaccination dans les universit\u00e9s\"},{\"@type\":\"BreadcrumbList\",\"@id\":\"https:\/\/www.africa-press.net\/cameroun\/toutes-les-actualites\/cameroun-lutte-contre-le-covid-19-malgre-les-reticences-des-populations-debut-ce-jour-de-la-campagne-de-vaccination-dans-les-universites#breadcrumb\",\"itemListElement\":[{\"@type\":\"ListItem\",\"position\":1,\"name\":\"Accueil\",\"item\":\"https:\/\/www.africa-press.net\/cameroun\/\"},{\"@type\":\"ListItem\",\"position\":2,\"name\":\"Cameroun &#8211; Lutte contre le COVID-19: Malgr\u00e9 les r\u00e9ticences des populations, d\u00e9but ce jour de la campagne de vaccination dans les universit\u00e9s\"}]},{\"@type\":\"WebSite\",\"@id\":\"https:\/\/www.africa-press.net\/cameroun\/#website\",\"url\":\"https:\/\/www.africa-press.net\/cameroun\/\",\"name\":\"Cameroun\",\"description\":\"Just another Africa News Agency Sites site\",\"potentialAction\":[{\"@type\":\"SearchAction\",\"target\":{\"@type\":\"EntryPoint\",\"urlTemplate\":\"https:\/\/www.africa-press.net\/cameroun\/?s={search_term_string}\"},\"query-input\":{\"@type\":\"PropertyValueSpecification\",\"valueRequired\":true,\"valueName\":\"search_term_string\"}}],\"inLanguage\":\"fr-FR\"},{\"@type\":\"Person\",\"@id\":\"https:\/\/www.africa-press.net\/cameroun\/#\/schema\/person\/2b1cf3cd81a31e3cd26889ca66d677f1\",\"name\":\"cfeditorfr\"}]}<\/script>\n<!-- \/ Yoast SEO Premium plugin. -->","yoast_head_json":{"title":"Cameroun - Lutte contre le COVID-19: Malgr\u00e9 les r\u00e9ticences des populations, d\u00e9but ce jour de la campagne de vaccination dans les universit\u00e9s - Cameroun","description":"A partir de ce lundi 26 avril 2021, les \u00e9tudiants, enseignants et personnels administratifs en service dans les universi ...","robots":{"index":"index","follow":"follow","max-snippet":"max-snippet:-1","max-image-preview":"max-image-preview:large","max-video-preview":"max-video-preview:-1"},"canonical":"https:\/\/www.africa-press.net\/cameroun\/toutes-les-actualites\/cameroun-lutte-contre-le-covid-19-malgre-les-reticences-des-populations-debut-ce-jour-de-la-campagne-de-vaccination-dans-les-universites","og_locale":"fr_FR","og_type":"article","og_title":"Cameroun - Lutte contre le COVID-19: Malgr\u00e9 les r\u00e9ticences des populations, d\u00e9but ce jour de la campagne de vaccination dans les universit\u00e9s","og_description":"A partir de ce lundi 26 avril 2021, les \u00e9tudiants, enseignants et personnels administratifs en service dans les universi ...","og_url":"https:\/\/www.africa-press.net\/cameroun\/toutes-les-actualites\/cameroun-lutte-contre-le-covid-19-malgre-les-reticences-des-populations-debut-ce-jour-de-la-campagne-de-vaccination-dans-les-universites","og_site_name":"Cameroun","article_published_time":"2021-04-26T16:01:24+00:00","article_modified_time":"2021-04-26T19:00:40+00:00","og_image":[{"width":800,"height":533,"url":"https:\/\/static.africa-press.net\/cameroun\/sites\/57\/2021\/04\/img-60870db86f01b.jpg","type":"image\/jpeg"}],"author":"cfeditorfr","twitter_card":"summary_large_image","twitter_misc":{"\u00c9crit par":"cfeditorfr","Dur\u00e9e de lecture estim\u00e9e":"2 minutes"},"schema":{"@context":"https:\/\/schema.org","@graph":[{"@type":"Article","@id":"https:\/\/www.africa-press.net\/cameroun\/toutes-les-actualites\/cameroun-lutte-contre-le-covid-19-malgre-les-reticences-des-populations-debut-ce-jour-de-la-campagne-de-vaccination-dans-les-universites#article","isPartOf":{"@id":"https:\/\/www.africa-press.net\/cameroun\/toutes-les-actualites\/cameroun-lutte-contre-le-covid-19-malgre-les-reticences-des-populations-debut-ce-jour-de-la-campagne-de-vaccination-dans-les-universites"},"author":{"name":"cfeditorfr","@id":"https:\/\/www.africa-press.net\/cameroun\/#\/schema\/person\/2b1cf3cd81a31e3cd26889ca66d677f1"},"headline":"Cameroun &#8211; Lutte contre le COVID-19: Malgr\u00e9 les r\u00e9ticences des populations, d\u00e9but ce jour de la campagne de vaccination dans les universit\u00e9s","datePublished":"2021-04-26T16:01:24+00:00","dateModified":"2021-04-26T19:00:40+00:00","mainEntityOfPage":{"@id":"https:\/\/www.africa-press.net\/cameroun\/toutes-les-actualites\/cameroun-lutte-contre-le-covid-19-malgre-les-reticences-des-populations-debut-ce-jour-de-la-campagne-de-vaccination-dans-les-universites"},"wordCount":367,"commentCount":0,"image":{"@id":"https:\/\/www.africa-press.net\/cameroun\/toutes-les-actualites\/cameroun-lutte-contre-le-covid-19-malgre-les-reticences-des-populations-debut-ce-jour-de-la-campagne-de-vaccination-dans-les-universites#primaryimage"},"thumbnailUrl":"https:\/\/static.africa-press.net\/cameroun\/sites\/57\/2021\/04\/img-60870db86f01b.jpg","keywords":["Africa Press","Africa Press-Cameroun","Cameroun"],"articleSection":["Communaut\u00e9","homepage-french","Toutes les actualit\u00e9s"],"inLanguage":"fr-FR","potentialAction":[{"@type":"CommentAction","name":"Comment","target":["https:\/\/www.africa-press.net\/cameroun\/toutes-les-actualites\/cameroun-lutte-contre-le-covid-19-malgre-les-reticences-des-populations-debut-ce-jour-de-la-campagne-de-vaccination-dans-les-universites#respond"]}]},{"@type":"WebPage","@id":"https:\/\/www.africa-press.net\/cameroun\/toutes-les-actualites\/cameroun-lutte-contre-le-covid-19-malgre-les-reticences-des-populations-debut-ce-jour-de-la-campagne-de-vaccination-dans-les-universites","url":"https:\/\/www.africa-press.net\/cameroun\/toutes-les-actualites\/cameroun-lutte-contre-le-covid-19-malgre-les-reticences-des-populations-debut-ce-jour-de-la-campagne-de-vaccination-dans-les-universites","name":"Cameroun - Lutte contre le COVID-19: Malgr\u00e9 les r\u00e9ticences des populations, d\u00e9but ce jour de la campagne de vaccination dans les universit\u00e9s - Cameroun","isPartOf":{"@id":"https:\/\/www.africa-press.net\/cameroun\/#website"},"primaryImageOfPage":{"@id":"https:\/\/www.africa-press.net\/cameroun\/toutes-les-actualites\/cameroun-lutte-contre-le-covid-19-malgre-les-reticences-des-populations-debut-ce-jour-de-la-campagne-de-vaccination-dans-les-universites#primaryimage"},"image":{"@id":"https:\/\/www.africa-press.net\/cameroun\/toutes-les-actualites\/cameroun-lutte-contre-le-covid-19-malgre-les-reticences-des-populations-debut-ce-jour-de-la-campagne-de-vaccination-dans-les-universites#primaryimage"},"thumbnailUrl":"https:\/\/static.africa-press.net\/cameroun\/sites\/57\/2021\/04\/img-60870db86f01b.jpg","datePublished":"2021-04-26T16:01:24+00:00","dateModified":"2021-04-26T19:00:40+00:00","author":{"@id":"https:\/\/www.africa-press.net\/cameroun\/#\/schema\/person\/2b1cf3cd81a31e3cd26889ca66d677f1"},"description":"A partir de ce lundi 26 avril 2021, les \u00e9tudiants, enseignants et personnels administratifs en service dans les universi ...","breadcrumb":{"@id":"https:\/\/www.africa-press.net\/cameroun\/toutes-les-actualites\/cameroun-lutte-contre-le-covid-19-malgre-les-reticences-des-populations-debut-ce-jour-de-la-campagne-de-vaccination-dans-les-universites#breadcrumb"},"inLanguage":"fr-FR","potentialAction":[{"@type":"ReadAction","target":["https:\/\/www.africa-press.net\/cameroun\/toutes-les-actualites\/cameroun-lutte-contre-le-covid-19-malgre-les-reticences-des-populations-debut-ce-jour-de-la-campagne-de-vaccination-dans-les-universites"]}]},{"@type":"ImageObject","inLanguage":"fr-FR","@id":"https:\/\/www.africa-press.net\/cameroun\/toutes-les-actualites\/cameroun-lutte-contre-le-covid-19-malgre-les-reticences-des-populations-debut-ce-jour-de-la-campagne-de-vaccination-dans-les-universites#primaryimage","url":"https:\/\/static.africa-press.net\/cameroun\/sites\/57\/2021\/04\/img-60870db86f01b.jpg","contentUrl":"https:\/\/static.africa-press.net\/cameroun\/sites\/57\/2021\/04\/img-60870db86f01b.jpg","width":800,"height":533,"caption":"Cameroun - Lutte contre le COVID-19: Malgr\u00e9 les r\u00e9ticences des populations, d\u00e9but ce jour de la campagne de vaccination dans les universit\u00e9s"},{"@type":"BreadcrumbList","@id":"https:\/\/www.africa-press.net\/cameroun\/toutes-les-actualites\/cameroun-lutte-contre-le-covid-19-malgre-les-reticences-des-populations-debut-ce-jour-de-la-campagne-de-vaccination-dans-les-universites#breadcrumb","itemListElement":[{"@type":"ListItem","position":1,"name":"Accueil","item":"https:\/\/www.africa-press.net\/cameroun\/"},{"@type":"ListItem","position":2,"name":"Cameroun &#8211; Lutte contre le COVID-19: Malgr\u00e9 les r\u00e9ticences des populations, d\u00e9but ce jour de la campagne de vaccination dans les universit\u00e9s"}]},{"@type":"WebSite","@id":"https:\/\/www.africa-press.net\/cameroun\/#website","url":"https:\/\/www.africa-press.net\/cameroun\/","name":"Cameroun","description":"Just another Africa News Agency Sites site","potentialAction":[{"@type":"SearchAction","target":{"@type":"EntryPoint","urlTemplate":"https:\/\/www.africa-press.net\/cameroun\/?s={search_term_string}"},"query-input":{"@type":"PropertyValueSpecification","valueRequired":true,"valueName":"search_term_string"}}],"inLanguage":"fr-FR"},{"@type":"Person","@id":"https:\/\/www.africa-press.net\/cameroun\/#\/schema\/person\/2b1cf3cd81a31e3cd26889ca66d677f1","name":"cfeditorfr"}]}},"_links":{"self":[{"href":"https:\/\/www.africa-press.net\/cameroun\/wp-json\/wp\/v2\/posts\/2508","targetHints":{"allow":["GET"]}}],"collection":[{"href":"https:\/\/www.africa-press.net\/cameroun\/wp-json\/wp\/v2\/posts"}],"about":[{"href":"https:\/\/www.africa-press.net\/cameroun\/wp-json\/wp\/v2\/types\/post"}],"author":[{"embeddable":true,"href":"https:\/\/www.africa-press.net\/cameroun\/wp-json\/wp\/v2\/users\/82"}],"replies":[{"embeddable":true,"href":"https:\/\/www.africa-press.net\/cameroun\/wp-json\/wp\/v2\/comments?post=2508"}],"version-history":[{"count":0,"href":"https:\/\/www.africa-press.net\/cameroun\/wp-json\/wp\/v2\/posts\/2508\/revisions"}],"wp:featuredmedia":[{"embeddable":true,"href":"https:\/\/www.africa-press.net\/cameroun\/wp-json\/wp\/v2\/media\/2507"}],"wp:attachment":[{"href":"https:\/\/www.africa-press.net\/cameroun\/wp-json\/wp\/v2\/media?parent=2508"}],"wp:term":[{"taxonomy":"category","embeddable":true,"href":"https:\/\/www.africa-press.net\/cameroun\/wp-json\/wp\/v2\/categories?post=2508"},{"taxonomy":"post_tag","embeddable":true,"href":"https:\/\/www.africa-press.net\/cameroun\/wp-json\/wp\/v2\/tags?post=2508"}],"curies":[{"name":"wp","href":"https:\/\/api.w.org\/{rel}","templated":true}]}}