{"id":2514,"date":"2021-04-26T16:20:53","date_gmt":"2021-04-26T16:20:53","guid":{"rendered":"https:\/\/www.africa-press.net\/cameroun\/politique\/cameroun-securite-maritime-le-centre-multinational-de-coordination-de-douala-renforce-les-capacites-de-16-marins"},"modified":"2021-04-26T19:02:05","modified_gmt":"2021-04-26T19:02:05","slug":"cameroun-securite-maritime-le-centre-multinational-de-coordination-de-douala-renforce-les-capacites-de-16-marins","status":"publish","type":"post","link":"https:\/\/www.africa-press.net\/cameroun\/politique\/cameroun-securite-maritime-le-centre-multinational-de-coordination-de-douala-renforce-les-capacites-de-16-marins","title":{"rendered":"Cameroun &#8211; S\u00e9curit\u00e9 maritime: Le centre multinational de coordination de Douala renforce les capacit\u00e9s de 16 marins"},"content":{"rendered":"<p><span style=\"color: #ff6600\"><strong><a href=\"https:\/\/www.africa-press.net\/\">Africa-Press<\/a> &#8211; <a href=\"https:\/\/www.africa-press.net\/cameroun\">Cameroun<\/a>. <\/strong><\/span>La c\u00e9r\u00e9monie solennelle de fin de formation a eu lieu le 23 avril 2021 \u00e0 Douala. Du 12 au 23 avril 2021, 16 marins venus des pays du golfe de Guin\u00e9e, ont \u00e9t\u00e9 form\u00e9s sur l\u2019utilisation de Yaounde Architecture Regional Information System (YARIS), un logiciel qui permet d\u2019identifier les incidents en mer et \u00e0 distance. La formation a \u00e9t\u00e9 dispens\u00e9e par le centre multinational de coordination Zone D \u00e0 Douala et le patrouilleur Benzen. Elle s\u2019inscrit dans le cadre du projet du r\u00e9seau international du golfe de Guin\u00e9e organis\u00e9 par l\u2019Union europ\u00e9enne (UE).<\/p>\n<p>Pendant deux semaines, les 16 participants ont \u00e9t\u00e9 \u00e9difi\u00e9s et mis en situation sur des sc\u00e8nes fictives autour de la lutte contre la piraterie maritime, la p\u00eache ill\u00e9gale, le suivi de contacts d\u2019int\u00e9r\u00eats ou de r\u00e9ponses aux actes de piraterie. Pour le Capitaine de vaisseaux Sylvestre Fonkoua, chef du centre de coordination multinational Zone D, \u00abYARIS consiste \u00e0 une agr\u00e9gation des donn\u00e9s radar, satellitaire, de t\u00e9l\u00e9d\u00e9tection qui permettent de voir \u00e0 longue distance\u00bb.<\/p>\n<p>Cette formation destin\u00e9e \u00e0 enrichir les comp\u00e9tences des personnels maritimes en est \u00e0 sa deuxi\u00e8me phase. Elle leur permet de rejoindre la communaut\u00e9 des centres utilisateurs de YARIS, notamment les trois centres de surveillance maritime de Douala, Kribi et Limbe. A long terme, \u00abnotre plan avec les \u00e9quipes de formateurs est de nous d\u00e9ployer dans chacun des centres nationaux et d\u2019ici quelques mois, nous reviendrons compl\u00e9ter cette formation par un accompagnement\u00bb, a indiqu\u00e9 S\u00e9bastien Bergeon, charg\u00e9 d\u2019affaires \u00e0 la d\u00e9l\u00e9gation de l\u2019UE pour le Cameroun et la Guin\u00e9e Equatoriale.<\/p>\n","protected":false},"excerpt":{"rendered":"<p>Africa-Press &#8211; Cameroun. La c\u00e9r\u00e9monie solennelle de fin de formation a eu lieu le 23 avril 2021 \u00e0 Douala. Du 12 au 23 avril 2021, 16 marins venus des pays du golfe de Guin\u00e9e, ont \u00e9t\u00e9 form\u00e9s sur l\u2019utilisation de Yaounde Architecture Regional Information System (YARIS), un logiciel qui permet d\u2019identifier les incidents en mer [&hellip;]<\/p>\n","protected":false},"author":82,"featured_media":2513,"comment_status":"open","ping_status":"closed","sticky":false,"template":"","format":"standard","meta":{"footnotes":""},"categories":[11,2,20,10],"tags":[36,50,49],"class_list":["post-2514","post","type-post","status-publish","format-standard","has-post-thumbnail","hentry","category-homepage-french","category-politique","category-top-nouvelles","category-toutes-les-actualites","tag-africa-press","tag-africa-press-cameroun","tag-cameroun"],"yoast_head":"<!-- This site is optimized with the Yoast SEO Premium plugin v26.1 (Yoast SEO v27.0) - https:\/\/yoast.com\/product\/yoast-seo-premium-wordpress\/ -->\n<title>Cameroun - S\u00e9curit\u00e9 maritime: Le centre multinational de coordination de Douala renforce les capacit\u00e9s de 16 marins - Cameroun<\/title>\n<meta name=\"description\" content=\"La c\u00e9r\u00e9monie solennelle de fin de formation a eu lieu le 23 avril 2021 \u00e0 Douala. Du 12 au 23 avril 2021, 16 marins venus ...\" \/>\n<meta name=\"robots\" content=\"index, follow, max-snippet:-1, max-image-preview:large, max-video-preview:-1\" \/>\n<link rel=\"canonical\" href=\"https:\/\/www.africa-press.net\/cameroun\/politique\/cameroun-securite-maritime-le-centre-multinational-de-coordination-de-douala-renforce-les-capacites-de-16-marins\" \/>\n<meta property=\"og:locale\" content=\"fr_FR\" \/>\n<meta property=\"og:type\" content=\"article\" \/>\n<meta property=\"og:title\" content=\"Cameroun - S\u00e9curit\u00e9 maritime: Le centre multinational de coordination de Douala renforce les capacit\u00e9s de 16 marins\" \/>\n<meta property=\"og:description\" content=\"La c\u00e9r\u00e9monie solennelle de fin de formation a eu lieu le 23 avril 2021 \u00e0 Douala. Du 12 au 23 avril 2021, 16 marins venus ...\" \/>\n<meta property=\"og:url\" content=\"https:\/\/www.africa-press.net\/cameroun\/politique\/cameroun-securite-maritime-le-centre-multinational-de-coordination-de-douala-renforce-les-capacites-de-16-marins\" \/>\n<meta property=\"og:site_name\" content=\"Cameroun\" \/>\n<meta property=\"article:published_time\" content=\"2021-04-26T16:20:53+00:00\" \/>\n<meta property=\"article:modified_time\" content=\"2021-04-26T19:02:05+00:00\" \/>\n<meta property=\"og:image\" content=\"https:\/\/static.africa-press.net\/cameroun\/sites\/57\/2021\/04\/img-60870e11e8b98.jpg\" \/>\n\t<meta property=\"og:image:width\" content=\"800\" \/>\n\t<meta property=\"og:image:height\" content=\"532\" \/>\n\t<meta property=\"og:image:type\" content=\"image\/jpeg\" \/>\n<meta name=\"author\" content=\"cfeditorfr\" \/>\n<meta name=\"twitter:card\" content=\"summary_large_image\" \/>\n<meta name=\"twitter:label1\" content=\"\u00c9crit par\" \/>\n\t<meta name=\"twitter:data1\" content=\"cfeditorfr\" \/>\n\t<meta name=\"twitter:label2\" content=\"Dur\u00e9e de lecture estim\u00e9e\" \/>\n\t<meta name=\"twitter:data2\" content=\"1 minute\" \/>\n<script type=\"application\/ld+json\" class=\"yoast-schema-graph\">{\"@context\":\"https:\/\/schema.org\",\"@graph\":[{\"@type\":\"Article\",\"@id\":\"https:\/\/www.africa-press.net\/cameroun\/politique\/cameroun-securite-maritime-le-centre-multinational-de-coordination-de-douala-renforce-les-capacites-de-16-marins#article\",\"isPartOf\":{\"@id\":\"https:\/\/www.africa-press.net\/cameroun\/politique\/cameroun-securite-maritime-le-centre-multinational-de-coordination-de-douala-renforce-les-capacites-de-16-marins\"},\"author\":{\"name\":\"cfeditorfr\",\"@id\":\"https:\/\/www.africa-press.net\/cameroun\/#\/schema\/person\/2b1cf3cd81a31e3cd26889ca66d677f1\"},\"headline\":\"Cameroun &#8211; S\u00e9curit\u00e9 maritime: Le centre multinational de coordination de Douala renforce les capacit\u00e9s de 16 marins\",\"datePublished\":\"2021-04-26T16:20:53+00:00\",\"dateModified\":\"2021-04-26T19:02:05+00:00\",\"mainEntityOfPage\":{\"@id\":\"https:\/\/www.africa-press.net\/cameroun\/politique\/cameroun-securite-maritime-le-centre-multinational-de-coordination-de-douala-renforce-les-capacites-de-16-marins\"},\"wordCount\":298,\"commentCount\":0,\"image\":{\"@id\":\"https:\/\/www.africa-press.net\/cameroun\/politique\/cameroun-securite-maritime-le-centre-multinational-de-coordination-de-douala-renforce-les-capacites-de-16-marins#primaryimage\"},\"thumbnailUrl\":\"https:\/\/static.africa-press.net\/cameroun\/sites\/57\/2021\/04\/img-60870e11e8b98.jpg\",\"keywords\":[\"Africa Press\",\"Africa Press-Cameroun\",\"Cameroun\"],\"articleSection\":[\"homepage-french\",\"Politique\",\"Top Nouvelles\",\"Toutes les actualit\u00e9s\"],\"inLanguage\":\"fr-FR\",\"potentialAction\":[{\"@type\":\"CommentAction\",\"name\":\"Comment\",\"target\":[\"https:\/\/www.africa-press.net\/cameroun\/politique\/cameroun-securite-maritime-le-centre-multinational-de-coordination-de-douala-renforce-les-capacites-de-16-marins#respond\"]}]},{\"@type\":\"WebPage\",\"@id\":\"https:\/\/www.africa-press.net\/cameroun\/politique\/cameroun-securite-maritime-le-centre-multinational-de-coordination-de-douala-renforce-les-capacites-de-16-marins\",\"url\":\"https:\/\/www.africa-press.net\/cameroun\/politique\/cameroun-securite-maritime-le-centre-multinational-de-coordination-de-douala-renforce-les-capacites-de-16-marins\",\"name\":\"Cameroun - S\u00e9curit\u00e9 maritime: Le centre multinational de coordination de Douala renforce les capacit\u00e9s de 16 marins - Cameroun\",\"isPartOf\":{\"@id\":\"https:\/\/www.africa-press.net\/cameroun\/#website\"},\"primaryImageOfPage\":{\"@id\":\"https:\/\/www.africa-press.net\/cameroun\/politique\/cameroun-securite-maritime-le-centre-multinational-de-coordination-de-douala-renforce-les-capacites-de-16-marins#primaryimage\"},\"image\":{\"@id\":\"https:\/\/www.africa-press.net\/cameroun\/politique\/cameroun-securite-maritime-le-centre-multinational-de-coordination-de-douala-renforce-les-capacites-de-16-marins#primaryimage\"},\"thumbnailUrl\":\"https:\/\/static.africa-press.net\/cameroun\/sites\/57\/2021\/04\/img-60870e11e8b98.jpg\",\"datePublished\":\"2021-04-26T16:20:53+00:00\",\"dateModified\":\"2021-04-26T19:02:05+00:00\",\"author\":{\"@id\":\"https:\/\/www.africa-press.net\/cameroun\/#\/schema\/person\/2b1cf3cd81a31e3cd26889ca66d677f1\"},\"description\":\"La c\u00e9r\u00e9monie solennelle de fin de formation a eu lieu le 23 avril 2021 \u00e0 Douala. Du 12 au 23 avril 2021, 16 marins venus ...\",\"breadcrumb\":{\"@id\":\"https:\/\/www.africa-press.net\/cameroun\/politique\/cameroun-securite-maritime-le-centre-multinational-de-coordination-de-douala-renforce-les-capacites-de-16-marins#breadcrumb\"},\"inLanguage\":\"fr-FR\",\"potentialAction\":[{\"@type\":\"ReadAction\",\"target\":[\"https:\/\/www.africa-press.net\/cameroun\/politique\/cameroun-securite-maritime-le-centre-multinational-de-coordination-de-douala-renforce-les-capacites-de-16-marins\"]}]},{\"@type\":\"ImageObject\",\"inLanguage\":\"fr-FR\",\"@id\":\"https:\/\/www.africa-press.net\/cameroun\/politique\/cameroun-securite-maritime-le-centre-multinational-de-coordination-de-douala-renforce-les-capacites-de-16-marins#primaryimage\",\"url\":\"https:\/\/static.africa-press.net\/cameroun\/sites\/57\/2021\/04\/img-60870e11e8b98.jpg\",\"contentUrl\":\"https:\/\/static.africa-press.net\/cameroun\/sites\/57\/2021\/04\/img-60870e11e8b98.jpg\",\"width\":800,\"height\":532,\"caption\":\"Cameroun - S\u00e9curit\u00e9 maritime: Le centre multinational de coordination de Douala renforce les capacit\u00e9s de 16 marins\"},{\"@type\":\"BreadcrumbList\",\"@id\":\"https:\/\/www.africa-press.net\/cameroun\/politique\/cameroun-securite-maritime-le-centre-multinational-de-coordination-de-douala-renforce-les-capacites-de-16-marins#breadcrumb\",\"itemListElement\":[{\"@type\":\"ListItem\",\"position\":1,\"name\":\"Accueil\",\"item\":\"https:\/\/www.africa-press.net\/cameroun\/\"},{\"@type\":\"ListItem\",\"position\":2,\"name\":\"Cameroun &#8211; S\u00e9curit\u00e9 maritime: Le centre multinational de coordination de Douala renforce les capacit\u00e9s de 16 marins\"}]},{\"@type\":\"WebSite\",\"@id\":\"https:\/\/www.africa-press.net\/cameroun\/#website\",\"url\":\"https:\/\/www.africa-press.net\/cameroun\/\",\"name\":\"Cameroun\",\"description\":\"Just another Africa News Agency Sites site\",\"potentialAction\":[{\"@type\":\"SearchAction\",\"target\":{\"@type\":\"EntryPoint\",\"urlTemplate\":\"https:\/\/www.africa-press.net\/cameroun\/?s={search_term_string}\"},\"query-input\":{\"@type\":\"PropertyValueSpecification\",\"valueRequired\":true,\"valueName\":\"search_term_string\"}}],\"inLanguage\":\"fr-FR\"},{\"@type\":\"Person\",\"@id\":\"https:\/\/www.africa-press.net\/cameroun\/#\/schema\/person\/2b1cf3cd81a31e3cd26889ca66d677f1\",\"name\":\"cfeditorfr\"}]}<\/script>\n<!-- \/ Yoast SEO Premium plugin. -->","yoast_head_json":{"title":"Cameroun - S\u00e9curit\u00e9 maritime: Le centre multinational de coordination de Douala renforce les capacit\u00e9s de 16 marins - Cameroun","description":"La c\u00e9r\u00e9monie solennelle de fin de formation a eu lieu le 23 avril 2021 \u00e0 Douala. Du 12 au 23 avril 2021, 16 marins venus ...","robots":{"index":"index","follow":"follow","max-snippet":"max-snippet:-1","max-image-preview":"max-image-preview:large","max-video-preview":"max-video-preview:-1"},"canonical":"https:\/\/www.africa-press.net\/cameroun\/politique\/cameroun-securite-maritime-le-centre-multinational-de-coordination-de-douala-renforce-les-capacites-de-16-marins","og_locale":"fr_FR","og_type":"article","og_title":"Cameroun - S\u00e9curit\u00e9 maritime: Le centre multinational de coordination de Douala renforce les capacit\u00e9s de 16 marins","og_description":"La c\u00e9r\u00e9monie solennelle de fin de formation a eu lieu le 23 avril 2021 \u00e0 Douala. Du 12 au 23 avril 2021, 16 marins venus ...","og_url":"https:\/\/www.africa-press.net\/cameroun\/politique\/cameroun-securite-maritime-le-centre-multinational-de-coordination-de-douala-renforce-les-capacites-de-16-marins","og_site_name":"Cameroun","article_published_time":"2021-04-26T16:20:53+00:00","article_modified_time":"2021-04-26T19:02:05+00:00","og_image":[{"width":800,"height":532,"url":"https:\/\/static.africa-press.net\/cameroun\/sites\/57\/2021\/04\/img-60870e11e8b98.jpg","type":"image\/jpeg"}],"author":"cfeditorfr","twitter_card":"summary_large_image","twitter_misc":{"\u00c9crit par":"cfeditorfr","Dur\u00e9e de lecture estim\u00e9e":"1 minute"},"schema":{"@context":"https:\/\/schema.org","@graph":[{"@type":"Article","@id":"https:\/\/www.africa-press.net\/cameroun\/politique\/cameroun-securite-maritime-le-centre-multinational-de-coordination-de-douala-renforce-les-capacites-de-16-marins#article","isPartOf":{"@id":"https:\/\/www.africa-press.net\/cameroun\/politique\/cameroun-securite-maritime-le-centre-multinational-de-coordination-de-douala-renforce-les-capacites-de-16-marins"},"author":{"name":"cfeditorfr","@id":"https:\/\/www.africa-press.net\/cameroun\/#\/schema\/person\/2b1cf3cd81a31e3cd26889ca66d677f1"},"headline":"Cameroun &#8211; S\u00e9curit\u00e9 maritime: Le centre multinational de coordination de Douala renforce les capacit\u00e9s de 16 marins","datePublished":"2021-04-26T16:20:53+00:00","dateModified":"2021-04-26T19:02:05+00:00","mainEntityOfPage":{"@id":"https:\/\/www.africa-press.net\/cameroun\/politique\/cameroun-securite-maritime-le-centre-multinational-de-coordination-de-douala-renforce-les-capacites-de-16-marins"},"wordCount":298,"commentCount":0,"image":{"@id":"https:\/\/www.africa-press.net\/cameroun\/politique\/cameroun-securite-maritime-le-centre-multinational-de-coordination-de-douala-renforce-les-capacites-de-16-marins#primaryimage"},"thumbnailUrl":"https:\/\/static.africa-press.net\/cameroun\/sites\/57\/2021\/04\/img-60870e11e8b98.jpg","keywords":["Africa Press","Africa Press-Cameroun","Cameroun"],"articleSection":["homepage-french","Politique","Top Nouvelles","Toutes les actualit\u00e9s"],"inLanguage":"fr-FR","potentialAction":[{"@type":"CommentAction","name":"Comment","target":["https:\/\/www.africa-press.net\/cameroun\/politique\/cameroun-securite-maritime-le-centre-multinational-de-coordination-de-douala-renforce-les-capacites-de-16-marins#respond"]}]},{"@type":"WebPage","@id":"https:\/\/www.africa-press.net\/cameroun\/politique\/cameroun-securite-maritime-le-centre-multinational-de-coordination-de-douala-renforce-les-capacites-de-16-marins","url":"https:\/\/www.africa-press.net\/cameroun\/politique\/cameroun-securite-maritime-le-centre-multinational-de-coordination-de-douala-renforce-les-capacites-de-16-marins","name":"Cameroun - S\u00e9curit\u00e9 maritime: Le centre multinational de coordination de Douala renforce les capacit\u00e9s de 16 marins - Cameroun","isPartOf":{"@id":"https:\/\/www.africa-press.net\/cameroun\/#website"},"primaryImageOfPage":{"@id":"https:\/\/www.africa-press.net\/cameroun\/politique\/cameroun-securite-maritime-le-centre-multinational-de-coordination-de-douala-renforce-les-capacites-de-16-marins#primaryimage"},"image":{"@id":"https:\/\/www.africa-press.net\/cameroun\/politique\/cameroun-securite-maritime-le-centre-multinational-de-coordination-de-douala-renforce-les-capacites-de-16-marins#primaryimage"},"thumbnailUrl":"https:\/\/static.africa-press.net\/cameroun\/sites\/57\/2021\/04\/img-60870e11e8b98.jpg","datePublished":"2021-04-26T16:20:53+00:00","dateModified":"2021-04-26T19:02:05+00:00","author":{"@id":"https:\/\/www.africa-press.net\/cameroun\/#\/schema\/person\/2b1cf3cd81a31e3cd26889ca66d677f1"},"description":"La c\u00e9r\u00e9monie solennelle de fin de formation a eu lieu le 23 avril 2021 \u00e0 Douala. Du 12 au 23 avril 2021, 16 marins venus ...","breadcrumb":{"@id":"https:\/\/www.africa-press.net\/cameroun\/politique\/cameroun-securite-maritime-le-centre-multinational-de-coordination-de-douala-renforce-les-capacites-de-16-marins#breadcrumb"},"inLanguage":"fr-FR","potentialAction":[{"@type":"ReadAction","target":["https:\/\/www.africa-press.net\/cameroun\/politique\/cameroun-securite-maritime-le-centre-multinational-de-coordination-de-douala-renforce-les-capacites-de-16-marins"]}]},{"@type":"ImageObject","inLanguage":"fr-FR","@id":"https:\/\/www.africa-press.net\/cameroun\/politique\/cameroun-securite-maritime-le-centre-multinational-de-coordination-de-douala-renforce-les-capacites-de-16-marins#primaryimage","url":"https:\/\/static.africa-press.net\/cameroun\/sites\/57\/2021\/04\/img-60870e11e8b98.jpg","contentUrl":"https:\/\/static.africa-press.net\/cameroun\/sites\/57\/2021\/04\/img-60870e11e8b98.jpg","width":800,"height":532,"caption":"Cameroun - S\u00e9curit\u00e9 maritime: Le centre multinational de coordination de Douala renforce les capacit\u00e9s de 16 marins"},{"@type":"BreadcrumbList","@id":"https:\/\/www.africa-press.net\/cameroun\/politique\/cameroun-securite-maritime-le-centre-multinational-de-coordination-de-douala-renforce-les-capacites-de-16-marins#breadcrumb","itemListElement":[{"@type":"ListItem","position":1,"name":"Accueil","item":"https:\/\/www.africa-press.net\/cameroun\/"},{"@type":"ListItem","position":2,"name":"Cameroun &#8211; S\u00e9curit\u00e9 maritime: Le centre multinational de coordination de Douala renforce les capacit\u00e9s de 16 marins"}]},{"@type":"WebSite","@id":"https:\/\/www.africa-press.net\/cameroun\/#website","url":"https:\/\/www.africa-press.net\/cameroun\/","name":"Cameroun","description":"Just another Africa News Agency Sites site","potentialAction":[{"@type":"SearchAction","target":{"@type":"EntryPoint","urlTemplate":"https:\/\/www.africa-press.net\/cameroun\/?s={search_term_string}"},"query-input":{"@type":"PropertyValueSpecification","valueRequired":true,"valueName":"search_term_string"}}],"inLanguage":"fr-FR"},{"@type":"Person","@id":"https:\/\/www.africa-press.net\/cameroun\/#\/schema\/person\/2b1cf3cd81a31e3cd26889ca66d677f1","name":"cfeditorfr"}]}},"_links":{"self":[{"href":"https:\/\/www.africa-press.net\/cameroun\/wp-json\/wp\/v2\/posts\/2514","targetHints":{"allow":["GET"]}}],"collection":[{"href":"https:\/\/www.africa-press.net\/cameroun\/wp-json\/wp\/v2\/posts"}],"about":[{"href":"https:\/\/www.africa-press.net\/cameroun\/wp-json\/wp\/v2\/types\/post"}],"author":[{"embeddable":true,"href":"https:\/\/www.africa-press.net\/cameroun\/wp-json\/wp\/v2\/users\/82"}],"replies":[{"embeddable":true,"href":"https:\/\/www.africa-press.net\/cameroun\/wp-json\/wp\/v2\/comments?post=2514"}],"version-history":[{"count":0,"href":"https:\/\/www.africa-press.net\/cameroun\/wp-json\/wp\/v2\/posts\/2514\/revisions"}],"wp:featuredmedia":[{"embeddable":true,"href":"https:\/\/www.africa-press.net\/cameroun\/wp-json\/wp\/v2\/media\/2513"}],"wp:attachment":[{"href":"https:\/\/www.africa-press.net\/cameroun\/wp-json\/wp\/v2\/media?parent=2514"}],"wp:term":[{"taxonomy":"category","embeddable":true,"href":"https:\/\/www.africa-press.net\/cameroun\/wp-json\/wp\/v2\/categories?post=2514"},{"taxonomy":"post_tag","embeddable":true,"href":"https:\/\/www.africa-press.net\/cameroun\/wp-json\/wp\/v2\/tags?post=2514"}],"curies":[{"name":"wp","href":"https:\/\/api.w.org\/{rel}","templated":true}]}}