{"id":2532,"date":"2021-04-26T17:05:57","date_gmt":"2021-04-26T17:05:57","guid":{"rendered":"https:\/\/www.africa-press.net\/cameroun\/politique\/cameroun-fete-du-travail-2021-un-an-apres-lapparition-de-la-pandemie-du-covid-19-des-travailleurs-toujours-au-chomage-technique"},"modified":"2021-04-26T19:06:09","modified_gmt":"2021-04-26T19:06:09","slug":"cameroun-fete-du-travail-2021-un-an-apres-lapparition-de-la-pandemie-du-covid-19-des-travailleurs-toujours-au-chomage-technique","status":"publish","type":"post","link":"https:\/\/www.africa-press.net\/cameroun\/toutes-les-actualites\/cameroun-fete-du-travail-2021-un-an-apres-lapparition-de-la-pandemie-du-covid-19-des-travailleurs-toujours-au-chomage-technique","title":{"rendered":"Cameroun &#8211; F\u00eate du travail 2021: Un an apr\u00e8s l&rsquo;apparition de la pandemie du covid-19, des travailleurs toujours au ch\u00f4mage technique"},"content":{"rendered":"<p><span style=\"color: #ff6600\"><strong><a href=\"https:\/\/www.africa-press.net\/\">Africa-Press<\/a> &#8211; <a href=\"https:\/\/www.africa-press.net\/cameroun\">Cameroun<\/a>. <\/strong><\/span>Encore 6 jours et ce sera le 1er mai 2021, la journ\u00e9e internationale de la f\u00eate du travail. Une c\u00e9l\u00e9bration qui, on le sait, subit depuis l&rsquo;ann\u00e9e derni\u00e8re le dictat du covid 19. Plusieurs entreprises ont d\u00fb mettre en cong\u00e9 technique une bonne partie de leurs employ\u00e9s du fait des restrictions impos\u00e9es par la pand\u00e9mie. Des cong\u00e9s qui se poursuivent jusqu&rsquo;\u00e0 pr\u00e9sent. C\u2019est le cas d\u2019yvonne, comptable, qui a du stopper son travail \u00e0 cause de la pand\u00e9mie apr\u00e8s 22 ans de service.<\/p>\n<p>Elle dig\u00e8re encore mal les conditions dans lesquelles elle a perdu son emploi en avril 2020. \u00ab\u00c7a \u00e9t\u00e9 tr\u00e8s p\u00e9nible. On nous a envoy\u00e9s en cong\u00e9s technique sans lettre. C\u2019\u00e9tait le 1er avril 2020 que moi je suis all\u00e9e au quartier\u00bb, regrette Yvonne Kemeugne.<\/p>\n<p>D\u00e9j\u00e0 1 an qu&rsquo;elle a pass\u00e9 au quartier \u00e0 cause de la pand\u00e9mie du covid 19. L&rsquo; espoir de retrouver son emploi s&rsquo;\u00e9vanouit de jour en jour. Elle s&rsquo;est reconvertie, par d\u00e9pit, dans l\u2019agriculture. \u00abJe vais au champ. Avant je ne cultivais pas mais maintenant je vais au champ. Je fais tout ce que je peux pour nourrir ma famille\u00bb, lance-t-elle en souriant.<\/p>\n<p>Beaucoup d&rsquo;entreprises peinent toujours \u00e0 se relever du coup caus\u00e9 par la pand\u00e9mie du covid 19. C&rsquo;est le cas de ce chef d&rsquo;entreprise, qui s&rsquo;est vu oblig\u00e9 de r\u00e9duire de 50% le personnel. L&rsquo; activit\u00e9 tourne au ralenti depuis des mois.<\/p>\n<p>\u00abLe personnel qui a \u00e9t\u00e9 mis en cong\u00e9 technique est toujours \u00e0 la maison parce que rien n&rsquo; a chang\u00e9. On a aucun support de l\u2019Etat et continu de payer les imp\u00f4ts comme avant. Plusieurs entreprises ont ferm\u00e9es. Celles qui sont toujours ouvertes, ce n\u2019est pas parce que \u00e7a marche, non, elles survivent tout simplement. C\u2019est parce qu\u2019elles ne veulent pas rester \u00e0 la maison \u00e0 ne rien faire\u00bb, d\u00e9plore Sylvain Tatang, chef d\u2019entreprise.<\/p>\n<p>Le Groupement Inter patronal du Cameroun (GICAM) dans son rapport 2020 indique que le covid 19 a mis en ch\u00f4mage technique 42% de travailleurs.12% de personnels permanents ont perdu d\u00e9finitivement leur emploi. La perte globale du chiffre d&rsquo;affaires est calcul\u00e9e \u00e0 139 milliards de FCFA.<\/p>\n","protected":false},"excerpt":{"rendered":"<p>Africa-Press &#8211; Cameroun. Encore 6 jours et ce sera le 1er mai 2021, la journ\u00e9e internationale de la f\u00eate du travail. Une c\u00e9l\u00e9bration qui, on le sait, subit depuis l&rsquo;ann\u00e9e derni\u00e8re le dictat du covid 19. Plusieurs entreprises ont d\u00fb mettre en cong\u00e9 technique une bonne partie de leurs employ\u00e9s du fait des restrictions impos\u00e9es [&hellip;]<\/p>\n","protected":false},"author":82,"featured_media":2531,"comment_status":"open","ping_status":"closed","sticky":false,"template":"","format":"standard","meta":{"footnotes":""},"categories":[21,11,10],"tags":[36,50,49],"class_list":["post-2532","post","type-post","status-publish","format-standard","has-post-thumbnail","hentry","category-communaute","category-homepage-french","category-toutes-les-actualites","tag-africa-press","tag-africa-press-cameroun","tag-cameroun"],"yoast_head":"<!-- This site is optimized with the Yoast SEO Premium plugin v26.1 (Yoast SEO v27.0) - https:\/\/yoast.com\/product\/yoast-seo-premium-wordpress\/ -->\n<title>Cameroun - F\u00eate du travail 2021: Un an apr\u00e8s l&#039;apparition de la pandemie du covid-19, des travailleurs toujours au ch\u00f4mage technique - Cameroun<\/title>\n<meta name=\"description\" content=\"Encore 6 jours et ce sera le 1er mai 2021, la journ\u00e9e internationale de la f\u00eate du travail. Une c\u00e9l\u00e9bration qui, on le s ...\" \/>\n<meta name=\"robots\" content=\"index, follow, max-snippet:-1, max-image-preview:large, max-video-preview:-1\" \/>\n<link rel=\"canonical\" href=\"https:\/\/www.africa-press.net\/cameroun\/toutes-les-actualites\/cameroun-fete-du-travail-2021-un-an-apres-lapparition-de-la-pandemie-du-covid-19-des-travailleurs-toujours-au-chomage-technique\" \/>\n<meta property=\"og:locale\" content=\"fr_FR\" \/>\n<meta property=\"og:type\" content=\"article\" \/>\n<meta property=\"og:title\" content=\"Cameroun - F\u00eate du travail 2021: Un an apr\u00e8s l&#039;apparition de la pandemie du covid-19, des travailleurs toujours au ch\u00f4mage technique\" \/>\n<meta property=\"og:description\" content=\"Encore 6 jours et ce sera le 1er mai 2021, la journ\u00e9e internationale de la f\u00eate du travail. Une c\u00e9l\u00e9bration qui, on le s ...\" \/>\n<meta property=\"og:url\" content=\"https:\/\/www.africa-press.net\/cameroun\/toutes-les-actualites\/cameroun-fete-du-travail-2021-un-an-apres-lapparition-de-la-pandemie-du-covid-19-des-travailleurs-toujours-au-chomage-technique\" \/>\n<meta property=\"og:site_name\" content=\"Cameroun\" \/>\n<meta property=\"article:published_time\" content=\"2021-04-26T17:05:57+00:00\" \/>\n<meta property=\"article:modified_time\" content=\"2021-04-26T19:06:09+00:00\" \/>\n<meta property=\"og:image\" content=\"https:\/\/static.africa-press.net\/cameroun\/sites\/57\/2021\/04\/img-60870f06d5ce7.jpg\" \/>\n\t<meta property=\"og:image:width\" content=\"800\" \/>\n\t<meta property=\"og:image:height\" content=\"541\" \/>\n\t<meta property=\"og:image:type\" content=\"image\/jpeg\" \/>\n<meta name=\"author\" content=\"cfeditorfr\" \/>\n<meta name=\"twitter:card\" content=\"summary_large_image\" \/>\n<meta name=\"twitter:label1\" content=\"\u00c9crit par\" \/>\n\t<meta name=\"twitter:data1\" content=\"cfeditorfr\" \/>\n\t<meta name=\"twitter:label2\" content=\"Dur\u00e9e de lecture estim\u00e9e\" \/>\n\t<meta name=\"twitter:data2\" content=\"2 minutes\" \/>\n<script type=\"application\/ld+json\" class=\"yoast-schema-graph\">{\"@context\":\"https:\/\/schema.org\",\"@graph\":[{\"@type\":\"Article\",\"@id\":\"https:\/\/www.africa-press.net\/cameroun\/toutes-les-actualites\/cameroun-fete-du-travail-2021-un-an-apres-lapparition-de-la-pandemie-du-covid-19-des-travailleurs-toujours-au-chomage-technique#article\",\"isPartOf\":{\"@id\":\"https:\/\/www.africa-press.net\/cameroun\/toutes-les-actualites\/cameroun-fete-du-travail-2021-un-an-apres-lapparition-de-la-pandemie-du-covid-19-des-travailleurs-toujours-au-chomage-technique\"},\"author\":{\"name\":\"cfeditorfr\",\"@id\":\"https:\/\/www.africa-press.net\/cameroun\/#\/schema\/person\/2b1cf3cd81a31e3cd26889ca66d677f1\"},\"headline\":\"Cameroun &#8211; F\u00eate du travail 2021: Un an apr\u00e8s l&rsquo;apparition de la pandemie du covid-19, des travailleurs toujours au ch\u00f4mage technique\",\"datePublished\":\"2021-04-26T17:05:57+00:00\",\"dateModified\":\"2021-04-26T19:06:09+00:00\",\"mainEntityOfPage\":{\"@id\":\"https:\/\/www.africa-press.net\/cameroun\/toutes-les-actualites\/cameroun-fete-du-travail-2021-un-an-apres-lapparition-de-la-pandemie-du-covid-19-des-travailleurs-toujours-au-chomage-technique\"},\"wordCount\":404,\"commentCount\":0,\"image\":{\"@id\":\"https:\/\/www.africa-press.net\/cameroun\/toutes-les-actualites\/cameroun-fete-du-travail-2021-un-an-apres-lapparition-de-la-pandemie-du-covid-19-des-travailleurs-toujours-au-chomage-technique#primaryimage\"},\"thumbnailUrl\":\"https:\/\/static.africa-press.net\/cameroun\/sites\/57\/2021\/04\/img-60870f06d5ce7.jpg\",\"keywords\":[\"Africa Press\",\"Africa Press-Cameroun\",\"Cameroun\"],\"articleSection\":[\"Communaut\u00e9\",\"homepage-french\",\"Toutes les actualit\u00e9s\"],\"inLanguage\":\"fr-FR\",\"potentialAction\":[{\"@type\":\"CommentAction\",\"name\":\"Comment\",\"target\":[\"https:\/\/www.africa-press.net\/cameroun\/toutes-les-actualites\/cameroun-fete-du-travail-2021-un-an-apres-lapparition-de-la-pandemie-du-covid-19-des-travailleurs-toujours-au-chomage-technique#respond\"]}]},{\"@type\":\"WebPage\",\"@id\":\"https:\/\/www.africa-press.net\/cameroun\/toutes-les-actualites\/cameroun-fete-du-travail-2021-un-an-apres-lapparition-de-la-pandemie-du-covid-19-des-travailleurs-toujours-au-chomage-technique\",\"url\":\"https:\/\/www.africa-press.net\/cameroun\/toutes-les-actualites\/cameroun-fete-du-travail-2021-un-an-apres-lapparition-de-la-pandemie-du-covid-19-des-travailleurs-toujours-au-chomage-technique\",\"name\":\"Cameroun - F\u00eate du travail 2021: Un an apr\u00e8s l'apparition de la pandemie du covid-19, des travailleurs toujours au ch\u00f4mage technique - Cameroun\",\"isPartOf\":{\"@id\":\"https:\/\/www.africa-press.net\/cameroun\/#website\"},\"primaryImageOfPage\":{\"@id\":\"https:\/\/www.africa-press.net\/cameroun\/toutes-les-actualites\/cameroun-fete-du-travail-2021-un-an-apres-lapparition-de-la-pandemie-du-covid-19-des-travailleurs-toujours-au-chomage-technique#primaryimage\"},\"image\":{\"@id\":\"https:\/\/www.africa-press.net\/cameroun\/toutes-les-actualites\/cameroun-fete-du-travail-2021-un-an-apres-lapparition-de-la-pandemie-du-covid-19-des-travailleurs-toujours-au-chomage-technique#primaryimage\"},\"thumbnailUrl\":\"https:\/\/static.africa-press.net\/cameroun\/sites\/57\/2021\/04\/img-60870f06d5ce7.jpg\",\"datePublished\":\"2021-04-26T17:05:57+00:00\",\"dateModified\":\"2021-04-26T19:06:09+00:00\",\"author\":{\"@id\":\"https:\/\/www.africa-press.net\/cameroun\/#\/schema\/person\/2b1cf3cd81a31e3cd26889ca66d677f1\"},\"description\":\"Encore 6 jours et ce sera le 1er mai 2021, la journ\u00e9e internationale de la f\u00eate du travail. Une c\u00e9l\u00e9bration qui, on le s ...\",\"breadcrumb\":{\"@id\":\"https:\/\/www.africa-press.net\/cameroun\/toutes-les-actualites\/cameroun-fete-du-travail-2021-un-an-apres-lapparition-de-la-pandemie-du-covid-19-des-travailleurs-toujours-au-chomage-technique#breadcrumb\"},\"inLanguage\":\"fr-FR\",\"potentialAction\":[{\"@type\":\"ReadAction\",\"target\":[\"https:\/\/www.africa-press.net\/cameroun\/toutes-les-actualites\/cameroun-fete-du-travail-2021-un-an-apres-lapparition-de-la-pandemie-du-covid-19-des-travailleurs-toujours-au-chomage-technique\"]}]},{\"@type\":\"ImageObject\",\"inLanguage\":\"fr-FR\",\"@id\":\"https:\/\/www.africa-press.net\/cameroun\/toutes-les-actualites\/cameroun-fete-du-travail-2021-un-an-apres-lapparition-de-la-pandemie-du-covid-19-des-travailleurs-toujours-au-chomage-technique#primaryimage\",\"url\":\"https:\/\/static.africa-press.net\/cameroun\/sites\/57\/2021\/04\/img-60870f06d5ce7.jpg\",\"contentUrl\":\"https:\/\/static.africa-press.net\/cameroun\/sites\/57\/2021\/04\/img-60870f06d5ce7.jpg\",\"width\":800,\"height\":541,\"caption\":\"Cameroun - F\u00eate du travail 2021: Un an apr\u00e8s l'apparition de la pandemie du covid-19, des travailleurs toujours au ch\u00f4mage technique\"},{\"@type\":\"BreadcrumbList\",\"@id\":\"https:\/\/www.africa-press.net\/cameroun\/toutes-les-actualites\/cameroun-fete-du-travail-2021-un-an-apres-lapparition-de-la-pandemie-du-covid-19-des-travailleurs-toujours-au-chomage-technique#breadcrumb\",\"itemListElement\":[{\"@type\":\"ListItem\",\"position\":1,\"name\":\"Accueil\",\"item\":\"https:\/\/www.africa-press.net\/cameroun\/\"},{\"@type\":\"ListItem\",\"position\":2,\"name\":\"Cameroun &#8211; F\u00eate du travail 2021: Un an apr\u00e8s l&#8217;apparition de la pandemie du covid-19, des travailleurs toujours au ch\u00f4mage technique\"}]},{\"@type\":\"WebSite\",\"@id\":\"https:\/\/www.africa-press.net\/cameroun\/#website\",\"url\":\"https:\/\/www.africa-press.net\/cameroun\/\",\"name\":\"Cameroun\",\"description\":\"Just another Africa News Agency Sites site\",\"potentialAction\":[{\"@type\":\"SearchAction\",\"target\":{\"@type\":\"EntryPoint\",\"urlTemplate\":\"https:\/\/www.africa-press.net\/cameroun\/?s={search_term_string}\"},\"query-input\":{\"@type\":\"PropertyValueSpecification\",\"valueRequired\":true,\"valueName\":\"search_term_string\"}}],\"inLanguage\":\"fr-FR\"},{\"@type\":\"Person\",\"@id\":\"https:\/\/www.africa-press.net\/cameroun\/#\/schema\/person\/2b1cf3cd81a31e3cd26889ca66d677f1\",\"name\":\"cfeditorfr\"}]}<\/script>\n<!-- \/ Yoast SEO Premium plugin. -->","yoast_head_json":{"title":"Cameroun - F\u00eate du travail 2021: Un an apr\u00e8s l'apparition de la pandemie du covid-19, des travailleurs toujours au ch\u00f4mage technique - Cameroun","description":"Encore 6 jours et ce sera le 1er mai 2021, la journ\u00e9e internationale de la f\u00eate du travail. Une c\u00e9l\u00e9bration qui, on le s ...","robots":{"index":"index","follow":"follow","max-snippet":"max-snippet:-1","max-image-preview":"max-image-preview:large","max-video-preview":"max-video-preview:-1"},"canonical":"https:\/\/www.africa-press.net\/cameroun\/toutes-les-actualites\/cameroun-fete-du-travail-2021-un-an-apres-lapparition-de-la-pandemie-du-covid-19-des-travailleurs-toujours-au-chomage-technique","og_locale":"fr_FR","og_type":"article","og_title":"Cameroun - F\u00eate du travail 2021: Un an apr\u00e8s l'apparition de la pandemie du covid-19, des travailleurs toujours au ch\u00f4mage technique","og_description":"Encore 6 jours et ce sera le 1er mai 2021, la journ\u00e9e internationale de la f\u00eate du travail. Une c\u00e9l\u00e9bration qui, on le s ...","og_url":"https:\/\/www.africa-press.net\/cameroun\/toutes-les-actualites\/cameroun-fete-du-travail-2021-un-an-apres-lapparition-de-la-pandemie-du-covid-19-des-travailleurs-toujours-au-chomage-technique","og_site_name":"Cameroun","article_published_time":"2021-04-26T17:05:57+00:00","article_modified_time":"2021-04-26T19:06:09+00:00","og_image":[{"width":800,"height":541,"url":"https:\/\/static.africa-press.net\/cameroun\/sites\/57\/2021\/04\/img-60870f06d5ce7.jpg","type":"image\/jpeg"}],"author":"cfeditorfr","twitter_card":"summary_large_image","twitter_misc":{"\u00c9crit par":"cfeditorfr","Dur\u00e9e de lecture estim\u00e9e":"2 minutes"},"schema":{"@context":"https:\/\/schema.org","@graph":[{"@type":"Article","@id":"https:\/\/www.africa-press.net\/cameroun\/toutes-les-actualites\/cameroun-fete-du-travail-2021-un-an-apres-lapparition-de-la-pandemie-du-covid-19-des-travailleurs-toujours-au-chomage-technique#article","isPartOf":{"@id":"https:\/\/www.africa-press.net\/cameroun\/toutes-les-actualites\/cameroun-fete-du-travail-2021-un-an-apres-lapparition-de-la-pandemie-du-covid-19-des-travailleurs-toujours-au-chomage-technique"},"author":{"name":"cfeditorfr","@id":"https:\/\/www.africa-press.net\/cameroun\/#\/schema\/person\/2b1cf3cd81a31e3cd26889ca66d677f1"},"headline":"Cameroun &#8211; F\u00eate du travail 2021: Un an apr\u00e8s l&rsquo;apparition de la pandemie du covid-19, des travailleurs toujours au ch\u00f4mage technique","datePublished":"2021-04-26T17:05:57+00:00","dateModified":"2021-04-26T19:06:09+00:00","mainEntityOfPage":{"@id":"https:\/\/www.africa-press.net\/cameroun\/toutes-les-actualites\/cameroun-fete-du-travail-2021-un-an-apres-lapparition-de-la-pandemie-du-covid-19-des-travailleurs-toujours-au-chomage-technique"},"wordCount":404,"commentCount":0,"image":{"@id":"https:\/\/www.africa-press.net\/cameroun\/toutes-les-actualites\/cameroun-fete-du-travail-2021-un-an-apres-lapparition-de-la-pandemie-du-covid-19-des-travailleurs-toujours-au-chomage-technique#primaryimage"},"thumbnailUrl":"https:\/\/static.africa-press.net\/cameroun\/sites\/57\/2021\/04\/img-60870f06d5ce7.jpg","keywords":["Africa Press","Africa Press-Cameroun","Cameroun"],"articleSection":["Communaut\u00e9","homepage-french","Toutes les actualit\u00e9s"],"inLanguage":"fr-FR","potentialAction":[{"@type":"CommentAction","name":"Comment","target":["https:\/\/www.africa-press.net\/cameroun\/toutes-les-actualites\/cameroun-fete-du-travail-2021-un-an-apres-lapparition-de-la-pandemie-du-covid-19-des-travailleurs-toujours-au-chomage-technique#respond"]}]},{"@type":"WebPage","@id":"https:\/\/www.africa-press.net\/cameroun\/toutes-les-actualites\/cameroun-fete-du-travail-2021-un-an-apres-lapparition-de-la-pandemie-du-covid-19-des-travailleurs-toujours-au-chomage-technique","url":"https:\/\/www.africa-press.net\/cameroun\/toutes-les-actualites\/cameroun-fete-du-travail-2021-un-an-apres-lapparition-de-la-pandemie-du-covid-19-des-travailleurs-toujours-au-chomage-technique","name":"Cameroun - F\u00eate du travail 2021: Un an apr\u00e8s l'apparition de la pandemie du covid-19, des travailleurs toujours au ch\u00f4mage technique - Cameroun","isPartOf":{"@id":"https:\/\/www.africa-press.net\/cameroun\/#website"},"primaryImageOfPage":{"@id":"https:\/\/www.africa-press.net\/cameroun\/toutes-les-actualites\/cameroun-fete-du-travail-2021-un-an-apres-lapparition-de-la-pandemie-du-covid-19-des-travailleurs-toujours-au-chomage-technique#primaryimage"},"image":{"@id":"https:\/\/www.africa-press.net\/cameroun\/toutes-les-actualites\/cameroun-fete-du-travail-2021-un-an-apres-lapparition-de-la-pandemie-du-covid-19-des-travailleurs-toujours-au-chomage-technique#primaryimage"},"thumbnailUrl":"https:\/\/static.africa-press.net\/cameroun\/sites\/57\/2021\/04\/img-60870f06d5ce7.jpg","datePublished":"2021-04-26T17:05:57+00:00","dateModified":"2021-04-26T19:06:09+00:00","author":{"@id":"https:\/\/www.africa-press.net\/cameroun\/#\/schema\/person\/2b1cf3cd81a31e3cd26889ca66d677f1"},"description":"Encore 6 jours et ce sera le 1er mai 2021, la journ\u00e9e internationale de la f\u00eate du travail. Une c\u00e9l\u00e9bration qui, on le s ...","breadcrumb":{"@id":"https:\/\/www.africa-press.net\/cameroun\/toutes-les-actualites\/cameroun-fete-du-travail-2021-un-an-apres-lapparition-de-la-pandemie-du-covid-19-des-travailleurs-toujours-au-chomage-technique#breadcrumb"},"inLanguage":"fr-FR","potentialAction":[{"@type":"ReadAction","target":["https:\/\/www.africa-press.net\/cameroun\/toutes-les-actualites\/cameroun-fete-du-travail-2021-un-an-apres-lapparition-de-la-pandemie-du-covid-19-des-travailleurs-toujours-au-chomage-technique"]}]},{"@type":"ImageObject","inLanguage":"fr-FR","@id":"https:\/\/www.africa-press.net\/cameroun\/toutes-les-actualites\/cameroun-fete-du-travail-2021-un-an-apres-lapparition-de-la-pandemie-du-covid-19-des-travailleurs-toujours-au-chomage-technique#primaryimage","url":"https:\/\/static.africa-press.net\/cameroun\/sites\/57\/2021\/04\/img-60870f06d5ce7.jpg","contentUrl":"https:\/\/static.africa-press.net\/cameroun\/sites\/57\/2021\/04\/img-60870f06d5ce7.jpg","width":800,"height":541,"caption":"Cameroun - F\u00eate du travail 2021: Un an apr\u00e8s l'apparition de la pandemie du covid-19, des travailleurs toujours au ch\u00f4mage technique"},{"@type":"BreadcrumbList","@id":"https:\/\/www.africa-press.net\/cameroun\/toutes-les-actualites\/cameroun-fete-du-travail-2021-un-an-apres-lapparition-de-la-pandemie-du-covid-19-des-travailleurs-toujours-au-chomage-technique#breadcrumb","itemListElement":[{"@type":"ListItem","position":1,"name":"Accueil","item":"https:\/\/www.africa-press.net\/cameroun\/"},{"@type":"ListItem","position":2,"name":"Cameroun &#8211; F\u00eate du travail 2021: Un an apr\u00e8s l&#8217;apparition de la pandemie du covid-19, des travailleurs toujours au ch\u00f4mage technique"}]},{"@type":"WebSite","@id":"https:\/\/www.africa-press.net\/cameroun\/#website","url":"https:\/\/www.africa-press.net\/cameroun\/","name":"Cameroun","description":"Just another Africa News Agency Sites site","potentialAction":[{"@type":"SearchAction","target":{"@type":"EntryPoint","urlTemplate":"https:\/\/www.africa-press.net\/cameroun\/?s={search_term_string}"},"query-input":{"@type":"PropertyValueSpecification","valueRequired":true,"valueName":"search_term_string"}}],"inLanguage":"fr-FR"},{"@type":"Person","@id":"https:\/\/www.africa-press.net\/cameroun\/#\/schema\/person\/2b1cf3cd81a31e3cd26889ca66d677f1","name":"cfeditorfr"}]}},"_links":{"self":[{"href":"https:\/\/www.africa-press.net\/cameroun\/wp-json\/wp\/v2\/posts\/2532","targetHints":{"allow":["GET"]}}],"collection":[{"href":"https:\/\/www.africa-press.net\/cameroun\/wp-json\/wp\/v2\/posts"}],"about":[{"href":"https:\/\/www.africa-press.net\/cameroun\/wp-json\/wp\/v2\/types\/post"}],"author":[{"embeddable":true,"href":"https:\/\/www.africa-press.net\/cameroun\/wp-json\/wp\/v2\/users\/82"}],"replies":[{"embeddable":true,"href":"https:\/\/www.africa-press.net\/cameroun\/wp-json\/wp\/v2\/comments?post=2532"}],"version-history":[{"count":0,"href":"https:\/\/www.africa-press.net\/cameroun\/wp-json\/wp\/v2\/posts\/2532\/revisions"}],"wp:featuredmedia":[{"embeddable":true,"href":"https:\/\/www.africa-press.net\/cameroun\/wp-json\/wp\/v2\/media\/2531"}],"wp:attachment":[{"href":"https:\/\/www.africa-press.net\/cameroun\/wp-json\/wp\/v2\/media?parent=2532"}],"wp:term":[{"taxonomy":"category","embeddable":true,"href":"https:\/\/www.africa-press.net\/cameroun\/wp-json\/wp\/v2\/categories?post=2532"},{"taxonomy":"post_tag","embeddable":true,"href":"https:\/\/www.africa-press.net\/cameroun\/wp-json\/wp\/v2\/tags?post=2532"}],"curies":[{"name":"wp","href":"https:\/\/api.w.org\/{rel}","templated":true}]}}