{"id":2538,"date":"2021-04-26T17:21:19","date_gmt":"2021-04-26T17:21:19","guid":{"rendered":"https:\/\/www.africa-press.net\/cameroun\/politique\/cameroun-cooperation-la-france-prete-a-accompagner-la-modernisation-de-la-ville-de-yaounde"},"modified":"2021-04-26T19:07:30","modified_gmt":"2021-04-26T19:07:30","slug":"cameroun-cooperation-la-france-prete-a-accompagner-la-modernisation-de-la-ville-de-yaounde","status":"publish","type":"post","link":"https:\/\/www.africa-press.net\/cameroun\/economie\/cameroun-cooperation-la-france-prete-a-accompagner-la-modernisation-de-la-ville-de-yaounde","title":{"rendered":"Cameroun &#8211; Coop\u00e9ration: La France pr\u00eate \u00e0 accompagner la modernisation de la ville de Yaound\u00e9"},"content":{"rendered":"<p><span style=\"color: #ff6600\"><strong><a href=\"https:\/\/www.africa-press.net\/\">Africa-Press<\/a> &#8211; <a href=\"https:\/\/www.africa-press.net\/cameroun\">Cameroun<\/a>. <\/strong><\/span>Les deux personnalit\u00e9s se sont r\u00e9unies \u00e0 l\u2019h\u00f4tel de ville de Yaound\u00e9 pour parler du d\u00e9veloppement de la capitale du Cameroun. Si rien n\u2019a filtr\u00e9 de leur entrevue, le diplomate fran\u00e7ais a d\u00e9voil\u00e9 l\u2019objet de sa rencontre avec l\u2019\u00e9dile de Yaound\u00e9. \u00abNous menons des projets de coop\u00e9ration structurants \u00e0 la fois pour le transport, l\u2019assainissement, la voirie et c\u2019est de tout cela dont nous avons discut\u00e9. Le maire m\u2019a expos\u00e9 les d\u00e9fis, les grandes orientations et ses grandes priorit\u00e9s pour les ann\u00e9es \u00e0 venir au service de la population de la ville\u00bb, a confi\u00e9 Christophe Guilhou \u00e0 nos confr\u00e8res de la Crtv, la t\u00e9l\u00e9vision publique.<\/p>\n<p>Pour l\u2019instant, ni les projets retenus, ni leur co\u00fbt, encore moins le calendrier exact de leur ex\u00e9cution ne sont d\u00e9voil\u00e9s. Les deux parties camerounaise et fran\u00e7aise vont continuer les \u00e9changes en vue de d\u00e9finir les moyens de mise en \u0153uvre de cette coop\u00e9ration. L\u2019av\u00e8nement de la Coupe d\u2019Afrique des nations de football (CAN) 2022 qui se d\u00e9roulera l\u2019an prochain au Cameroun, avec une incidence sur la mobilit\u00e9 urbaine notamment, risque de d\u00e9clencher la r\u00e9alisation de certains projets, a-t-on appris.<\/p>\n<p>Elu maire de Yaound\u00e9 en mars 2020, Luc Messi Atangana a promis de poursuivre la modernisation de la capitale engag\u00e9e quelques ann\u00e9es auparavant par son pr\u00e9d\u00e9cesseur Gilbert Tsimi Evouna. Pour y parvenir, il compte sur une synergie d\u2019actions. Le soutien potentiel de la France \u00e0 la modernisation de Yaound\u00e9 est donc une bonne opportunit\u00e9. Rappelons que pour 2021, le budget de la Communaut\u00e9 urbaine de Yaound\u00e9 (CUY) est estim\u00e9 \u00e0 plus de 32 milliards de FCFA. Il sera consacr\u00e9 entre autres \u00e0 l\u2019entretien de la voirie municipale, la construction de tron\u00e7ons de route dans certains quartiers de la ville, des am\u00e9nagements paysagers&#8230;<\/p>\n","protected":false},"excerpt":{"rendered":"<p>Africa-Press &#8211; Cameroun. Les deux personnalit\u00e9s se sont r\u00e9unies \u00e0 l\u2019h\u00f4tel de ville de Yaound\u00e9 pour parler du d\u00e9veloppement de la capitale du Cameroun. Si rien n\u2019a filtr\u00e9 de leur entrevue, le diplomate fran\u00e7ais a d\u00e9voil\u00e9 l\u2019objet de sa rencontre avec l\u2019\u00e9dile de Yaound\u00e9. \u00abNous menons des projets de coop\u00e9ration structurants \u00e0 la fois pour [&hellip;]<\/p>\n","protected":false},"author":82,"featured_media":2537,"comment_status":"open","ping_status":"closed","sticky":false,"template":"","format":"standard","meta":{"footnotes":""},"categories":[3,11,10],"tags":[36,50,49],"class_list":["post-2538","post","type-post","status-publish","format-standard","has-post-thumbnail","hentry","category-economie","category-homepage-french","category-toutes-les-actualites","tag-africa-press","tag-africa-press-cameroun","tag-cameroun"],"yoast_head":"<!-- This site is optimized with the Yoast SEO Premium plugin v26.1 (Yoast SEO v27.0) - https:\/\/yoast.com\/product\/yoast-seo-premium-wordpress\/ -->\n<title>Cameroun - Coop\u00e9ration: La France pr\u00eate \u00e0 accompagner la modernisation de la ville de Yaound\u00e9 - Cameroun<\/title>\n<meta name=\"description\" content=\"Les deux personnalit\u00e9s se sont r\u00e9unies \u00e0 l\u2019h\u00f4tel de ville de Yaound\u00e9 pour parler du d\u00e9veloppement de la capitale du Came ...\" \/>\n<meta name=\"robots\" content=\"index, follow, max-snippet:-1, max-image-preview:large, max-video-preview:-1\" \/>\n<link rel=\"canonical\" href=\"https:\/\/www.africa-press.net\/cameroun\/economie\/cameroun-cooperation-la-france-prete-a-accompagner-la-modernisation-de-la-ville-de-yaounde\" \/>\n<meta property=\"og:locale\" content=\"fr_FR\" \/>\n<meta property=\"og:type\" content=\"article\" \/>\n<meta property=\"og:title\" content=\"Cameroun - Coop\u00e9ration: La France pr\u00eate \u00e0 accompagner la modernisation de la ville de Yaound\u00e9\" \/>\n<meta property=\"og:description\" content=\"Les deux personnalit\u00e9s se sont r\u00e9unies \u00e0 l\u2019h\u00f4tel de ville de Yaound\u00e9 pour parler du d\u00e9veloppement de la capitale du Came ...\" \/>\n<meta property=\"og:url\" content=\"https:\/\/www.africa-press.net\/cameroun\/economie\/cameroun-cooperation-la-france-prete-a-accompagner-la-modernisation-de-la-ville-de-yaounde\" \/>\n<meta property=\"og:site_name\" content=\"Cameroun\" \/>\n<meta property=\"article:published_time\" content=\"2021-04-26T17:21:19+00:00\" \/>\n<meta property=\"article:modified_time\" content=\"2021-04-26T19:07:30+00:00\" \/>\n<meta property=\"og:image\" content=\"https:\/\/static.africa-press.net\/cameroun\/sites\/57\/2021\/04\/img-60870f581d438.jpg\" \/>\n\t<meta property=\"og:image:width\" content=\"800\" \/>\n\t<meta property=\"og:image:height\" content=\"449\" \/>\n\t<meta property=\"og:image:type\" content=\"image\/jpeg\" \/>\n<meta name=\"author\" content=\"cfeditorfr\" \/>\n<meta name=\"twitter:card\" content=\"summary_large_image\" \/>\n<meta name=\"twitter:label1\" content=\"\u00c9crit par\" \/>\n\t<meta name=\"twitter:data1\" content=\"cfeditorfr\" \/>\n\t<meta name=\"twitter:label2\" content=\"Dur\u00e9e de lecture estim\u00e9e\" \/>\n\t<meta name=\"twitter:data2\" content=\"2 minutes\" \/>\n<script type=\"application\/ld+json\" class=\"yoast-schema-graph\">{\"@context\":\"https:\/\/schema.org\",\"@graph\":[{\"@type\":\"Article\",\"@id\":\"https:\/\/www.africa-press.net\/cameroun\/economie\/cameroun-cooperation-la-france-prete-a-accompagner-la-modernisation-de-la-ville-de-yaounde#article\",\"isPartOf\":{\"@id\":\"https:\/\/www.africa-press.net\/cameroun\/economie\/cameroun-cooperation-la-france-prete-a-accompagner-la-modernisation-de-la-ville-de-yaounde\"},\"author\":{\"name\":\"cfeditorfr\",\"@id\":\"https:\/\/www.africa-press.net\/cameroun\/#\/schema\/person\/2b1cf3cd81a31e3cd26889ca66d677f1\"},\"headline\":\"Cameroun &#8211; Coop\u00e9ration: La France pr\u00eate \u00e0 accompagner la modernisation de la ville de Yaound\u00e9\",\"datePublished\":\"2021-04-26T17:21:19+00:00\",\"dateModified\":\"2021-04-26T19:07:30+00:00\",\"mainEntityOfPage\":{\"@id\":\"https:\/\/www.africa-press.net\/cameroun\/economie\/cameroun-cooperation-la-france-prete-a-accompagner-la-modernisation-de-la-ville-de-yaounde\"},\"wordCount\":337,\"commentCount\":0,\"image\":{\"@id\":\"https:\/\/www.africa-press.net\/cameroun\/economie\/cameroun-cooperation-la-france-prete-a-accompagner-la-modernisation-de-la-ville-de-yaounde#primaryimage\"},\"thumbnailUrl\":\"https:\/\/static.africa-press.net\/cameroun\/sites\/57\/2021\/04\/img-60870f581d438.jpg\",\"keywords\":[\"Africa Press\",\"Africa Press-Cameroun\",\"Cameroun\"],\"articleSection\":[\"\u00c9conomie\",\"homepage-french\",\"Toutes les actualit\u00e9s\"],\"inLanguage\":\"fr-FR\",\"potentialAction\":[{\"@type\":\"CommentAction\",\"name\":\"Comment\",\"target\":[\"https:\/\/www.africa-press.net\/cameroun\/economie\/cameroun-cooperation-la-france-prete-a-accompagner-la-modernisation-de-la-ville-de-yaounde#respond\"]}]},{\"@type\":\"WebPage\",\"@id\":\"https:\/\/www.africa-press.net\/cameroun\/economie\/cameroun-cooperation-la-france-prete-a-accompagner-la-modernisation-de-la-ville-de-yaounde\",\"url\":\"https:\/\/www.africa-press.net\/cameroun\/economie\/cameroun-cooperation-la-france-prete-a-accompagner-la-modernisation-de-la-ville-de-yaounde\",\"name\":\"Cameroun - Coop\u00e9ration: La France pr\u00eate \u00e0 accompagner la modernisation de la ville de Yaound\u00e9 - Cameroun\",\"isPartOf\":{\"@id\":\"https:\/\/www.africa-press.net\/cameroun\/#website\"},\"primaryImageOfPage\":{\"@id\":\"https:\/\/www.africa-press.net\/cameroun\/economie\/cameroun-cooperation-la-france-prete-a-accompagner-la-modernisation-de-la-ville-de-yaounde#primaryimage\"},\"image\":{\"@id\":\"https:\/\/www.africa-press.net\/cameroun\/economie\/cameroun-cooperation-la-france-prete-a-accompagner-la-modernisation-de-la-ville-de-yaounde#primaryimage\"},\"thumbnailUrl\":\"https:\/\/static.africa-press.net\/cameroun\/sites\/57\/2021\/04\/img-60870f581d438.jpg\",\"datePublished\":\"2021-04-26T17:21:19+00:00\",\"dateModified\":\"2021-04-26T19:07:30+00:00\",\"author\":{\"@id\":\"https:\/\/www.africa-press.net\/cameroun\/#\/schema\/person\/2b1cf3cd81a31e3cd26889ca66d677f1\"},\"description\":\"Les deux personnalit\u00e9s se sont r\u00e9unies \u00e0 l\u2019h\u00f4tel de ville de Yaound\u00e9 pour parler du d\u00e9veloppement de la capitale du Came ...\",\"breadcrumb\":{\"@id\":\"https:\/\/www.africa-press.net\/cameroun\/economie\/cameroun-cooperation-la-france-prete-a-accompagner-la-modernisation-de-la-ville-de-yaounde#breadcrumb\"},\"inLanguage\":\"fr-FR\",\"potentialAction\":[{\"@type\":\"ReadAction\",\"target\":[\"https:\/\/www.africa-press.net\/cameroun\/economie\/cameroun-cooperation-la-france-prete-a-accompagner-la-modernisation-de-la-ville-de-yaounde\"]}]},{\"@type\":\"ImageObject\",\"inLanguage\":\"fr-FR\",\"@id\":\"https:\/\/www.africa-press.net\/cameroun\/economie\/cameroun-cooperation-la-france-prete-a-accompagner-la-modernisation-de-la-ville-de-yaounde#primaryimage\",\"url\":\"https:\/\/static.africa-press.net\/cameroun\/sites\/57\/2021\/04\/img-60870f581d438.jpg\",\"contentUrl\":\"https:\/\/static.africa-press.net\/cameroun\/sites\/57\/2021\/04\/img-60870f581d438.jpg\",\"width\":800,\"height\":449,\"caption\":\"Cameroun - Coop\u00e9ration: La France pr\u00eate \u00e0 accompagner la modernisation de la ville de Yaound\u00e9\"},{\"@type\":\"BreadcrumbList\",\"@id\":\"https:\/\/www.africa-press.net\/cameroun\/economie\/cameroun-cooperation-la-france-prete-a-accompagner-la-modernisation-de-la-ville-de-yaounde#breadcrumb\",\"itemListElement\":[{\"@type\":\"ListItem\",\"position\":1,\"name\":\"Accueil\",\"item\":\"https:\/\/www.africa-press.net\/cameroun\/\"},{\"@type\":\"ListItem\",\"position\":2,\"name\":\"Cameroun &#8211; Coop\u00e9ration: La France pr\u00eate \u00e0 accompagner la modernisation de la ville de Yaound\u00e9\"}]},{\"@type\":\"WebSite\",\"@id\":\"https:\/\/www.africa-press.net\/cameroun\/#website\",\"url\":\"https:\/\/www.africa-press.net\/cameroun\/\",\"name\":\"Cameroun\",\"description\":\"Just another Africa News Agency Sites site\",\"potentialAction\":[{\"@type\":\"SearchAction\",\"target\":{\"@type\":\"EntryPoint\",\"urlTemplate\":\"https:\/\/www.africa-press.net\/cameroun\/?s={search_term_string}\"},\"query-input\":{\"@type\":\"PropertyValueSpecification\",\"valueRequired\":true,\"valueName\":\"search_term_string\"}}],\"inLanguage\":\"fr-FR\"},{\"@type\":\"Person\",\"@id\":\"https:\/\/www.africa-press.net\/cameroun\/#\/schema\/person\/2b1cf3cd81a31e3cd26889ca66d677f1\",\"name\":\"cfeditorfr\"}]}<\/script>\n<!-- \/ Yoast SEO Premium plugin. -->","yoast_head_json":{"title":"Cameroun - Coop\u00e9ration: La France pr\u00eate \u00e0 accompagner la modernisation de la ville de Yaound\u00e9 - Cameroun","description":"Les deux personnalit\u00e9s se sont r\u00e9unies \u00e0 l\u2019h\u00f4tel de ville de Yaound\u00e9 pour parler du d\u00e9veloppement de la capitale du Came ...","robots":{"index":"index","follow":"follow","max-snippet":"max-snippet:-1","max-image-preview":"max-image-preview:large","max-video-preview":"max-video-preview:-1"},"canonical":"https:\/\/www.africa-press.net\/cameroun\/economie\/cameroun-cooperation-la-france-prete-a-accompagner-la-modernisation-de-la-ville-de-yaounde","og_locale":"fr_FR","og_type":"article","og_title":"Cameroun - Coop\u00e9ration: La France pr\u00eate \u00e0 accompagner la modernisation de la ville de Yaound\u00e9","og_description":"Les deux personnalit\u00e9s se sont r\u00e9unies \u00e0 l\u2019h\u00f4tel de ville de Yaound\u00e9 pour parler du d\u00e9veloppement de la capitale du Came ...","og_url":"https:\/\/www.africa-press.net\/cameroun\/economie\/cameroun-cooperation-la-france-prete-a-accompagner-la-modernisation-de-la-ville-de-yaounde","og_site_name":"Cameroun","article_published_time":"2021-04-26T17:21:19+00:00","article_modified_time":"2021-04-26T19:07:30+00:00","og_image":[{"width":800,"height":449,"url":"https:\/\/static.africa-press.net\/cameroun\/sites\/57\/2021\/04\/img-60870f581d438.jpg","type":"image\/jpeg"}],"author":"cfeditorfr","twitter_card":"summary_large_image","twitter_misc":{"\u00c9crit par":"cfeditorfr","Dur\u00e9e de lecture estim\u00e9e":"2 minutes"},"schema":{"@context":"https:\/\/schema.org","@graph":[{"@type":"Article","@id":"https:\/\/www.africa-press.net\/cameroun\/economie\/cameroun-cooperation-la-france-prete-a-accompagner-la-modernisation-de-la-ville-de-yaounde#article","isPartOf":{"@id":"https:\/\/www.africa-press.net\/cameroun\/economie\/cameroun-cooperation-la-france-prete-a-accompagner-la-modernisation-de-la-ville-de-yaounde"},"author":{"name":"cfeditorfr","@id":"https:\/\/www.africa-press.net\/cameroun\/#\/schema\/person\/2b1cf3cd81a31e3cd26889ca66d677f1"},"headline":"Cameroun &#8211; Coop\u00e9ration: La France pr\u00eate \u00e0 accompagner la modernisation de la ville de Yaound\u00e9","datePublished":"2021-04-26T17:21:19+00:00","dateModified":"2021-04-26T19:07:30+00:00","mainEntityOfPage":{"@id":"https:\/\/www.africa-press.net\/cameroun\/economie\/cameroun-cooperation-la-france-prete-a-accompagner-la-modernisation-de-la-ville-de-yaounde"},"wordCount":337,"commentCount":0,"image":{"@id":"https:\/\/www.africa-press.net\/cameroun\/economie\/cameroun-cooperation-la-france-prete-a-accompagner-la-modernisation-de-la-ville-de-yaounde#primaryimage"},"thumbnailUrl":"https:\/\/static.africa-press.net\/cameroun\/sites\/57\/2021\/04\/img-60870f581d438.jpg","keywords":["Africa Press","Africa Press-Cameroun","Cameroun"],"articleSection":["\u00c9conomie","homepage-french","Toutes les actualit\u00e9s"],"inLanguage":"fr-FR","potentialAction":[{"@type":"CommentAction","name":"Comment","target":["https:\/\/www.africa-press.net\/cameroun\/economie\/cameroun-cooperation-la-france-prete-a-accompagner-la-modernisation-de-la-ville-de-yaounde#respond"]}]},{"@type":"WebPage","@id":"https:\/\/www.africa-press.net\/cameroun\/economie\/cameroun-cooperation-la-france-prete-a-accompagner-la-modernisation-de-la-ville-de-yaounde","url":"https:\/\/www.africa-press.net\/cameroun\/economie\/cameroun-cooperation-la-france-prete-a-accompagner-la-modernisation-de-la-ville-de-yaounde","name":"Cameroun - Coop\u00e9ration: La France pr\u00eate \u00e0 accompagner la modernisation de la ville de Yaound\u00e9 - Cameroun","isPartOf":{"@id":"https:\/\/www.africa-press.net\/cameroun\/#website"},"primaryImageOfPage":{"@id":"https:\/\/www.africa-press.net\/cameroun\/economie\/cameroun-cooperation-la-france-prete-a-accompagner-la-modernisation-de-la-ville-de-yaounde#primaryimage"},"image":{"@id":"https:\/\/www.africa-press.net\/cameroun\/economie\/cameroun-cooperation-la-france-prete-a-accompagner-la-modernisation-de-la-ville-de-yaounde#primaryimage"},"thumbnailUrl":"https:\/\/static.africa-press.net\/cameroun\/sites\/57\/2021\/04\/img-60870f581d438.jpg","datePublished":"2021-04-26T17:21:19+00:00","dateModified":"2021-04-26T19:07:30+00:00","author":{"@id":"https:\/\/www.africa-press.net\/cameroun\/#\/schema\/person\/2b1cf3cd81a31e3cd26889ca66d677f1"},"description":"Les deux personnalit\u00e9s se sont r\u00e9unies \u00e0 l\u2019h\u00f4tel de ville de Yaound\u00e9 pour parler du d\u00e9veloppement de la capitale du Came ...","breadcrumb":{"@id":"https:\/\/www.africa-press.net\/cameroun\/economie\/cameroun-cooperation-la-france-prete-a-accompagner-la-modernisation-de-la-ville-de-yaounde#breadcrumb"},"inLanguage":"fr-FR","potentialAction":[{"@type":"ReadAction","target":["https:\/\/www.africa-press.net\/cameroun\/economie\/cameroun-cooperation-la-france-prete-a-accompagner-la-modernisation-de-la-ville-de-yaounde"]}]},{"@type":"ImageObject","inLanguage":"fr-FR","@id":"https:\/\/www.africa-press.net\/cameroun\/economie\/cameroun-cooperation-la-france-prete-a-accompagner-la-modernisation-de-la-ville-de-yaounde#primaryimage","url":"https:\/\/static.africa-press.net\/cameroun\/sites\/57\/2021\/04\/img-60870f581d438.jpg","contentUrl":"https:\/\/static.africa-press.net\/cameroun\/sites\/57\/2021\/04\/img-60870f581d438.jpg","width":800,"height":449,"caption":"Cameroun - Coop\u00e9ration: La France pr\u00eate \u00e0 accompagner la modernisation de la ville de Yaound\u00e9"},{"@type":"BreadcrumbList","@id":"https:\/\/www.africa-press.net\/cameroun\/economie\/cameroun-cooperation-la-france-prete-a-accompagner-la-modernisation-de-la-ville-de-yaounde#breadcrumb","itemListElement":[{"@type":"ListItem","position":1,"name":"Accueil","item":"https:\/\/www.africa-press.net\/cameroun\/"},{"@type":"ListItem","position":2,"name":"Cameroun &#8211; Coop\u00e9ration: La France pr\u00eate \u00e0 accompagner la modernisation de la ville de Yaound\u00e9"}]},{"@type":"WebSite","@id":"https:\/\/www.africa-press.net\/cameroun\/#website","url":"https:\/\/www.africa-press.net\/cameroun\/","name":"Cameroun","description":"Just another Africa News Agency Sites site","potentialAction":[{"@type":"SearchAction","target":{"@type":"EntryPoint","urlTemplate":"https:\/\/www.africa-press.net\/cameroun\/?s={search_term_string}"},"query-input":{"@type":"PropertyValueSpecification","valueRequired":true,"valueName":"search_term_string"}}],"inLanguage":"fr-FR"},{"@type":"Person","@id":"https:\/\/www.africa-press.net\/cameroun\/#\/schema\/person\/2b1cf3cd81a31e3cd26889ca66d677f1","name":"cfeditorfr"}]}},"_links":{"self":[{"href":"https:\/\/www.africa-press.net\/cameroun\/wp-json\/wp\/v2\/posts\/2538","targetHints":{"allow":["GET"]}}],"collection":[{"href":"https:\/\/www.africa-press.net\/cameroun\/wp-json\/wp\/v2\/posts"}],"about":[{"href":"https:\/\/www.africa-press.net\/cameroun\/wp-json\/wp\/v2\/types\/post"}],"author":[{"embeddable":true,"href":"https:\/\/www.africa-press.net\/cameroun\/wp-json\/wp\/v2\/users\/82"}],"replies":[{"embeddable":true,"href":"https:\/\/www.africa-press.net\/cameroun\/wp-json\/wp\/v2\/comments?post=2538"}],"version-history":[{"count":0,"href":"https:\/\/www.africa-press.net\/cameroun\/wp-json\/wp\/v2\/posts\/2538\/revisions"}],"wp:featuredmedia":[{"embeddable":true,"href":"https:\/\/www.africa-press.net\/cameroun\/wp-json\/wp\/v2\/media\/2537"}],"wp:attachment":[{"href":"https:\/\/www.africa-press.net\/cameroun\/wp-json\/wp\/v2\/media?parent=2538"}],"wp:term":[{"taxonomy":"category","embeddable":true,"href":"https:\/\/www.africa-press.net\/cameroun\/wp-json\/wp\/v2\/categories?post=2538"},{"taxonomy":"post_tag","embeddable":true,"href":"https:\/\/www.africa-press.net\/cameroun\/wp-json\/wp\/v2\/tags?post=2538"}],"curies":[{"name":"wp","href":"https:\/\/api.w.org\/{rel}","templated":true}]}}