{"id":25470,"date":"2022-08-17T15:53:19","date_gmt":"2022-08-17T15:53:19","guid":{"rendered":"https:\/\/www.africa-press.net\/cameroun\/politique\/cameroun-trois-nouveaux-morts-dans-un-site-minier-a-lest-2"},"modified":"2022-08-17T16:29:32","modified_gmt":"2022-08-17T16:29:32","slug":"cameroun-trois-nouveaux-morts-dans-un-site-minier-a-lest-2","status":"publish","type":"post","link":"https:\/\/www.africa-press.net\/cameroun\/toutes-les-actualites\/cameroun-trois-nouveaux-morts-dans-un-site-minier-a-lest-2","title":{"rendered":"Cameroun : trois nouveaux morts dans un site minier \u00e0 l\u2019Est"},"content":{"rendered":"<p><span style=\"color: #ff6600\"><strong>Africa-Press &#8211; Cameroun. <\/strong><\/span>Quelques semaines apr\u00e8s l\u2019interdiction de l\u2019exploitation dans la zone, de nouvelles victimes ont succomb\u00e9.<\/p>\n<p>Trois personnes sont mortes dans un \u00e9boulement de terre dans le chantier d\u2019or de Kambel\u00e9 III Boucaro, un site d\u2019exploitation mini\u00e8re appartenant \u00e0 une expatri\u00e9e chinoise, le 14 ao\u00fbt dernier.<\/p>\n<p>D\u2019apr\u00e8s la Radio communautaire de Batouri (RCB), chef-lieu du d\u00e9partement de la Kadey, les personnes d\u00e9c\u00e9d\u00e9es seraient les nomm\u00e9s : Ngangam Youssouf, \u00e2g\u00e9 de 36 ans\u2009; Ngambesso Geovanie, 17 ans et Charles Boumzina, 22 ans. La RCB, qui cite le commandant de la brigade territoriale de gendarmerie de Batouri, l\u2019adjudant-chef major Pierre Mirihoul, \u00ab\u2009Ces jeunes hommes se sont introduits dans ce trou d\u2019or pour voler du gravier minier dans ce chantier d\u2019or appartenant \u00e0 Madame LU. Seulement, ils ont \u00e9t\u00e9 surpris par cet \u00e9boulement de terre\u2009\u00bb.<\/p>\n<p>En plus des trois morts, quatre bless\u00e9s ont aussi \u00e9t\u00e9 enregistr\u00e9s. Ces nouvelles victimes p\u00e9rissent ainsi, alors que Djada\u00ee Yakouba, pr\u00e9fet de la Kadey a ordonn\u00e9 le 27 juillet 2022 l\u2019arr\u00eat des activit\u00e9s suscit\u00e9es dans la zone r\u00e9put\u00e9e aurif\u00e8re de Kamb\u00e9l\u00e9.<\/p>\n<p>Un arr\u00eat\u00e9 instruisant la cessation de toute activit\u00e9 mini\u00e8re dans la zone r\u00e9put\u00e9e aurif\u00e8re de Kamb\u00e9l\u00e9, dans la p\u00e9riph\u00e9rie de Batouri, r\u00e9gion de l\u2019Est.<\/p>\n<p>Entre autres raisons \u00e9voqu\u00e9es par l\u2019autorit\u00e9 administrative, les morts r\u00e9currentes de personnes par noyade et \u00e9boulement, du fait du non-respect des prescriptions environnementales en la mati\u00e8re, et les menaces de d\u00e9gradation de la route nationale num\u00e9ro 10, du fait de l\u2019obstruction du lit des cours d\u2019eau par les coul\u00e9es boueuses.<\/p>\n<p>Cette localit\u00e9 est en r\u00e9alit\u00e9 impliqu\u00e9e depuis plusieurs mois dans la mort de plusieurs personnes en qu\u00eate de mati\u00e8re pr\u00e9cieuse.<\/p>\n<p><strong>Pour plus d&rsquo;informations et d&rsquo;analyses sur la <a href=\"https:\/\/www.africa-press.net\/cameroun\">Cameroun<\/a>, suivez <a href=\"https:\/\/www.africa-press.net\/\">Africa-Press<\/a><\/strong><\/p>\n","protected":false},"excerpt":{"rendered":"<p>Africa-Press &#8211; Cameroun. Quelques semaines apr\u00e8s l\u2019interdiction de l\u2019exploitation dans la zone, de nouvelles victimes ont succomb\u00e9. Trois personnes sont mortes dans un \u00e9boulement de terre dans le chantier d\u2019or de Kambel\u00e9 III Boucaro, un site d\u2019exploitation mini\u00e8re appartenant \u00e0 une expatri\u00e9e chinoise, le 14 ao\u00fbt dernier. D\u2019apr\u00e8s la Radio communautaire de Batouri (RCB), chef-lieu [&hellip;]<\/p>\n","protected":false},"author":82,"featured_media":25469,"comment_status":"open","ping_status":"closed","sticky":false,"template":"","format":"standard","meta":{"footnotes":""},"categories":[21,11,10],"tags":[36,50,49],"class_list":["post-25470","post","type-post","status-publish","format-standard","has-post-thumbnail","hentry","category-communaute","category-homepage-french","category-toutes-les-actualites","tag-africa-press","tag-africa-press-cameroun","tag-cameroun"],"yoast_head":"<!-- This site is optimized with the Yoast SEO Premium plugin v26.1 (Yoast SEO v27.0) - https:\/\/yoast.com\/product\/yoast-seo-premium-wordpress\/ -->\n<title>Cameroun : trois nouveaux morts dans un site minier \u00e0 l\u2019Est - Cameroun<\/title>\n<meta name=\"description\" content=\"Quelques semaines apr\u00e8s l\u2019interdiction de l\u2019exploitation dans la zone, de nouvelles victimes ont succomb\u00e9. Trois person ...\" \/>\n<meta name=\"robots\" content=\"index, follow, max-snippet:-1, max-image-preview:large, max-video-preview:-1\" \/>\n<link rel=\"canonical\" href=\"https:\/\/www.africa-press.net\/cameroun\/toutes-les-actualites\/cameroun-trois-nouveaux-morts-dans-un-site-minier-a-lest-2\" \/>\n<meta property=\"og:locale\" content=\"fr_FR\" \/>\n<meta property=\"og:type\" content=\"article\" \/>\n<meta property=\"og:title\" content=\"Cameroun : trois nouveaux morts dans un site minier \u00e0 l\u2019Est\" \/>\n<meta property=\"og:description\" content=\"Quelques semaines apr\u00e8s l\u2019interdiction de l\u2019exploitation dans la zone, de nouvelles victimes ont succomb\u00e9. Trois person ...\" \/>\n<meta property=\"og:url\" content=\"https:\/\/www.africa-press.net\/cameroun\/toutes-les-actualites\/cameroun-trois-nouveaux-morts-dans-un-site-minier-a-lest-2\" \/>\n<meta property=\"og:site_name\" content=\"Cameroun\" \/>\n<meta property=\"article:published_time\" content=\"2022-08-17T15:53:19+00:00\" \/>\n<meta property=\"article:modified_time\" content=\"2022-08-17T16:29:32+00:00\" \/>\n<meta property=\"og:image\" content=\"https:\/\/static.africa-press.net\/cameroun\/sites\/57\/2022\/08\/img-62fd1753b42ea.jpg\" \/>\n\t<meta property=\"og:image:width\" content=\"1280\" \/>\n\t<meta property=\"og:image:height\" content=\"720\" \/>\n\t<meta property=\"og:image:type\" content=\"image\/jpeg\" \/>\n<meta name=\"author\" content=\"cfeditorfr\" \/>\n<meta name=\"twitter:card\" content=\"summary_large_image\" \/>\n<meta name=\"twitter:label1\" content=\"\u00c9crit par\" \/>\n\t<meta name=\"twitter:data1\" content=\"cfeditorfr\" \/>\n\t<meta name=\"twitter:label2\" content=\"Dur\u00e9e de lecture estim\u00e9e\" \/>\n\t<meta name=\"twitter:data2\" content=\"2 minutes\" \/>\n<script type=\"application\/ld+json\" class=\"yoast-schema-graph\">{\"@context\":\"https:\/\/schema.org\",\"@graph\":[{\"@type\":\"Article\",\"@id\":\"https:\/\/www.africa-press.net\/cameroun\/toutes-les-actualites\/cameroun-trois-nouveaux-morts-dans-un-site-minier-a-lest-2#article\",\"isPartOf\":{\"@id\":\"https:\/\/www.africa-press.net\/cameroun\/toutes-les-actualites\/cameroun-trois-nouveaux-morts-dans-un-site-minier-a-lest-2\"},\"author\":{\"name\":\"cfeditorfr\",\"@id\":\"https:\/\/www.africa-press.net\/cameroun\/#\/schema\/person\/2b1cf3cd81a31e3cd26889ca66d677f1\"},\"headline\":\"Cameroun : trois nouveaux morts dans un site minier \u00e0 l\u2019Est\",\"datePublished\":\"2022-08-17T15:53:19+00:00\",\"dateModified\":\"2022-08-17T16:29:32+00:00\",\"mainEntityOfPage\":{\"@id\":\"https:\/\/www.africa-press.net\/cameroun\/toutes-les-actualites\/cameroun-trois-nouveaux-morts-dans-un-site-minier-a-lest-2\"},\"wordCount\":334,\"commentCount\":0,\"image\":{\"@id\":\"https:\/\/www.africa-press.net\/cameroun\/toutes-les-actualites\/cameroun-trois-nouveaux-morts-dans-un-site-minier-a-lest-2#primaryimage\"},\"thumbnailUrl\":\"https:\/\/static.africa-press.net\/cameroun\/sites\/57\/2022\/08\/img-62fd1753b42ea.jpg\",\"keywords\":[\"Africa Press\",\"Africa Press-Cameroun\",\"Cameroun\"],\"articleSection\":[\"Communaut\u00e9\",\"homepage-french\",\"Toutes les actualit\u00e9s\"],\"inLanguage\":\"fr-FR\",\"potentialAction\":[{\"@type\":\"CommentAction\",\"name\":\"Comment\",\"target\":[\"https:\/\/www.africa-press.net\/cameroun\/toutes-les-actualites\/cameroun-trois-nouveaux-morts-dans-un-site-minier-a-lest-2#respond\"]}]},{\"@type\":\"WebPage\",\"@id\":\"https:\/\/www.africa-press.net\/cameroun\/toutes-les-actualites\/cameroun-trois-nouveaux-morts-dans-un-site-minier-a-lest-2\",\"url\":\"https:\/\/www.africa-press.net\/cameroun\/toutes-les-actualites\/cameroun-trois-nouveaux-morts-dans-un-site-minier-a-lest-2\",\"name\":\"Cameroun : trois nouveaux morts dans un site minier \u00e0 l\u2019Est - Cameroun\",\"isPartOf\":{\"@id\":\"https:\/\/www.africa-press.net\/cameroun\/#website\"},\"primaryImageOfPage\":{\"@id\":\"https:\/\/www.africa-press.net\/cameroun\/toutes-les-actualites\/cameroun-trois-nouveaux-morts-dans-un-site-minier-a-lest-2#primaryimage\"},\"image\":{\"@id\":\"https:\/\/www.africa-press.net\/cameroun\/toutes-les-actualites\/cameroun-trois-nouveaux-morts-dans-un-site-minier-a-lest-2#primaryimage\"},\"thumbnailUrl\":\"https:\/\/static.africa-press.net\/cameroun\/sites\/57\/2022\/08\/img-62fd1753b42ea.jpg\",\"datePublished\":\"2022-08-17T15:53:19+00:00\",\"dateModified\":\"2022-08-17T16:29:32+00:00\",\"author\":{\"@id\":\"https:\/\/www.africa-press.net\/cameroun\/#\/schema\/person\/2b1cf3cd81a31e3cd26889ca66d677f1\"},\"description\":\"Quelques semaines apr\u00e8s l\u2019interdiction de l\u2019exploitation dans la zone, de nouvelles victimes ont succomb\u00e9. Trois person ...\",\"breadcrumb\":{\"@id\":\"https:\/\/www.africa-press.net\/cameroun\/toutes-les-actualites\/cameroun-trois-nouveaux-morts-dans-un-site-minier-a-lest-2#breadcrumb\"},\"inLanguage\":\"fr-FR\",\"potentialAction\":[{\"@type\":\"ReadAction\",\"target\":[\"https:\/\/www.africa-press.net\/cameroun\/toutes-les-actualites\/cameroun-trois-nouveaux-morts-dans-un-site-minier-a-lest-2\"]}]},{\"@type\":\"ImageObject\",\"inLanguage\":\"fr-FR\",\"@id\":\"https:\/\/www.africa-press.net\/cameroun\/toutes-les-actualites\/cameroun-trois-nouveaux-morts-dans-un-site-minier-a-lest-2#primaryimage\",\"url\":\"https:\/\/static.africa-press.net\/cameroun\/sites\/57\/2022\/08\/img-62fd1753b42ea.jpg\",\"contentUrl\":\"https:\/\/static.africa-press.net\/cameroun\/sites\/57\/2022\/08\/img-62fd1753b42ea.jpg\",\"width\":1280,\"height\":720,\"caption\":\"Cameroun : trois nouveaux morts dans un site minier \u00e0 l\u2019Est\"},{\"@type\":\"BreadcrumbList\",\"@id\":\"https:\/\/www.africa-press.net\/cameroun\/toutes-les-actualites\/cameroun-trois-nouveaux-morts-dans-un-site-minier-a-lest-2#breadcrumb\",\"itemListElement\":[{\"@type\":\"ListItem\",\"position\":1,\"name\":\"Accueil\",\"item\":\"https:\/\/www.africa-press.net\/cameroun\/\"},{\"@type\":\"ListItem\",\"position\":2,\"name\":\"Cameroun : trois nouveaux morts dans un site minier \u00e0 l\u2019Est\"}]},{\"@type\":\"WebSite\",\"@id\":\"https:\/\/www.africa-press.net\/cameroun\/#website\",\"url\":\"https:\/\/www.africa-press.net\/cameroun\/\",\"name\":\"Cameroun\",\"description\":\"Just another Africa News Agency Sites site\",\"potentialAction\":[{\"@type\":\"SearchAction\",\"target\":{\"@type\":\"EntryPoint\",\"urlTemplate\":\"https:\/\/www.africa-press.net\/cameroun\/?s={search_term_string}\"},\"query-input\":{\"@type\":\"PropertyValueSpecification\",\"valueRequired\":true,\"valueName\":\"search_term_string\"}}],\"inLanguage\":\"fr-FR\"},{\"@type\":\"Person\",\"@id\":\"https:\/\/www.africa-press.net\/cameroun\/#\/schema\/person\/2b1cf3cd81a31e3cd26889ca66d677f1\",\"name\":\"cfeditorfr\"}]}<\/script>\n<!-- \/ Yoast SEO Premium plugin. -->","yoast_head_json":{"title":"Cameroun : trois nouveaux morts dans un site minier \u00e0 l\u2019Est - Cameroun","description":"Quelques semaines apr\u00e8s l\u2019interdiction de l\u2019exploitation dans la zone, de nouvelles victimes ont succomb\u00e9. Trois person ...","robots":{"index":"index","follow":"follow","max-snippet":"max-snippet:-1","max-image-preview":"max-image-preview:large","max-video-preview":"max-video-preview:-1"},"canonical":"https:\/\/www.africa-press.net\/cameroun\/toutes-les-actualites\/cameroun-trois-nouveaux-morts-dans-un-site-minier-a-lest-2","og_locale":"fr_FR","og_type":"article","og_title":"Cameroun : trois nouveaux morts dans un site minier \u00e0 l\u2019Est","og_description":"Quelques semaines apr\u00e8s l\u2019interdiction de l\u2019exploitation dans la zone, de nouvelles victimes ont succomb\u00e9. Trois person ...","og_url":"https:\/\/www.africa-press.net\/cameroun\/toutes-les-actualites\/cameroun-trois-nouveaux-morts-dans-un-site-minier-a-lest-2","og_site_name":"Cameroun","article_published_time":"2022-08-17T15:53:19+00:00","article_modified_time":"2022-08-17T16:29:32+00:00","og_image":[{"width":1280,"height":720,"url":"https:\/\/static.africa-press.net\/cameroun\/sites\/57\/2022\/08\/img-62fd1753b42ea.jpg","type":"image\/jpeg"}],"author":"cfeditorfr","twitter_card":"summary_large_image","twitter_misc":{"\u00c9crit par":"cfeditorfr","Dur\u00e9e de lecture estim\u00e9e":"2 minutes"},"schema":{"@context":"https:\/\/schema.org","@graph":[{"@type":"Article","@id":"https:\/\/www.africa-press.net\/cameroun\/toutes-les-actualites\/cameroun-trois-nouveaux-morts-dans-un-site-minier-a-lest-2#article","isPartOf":{"@id":"https:\/\/www.africa-press.net\/cameroun\/toutes-les-actualites\/cameroun-trois-nouveaux-morts-dans-un-site-minier-a-lest-2"},"author":{"name":"cfeditorfr","@id":"https:\/\/www.africa-press.net\/cameroun\/#\/schema\/person\/2b1cf3cd81a31e3cd26889ca66d677f1"},"headline":"Cameroun : trois nouveaux morts dans un site minier \u00e0 l\u2019Est","datePublished":"2022-08-17T15:53:19+00:00","dateModified":"2022-08-17T16:29:32+00:00","mainEntityOfPage":{"@id":"https:\/\/www.africa-press.net\/cameroun\/toutes-les-actualites\/cameroun-trois-nouveaux-morts-dans-un-site-minier-a-lest-2"},"wordCount":334,"commentCount":0,"image":{"@id":"https:\/\/www.africa-press.net\/cameroun\/toutes-les-actualites\/cameroun-trois-nouveaux-morts-dans-un-site-minier-a-lest-2#primaryimage"},"thumbnailUrl":"https:\/\/static.africa-press.net\/cameroun\/sites\/57\/2022\/08\/img-62fd1753b42ea.jpg","keywords":["Africa Press","Africa Press-Cameroun","Cameroun"],"articleSection":["Communaut\u00e9","homepage-french","Toutes les actualit\u00e9s"],"inLanguage":"fr-FR","potentialAction":[{"@type":"CommentAction","name":"Comment","target":["https:\/\/www.africa-press.net\/cameroun\/toutes-les-actualites\/cameroun-trois-nouveaux-morts-dans-un-site-minier-a-lest-2#respond"]}]},{"@type":"WebPage","@id":"https:\/\/www.africa-press.net\/cameroun\/toutes-les-actualites\/cameroun-trois-nouveaux-morts-dans-un-site-minier-a-lest-2","url":"https:\/\/www.africa-press.net\/cameroun\/toutes-les-actualites\/cameroun-trois-nouveaux-morts-dans-un-site-minier-a-lest-2","name":"Cameroun : trois nouveaux morts dans un site minier \u00e0 l\u2019Est - Cameroun","isPartOf":{"@id":"https:\/\/www.africa-press.net\/cameroun\/#website"},"primaryImageOfPage":{"@id":"https:\/\/www.africa-press.net\/cameroun\/toutes-les-actualites\/cameroun-trois-nouveaux-morts-dans-un-site-minier-a-lest-2#primaryimage"},"image":{"@id":"https:\/\/www.africa-press.net\/cameroun\/toutes-les-actualites\/cameroun-trois-nouveaux-morts-dans-un-site-minier-a-lest-2#primaryimage"},"thumbnailUrl":"https:\/\/static.africa-press.net\/cameroun\/sites\/57\/2022\/08\/img-62fd1753b42ea.jpg","datePublished":"2022-08-17T15:53:19+00:00","dateModified":"2022-08-17T16:29:32+00:00","author":{"@id":"https:\/\/www.africa-press.net\/cameroun\/#\/schema\/person\/2b1cf3cd81a31e3cd26889ca66d677f1"},"description":"Quelques semaines apr\u00e8s l\u2019interdiction de l\u2019exploitation dans la zone, de nouvelles victimes ont succomb\u00e9. Trois person ...","breadcrumb":{"@id":"https:\/\/www.africa-press.net\/cameroun\/toutes-les-actualites\/cameroun-trois-nouveaux-morts-dans-un-site-minier-a-lest-2#breadcrumb"},"inLanguage":"fr-FR","potentialAction":[{"@type":"ReadAction","target":["https:\/\/www.africa-press.net\/cameroun\/toutes-les-actualites\/cameroun-trois-nouveaux-morts-dans-un-site-minier-a-lest-2"]}]},{"@type":"ImageObject","inLanguage":"fr-FR","@id":"https:\/\/www.africa-press.net\/cameroun\/toutes-les-actualites\/cameroun-trois-nouveaux-morts-dans-un-site-minier-a-lest-2#primaryimage","url":"https:\/\/static.africa-press.net\/cameroun\/sites\/57\/2022\/08\/img-62fd1753b42ea.jpg","contentUrl":"https:\/\/static.africa-press.net\/cameroun\/sites\/57\/2022\/08\/img-62fd1753b42ea.jpg","width":1280,"height":720,"caption":"Cameroun : trois nouveaux morts dans un site minier \u00e0 l\u2019Est"},{"@type":"BreadcrumbList","@id":"https:\/\/www.africa-press.net\/cameroun\/toutes-les-actualites\/cameroun-trois-nouveaux-morts-dans-un-site-minier-a-lest-2#breadcrumb","itemListElement":[{"@type":"ListItem","position":1,"name":"Accueil","item":"https:\/\/www.africa-press.net\/cameroun\/"},{"@type":"ListItem","position":2,"name":"Cameroun : trois nouveaux morts dans un site minier \u00e0 l\u2019Est"}]},{"@type":"WebSite","@id":"https:\/\/www.africa-press.net\/cameroun\/#website","url":"https:\/\/www.africa-press.net\/cameroun\/","name":"Cameroun","description":"Just another Africa News Agency Sites site","potentialAction":[{"@type":"SearchAction","target":{"@type":"EntryPoint","urlTemplate":"https:\/\/www.africa-press.net\/cameroun\/?s={search_term_string}"},"query-input":{"@type":"PropertyValueSpecification","valueRequired":true,"valueName":"search_term_string"}}],"inLanguage":"fr-FR"},{"@type":"Person","@id":"https:\/\/www.africa-press.net\/cameroun\/#\/schema\/person\/2b1cf3cd81a31e3cd26889ca66d677f1","name":"cfeditorfr"}]}},"_links":{"self":[{"href":"https:\/\/www.africa-press.net\/cameroun\/wp-json\/wp\/v2\/posts\/25470","targetHints":{"allow":["GET"]}}],"collection":[{"href":"https:\/\/www.africa-press.net\/cameroun\/wp-json\/wp\/v2\/posts"}],"about":[{"href":"https:\/\/www.africa-press.net\/cameroun\/wp-json\/wp\/v2\/types\/post"}],"author":[{"embeddable":true,"href":"https:\/\/www.africa-press.net\/cameroun\/wp-json\/wp\/v2\/users\/82"}],"replies":[{"embeddable":true,"href":"https:\/\/www.africa-press.net\/cameroun\/wp-json\/wp\/v2\/comments?post=25470"}],"version-history":[{"count":0,"href":"https:\/\/www.africa-press.net\/cameroun\/wp-json\/wp\/v2\/posts\/25470\/revisions"}],"wp:featuredmedia":[{"embeddable":true,"href":"https:\/\/www.africa-press.net\/cameroun\/wp-json\/wp\/v2\/media\/25469"}],"wp:attachment":[{"href":"https:\/\/www.africa-press.net\/cameroun\/wp-json\/wp\/v2\/media?parent=25470"}],"wp:term":[{"taxonomy":"category","embeddable":true,"href":"https:\/\/www.africa-press.net\/cameroun\/wp-json\/wp\/v2\/categories?post=25470"},{"taxonomy":"post_tag","embeddable":true,"href":"https:\/\/www.africa-press.net\/cameroun\/wp-json\/wp\/v2\/tags?post=25470"}],"curies":[{"name":"wp","href":"https:\/\/api.w.org\/{rel}","templated":true}]}}