{"id":2562,"date":"2021-04-26T18:20:43","date_gmt":"2021-04-26T18:20:43","guid":{"rendered":"https:\/\/www.africa-press.net\/cameroun\/politique\/cameroun-communaute-urbaine-de-douala-le-nouveau-secretaire-general-prend-fonction"},"modified":"2021-04-26T19:12:55","modified_gmt":"2021-04-26T19:12:55","slug":"cameroun-communaute-urbaine-de-douala-le-nouveau-secretaire-general-prend-fonction","status":"publish","type":"post","link":"https:\/\/www.africa-press.net\/cameroun\/politique\/cameroun-communaute-urbaine-de-douala-le-nouveau-secretaire-general-prend-fonction","title":{"rendered":"Cameroun &#8211; Communaut\u00e9 urbaine de Douala: Le nouveau secr\u00e9taire g\u00e9n\u00e9ral prend fonction"},"content":{"rendered":"<p><span style=\"color: #ff6600\"><strong><a href=\"https:\/\/www.africa-press.net\/\">Africa-Press<\/a> &#8211; <a href=\"https:\/\/www.africa-press.net\/cameroun\">Cameroun<\/a>. <\/strong><\/span>Pr\u00e8s de deux semaines apr\u00e8s sa nomination, Armand Charles Metha est en poste. Le nouveau secr\u00e9taire g\u00e9n\u00e9ral de la Communaut\u00e9 urbaine de Douala (CUD) a \u00e9t\u00e9 install\u00e9 dans ses fonctions le 22 avril dernier par le maire de Douala, Roger Mbassa Ndine. Il remplace Georges Libert\u00e9 Wangue, mut\u00e9 \u00e0 la Communaut\u00e9 urbaine de Nkongsamba, chef-lieu du d\u00e9partement du Moungo, toujours dans le Littoral.<\/p>\n<p>Le maire de Douala a qualifi\u00e9 le nouveau promu d\u2019homme d\u2019exp\u00e9rience et de d\u00e9fis en lui recommandant discipline et esprit d\u2019\u00e9quipe. Il a tenu toutefois \u00e0 lancer une piqure de rappel \u00e0 son tout proche collaborateur. \u00ab N\u2019oubliez jamais que le secr\u00e9taire g\u00e9n\u00e9ral n\u2019est ni maire, ni maire adjoint. Il ne d\u00e9finit pas les services qui lui doivent \u00eatre attach\u00e9s. Il doit par principe s\u2019abstenir de toute critique publique vis-\u00e0-vis du maire \u00bb, a pr\u00e9cis\u00e9 Roger Mbassa Ndine.<\/p>\n<p>R\u00e9agissant \u00e0 cette nouvelle fonction, \u00ab mon travail est d\u2019accompagner le maire au quotidien dans la qu\u00eate permanente de l\u2019am\u00e9lioration du cadre de vie des populations de Douala qui sont les principaux b\u00e9n\u00e9ficiaires du processus de d\u00e9centralisation tel que pense le chef de l\u2019Etat. J\u2019ose croire qu\u2019avec l\u2019encadrement de ma hi\u00e9rarchie et l\u2019accompagnement de mes collaborateurs, je serai \u00e0 la hauteur de la tr\u00e8s haute confiance que le pr\u00e9sident de la R\u00e9publique a voulu placer en moi \u00bb, souhaite Armand Charles Metha.<\/p>\n<p>Cet inspecteur des r\u00e9gies financi\u00e8res comptabilit\u00e9 mati\u00e8re, \u00e9tait pr\u00e9c\u00e9demment sous-directeur des \u00e9quipements et de la maintenance au minist\u00e8re de la D\u00e9centralisation et du D\u00e9veloppement local, avant sa nomination \u00e0 la CUD. Il a \u00e9t\u00e9 nomm\u00e9 le 9 avril dernier par Paul Biya, au m\u00eame titre que trois autres secr\u00e9taires g\u00e9n\u00e9raux des communaut\u00e9s urbaines de Nkongsamba, Bamenda (Nord-Ouest) et Bertoua (Est).<\/p>\n","protected":false},"excerpt":{"rendered":"<p>Africa-Press &#8211; Cameroun. Pr\u00e8s de deux semaines apr\u00e8s sa nomination, Armand Charles Metha est en poste. Le nouveau secr\u00e9taire g\u00e9n\u00e9ral de la Communaut\u00e9 urbaine de Douala (CUD) a \u00e9t\u00e9 install\u00e9 dans ses fonctions le 22 avril dernier par le maire de Douala, Roger Mbassa Ndine. Il remplace Georges Libert\u00e9 Wangue, mut\u00e9 \u00e0 la Communaut\u00e9 urbaine [&hellip;]<\/p>\n","protected":false},"author":82,"featured_media":2561,"comment_status":"open","ping_status":"closed","sticky":false,"template":"","format":"standard","meta":{"footnotes":""},"categories":[11,2,10],"tags":[36,50,49],"class_list":["post-2562","post","type-post","status-publish","format-standard","has-post-thumbnail","hentry","category-homepage-french","category-politique","category-toutes-les-actualites","tag-africa-press","tag-africa-press-cameroun","tag-cameroun"],"yoast_head":"<!-- This site is optimized with the Yoast SEO Premium plugin v26.1 (Yoast SEO v27.0) - https:\/\/yoast.com\/product\/yoast-seo-premium-wordpress\/ -->\n<title>Cameroun - Communaut\u00e9 urbaine de Douala: Le nouveau secr\u00e9taire g\u00e9n\u00e9ral prend fonction - Cameroun<\/title>\n<meta name=\"description\" content=\"Pr\u00e8s de deux semaines apr\u00e8s sa nomination, Armand Charles Metha est en poste. Le nouveau secr\u00e9taire g\u00e9n\u00e9ral de la Commun ...\" \/>\n<meta name=\"robots\" content=\"index, follow, max-snippet:-1, max-image-preview:large, max-video-preview:-1\" \/>\n<link rel=\"canonical\" href=\"https:\/\/www.africa-press.net\/cameroun\/politique\/cameroun-communaute-urbaine-de-douala-le-nouveau-secretaire-general-prend-fonction\" \/>\n<meta property=\"og:locale\" content=\"fr_FR\" \/>\n<meta property=\"og:type\" content=\"article\" \/>\n<meta property=\"og:title\" content=\"Cameroun - Communaut\u00e9 urbaine de Douala: Le nouveau secr\u00e9taire g\u00e9n\u00e9ral prend fonction\" \/>\n<meta property=\"og:description\" content=\"Pr\u00e8s de deux semaines apr\u00e8s sa nomination, Armand Charles Metha est en poste. Le nouveau secr\u00e9taire g\u00e9n\u00e9ral de la Commun ...\" \/>\n<meta property=\"og:url\" content=\"https:\/\/www.africa-press.net\/cameroun\/politique\/cameroun-communaute-urbaine-de-douala-le-nouveau-secretaire-general-prend-fonction\" \/>\n<meta property=\"og:site_name\" content=\"Cameroun\" \/>\n<meta property=\"article:published_time\" content=\"2021-04-26T18:20:43+00:00\" \/>\n<meta property=\"article:modified_time\" content=\"2021-04-26T19:12:55+00:00\" \/>\n<meta property=\"og:image\" content=\"https:\/\/static.africa-press.net\/cameroun\/sites\/57\/2021\/04\/img-6087109da1159.jpg\" \/>\n\t<meta property=\"og:image:width\" content=\"800\" \/>\n\t<meta property=\"og:image:height\" content=\"800\" \/>\n\t<meta property=\"og:image:type\" content=\"image\/jpeg\" \/>\n<meta name=\"author\" content=\"cfeditorfr\" \/>\n<meta name=\"twitter:card\" content=\"summary_large_image\" \/>\n<meta name=\"twitter:label1\" content=\"\u00c9crit par\" \/>\n\t<meta name=\"twitter:data1\" content=\"cfeditorfr\" \/>\n\t<meta name=\"twitter:label2\" content=\"Dur\u00e9e de lecture estim\u00e9e\" \/>\n\t<meta name=\"twitter:data2\" content=\"2 minutes\" \/>\n<script type=\"application\/ld+json\" class=\"yoast-schema-graph\">{\"@context\":\"https:\/\/schema.org\",\"@graph\":[{\"@type\":\"Article\",\"@id\":\"https:\/\/www.africa-press.net\/cameroun\/politique\/cameroun-communaute-urbaine-de-douala-le-nouveau-secretaire-general-prend-fonction#article\",\"isPartOf\":{\"@id\":\"https:\/\/www.africa-press.net\/cameroun\/politique\/cameroun-communaute-urbaine-de-douala-le-nouveau-secretaire-general-prend-fonction\"},\"author\":{\"name\":\"cfeditorfr\",\"@id\":\"https:\/\/www.africa-press.net\/cameroun\/#\/schema\/person\/2b1cf3cd81a31e3cd26889ca66d677f1\"},\"headline\":\"Cameroun &#8211; Communaut\u00e9 urbaine de Douala: Le nouveau secr\u00e9taire g\u00e9n\u00e9ral prend fonction\",\"datePublished\":\"2021-04-26T18:20:43+00:00\",\"dateModified\":\"2021-04-26T19:12:55+00:00\",\"mainEntityOfPage\":{\"@id\":\"https:\/\/www.africa-press.net\/cameroun\/politique\/cameroun-communaute-urbaine-de-douala-le-nouveau-secretaire-general-prend-fonction\"},\"wordCount\":340,\"commentCount\":0,\"image\":{\"@id\":\"https:\/\/www.africa-press.net\/cameroun\/politique\/cameroun-communaute-urbaine-de-douala-le-nouveau-secretaire-general-prend-fonction#primaryimage\"},\"thumbnailUrl\":\"https:\/\/static.africa-press.net\/cameroun\/sites\/57\/2021\/04\/img-6087109da1159.jpg\",\"keywords\":[\"Africa Press\",\"Africa Press-Cameroun\",\"Cameroun\"],\"articleSection\":[\"homepage-french\",\"Politique\",\"Toutes les actualit\u00e9s\"],\"inLanguage\":\"fr-FR\",\"potentialAction\":[{\"@type\":\"CommentAction\",\"name\":\"Comment\",\"target\":[\"https:\/\/www.africa-press.net\/cameroun\/politique\/cameroun-communaute-urbaine-de-douala-le-nouveau-secretaire-general-prend-fonction#respond\"]}]},{\"@type\":\"WebPage\",\"@id\":\"https:\/\/www.africa-press.net\/cameroun\/politique\/cameroun-communaute-urbaine-de-douala-le-nouveau-secretaire-general-prend-fonction\",\"url\":\"https:\/\/www.africa-press.net\/cameroun\/politique\/cameroun-communaute-urbaine-de-douala-le-nouveau-secretaire-general-prend-fonction\",\"name\":\"Cameroun - Communaut\u00e9 urbaine de Douala: Le nouveau secr\u00e9taire g\u00e9n\u00e9ral prend fonction - Cameroun\",\"isPartOf\":{\"@id\":\"https:\/\/www.africa-press.net\/cameroun\/#website\"},\"primaryImageOfPage\":{\"@id\":\"https:\/\/www.africa-press.net\/cameroun\/politique\/cameroun-communaute-urbaine-de-douala-le-nouveau-secretaire-general-prend-fonction#primaryimage\"},\"image\":{\"@id\":\"https:\/\/www.africa-press.net\/cameroun\/politique\/cameroun-communaute-urbaine-de-douala-le-nouveau-secretaire-general-prend-fonction#primaryimage\"},\"thumbnailUrl\":\"https:\/\/static.africa-press.net\/cameroun\/sites\/57\/2021\/04\/img-6087109da1159.jpg\",\"datePublished\":\"2021-04-26T18:20:43+00:00\",\"dateModified\":\"2021-04-26T19:12:55+00:00\",\"author\":{\"@id\":\"https:\/\/www.africa-press.net\/cameroun\/#\/schema\/person\/2b1cf3cd81a31e3cd26889ca66d677f1\"},\"description\":\"Pr\u00e8s de deux semaines apr\u00e8s sa nomination, Armand Charles Metha est en poste. Le nouveau secr\u00e9taire g\u00e9n\u00e9ral de la Commun ...\",\"breadcrumb\":{\"@id\":\"https:\/\/www.africa-press.net\/cameroun\/politique\/cameroun-communaute-urbaine-de-douala-le-nouveau-secretaire-general-prend-fonction#breadcrumb\"},\"inLanguage\":\"fr-FR\",\"potentialAction\":[{\"@type\":\"ReadAction\",\"target\":[\"https:\/\/www.africa-press.net\/cameroun\/politique\/cameroun-communaute-urbaine-de-douala-le-nouveau-secretaire-general-prend-fonction\"]}]},{\"@type\":\"ImageObject\",\"inLanguage\":\"fr-FR\",\"@id\":\"https:\/\/www.africa-press.net\/cameroun\/politique\/cameroun-communaute-urbaine-de-douala-le-nouveau-secretaire-general-prend-fonction#primaryimage\",\"url\":\"https:\/\/static.africa-press.net\/cameroun\/sites\/57\/2021\/04\/img-6087109da1159.jpg\",\"contentUrl\":\"https:\/\/static.africa-press.net\/cameroun\/sites\/57\/2021\/04\/img-6087109da1159.jpg\",\"width\":800,\"height\":800,\"caption\":\"Cameroun - Communaut\u00e9 urbaine de Douala: Le nouveau secr\u00e9taire g\u00e9n\u00e9ral prend fonction\"},{\"@type\":\"BreadcrumbList\",\"@id\":\"https:\/\/www.africa-press.net\/cameroun\/politique\/cameroun-communaute-urbaine-de-douala-le-nouveau-secretaire-general-prend-fonction#breadcrumb\",\"itemListElement\":[{\"@type\":\"ListItem\",\"position\":1,\"name\":\"Accueil\",\"item\":\"https:\/\/www.africa-press.net\/cameroun\/\"},{\"@type\":\"ListItem\",\"position\":2,\"name\":\"Cameroun &#8211; Communaut\u00e9 urbaine de Douala: Le nouveau secr\u00e9taire g\u00e9n\u00e9ral prend fonction\"}]},{\"@type\":\"WebSite\",\"@id\":\"https:\/\/www.africa-press.net\/cameroun\/#website\",\"url\":\"https:\/\/www.africa-press.net\/cameroun\/\",\"name\":\"Cameroun\",\"description\":\"Just another Africa News Agency Sites site\",\"potentialAction\":[{\"@type\":\"SearchAction\",\"target\":{\"@type\":\"EntryPoint\",\"urlTemplate\":\"https:\/\/www.africa-press.net\/cameroun\/?s={search_term_string}\"},\"query-input\":{\"@type\":\"PropertyValueSpecification\",\"valueRequired\":true,\"valueName\":\"search_term_string\"}}],\"inLanguage\":\"fr-FR\"},{\"@type\":\"Person\",\"@id\":\"https:\/\/www.africa-press.net\/cameroun\/#\/schema\/person\/2b1cf3cd81a31e3cd26889ca66d677f1\",\"name\":\"cfeditorfr\"}]}<\/script>\n<!-- \/ Yoast SEO Premium plugin. -->","yoast_head_json":{"title":"Cameroun - Communaut\u00e9 urbaine de Douala: Le nouveau secr\u00e9taire g\u00e9n\u00e9ral prend fonction - Cameroun","description":"Pr\u00e8s de deux semaines apr\u00e8s sa nomination, Armand Charles Metha est en poste. Le nouveau secr\u00e9taire g\u00e9n\u00e9ral de la Commun ...","robots":{"index":"index","follow":"follow","max-snippet":"max-snippet:-1","max-image-preview":"max-image-preview:large","max-video-preview":"max-video-preview:-1"},"canonical":"https:\/\/www.africa-press.net\/cameroun\/politique\/cameroun-communaute-urbaine-de-douala-le-nouveau-secretaire-general-prend-fonction","og_locale":"fr_FR","og_type":"article","og_title":"Cameroun - Communaut\u00e9 urbaine de Douala: Le nouveau secr\u00e9taire g\u00e9n\u00e9ral prend fonction","og_description":"Pr\u00e8s de deux semaines apr\u00e8s sa nomination, Armand Charles Metha est en poste. Le nouveau secr\u00e9taire g\u00e9n\u00e9ral de la Commun ...","og_url":"https:\/\/www.africa-press.net\/cameroun\/politique\/cameroun-communaute-urbaine-de-douala-le-nouveau-secretaire-general-prend-fonction","og_site_name":"Cameroun","article_published_time":"2021-04-26T18:20:43+00:00","article_modified_time":"2021-04-26T19:12:55+00:00","og_image":[{"width":800,"height":800,"url":"https:\/\/static.africa-press.net\/cameroun\/sites\/57\/2021\/04\/img-6087109da1159.jpg","type":"image\/jpeg"}],"author":"cfeditorfr","twitter_card":"summary_large_image","twitter_misc":{"\u00c9crit par":"cfeditorfr","Dur\u00e9e de lecture estim\u00e9e":"2 minutes"},"schema":{"@context":"https:\/\/schema.org","@graph":[{"@type":"Article","@id":"https:\/\/www.africa-press.net\/cameroun\/politique\/cameroun-communaute-urbaine-de-douala-le-nouveau-secretaire-general-prend-fonction#article","isPartOf":{"@id":"https:\/\/www.africa-press.net\/cameroun\/politique\/cameroun-communaute-urbaine-de-douala-le-nouveau-secretaire-general-prend-fonction"},"author":{"name":"cfeditorfr","@id":"https:\/\/www.africa-press.net\/cameroun\/#\/schema\/person\/2b1cf3cd81a31e3cd26889ca66d677f1"},"headline":"Cameroun &#8211; Communaut\u00e9 urbaine de Douala: Le nouveau secr\u00e9taire g\u00e9n\u00e9ral prend fonction","datePublished":"2021-04-26T18:20:43+00:00","dateModified":"2021-04-26T19:12:55+00:00","mainEntityOfPage":{"@id":"https:\/\/www.africa-press.net\/cameroun\/politique\/cameroun-communaute-urbaine-de-douala-le-nouveau-secretaire-general-prend-fonction"},"wordCount":340,"commentCount":0,"image":{"@id":"https:\/\/www.africa-press.net\/cameroun\/politique\/cameroun-communaute-urbaine-de-douala-le-nouveau-secretaire-general-prend-fonction#primaryimage"},"thumbnailUrl":"https:\/\/static.africa-press.net\/cameroun\/sites\/57\/2021\/04\/img-6087109da1159.jpg","keywords":["Africa Press","Africa Press-Cameroun","Cameroun"],"articleSection":["homepage-french","Politique","Toutes les actualit\u00e9s"],"inLanguage":"fr-FR","potentialAction":[{"@type":"CommentAction","name":"Comment","target":["https:\/\/www.africa-press.net\/cameroun\/politique\/cameroun-communaute-urbaine-de-douala-le-nouveau-secretaire-general-prend-fonction#respond"]}]},{"@type":"WebPage","@id":"https:\/\/www.africa-press.net\/cameroun\/politique\/cameroun-communaute-urbaine-de-douala-le-nouveau-secretaire-general-prend-fonction","url":"https:\/\/www.africa-press.net\/cameroun\/politique\/cameroun-communaute-urbaine-de-douala-le-nouveau-secretaire-general-prend-fonction","name":"Cameroun - Communaut\u00e9 urbaine de Douala: Le nouveau secr\u00e9taire g\u00e9n\u00e9ral prend fonction - Cameroun","isPartOf":{"@id":"https:\/\/www.africa-press.net\/cameroun\/#website"},"primaryImageOfPage":{"@id":"https:\/\/www.africa-press.net\/cameroun\/politique\/cameroun-communaute-urbaine-de-douala-le-nouveau-secretaire-general-prend-fonction#primaryimage"},"image":{"@id":"https:\/\/www.africa-press.net\/cameroun\/politique\/cameroun-communaute-urbaine-de-douala-le-nouveau-secretaire-general-prend-fonction#primaryimage"},"thumbnailUrl":"https:\/\/static.africa-press.net\/cameroun\/sites\/57\/2021\/04\/img-6087109da1159.jpg","datePublished":"2021-04-26T18:20:43+00:00","dateModified":"2021-04-26T19:12:55+00:00","author":{"@id":"https:\/\/www.africa-press.net\/cameroun\/#\/schema\/person\/2b1cf3cd81a31e3cd26889ca66d677f1"},"description":"Pr\u00e8s de deux semaines apr\u00e8s sa nomination, Armand Charles Metha est en poste. Le nouveau secr\u00e9taire g\u00e9n\u00e9ral de la Commun ...","breadcrumb":{"@id":"https:\/\/www.africa-press.net\/cameroun\/politique\/cameroun-communaute-urbaine-de-douala-le-nouveau-secretaire-general-prend-fonction#breadcrumb"},"inLanguage":"fr-FR","potentialAction":[{"@type":"ReadAction","target":["https:\/\/www.africa-press.net\/cameroun\/politique\/cameroun-communaute-urbaine-de-douala-le-nouveau-secretaire-general-prend-fonction"]}]},{"@type":"ImageObject","inLanguage":"fr-FR","@id":"https:\/\/www.africa-press.net\/cameroun\/politique\/cameroun-communaute-urbaine-de-douala-le-nouveau-secretaire-general-prend-fonction#primaryimage","url":"https:\/\/static.africa-press.net\/cameroun\/sites\/57\/2021\/04\/img-6087109da1159.jpg","contentUrl":"https:\/\/static.africa-press.net\/cameroun\/sites\/57\/2021\/04\/img-6087109da1159.jpg","width":800,"height":800,"caption":"Cameroun - Communaut\u00e9 urbaine de Douala: Le nouveau secr\u00e9taire g\u00e9n\u00e9ral prend fonction"},{"@type":"BreadcrumbList","@id":"https:\/\/www.africa-press.net\/cameroun\/politique\/cameroun-communaute-urbaine-de-douala-le-nouveau-secretaire-general-prend-fonction#breadcrumb","itemListElement":[{"@type":"ListItem","position":1,"name":"Accueil","item":"https:\/\/www.africa-press.net\/cameroun\/"},{"@type":"ListItem","position":2,"name":"Cameroun &#8211; Communaut\u00e9 urbaine de Douala: Le nouveau secr\u00e9taire g\u00e9n\u00e9ral prend fonction"}]},{"@type":"WebSite","@id":"https:\/\/www.africa-press.net\/cameroun\/#website","url":"https:\/\/www.africa-press.net\/cameroun\/","name":"Cameroun","description":"Just another Africa News Agency Sites site","potentialAction":[{"@type":"SearchAction","target":{"@type":"EntryPoint","urlTemplate":"https:\/\/www.africa-press.net\/cameroun\/?s={search_term_string}"},"query-input":{"@type":"PropertyValueSpecification","valueRequired":true,"valueName":"search_term_string"}}],"inLanguage":"fr-FR"},{"@type":"Person","@id":"https:\/\/www.africa-press.net\/cameroun\/#\/schema\/person\/2b1cf3cd81a31e3cd26889ca66d677f1","name":"cfeditorfr"}]}},"_links":{"self":[{"href":"https:\/\/www.africa-press.net\/cameroun\/wp-json\/wp\/v2\/posts\/2562","targetHints":{"allow":["GET"]}}],"collection":[{"href":"https:\/\/www.africa-press.net\/cameroun\/wp-json\/wp\/v2\/posts"}],"about":[{"href":"https:\/\/www.africa-press.net\/cameroun\/wp-json\/wp\/v2\/types\/post"}],"author":[{"embeddable":true,"href":"https:\/\/www.africa-press.net\/cameroun\/wp-json\/wp\/v2\/users\/82"}],"replies":[{"embeddable":true,"href":"https:\/\/www.africa-press.net\/cameroun\/wp-json\/wp\/v2\/comments?post=2562"}],"version-history":[{"count":0,"href":"https:\/\/www.africa-press.net\/cameroun\/wp-json\/wp\/v2\/posts\/2562\/revisions"}],"wp:featuredmedia":[{"embeddable":true,"href":"https:\/\/www.africa-press.net\/cameroun\/wp-json\/wp\/v2\/media\/2561"}],"wp:attachment":[{"href":"https:\/\/www.africa-press.net\/cameroun\/wp-json\/wp\/v2\/media?parent=2562"}],"wp:term":[{"taxonomy":"category","embeddable":true,"href":"https:\/\/www.africa-press.net\/cameroun\/wp-json\/wp\/v2\/categories?post=2562"},{"taxonomy":"post_tag","embeddable":true,"href":"https:\/\/www.africa-press.net\/cameroun\/wp-json\/wp\/v2\/tags?post=2562"}],"curies":[{"name":"wp","href":"https:\/\/api.w.org\/{rel}","templated":true}]}}