{"id":2565,"date":"2021-04-26T18:29:25","date_gmt":"2021-04-26T18:29:25","guid":{"rendered":"https:\/\/www.africa-press.net\/cameroun\/politique\/cameroun-gestion-de-linitiative-survie-cameroon-penda-ekoka-explique-la-raison-de-sa-colere"},"modified":"2021-04-26T19:13:36","modified_gmt":"2021-04-26T19:13:36","slug":"cameroun-gestion-de-linitiative-survie-cameroon-penda-ekoka-explique-la-raison-de-sa-colere","status":"publish","type":"post","link":"https:\/\/www.africa-press.net\/cameroun\/politique\/cameroun-gestion-de-linitiative-survie-cameroon-penda-ekoka-explique-la-raison-de-sa-colere","title":{"rendered":"Cameroun &#8211; Gestion de l\u2019initiative Survie Cameroon: Penda Ekoka explique la raison de sa col\u00e8re"},"content":{"rendered":"<p><span style=\"color: #ff6600\"><strong><a href=\"https:\/\/www.africa-press.net\/\">Africa-Press<\/a> &#8211; <a href=\"https:\/\/www.africa-press.net\/cameroun\">Cameroun<\/a>. <\/strong><\/span>Ces temps, le courant ne passe pas entre l\u2019opposant Maurice Kamto et son alli\u00e9 politique, Christian Penda Ekoka. A l\u2019origine, la gestion de Survie Cameroon Survival Initiative (SCSI), une op\u00e9ration de lev\u00e9e des fonds, lanc\u00e9e en 2020 par le leader du MRC (Mouvement pour la Renaissance du Cameroun) pour soutenir la lutte contre le COVID-19.<\/p>\n<p>Si ce malaise couvait jusque-l\u00e0, il est apparu au grand jour \u00e0 l\u2019occasion de la publication du deuxi\u00e8me audit de SCSI, r\u00e9alis\u00e9e par un consortium de trois soci\u00e9t\u00e9s internationales.<\/p>\n<p>Le 22 avril 2021, M. Kamto \u00e9tait face \u00e0 la presse pour apporter des clarifications \u00e0 la suite de la sortie dudit rapport. A la question de savoir pourquoi M. Penda Ekoka n\u2019avait pas r\u00e9pondu aux questions des auditeurs, l\u2019opposant a r\u00e9pondu: \u00abil faut lui poser la question, moi je ne saurais r\u00e9pondre \u00e0 cette question\u00bb, avant de poursuivre: \u00abJe ne suis pas un gendarme, donc je n\u2019ai aucun moyen contrainte sur qui que ce soit pour l\u2019obliger \u00e0 r\u00e9pondre \u00e0 une question qu\u2019on lui pose ou pas dans le cadre d\u2019une activit\u00e9 qu\u2019il a men\u00e9e. Je constate comme vous, qu\u2019il n\u2019y a pas r\u00e9pondu, j\u2019en prends acte\u00bb.<\/p>\n<p>Quelques jours plus tard, une courte vid\u00e9o de l\u2019ancien conseiller \u00e9conomique du Pr\u00e9sident Paul Biya a fuit\u00e9 sur Internet. Christian Penda Ekoka y estime que l\u2019excuse du \u00abbug informatique\u00bb est l\u00e9g\u00e8re comme explications face aux donateurs de SCSI.<\/p>\n<p>En rappel, pour justifier un trou de plus de 215,6 millions de FCFA, constat\u00e9 entre les montants collect\u00e9s et les donn\u00e9es affich\u00e9es sur la plateforme de collecte des fonds, Maurice Kamto, citant les conclusions du nouvel audit, a invoqu\u00e9 un \u00abbug informatique\u00bb.<\/p>\n","protected":false},"excerpt":{"rendered":"<p>Africa-Press &#8211; Cameroun. Ces temps, le courant ne passe pas entre l\u2019opposant Maurice Kamto et son alli\u00e9 politique, Christian Penda Ekoka. A l\u2019origine, la gestion de Survie Cameroon Survival Initiative (SCSI), une op\u00e9ration de lev\u00e9e des fonds, lanc\u00e9e en 2020 par le leader du MRC (Mouvement pour la Renaissance du Cameroun) pour soutenir la lutte [&hellip;]<\/p>\n","protected":false},"author":82,"featured_media":2564,"comment_status":"open","ping_status":"closed","sticky":false,"template":"","format":"standard","meta":{"footnotes":""},"categories":[11,2,10],"tags":[36,50,49],"class_list":["post-2565","post","type-post","status-publish","format-standard","has-post-thumbnail","hentry","category-homepage-french","category-politique","category-toutes-les-actualites","tag-africa-press","tag-africa-press-cameroun","tag-cameroun"],"yoast_head":"<!-- This site is optimized with the Yoast SEO Premium plugin v26.1 (Yoast SEO v27.0) - https:\/\/yoast.com\/product\/yoast-seo-premium-wordpress\/ -->\n<title>Cameroun - Gestion de l\u2019initiative Survie Cameroon: Penda Ekoka explique la raison de sa col\u00e8re - Cameroun<\/title>\n<meta name=\"description\" content=\"Ces temps, le courant ne passe pas entre l\u2019opposant Maurice Kamto et son alli\u00e9 politique, Christian Penda Ekoka. A l\u2019ori ...\" \/>\n<meta name=\"robots\" content=\"index, follow, max-snippet:-1, max-image-preview:large, max-video-preview:-1\" \/>\n<link rel=\"canonical\" href=\"https:\/\/www.africa-press.net\/cameroun\/politique\/cameroun-gestion-de-linitiative-survie-cameroon-penda-ekoka-explique-la-raison-de-sa-colere\" \/>\n<meta property=\"og:locale\" content=\"fr_FR\" \/>\n<meta property=\"og:type\" content=\"article\" \/>\n<meta property=\"og:title\" content=\"Cameroun - Gestion de l\u2019initiative Survie Cameroon: Penda Ekoka explique la raison de sa col\u00e8re\" \/>\n<meta property=\"og:description\" content=\"Ces temps, le courant ne passe pas entre l\u2019opposant Maurice Kamto et son alli\u00e9 politique, Christian Penda Ekoka. A l\u2019ori ...\" \/>\n<meta property=\"og:url\" content=\"https:\/\/www.africa-press.net\/cameroun\/politique\/cameroun-gestion-de-linitiative-survie-cameroon-penda-ekoka-explique-la-raison-de-sa-colere\" \/>\n<meta property=\"og:site_name\" content=\"Cameroun\" \/>\n<meta property=\"article:published_time\" content=\"2021-04-26T18:29:25+00:00\" \/>\n<meta property=\"article:modified_time\" content=\"2021-04-26T19:13:36+00:00\" \/>\n<meta property=\"og:image\" content=\"https:\/\/static.africa-press.net\/cameroun\/sites\/57\/2021\/04\/img-608710c58e0d4.jpg\" \/>\n\t<meta property=\"og:image:width\" content=\"800\" \/>\n\t<meta property=\"og:image:height\" content=\"575\" \/>\n\t<meta property=\"og:image:type\" content=\"image\/jpeg\" \/>\n<meta name=\"author\" content=\"cfeditorfr\" \/>\n<meta name=\"twitter:card\" content=\"summary_large_image\" \/>\n<meta name=\"twitter:label1\" content=\"\u00c9crit par\" \/>\n\t<meta name=\"twitter:data1\" content=\"cfeditorfr\" \/>\n\t<meta name=\"twitter:label2\" content=\"Dur\u00e9e de lecture estim\u00e9e\" \/>\n\t<meta name=\"twitter:data2\" content=\"2 minutes\" \/>\n<script type=\"application\/ld+json\" class=\"yoast-schema-graph\">{\"@context\":\"https:\/\/schema.org\",\"@graph\":[{\"@type\":\"Article\",\"@id\":\"https:\/\/www.africa-press.net\/cameroun\/politique\/cameroun-gestion-de-linitiative-survie-cameroon-penda-ekoka-explique-la-raison-de-sa-colere#article\",\"isPartOf\":{\"@id\":\"https:\/\/www.africa-press.net\/cameroun\/politique\/cameroun-gestion-de-linitiative-survie-cameroon-penda-ekoka-explique-la-raison-de-sa-colere\"},\"author\":{\"name\":\"cfeditorfr\",\"@id\":\"https:\/\/www.africa-press.net\/cameroun\/#\/schema\/person\/2b1cf3cd81a31e3cd26889ca66d677f1\"},\"headline\":\"Cameroun &#8211; Gestion de l\u2019initiative Survie Cameroon: Penda Ekoka explique la raison de sa col\u00e8re\",\"datePublished\":\"2021-04-26T18:29:25+00:00\",\"dateModified\":\"2021-04-26T19:13:36+00:00\",\"mainEntityOfPage\":{\"@id\":\"https:\/\/www.africa-press.net\/cameroun\/politique\/cameroun-gestion-de-linitiative-survie-cameroon-penda-ekoka-explique-la-raison-de-sa-colere\"},\"wordCount\":318,\"commentCount\":0,\"image\":{\"@id\":\"https:\/\/www.africa-press.net\/cameroun\/politique\/cameroun-gestion-de-linitiative-survie-cameroon-penda-ekoka-explique-la-raison-de-sa-colere#primaryimage\"},\"thumbnailUrl\":\"https:\/\/static.africa-press.net\/cameroun\/sites\/57\/2021\/04\/img-608710c58e0d4.jpg\",\"keywords\":[\"Africa Press\",\"Africa Press-Cameroun\",\"Cameroun\"],\"articleSection\":[\"homepage-french\",\"Politique\",\"Toutes les actualit\u00e9s\"],\"inLanguage\":\"fr-FR\",\"potentialAction\":[{\"@type\":\"CommentAction\",\"name\":\"Comment\",\"target\":[\"https:\/\/www.africa-press.net\/cameroun\/politique\/cameroun-gestion-de-linitiative-survie-cameroon-penda-ekoka-explique-la-raison-de-sa-colere#respond\"]}]},{\"@type\":\"WebPage\",\"@id\":\"https:\/\/www.africa-press.net\/cameroun\/politique\/cameroun-gestion-de-linitiative-survie-cameroon-penda-ekoka-explique-la-raison-de-sa-colere\",\"url\":\"https:\/\/www.africa-press.net\/cameroun\/politique\/cameroun-gestion-de-linitiative-survie-cameroon-penda-ekoka-explique-la-raison-de-sa-colere\",\"name\":\"Cameroun - Gestion de l\u2019initiative Survie Cameroon: Penda Ekoka explique la raison de sa col\u00e8re - Cameroun\",\"isPartOf\":{\"@id\":\"https:\/\/www.africa-press.net\/cameroun\/#website\"},\"primaryImageOfPage\":{\"@id\":\"https:\/\/www.africa-press.net\/cameroun\/politique\/cameroun-gestion-de-linitiative-survie-cameroon-penda-ekoka-explique-la-raison-de-sa-colere#primaryimage\"},\"image\":{\"@id\":\"https:\/\/www.africa-press.net\/cameroun\/politique\/cameroun-gestion-de-linitiative-survie-cameroon-penda-ekoka-explique-la-raison-de-sa-colere#primaryimage\"},\"thumbnailUrl\":\"https:\/\/static.africa-press.net\/cameroun\/sites\/57\/2021\/04\/img-608710c58e0d4.jpg\",\"datePublished\":\"2021-04-26T18:29:25+00:00\",\"dateModified\":\"2021-04-26T19:13:36+00:00\",\"author\":{\"@id\":\"https:\/\/www.africa-press.net\/cameroun\/#\/schema\/person\/2b1cf3cd81a31e3cd26889ca66d677f1\"},\"description\":\"Ces temps, le courant ne passe pas entre l\u2019opposant Maurice Kamto et son alli\u00e9 politique, Christian Penda Ekoka. A l\u2019ori ...\",\"breadcrumb\":{\"@id\":\"https:\/\/www.africa-press.net\/cameroun\/politique\/cameroun-gestion-de-linitiative-survie-cameroon-penda-ekoka-explique-la-raison-de-sa-colere#breadcrumb\"},\"inLanguage\":\"fr-FR\",\"potentialAction\":[{\"@type\":\"ReadAction\",\"target\":[\"https:\/\/www.africa-press.net\/cameroun\/politique\/cameroun-gestion-de-linitiative-survie-cameroon-penda-ekoka-explique-la-raison-de-sa-colere\"]}]},{\"@type\":\"ImageObject\",\"inLanguage\":\"fr-FR\",\"@id\":\"https:\/\/www.africa-press.net\/cameroun\/politique\/cameroun-gestion-de-linitiative-survie-cameroon-penda-ekoka-explique-la-raison-de-sa-colere#primaryimage\",\"url\":\"https:\/\/static.africa-press.net\/cameroun\/sites\/57\/2021\/04\/img-608710c58e0d4.jpg\",\"contentUrl\":\"https:\/\/static.africa-press.net\/cameroun\/sites\/57\/2021\/04\/img-608710c58e0d4.jpg\",\"width\":800,\"height\":575,\"caption\":\"Cameroun - Gestion de l\u2019initiative Survie Cameroon: Penda Ekoka explique la raison de sa col\u00e8re\"},{\"@type\":\"BreadcrumbList\",\"@id\":\"https:\/\/www.africa-press.net\/cameroun\/politique\/cameroun-gestion-de-linitiative-survie-cameroon-penda-ekoka-explique-la-raison-de-sa-colere#breadcrumb\",\"itemListElement\":[{\"@type\":\"ListItem\",\"position\":1,\"name\":\"Accueil\",\"item\":\"https:\/\/www.africa-press.net\/cameroun\/\"},{\"@type\":\"ListItem\",\"position\":2,\"name\":\"Cameroun &#8211; Gestion de l\u2019initiative Survie Cameroon: Penda Ekoka explique la raison de sa col\u00e8re\"}]},{\"@type\":\"WebSite\",\"@id\":\"https:\/\/www.africa-press.net\/cameroun\/#website\",\"url\":\"https:\/\/www.africa-press.net\/cameroun\/\",\"name\":\"Cameroun\",\"description\":\"Just another Africa News Agency Sites site\",\"potentialAction\":[{\"@type\":\"SearchAction\",\"target\":{\"@type\":\"EntryPoint\",\"urlTemplate\":\"https:\/\/www.africa-press.net\/cameroun\/?s={search_term_string}\"},\"query-input\":{\"@type\":\"PropertyValueSpecification\",\"valueRequired\":true,\"valueName\":\"search_term_string\"}}],\"inLanguage\":\"fr-FR\"},{\"@type\":\"Person\",\"@id\":\"https:\/\/www.africa-press.net\/cameroun\/#\/schema\/person\/2b1cf3cd81a31e3cd26889ca66d677f1\",\"name\":\"cfeditorfr\"}]}<\/script>\n<!-- \/ Yoast SEO Premium plugin. -->","yoast_head_json":{"title":"Cameroun - Gestion de l\u2019initiative Survie Cameroon: Penda Ekoka explique la raison de sa col\u00e8re - Cameroun","description":"Ces temps, le courant ne passe pas entre l\u2019opposant Maurice Kamto et son alli\u00e9 politique, Christian Penda Ekoka. A l\u2019ori ...","robots":{"index":"index","follow":"follow","max-snippet":"max-snippet:-1","max-image-preview":"max-image-preview:large","max-video-preview":"max-video-preview:-1"},"canonical":"https:\/\/www.africa-press.net\/cameroun\/politique\/cameroun-gestion-de-linitiative-survie-cameroon-penda-ekoka-explique-la-raison-de-sa-colere","og_locale":"fr_FR","og_type":"article","og_title":"Cameroun - Gestion de l\u2019initiative Survie Cameroon: Penda Ekoka explique la raison de sa col\u00e8re","og_description":"Ces temps, le courant ne passe pas entre l\u2019opposant Maurice Kamto et son alli\u00e9 politique, Christian Penda Ekoka. A l\u2019ori ...","og_url":"https:\/\/www.africa-press.net\/cameroun\/politique\/cameroun-gestion-de-linitiative-survie-cameroon-penda-ekoka-explique-la-raison-de-sa-colere","og_site_name":"Cameroun","article_published_time":"2021-04-26T18:29:25+00:00","article_modified_time":"2021-04-26T19:13:36+00:00","og_image":[{"width":800,"height":575,"url":"https:\/\/static.africa-press.net\/cameroun\/sites\/57\/2021\/04\/img-608710c58e0d4.jpg","type":"image\/jpeg"}],"author":"cfeditorfr","twitter_card":"summary_large_image","twitter_misc":{"\u00c9crit par":"cfeditorfr","Dur\u00e9e de lecture estim\u00e9e":"2 minutes"},"schema":{"@context":"https:\/\/schema.org","@graph":[{"@type":"Article","@id":"https:\/\/www.africa-press.net\/cameroun\/politique\/cameroun-gestion-de-linitiative-survie-cameroon-penda-ekoka-explique-la-raison-de-sa-colere#article","isPartOf":{"@id":"https:\/\/www.africa-press.net\/cameroun\/politique\/cameroun-gestion-de-linitiative-survie-cameroon-penda-ekoka-explique-la-raison-de-sa-colere"},"author":{"name":"cfeditorfr","@id":"https:\/\/www.africa-press.net\/cameroun\/#\/schema\/person\/2b1cf3cd81a31e3cd26889ca66d677f1"},"headline":"Cameroun &#8211; Gestion de l\u2019initiative Survie Cameroon: Penda Ekoka explique la raison de sa col\u00e8re","datePublished":"2021-04-26T18:29:25+00:00","dateModified":"2021-04-26T19:13:36+00:00","mainEntityOfPage":{"@id":"https:\/\/www.africa-press.net\/cameroun\/politique\/cameroun-gestion-de-linitiative-survie-cameroon-penda-ekoka-explique-la-raison-de-sa-colere"},"wordCount":318,"commentCount":0,"image":{"@id":"https:\/\/www.africa-press.net\/cameroun\/politique\/cameroun-gestion-de-linitiative-survie-cameroon-penda-ekoka-explique-la-raison-de-sa-colere#primaryimage"},"thumbnailUrl":"https:\/\/static.africa-press.net\/cameroun\/sites\/57\/2021\/04\/img-608710c58e0d4.jpg","keywords":["Africa Press","Africa Press-Cameroun","Cameroun"],"articleSection":["homepage-french","Politique","Toutes les actualit\u00e9s"],"inLanguage":"fr-FR","potentialAction":[{"@type":"CommentAction","name":"Comment","target":["https:\/\/www.africa-press.net\/cameroun\/politique\/cameroun-gestion-de-linitiative-survie-cameroon-penda-ekoka-explique-la-raison-de-sa-colere#respond"]}]},{"@type":"WebPage","@id":"https:\/\/www.africa-press.net\/cameroun\/politique\/cameroun-gestion-de-linitiative-survie-cameroon-penda-ekoka-explique-la-raison-de-sa-colere","url":"https:\/\/www.africa-press.net\/cameroun\/politique\/cameroun-gestion-de-linitiative-survie-cameroon-penda-ekoka-explique-la-raison-de-sa-colere","name":"Cameroun - Gestion de l\u2019initiative Survie Cameroon: Penda Ekoka explique la raison de sa col\u00e8re - Cameroun","isPartOf":{"@id":"https:\/\/www.africa-press.net\/cameroun\/#website"},"primaryImageOfPage":{"@id":"https:\/\/www.africa-press.net\/cameroun\/politique\/cameroun-gestion-de-linitiative-survie-cameroon-penda-ekoka-explique-la-raison-de-sa-colere#primaryimage"},"image":{"@id":"https:\/\/www.africa-press.net\/cameroun\/politique\/cameroun-gestion-de-linitiative-survie-cameroon-penda-ekoka-explique-la-raison-de-sa-colere#primaryimage"},"thumbnailUrl":"https:\/\/static.africa-press.net\/cameroun\/sites\/57\/2021\/04\/img-608710c58e0d4.jpg","datePublished":"2021-04-26T18:29:25+00:00","dateModified":"2021-04-26T19:13:36+00:00","author":{"@id":"https:\/\/www.africa-press.net\/cameroun\/#\/schema\/person\/2b1cf3cd81a31e3cd26889ca66d677f1"},"description":"Ces temps, le courant ne passe pas entre l\u2019opposant Maurice Kamto et son alli\u00e9 politique, Christian Penda Ekoka. A l\u2019ori ...","breadcrumb":{"@id":"https:\/\/www.africa-press.net\/cameroun\/politique\/cameroun-gestion-de-linitiative-survie-cameroon-penda-ekoka-explique-la-raison-de-sa-colere#breadcrumb"},"inLanguage":"fr-FR","potentialAction":[{"@type":"ReadAction","target":["https:\/\/www.africa-press.net\/cameroun\/politique\/cameroun-gestion-de-linitiative-survie-cameroon-penda-ekoka-explique-la-raison-de-sa-colere"]}]},{"@type":"ImageObject","inLanguage":"fr-FR","@id":"https:\/\/www.africa-press.net\/cameroun\/politique\/cameroun-gestion-de-linitiative-survie-cameroon-penda-ekoka-explique-la-raison-de-sa-colere#primaryimage","url":"https:\/\/static.africa-press.net\/cameroun\/sites\/57\/2021\/04\/img-608710c58e0d4.jpg","contentUrl":"https:\/\/static.africa-press.net\/cameroun\/sites\/57\/2021\/04\/img-608710c58e0d4.jpg","width":800,"height":575,"caption":"Cameroun - Gestion de l\u2019initiative Survie Cameroon: Penda Ekoka explique la raison de sa col\u00e8re"},{"@type":"BreadcrumbList","@id":"https:\/\/www.africa-press.net\/cameroun\/politique\/cameroun-gestion-de-linitiative-survie-cameroon-penda-ekoka-explique-la-raison-de-sa-colere#breadcrumb","itemListElement":[{"@type":"ListItem","position":1,"name":"Accueil","item":"https:\/\/www.africa-press.net\/cameroun\/"},{"@type":"ListItem","position":2,"name":"Cameroun &#8211; Gestion de l\u2019initiative Survie Cameroon: Penda Ekoka explique la raison de sa col\u00e8re"}]},{"@type":"WebSite","@id":"https:\/\/www.africa-press.net\/cameroun\/#website","url":"https:\/\/www.africa-press.net\/cameroun\/","name":"Cameroun","description":"Just another Africa News Agency Sites site","potentialAction":[{"@type":"SearchAction","target":{"@type":"EntryPoint","urlTemplate":"https:\/\/www.africa-press.net\/cameroun\/?s={search_term_string}"},"query-input":{"@type":"PropertyValueSpecification","valueRequired":true,"valueName":"search_term_string"}}],"inLanguage":"fr-FR"},{"@type":"Person","@id":"https:\/\/www.africa-press.net\/cameroun\/#\/schema\/person\/2b1cf3cd81a31e3cd26889ca66d677f1","name":"cfeditorfr"}]}},"_links":{"self":[{"href":"https:\/\/www.africa-press.net\/cameroun\/wp-json\/wp\/v2\/posts\/2565","targetHints":{"allow":["GET"]}}],"collection":[{"href":"https:\/\/www.africa-press.net\/cameroun\/wp-json\/wp\/v2\/posts"}],"about":[{"href":"https:\/\/www.africa-press.net\/cameroun\/wp-json\/wp\/v2\/types\/post"}],"author":[{"embeddable":true,"href":"https:\/\/www.africa-press.net\/cameroun\/wp-json\/wp\/v2\/users\/82"}],"replies":[{"embeddable":true,"href":"https:\/\/www.africa-press.net\/cameroun\/wp-json\/wp\/v2\/comments?post=2565"}],"version-history":[{"count":0,"href":"https:\/\/www.africa-press.net\/cameroun\/wp-json\/wp\/v2\/posts\/2565\/revisions"}],"wp:featuredmedia":[{"embeddable":true,"href":"https:\/\/www.africa-press.net\/cameroun\/wp-json\/wp\/v2\/media\/2564"}],"wp:attachment":[{"href":"https:\/\/www.africa-press.net\/cameroun\/wp-json\/wp\/v2\/media?parent=2565"}],"wp:term":[{"taxonomy":"category","embeddable":true,"href":"https:\/\/www.africa-press.net\/cameroun\/wp-json\/wp\/v2\/categories?post=2565"},{"taxonomy":"post_tag","embeddable":true,"href":"https:\/\/www.africa-press.net\/cameroun\/wp-json\/wp\/v2\/tags?post=2565"}],"curies":[{"name":"wp","href":"https:\/\/api.w.org\/{rel}","templated":true}]}}