{"id":2571,"date":"2021-04-26T18:44:38","date_gmt":"2021-04-26T18:44:38","guid":{"rendered":"https:\/\/www.africa-press.net\/cameroun\/politique\/le-cameroun-celebre-20-ans-de-telephonie-mobile"},"modified":"2021-04-26T19:14:51","modified_gmt":"2021-04-26T19:14:51","slug":"le-cameroun-celebre-20-ans-de-telephonie-mobile","status":"publish","type":"post","link":"https:\/\/www.africa-press.net\/cameroun\/toutes-les-actualites\/le-cameroun-celebre-20-ans-de-telephonie-mobile","title":{"rendered":"Le Cameroun c\u00e9l\u00e8bre  20 ans de t\u00e9l\u00e9phonie mobile"},"content":{"rendered":"<p><span style=\"color: #ff6600\"><strong><a href=\"https:\/\/www.africa-press.net\/\">Africa-Press<\/a> &#8211; <a href=\"https:\/\/www.africa-press.net\/cameroun\">Cameroun<\/a>. <\/strong><\/span>La c\u00e9l\u00e9bration aura lieu du 11 au 14 mai 2021, un \u00e9v\u00e8nement du cabinet \u00ab Opportunities In Africa \u00bb, en partenariat avec \u00ab All Access Agency Global Communication and Markating \u00bb.<\/p>\n<p>\u00ab Cameroon Mobile 2020 (CAMMOB20-20) \u00bb est un grand \u00e9v\u00e8nement qu\u2019organise, dans la capitale Yaound\u00e9, le cabinet \u00ab Opportunities In Africa \u00bb en partenariat avec \u00ab All Access Agency Global Communication and Markating \u00bb. Cet \u00e9v\u00e9nement majeur parrain\u00e9 par la ministre camerounaise des Postes et t\u00e9l\u00e9communications, Minette Libom Li Likeng, est plac\u00e9 sous le tr\u00e8s haut patronage du Chef de l\u2019Etat Paul Biya. Les d\u00e9tails.<\/p>\n<p>Ce 20i\u00e8me anniversaire de la t\u00e9l\u00e9phonie mobile n\u2019a pas pu se tenir en 2020 \u00e0 cause de la pand\u00e9mie de Coronavirus. Voil\u00e0 donc 20 ans que les Camerounais vivent sous l\u2019influence du t\u00e9l\u00e9phone portable. Quel bilan peut-on faire de son usage, quels sont les enjeux et les perspectives pour la consolidation d\u2019un Cameroun \u00e9mergent en 2035 ? C\u2019est un \u00ab Vaste sujet sur lequel d\u00e9battront du 11 au 14 mai 2021 \u00e0 Yaound\u00e9 , des universitaires, des experts des t\u00e9l\u00e9communications, des membres du gouvernement, d\u2019\u00e9minents hommes de m\u00e9dias, de hauts responsables des soci\u00e9t\u00e9s de t\u00e9l\u00e9phones mobiles et bien d\u2019autres scientifiques de haut vol, venus de plusieurs pays du monde \u00bb renseigne Jean Calvin AYISSI MENGOUMOU , le patron du cabinet \u00ab Opportunities In Africa \u00bb.<\/p>\n<p>Il faut noter que le Cameroun a \u00e9t\u00e9 le pr\u00e9curseur de l\u2019utilisation de cette technologie dans la sous-r\u00e9gion Afrique centrale. Le pays a ainsi su r\u00e9duire la fracture num\u00e9rique qui le s\u00e9parait des autres pays occidentaux et b\u00e9n\u00e9ficier de la gamme vari\u00e9e de services qu\u2019offre la t\u00e9l\u00e9phonie mobile notamment Internet, E-mail, t\u00e9l\u00e9chargement des logiciels, scanning, traitement de textes, impression des documents, h\u00e9bergement des pages Web, t\u00e9l\u00e9phone\/fax, photocopie, formation, maintenance, t\u00e9l\u00e9vision et radio etc.<br \/>\nAu Cameroun, le secteur de la t\u00e9l\u00e9phonie mobile est devenu un immense gisement d\u2019emplois pour les jeunes et pr\u00e9sente de grandes opportunit\u00e9s d\u2019investissement. Le march\u00e9 camerounais est aujourd\u2019hui partag\u00e9 entre quatre op\u00e9rateurs de t\u00e9l\u00e9phonie mobile: Mtn, Orange, Camtel et Nexttel, qui r\u00e9clament 15 millions d\u2019abonn\u00e9s. C\u2019est en 1999 que le Cameroun entre dans le domaine gr\u00e2ce \u00e0 la naissance de la Soci\u00e9t\u00e9 camerounaise de mobile (SCM) ou encore Mobils. En deux d\u00e9cennies, l\u2019usage du t\u00e9l\u00e9phone portable s\u2019est vite d\u00e9mocratis\u00e9 et est devenu aujourd\u2019hui tout un mode de vie. La c\u00e9l\u00e9bration des 20 ans de la t\u00e9l\u00e9phonie mobile au Cameroun, est donc incontestablement un \u00e9v\u00e8nement qui va rassembler tous les camerounais.<\/p>\n","protected":false},"excerpt":{"rendered":"<p>Africa-Press &#8211; Cameroun. La c\u00e9l\u00e9bration aura lieu du 11 au 14 mai 2021, un \u00e9v\u00e8nement du cabinet \u00ab Opportunities In Africa \u00bb, en partenariat avec \u00ab All Access Agency Global Communication and Markating \u00bb. \u00ab Cameroon Mobile 2020 (CAMMOB20-20) \u00bb est un grand \u00e9v\u00e8nement qu\u2019organise, dans la capitale Yaound\u00e9, le cabinet \u00ab Opportunities In Africa [&hellip;]<\/p>\n","protected":false},"author":82,"featured_media":2570,"comment_status":"open","ping_status":"closed","sticky":false,"template":"","format":"standard","meta":{"footnotes":""},"categories":[21,11,10],"tags":[36,50,49],"class_list":["post-2571","post","type-post","status-publish","format-standard","has-post-thumbnail","hentry","category-communaute","category-homepage-french","category-toutes-les-actualites","tag-africa-press","tag-africa-press-cameroun","tag-cameroun"],"yoast_head":"<!-- This site is optimized with the Yoast SEO Premium plugin v26.1 (Yoast SEO v27.0) - https:\/\/yoast.com\/product\/yoast-seo-premium-wordpress\/ -->\n<title>Le Cameroun c\u00e9l\u00e8bre 20 ans de t\u00e9l\u00e9phonie mobile - Cameroun<\/title>\n<meta name=\"description\" content=\"La c\u00e9l\u00e9bration aura lieu du 11 au 14 mai 2021, un \u00e9v\u00e8nement du cabinet \u00ab Opportunities In Africa \u00bb, en partenariat avec ...\" \/>\n<meta name=\"robots\" content=\"index, follow, max-snippet:-1, max-image-preview:large, max-video-preview:-1\" \/>\n<link rel=\"canonical\" href=\"https:\/\/www.africa-press.net\/cameroun\/toutes-les-actualites\/le-cameroun-celebre-20-ans-de-telephonie-mobile\" \/>\n<meta property=\"og:locale\" content=\"fr_FR\" \/>\n<meta property=\"og:type\" content=\"article\" \/>\n<meta property=\"og:title\" content=\"Le Cameroun c\u00e9l\u00e8bre 20 ans de t\u00e9l\u00e9phonie mobile\" \/>\n<meta property=\"og:description\" content=\"La c\u00e9l\u00e9bration aura lieu du 11 au 14 mai 2021, un \u00e9v\u00e8nement du cabinet \u00ab Opportunities In Africa \u00bb, en partenariat avec ...\" \/>\n<meta property=\"og:url\" content=\"https:\/\/www.africa-press.net\/cameroun\/toutes-les-actualites\/le-cameroun-celebre-20-ans-de-telephonie-mobile\" \/>\n<meta property=\"og:site_name\" content=\"Cameroun\" \/>\n<meta property=\"article:published_time\" content=\"2021-04-26T18:44:38+00:00\" \/>\n<meta property=\"article:modified_time\" content=\"2021-04-26T19:14:51+00:00\" \/>\n<meta property=\"og:image\" content=\"https:\/\/static.africa-press.net\/cameroun\/sites\/57\/2021\/04\/img-60871111af94e.jpg\" \/>\n\t<meta property=\"og:image:width\" content=\"720\" \/>\n\t<meta property=\"og:image:height\" content=\"720\" \/>\n\t<meta property=\"og:image:type\" content=\"image\/jpeg\" \/>\n<meta name=\"author\" content=\"cfeditorfr\" \/>\n<meta name=\"twitter:card\" content=\"summary_large_image\" \/>\n<meta name=\"twitter:label1\" content=\"\u00c9crit par\" \/>\n\t<meta name=\"twitter:data1\" content=\"cfeditorfr\" \/>\n\t<meta name=\"twitter:label2\" content=\"Dur\u00e9e de lecture estim\u00e9e\" \/>\n\t<meta name=\"twitter:data2\" content=\"2 minutes\" \/>\n<script type=\"application\/ld+json\" class=\"yoast-schema-graph\">{\"@context\":\"https:\/\/schema.org\",\"@graph\":[{\"@type\":\"Article\",\"@id\":\"https:\/\/www.africa-press.net\/cameroun\/toutes-les-actualites\/le-cameroun-celebre-20-ans-de-telephonie-mobile#article\",\"isPartOf\":{\"@id\":\"https:\/\/www.africa-press.net\/cameroun\/toutes-les-actualites\/le-cameroun-celebre-20-ans-de-telephonie-mobile\"},\"author\":{\"name\":\"cfeditorfr\",\"@id\":\"https:\/\/www.africa-press.net\/cameroun\/#\/schema\/person\/2b1cf3cd81a31e3cd26889ca66d677f1\"},\"headline\":\"Le Cameroun c\u00e9l\u00e8bre 20 ans de t\u00e9l\u00e9phonie mobile\",\"datePublished\":\"2021-04-26T18:44:38+00:00\",\"dateModified\":\"2021-04-26T19:14:51+00:00\",\"mainEntityOfPage\":{\"@id\":\"https:\/\/www.africa-press.net\/cameroun\/toutes-les-actualites\/le-cameroun-celebre-20-ans-de-telephonie-mobile\"},\"wordCount\":465,\"commentCount\":0,\"image\":{\"@id\":\"https:\/\/www.africa-press.net\/cameroun\/toutes-les-actualites\/le-cameroun-celebre-20-ans-de-telephonie-mobile#primaryimage\"},\"thumbnailUrl\":\"https:\/\/static.africa-press.net\/cameroun\/sites\/57\/2021\/04\/img-60871111af94e.jpg\",\"keywords\":[\"Africa Press\",\"Africa Press-Cameroun\",\"Cameroun\"],\"articleSection\":[\"Communaut\u00e9\",\"homepage-french\",\"Toutes les actualit\u00e9s\"],\"inLanguage\":\"fr-FR\",\"potentialAction\":[{\"@type\":\"CommentAction\",\"name\":\"Comment\",\"target\":[\"https:\/\/www.africa-press.net\/cameroun\/toutes-les-actualites\/le-cameroun-celebre-20-ans-de-telephonie-mobile#respond\"]}]},{\"@type\":\"WebPage\",\"@id\":\"https:\/\/www.africa-press.net\/cameroun\/toutes-les-actualites\/le-cameroun-celebre-20-ans-de-telephonie-mobile\",\"url\":\"https:\/\/www.africa-press.net\/cameroun\/toutes-les-actualites\/le-cameroun-celebre-20-ans-de-telephonie-mobile\",\"name\":\"Le Cameroun c\u00e9l\u00e8bre 20 ans de t\u00e9l\u00e9phonie mobile - Cameroun\",\"isPartOf\":{\"@id\":\"https:\/\/www.africa-press.net\/cameroun\/#website\"},\"primaryImageOfPage\":{\"@id\":\"https:\/\/www.africa-press.net\/cameroun\/toutes-les-actualites\/le-cameroun-celebre-20-ans-de-telephonie-mobile#primaryimage\"},\"image\":{\"@id\":\"https:\/\/www.africa-press.net\/cameroun\/toutes-les-actualites\/le-cameroun-celebre-20-ans-de-telephonie-mobile#primaryimage\"},\"thumbnailUrl\":\"https:\/\/static.africa-press.net\/cameroun\/sites\/57\/2021\/04\/img-60871111af94e.jpg\",\"datePublished\":\"2021-04-26T18:44:38+00:00\",\"dateModified\":\"2021-04-26T19:14:51+00:00\",\"author\":{\"@id\":\"https:\/\/www.africa-press.net\/cameroun\/#\/schema\/person\/2b1cf3cd81a31e3cd26889ca66d677f1\"},\"description\":\"La c\u00e9l\u00e9bration aura lieu du 11 au 14 mai 2021, un \u00e9v\u00e8nement du cabinet \u00ab Opportunities In Africa \u00bb, en partenariat avec ...\",\"breadcrumb\":{\"@id\":\"https:\/\/www.africa-press.net\/cameroun\/toutes-les-actualites\/le-cameroun-celebre-20-ans-de-telephonie-mobile#breadcrumb\"},\"inLanguage\":\"fr-FR\",\"potentialAction\":[{\"@type\":\"ReadAction\",\"target\":[\"https:\/\/www.africa-press.net\/cameroun\/toutes-les-actualites\/le-cameroun-celebre-20-ans-de-telephonie-mobile\"]}]},{\"@type\":\"ImageObject\",\"inLanguage\":\"fr-FR\",\"@id\":\"https:\/\/www.africa-press.net\/cameroun\/toutes-les-actualites\/le-cameroun-celebre-20-ans-de-telephonie-mobile#primaryimage\",\"url\":\"https:\/\/static.africa-press.net\/cameroun\/sites\/57\/2021\/04\/img-60871111af94e.jpg\",\"contentUrl\":\"https:\/\/static.africa-press.net\/cameroun\/sites\/57\/2021\/04\/img-60871111af94e.jpg\",\"width\":720,\"height\":720,\"caption\":\"Le Cameroun c\u00e9l\u00e8bre 20 ans de t\u00e9l\u00e9phonie mobile\"},{\"@type\":\"BreadcrumbList\",\"@id\":\"https:\/\/www.africa-press.net\/cameroun\/toutes-les-actualites\/le-cameroun-celebre-20-ans-de-telephonie-mobile#breadcrumb\",\"itemListElement\":[{\"@type\":\"ListItem\",\"position\":1,\"name\":\"Accueil\",\"item\":\"https:\/\/www.africa-press.net\/cameroun\/\"},{\"@type\":\"ListItem\",\"position\":2,\"name\":\"Le Cameroun c\u00e9l\u00e8bre 20 ans de t\u00e9l\u00e9phonie mobile\"}]},{\"@type\":\"WebSite\",\"@id\":\"https:\/\/www.africa-press.net\/cameroun\/#website\",\"url\":\"https:\/\/www.africa-press.net\/cameroun\/\",\"name\":\"Cameroun\",\"description\":\"Just another Africa News Agency Sites site\",\"potentialAction\":[{\"@type\":\"SearchAction\",\"target\":{\"@type\":\"EntryPoint\",\"urlTemplate\":\"https:\/\/www.africa-press.net\/cameroun\/?s={search_term_string}\"},\"query-input\":{\"@type\":\"PropertyValueSpecification\",\"valueRequired\":true,\"valueName\":\"search_term_string\"}}],\"inLanguage\":\"fr-FR\"},{\"@type\":\"Person\",\"@id\":\"https:\/\/www.africa-press.net\/cameroun\/#\/schema\/person\/2b1cf3cd81a31e3cd26889ca66d677f1\",\"name\":\"cfeditorfr\"}]}<\/script>\n<!-- \/ Yoast SEO Premium plugin. -->","yoast_head_json":{"title":"Le Cameroun c\u00e9l\u00e8bre 20 ans de t\u00e9l\u00e9phonie mobile - Cameroun","description":"La c\u00e9l\u00e9bration aura lieu du 11 au 14 mai 2021, un \u00e9v\u00e8nement du cabinet \u00ab Opportunities In Africa \u00bb, en partenariat avec ...","robots":{"index":"index","follow":"follow","max-snippet":"max-snippet:-1","max-image-preview":"max-image-preview:large","max-video-preview":"max-video-preview:-1"},"canonical":"https:\/\/www.africa-press.net\/cameroun\/toutes-les-actualites\/le-cameroun-celebre-20-ans-de-telephonie-mobile","og_locale":"fr_FR","og_type":"article","og_title":"Le Cameroun c\u00e9l\u00e8bre 20 ans de t\u00e9l\u00e9phonie mobile","og_description":"La c\u00e9l\u00e9bration aura lieu du 11 au 14 mai 2021, un \u00e9v\u00e8nement du cabinet \u00ab Opportunities In Africa \u00bb, en partenariat avec ...","og_url":"https:\/\/www.africa-press.net\/cameroun\/toutes-les-actualites\/le-cameroun-celebre-20-ans-de-telephonie-mobile","og_site_name":"Cameroun","article_published_time":"2021-04-26T18:44:38+00:00","article_modified_time":"2021-04-26T19:14:51+00:00","og_image":[{"width":720,"height":720,"url":"https:\/\/static.africa-press.net\/cameroun\/sites\/57\/2021\/04\/img-60871111af94e.jpg","type":"image\/jpeg"}],"author":"cfeditorfr","twitter_card":"summary_large_image","twitter_misc":{"\u00c9crit par":"cfeditorfr","Dur\u00e9e de lecture estim\u00e9e":"2 minutes"},"schema":{"@context":"https:\/\/schema.org","@graph":[{"@type":"Article","@id":"https:\/\/www.africa-press.net\/cameroun\/toutes-les-actualites\/le-cameroun-celebre-20-ans-de-telephonie-mobile#article","isPartOf":{"@id":"https:\/\/www.africa-press.net\/cameroun\/toutes-les-actualites\/le-cameroun-celebre-20-ans-de-telephonie-mobile"},"author":{"name":"cfeditorfr","@id":"https:\/\/www.africa-press.net\/cameroun\/#\/schema\/person\/2b1cf3cd81a31e3cd26889ca66d677f1"},"headline":"Le Cameroun c\u00e9l\u00e8bre 20 ans de t\u00e9l\u00e9phonie mobile","datePublished":"2021-04-26T18:44:38+00:00","dateModified":"2021-04-26T19:14:51+00:00","mainEntityOfPage":{"@id":"https:\/\/www.africa-press.net\/cameroun\/toutes-les-actualites\/le-cameroun-celebre-20-ans-de-telephonie-mobile"},"wordCount":465,"commentCount":0,"image":{"@id":"https:\/\/www.africa-press.net\/cameroun\/toutes-les-actualites\/le-cameroun-celebre-20-ans-de-telephonie-mobile#primaryimage"},"thumbnailUrl":"https:\/\/static.africa-press.net\/cameroun\/sites\/57\/2021\/04\/img-60871111af94e.jpg","keywords":["Africa Press","Africa Press-Cameroun","Cameroun"],"articleSection":["Communaut\u00e9","homepage-french","Toutes les actualit\u00e9s"],"inLanguage":"fr-FR","potentialAction":[{"@type":"CommentAction","name":"Comment","target":["https:\/\/www.africa-press.net\/cameroun\/toutes-les-actualites\/le-cameroun-celebre-20-ans-de-telephonie-mobile#respond"]}]},{"@type":"WebPage","@id":"https:\/\/www.africa-press.net\/cameroun\/toutes-les-actualites\/le-cameroun-celebre-20-ans-de-telephonie-mobile","url":"https:\/\/www.africa-press.net\/cameroun\/toutes-les-actualites\/le-cameroun-celebre-20-ans-de-telephonie-mobile","name":"Le Cameroun c\u00e9l\u00e8bre 20 ans de t\u00e9l\u00e9phonie mobile - Cameroun","isPartOf":{"@id":"https:\/\/www.africa-press.net\/cameroun\/#website"},"primaryImageOfPage":{"@id":"https:\/\/www.africa-press.net\/cameroun\/toutes-les-actualites\/le-cameroun-celebre-20-ans-de-telephonie-mobile#primaryimage"},"image":{"@id":"https:\/\/www.africa-press.net\/cameroun\/toutes-les-actualites\/le-cameroun-celebre-20-ans-de-telephonie-mobile#primaryimage"},"thumbnailUrl":"https:\/\/static.africa-press.net\/cameroun\/sites\/57\/2021\/04\/img-60871111af94e.jpg","datePublished":"2021-04-26T18:44:38+00:00","dateModified":"2021-04-26T19:14:51+00:00","author":{"@id":"https:\/\/www.africa-press.net\/cameroun\/#\/schema\/person\/2b1cf3cd81a31e3cd26889ca66d677f1"},"description":"La c\u00e9l\u00e9bration aura lieu du 11 au 14 mai 2021, un \u00e9v\u00e8nement du cabinet \u00ab Opportunities In Africa \u00bb, en partenariat avec ...","breadcrumb":{"@id":"https:\/\/www.africa-press.net\/cameroun\/toutes-les-actualites\/le-cameroun-celebre-20-ans-de-telephonie-mobile#breadcrumb"},"inLanguage":"fr-FR","potentialAction":[{"@type":"ReadAction","target":["https:\/\/www.africa-press.net\/cameroun\/toutes-les-actualites\/le-cameroun-celebre-20-ans-de-telephonie-mobile"]}]},{"@type":"ImageObject","inLanguage":"fr-FR","@id":"https:\/\/www.africa-press.net\/cameroun\/toutes-les-actualites\/le-cameroun-celebre-20-ans-de-telephonie-mobile#primaryimage","url":"https:\/\/static.africa-press.net\/cameroun\/sites\/57\/2021\/04\/img-60871111af94e.jpg","contentUrl":"https:\/\/static.africa-press.net\/cameroun\/sites\/57\/2021\/04\/img-60871111af94e.jpg","width":720,"height":720,"caption":"Le Cameroun c\u00e9l\u00e8bre 20 ans de t\u00e9l\u00e9phonie mobile"},{"@type":"BreadcrumbList","@id":"https:\/\/www.africa-press.net\/cameroun\/toutes-les-actualites\/le-cameroun-celebre-20-ans-de-telephonie-mobile#breadcrumb","itemListElement":[{"@type":"ListItem","position":1,"name":"Accueil","item":"https:\/\/www.africa-press.net\/cameroun\/"},{"@type":"ListItem","position":2,"name":"Le Cameroun c\u00e9l\u00e8bre 20 ans de t\u00e9l\u00e9phonie mobile"}]},{"@type":"WebSite","@id":"https:\/\/www.africa-press.net\/cameroun\/#website","url":"https:\/\/www.africa-press.net\/cameroun\/","name":"Cameroun","description":"Just another Africa News Agency Sites site","potentialAction":[{"@type":"SearchAction","target":{"@type":"EntryPoint","urlTemplate":"https:\/\/www.africa-press.net\/cameroun\/?s={search_term_string}"},"query-input":{"@type":"PropertyValueSpecification","valueRequired":true,"valueName":"search_term_string"}}],"inLanguage":"fr-FR"},{"@type":"Person","@id":"https:\/\/www.africa-press.net\/cameroun\/#\/schema\/person\/2b1cf3cd81a31e3cd26889ca66d677f1","name":"cfeditorfr"}]}},"_links":{"self":[{"href":"https:\/\/www.africa-press.net\/cameroun\/wp-json\/wp\/v2\/posts\/2571","targetHints":{"allow":["GET"]}}],"collection":[{"href":"https:\/\/www.africa-press.net\/cameroun\/wp-json\/wp\/v2\/posts"}],"about":[{"href":"https:\/\/www.africa-press.net\/cameroun\/wp-json\/wp\/v2\/types\/post"}],"author":[{"embeddable":true,"href":"https:\/\/www.africa-press.net\/cameroun\/wp-json\/wp\/v2\/users\/82"}],"replies":[{"embeddable":true,"href":"https:\/\/www.africa-press.net\/cameroun\/wp-json\/wp\/v2\/comments?post=2571"}],"version-history":[{"count":0,"href":"https:\/\/www.africa-press.net\/cameroun\/wp-json\/wp\/v2\/posts\/2571\/revisions"}],"wp:featuredmedia":[{"embeddable":true,"href":"https:\/\/www.africa-press.net\/cameroun\/wp-json\/wp\/v2\/media\/2570"}],"wp:attachment":[{"href":"https:\/\/www.africa-press.net\/cameroun\/wp-json\/wp\/v2\/media?parent=2571"}],"wp:term":[{"taxonomy":"category","embeddable":true,"href":"https:\/\/www.africa-press.net\/cameroun\/wp-json\/wp\/v2\/categories?post=2571"},{"taxonomy":"post_tag","embeddable":true,"href":"https:\/\/www.africa-press.net\/cameroun\/wp-json\/wp\/v2\/tags?post=2571"}],"curies":[{"name":"wp","href":"https:\/\/api.w.org\/{rel}","templated":true}]}}