{"id":2577,"date":"2021-04-26T18:58:52","date_gmt":"2021-04-26T18:58:52","guid":{"rendered":"https:\/\/www.africa-press.net\/cameroun\/politique\/le-fils-de-mendo-ze-raconte-comment-paul-biya-a-ete-au-chevet-de-son-pere"},"modified":"2021-04-26T19:16:02","modified_gmt":"2021-04-26T19:16:02","slug":"le-fils-de-mendo-ze-raconte-comment-paul-biya-a-ete-au-chevet-de-son-pere","status":"publish","type":"post","link":"https:\/\/www.africa-press.net\/cameroun\/politique\/le-fils-de-mendo-ze-raconte-comment-paul-biya-a-ete-au-chevet-de-son-pere","title":{"rendered":"Le fils de Mendo Ze raconte comment Paul Biya a \u00e9t\u00e9 au chevet de son p\u00e8re"},"content":{"rendered":"<p><span style=\"color: #ff6600\"><strong><a href=\"https:\/\/www.africa-press.net\/\">Africa-Press<\/a> &#8211; <a href=\"https:\/\/www.africa-press.net\/cameroun\">Cameroun<\/a>. <\/strong><\/span>\u00abEn ton nom papa, permets-moi d\u2019exprimer la profonde gratitude de notre famille au Chef de l\u2019Etat, Son Excellence Paul Biya et \u00e0 son \u00e9pouse, pour tous les efforts consentis pour ta vie, pendant ta vie et durant toute ta maladie \u00bb dixit Serge Akounou, le nouveau Chef de la famille Mendo Ze, pendant les obs\u00e8ques de ce dernier le samedi 24 avril 2021 \u00e0 Sangm\u00e9lima dans la R\u00e9gion du Sud.<\/p>\n<p>C\u2019est une foul\u00e9e bigarr\u00e9e qui a assist\u00e9 au dernier jour des obs\u00e8ques du Professeur Gervais Mendo Ze \u00e0 Otoakam, un village proche de la ville de Sangm\u00e9lima. Des Membres du gouvernement aux anonymes villageois en passant par des autorit\u00e9s administratives, traditionnelles, religieuses et autres personnalit\u00e9s ont assist\u00e9 sous un ciel cl\u00e9ment, \u00e0 la c\u00e9r\u00e9monie d\u2019hommage et l&rsquo;inhumation de l\u2019ancien Directeur g\u00e9n\u00e9ral de la CRTV.<\/p>\n<p>L\u2019Universitaire est d\u00e9c\u00e9d\u00e9 le 9 avril 2021 \u00e0 l\u2019h\u00f4pital central de Yaound\u00e9 des suites d\u2019une longue maladie alors qu\u2019il purgeait depuis 2014, une peine d\u2019emprisonnement de 20 ans \u00e0 la suite de sa condamnation pour d\u00e9tournement de fonds publics.<\/p>\n<p>Nonobstant son \u00e9tat de sant\u00e9 qui allait de mal en pis, l\u2019homme de 77 ans a \u00e9t\u00e9 maintenu en prison. Le Pr\u00e9sident de la R\u00e9publique, Paul Biya, est demeur\u00e9 sourd aux supplications de la famille de Gervais Mendo Ze d\u2019autoriser au moins son \u00e9vacuation sanitaire en Europe.<\/p>\n<p>En d\u00e9pit de cette froideur du Chef de l\u2019Etat, Serge Akounou, pr\u00e9sent\u00e9 \u00e0 l\u2019assistance comme \u00e9tant le nouveau chef de la famille Menze Ze, a encens\u00e9 Paul Biya dans son t\u00e9moignage.<\/p>\n<p>\u00abEn ton nom papa, permets-moi d\u2019exprimer la profonde gratitude de notre famille au Chef de l\u2019Etat, Son Excellence Paul Biya et \u00e0 son \u00e9pouse, pour tous les efforts consentis pour ta vie, pendant ta vie et durant toute ta maladie. Je voudrais saisir cette occasion pour lui dire simplement merci pour cette sollicitude ind\u00e9fectible qui honneur notre famille et magnifie ta personne\u00bb a d\u00e9clar\u00e9 celui qui a \u00e9t\u00e9 constamment aupr\u00e8s du Berger de la c\u00e9l\u00e8bre chorale La voix du C\u00e9nacle pendant sa longue agonie. Serge Akounou est aussi r\u00e9put\u00e9 proche de Franck Biya, le fils a\u00een\u00e9 du pr\u00e9sident de la R\u00e9publique.<\/p>\n","protected":false},"excerpt":{"rendered":"<p>Africa-Press &#8211; Cameroun. \u00abEn ton nom papa, permets-moi d\u2019exprimer la profonde gratitude de notre famille au Chef de l\u2019Etat, Son Excellence Paul Biya et \u00e0 son \u00e9pouse, pour tous les efforts consentis pour ta vie, pendant ta vie et durant toute ta maladie \u00bb dixit Serge Akounou, le nouveau Chef de la famille Mendo Ze, [&hellip;]<\/p>\n","protected":false},"author":82,"featured_media":2576,"comment_status":"open","ping_status":"closed","sticky":false,"template":"","format":"standard","meta":{"footnotes":""},"categories":[11,2,10],"tags":[36,50,49],"class_list":["post-2577","post","type-post","status-publish","format-standard","has-post-thumbnail","hentry","category-homepage-french","category-politique","category-toutes-les-actualites","tag-africa-press","tag-africa-press-cameroun","tag-cameroun"],"yoast_head":"<!-- This site is optimized with the Yoast SEO Premium plugin v26.1 (Yoast SEO v27.0) - https:\/\/yoast.com\/product\/yoast-seo-premium-wordpress\/ -->\n<title>Le fils de Mendo Ze raconte comment Paul Biya a \u00e9t\u00e9 au chevet de son p\u00e8re - Cameroun<\/title>\n<meta name=\"description\" content=\"\u00abEn ton nom papa, permets-moi d\u2019exprimer la profonde gratitude de notre famille au Chef de l\u2019Etat, Son Excellence Paul B ...\" \/>\n<meta name=\"robots\" content=\"index, follow, max-snippet:-1, max-image-preview:large, max-video-preview:-1\" \/>\n<link rel=\"canonical\" href=\"https:\/\/www.africa-press.net\/cameroun\/politique\/le-fils-de-mendo-ze-raconte-comment-paul-biya-a-ete-au-chevet-de-son-pere\" \/>\n<meta property=\"og:locale\" content=\"fr_FR\" \/>\n<meta property=\"og:type\" content=\"article\" \/>\n<meta property=\"og:title\" content=\"Le fils de Mendo Ze raconte comment Paul Biya a \u00e9t\u00e9 au chevet de son p\u00e8re\" \/>\n<meta property=\"og:description\" content=\"\u00abEn ton nom papa, permets-moi d\u2019exprimer la profonde gratitude de notre famille au Chef de l\u2019Etat, Son Excellence Paul B ...\" \/>\n<meta property=\"og:url\" content=\"https:\/\/www.africa-press.net\/cameroun\/politique\/le-fils-de-mendo-ze-raconte-comment-paul-biya-a-ete-au-chevet-de-son-pere\" \/>\n<meta property=\"og:site_name\" content=\"Cameroun\" \/>\n<meta property=\"article:published_time\" content=\"2021-04-26T18:58:52+00:00\" \/>\n<meta property=\"article:modified_time\" content=\"2021-04-26T19:16:02+00:00\" \/>\n<meta property=\"og:image\" content=\"https:\/\/static.africa-press.net\/cameroun\/sites\/57\/2021\/04\/img-608711596ddb4.jpg\" \/>\n\t<meta property=\"og:image:width\" content=\"800\" \/>\n\t<meta property=\"og:image:height\" content=\"388\" \/>\n\t<meta property=\"og:image:type\" content=\"image\/jpeg\" \/>\n<meta name=\"author\" content=\"cfeditorfr\" \/>\n<meta name=\"twitter:card\" content=\"summary_large_image\" \/>\n<meta name=\"twitter:label1\" content=\"\u00c9crit par\" \/>\n\t<meta name=\"twitter:data1\" content=\"cfeditorfr\" \/>\n\t<meta name=\"twitter:label2\" content=\"Dur\u00e9e de lecture estim\u00e9e\" \/>\n\t<meta name=\"twitter:data2\" content=\"2 minutes\" \/>\n<script type=\"application\/ld+json\" class=\"yoast-schema-graph\">{\"@context\":\"https:\/\/schema.org\",\"@graph\":[{\"@type\":\"Article\",\"@id\":\"https:\/\/www.africa-press.net\/cameroun\/politique\/le-fils-de-mendo-ze-raconte-comment-paul-biya-a-ete-au-chevet-de-son-pere#article\",\"isPartOf\":{\"@id\":\"https:\/\/www.africa-press.net\/cameroun\/politique\/le-fils-de-mendo-ze-raconte-comment-paul-biya-a-ete-au-chevet-de-son-pere\"},\"author\":{\"name\":\"cfeditorfr\",\"@id\":\"https:\/\/www.africa-press.net\/cameroun\/#\/schema\/person\/2b1cf3cd81a31e3cd26889ca66d677f1\"},\"headline\":\"Le fils de Mendo Ze raconte comment Paul Biya a \u00e9t\u00e9 au chevet de son p\u00e8re\",\"datePublished\":\"2021-04-26T18:58:52+00:00\",\"dateModified\":\"2021-04-26T19:16:02+00:00\",\"mainEntityOfPage\":{\"@id\":\"https:\/\/www.africa-press.net\/cameroun\/politique\/le-fils-de-mendo-ze-raconte-comment-paul-biya-a-ete-au-chevet-de-son-pere\"},\"wordCount\":406,\"commentCount\":0,\"image\":{\"@id\":\"https:\/\/www.africa-press.net\/cameroun\/politique\/le-fils-de-mendo-ze-raconte-comment-paul-biya-a-ete-au-chevet-de-son-pere#primaryimage\"},\"thumbnailUrl\":\"https:\/\/static.africa-press.net\/cameroun\/sites\/57\/2021\/04\/img-608711596ddb4.jpg\",\"keywords\":[\"Africa Press\",\"Africa Press-Cameroun\",\"Cameroun\"],\"articleSection\":[\"homepage-french\",\"Politique\",\"Toutes les actualit\u00e9s\"],\"inLanguage\":\"fr-FR\",\"potentialAction\":[{\"@type\":\"CommentAction\",\"name\":\"Comment\",\"target\":[\"https:\/\/www.africa-press.net\/cameroun\/politique\/le-fils-de-mendo-ze-raconte-comment-paul-biya-a-ete-au-chevet-de-son-pere#respond\"]}]},{\"@type\":\"WebPage\",\"@id\":\"https:\/\/www.africa-press.net\/cameroun\/politique\/le-fils-de-mendo-ze-raconte-comment-paul-biya-a-ete-au-chevet-de-son-pere\",\"url\":\"https:\/\/www.africa-press.net\/cameroun\/politique\/le-fils-de-mendo-ze-raconte-comment-paul-biya-a-ete-au-chevet-de-son-pere\",\"name\":\"Le fils de Mendo Ze raconte comment Paul Biya a \u00e9t\u00e9 au chevet de son p\u00e8re - Cameroun\",\"isPartOf\":{\"@id\":\"https:\/\/www.africa-press.net\/cameroun\/#website\"},\"primaryImageOfPage\":{\"@id\":\"https:\/\/www.africa-press.net\/cameroun\/politique\/le-fils-de-mendo-ze-raconte-comment-paul-biya-a-ete-au-chevet-de-son-pere#primaryimage\"},\"image\":{\"@id\":\"https:\/\/www.africa-press.net\/cameroun\/politique\/le-fils-de-mendo-ze-raconte-comment-paul-biya-a-ete-au-chevet-de-son-pere#primaryimage\"},\"thumbnailUrl\":\"https:\/\/static.africa-press.net\/cameroun\/sites\/57\/2021\/04\/img-608711596ddb4.jpg\",\"datePublished\":\"2021-04-26T18:58:52+00:00\",\"dateModified\":\"2021-04-26T19:16:02+00:00\",\"author\":{\"@id\":\"https:\/\/www.africa-press.net\/cameroun\/#\/schema\/person\/2b1cf3cd81a31e3cd26889ca66d677f1\"},\"description\":\"\u00abEn ton nom papa, permets-moi d\u2019exprimer la profonde gratitude de notre famille au Chef de l\u2019Etat, Son Excellence Paul B ...\",\"breadcrumb\":{\"@id\":\"https:\/\/www.africa-press.net\/cameroun\/politique\/le-fils-de-mendo-ze-raconte-comment-paul-biya-a-ete-au-chevet-de-son-pere#breadcrumb\"},\"inLanguage\":\"fr-FR\",\"potentialAction\":[{\"@type\":\"ReadAction\",\"target\":[\"https:\/\/www.africa-press.net\/cameroun\/politique\/le-fils-de-mendo-ze-raconte-comment-paul-biya-a-ete-au-chevet-de-son-pere\"]}]},{\"@type\":\"ImageObject\",\"inLanguage\":\"fr-FR\",\"@id\":\"https:\/\/www.africa-press.net\/cameroun\/politique\/le-fils-de-mendo-ze-raconte-comment-paul-biya-a-ete-au-chevet-de-son-pere#primaryimage\",\"url\":\"https:\/\/static.africa-press.net\/cameroun\/sites\/57\/2021\/04\/img-608711596ddb4.jpg\",\"contentUrl\":\"https:\/\/static.africa-press.net\/cameroun\/sites\/57\/2021\/04\/img-608711596ddb4.jpg\",\"width\":800,\"height\":388,\"caption\":\"Le fils de Mendo Ze raconte comment Paul Biya a \u00e9t\u00e9 au chevet de son p\u00e8re\"},{\"@type\":\"BreadcrumbList\",\"@id\":\"https:\/\/www.africa-press.net\/cameroun\/politique\/le-fils-de-mendo-ze-raconte-comment-paul-biya-a-ete-au-chevet-de-son-pere#breadcrumb\",\"itemListElement\":[{\"@type\":\"ListItem\",\"position\":1,\"name\":\"Accueil\",\"item\":\"https:\/\/www.africa-press.net\/cameroun\/\"},{\"@type\":\"ListItem\",\"position\":2,\"name\":\"Le fils de Mendo Ze raconte comment Paul Biya a \u00e9t\u00e9 au chevet de son p\u00e8re\"}]},{\"@type\":\"WebSite\",\"@id\":\"https:\/\/www.africa-press.net\/cameroun\/#website\",\"url\":\"https:\/\/www.africa-press.net\/cameroun\/\",\"name\":\"Cameroun\",\"description\":\"Just another Africa News Agency Sites site\",\"potentialAction\":[{\"@type\":\"SearchAction\",\"target\":{\"@type\":\"EntryPoint\",\"urlTemplate\":\"https:\/\/www.africa-press.net\/cameroun\/?s={search_term_string}\"},\"query-input\":{\"@type\":\"PropertyValueSpecification\",\"valueRequired\":true,\"valueName\":\"search_term_string\"}}],\"inLanguage\":\"fr-FR\"},{\"@type\":\"Person\",\"@id\":\"https:\/\/www.africa-press.net\/cameroun\/#\/schema\/person\/2b1cf3cd81a31e3cd26889ca66d677f1\",\"name\":\"cfeditorfr\"}]}<\/script>\n<!-- \/ Yoast SEO Premium plugin. -->","yoast_head_json":{"title":"Le fils de Mendo Ze raconte comment Paul Biya a \u00e9t\u00e9 au chevet de son p\u00e8re - Cameroun","description":"\u00abEn ton nom papa, permets-moi d\u2019exprimer la profonde gratitude de notre famille au Chef de l\u2019Etat, Son Excellence Paul B ...","robots":{"index":"index","follow":"follow","max-snippet":"max-snippet:-1","max-image-preview":"max-image-preview:large","max-video-preview":"max-video-preview:-1"},"canonical":"https:\/\/www.africa-press.net\/cameroun\/politique\/le-fils-de-mendo-ze-raconte-comment-paul-biya-a-ete-au-chevet-de-son-pere","og_locale":"fr_FR","og_type":"article","og_title":"Le fils de Mendo Ze raconte comment Paul Biya a \u00e9t\u00e9 au chevet de son p\u00e8re","og_description":"\u00abEn ton nom papa, permets-moi d\u2019exprimer la profonde gratitude de notre famille au Chef de l\u2019Etat, Son Excellence Paul B ...","og_url":"https:\/\/www.africa-press.net\/cameroun\/politique\/le-fils-de-mendo-ze-raconte-comment-paul-biya-a-ete-au-chevet-de-son-pere","og_site_name":"Cameroun","article_published_time":"2021-04-26T18:58:52+00:00","article_modified_time":"2021-04-26T19:16:02+00:00","og_image":[{"width":800,"height":388,"url":"https:\/\/static.africa-press.net\/cameroun\/sites\/57\/2021\/04\/img-608711596ddb4.jpg","type":"image\/jpeg"}],"author":"cfeditorfr","twitter_card":"summary_large_image","twitter_misc":{"\u00c9crit par":"cfeditorfr","Dur\u00e9e de lecture estim\u00e9e":"2 minutes"},"schema":{"@context":"https:\/\/schema.org","@graph":[{"@type":"Article","@id":"https:\/\/www.africa-press.net\/cameroun\/politique\/le-fils-de-mendo-ze-raconte-comment-paul-biya-a-ete-au-chevet-de-son-pere#article","isPartOf":{"@id":"https:\/\/www.africa-press.net\/cameroun\/politique\/le-fils-de-mendo-ze-raconte-comment-paul-biya-a-ete-au-chevet-de-son-pere"},"author":{"name":"cfeditorfr","@id":"https:\/\/www.africa-press.net\/cameroun\/#\/schema\/person\/2b1cf3cd81a31e3cd26889ca66d677f1"},"headline":"Le fils de Mendo Ze raconte comment Paul Biya a \u00e9t\u00e9 au chevet de son p\u00e8re","datePublished":"2021-04-26T18:58:52+00:00","dateModified":"2021-04-26T19:16:02+00:00","mainEntityOfPage":{"@id":"https:\/\/www.africa-press.net\/cameroun\/politique\/le-fils-de-mendo-ze-raconte-comment-paul-biya-a-ete-au-chevet-de-son-pere"},"wordCount":406,"commentCount":0,"image":{"@id":"https:\/\/www.africa-press.net\/cameroun\/politique\/le-fils-de-mendo-ze-raconte-comment-paul-biya-a-ete-au-chevet-de-son-pere#primaryimage"},"thumbnailUrl":"https:\/\/static.africa-press.net\/cameroun\/sites\/57\/2021\/04\/img-608711596ddb4.jpg","keywords":["Africa Press","Africa Press-Cameroun","Cameroun"],"articleSection":["homepage-french","Politique","Toutes les actualit\u00e9s"],"inLanguage":"fr-FR","potentialAction":[{"@type":"CommentAction","name":"Comment","target":["https:\/\/www.africa-press.net\/cameroun\/politique\/le-fils-de-mendo-ze-raconte-comment-paul-biya-a-ete-au-chevet-de-son-pere#respond"]}]},{"@type":"WebPage","@id":"https:\/\/www.africa-press.net\/cameroun\/politique\/le-fils-de-mendo-ze-raconte-comment-paul-biya-a-ete-au-chevet-de-son-pere","url":"https:\/\/www.africa-press.net\/cameroun\/politique\/le-fils-de-mendo-ze-raconte-comment-paul-biya-a-ete-au-chevet-de-son-pere","name":"Le fils de Mendo Ze raconte comment Paul Biya a \u00e9t\u00e9 au chevet de son p\u00e8re - Cameroun","isPartOf":{"@id":"https:\/\/www.africa-press.net\/cameroun\/#website"},"primaryImageOfPage":{"@id":"https:\/\/www.africa-press.net\/cameroun\/politique\/le-fils-de-mendo-ze-raconte-comment-paul-biya-a-ete-au-chevet-de-son-pere#primaryimage"},"image":{"@id":"https:\/\/www.africa-press.net\/cameroun\/politique\/le-fils-de-mendo-ze-raconte-comment-paul-biya-a-ete-au-chevet-de-son-pere#primaryimage"},"thumbnailUrl":"https:\/\/static.africa-press.net\/cameroun\/sites\/57\/2021\/04\/img-608711596ddb4.jpg","datePublished":"2021-04-26T18:58:52+00:00","dateModified":"2021-04-26T19:16:02+00:00","author":{"@id":"https:\/\/www.africa-press.net\/cameroun\/#\/schema\/person\/2b1cf3cd81a31e3cd26889ca66d677f1"},"description":"\u00abEn ton nom papa, permets-moi d\u2019exprimer la profonde gratitude de notre famille au Chef de l\u2019Etat, Son Excellence Paul B ...","breadcrumb":{"@id":"https:\/\/www.africa-press.net\/cameroun\/politique\/le-fils-de-mendo-ze-raconte-comment-paul-biya-a-ete-au-chevet-de-son-pere#breadcrumb"},"inLanguage":"fr-FR","potentialAction":[{"@type":"ReadAction","target":["https:\/\/www.africa-press.net\/cameroun\/politique\/le-fils-de-mendo-ze-raconte-comment-paul-biya-a-ete-au-chevet-de-son-pere"]}]},{"@type":"ImageObject","inLanguage":"fr-FR","@id":"https:\/\/www.africa-press.net\/cameroun\/politique\/le-fils-de-mendo-ze-raconte-comment-paul-biya-a-ete-au-chevet-de-son-pere#primaryimage","url":"https:\/\/static.africa-press.net\/cameroun\/sites\/57\/2021\/04\/img-608711596ddb4.jpg","contentUrl":"https:\/\/static.africa-press.net\/cameroun\/sites\/57\/2021\/04\/img-608711596ddb4.jpg","width":800,"height":388,"caption":"Le fils de Mendo Ze raconte comment Paul Biya a \u00e9t\u00e9 au chevet de son p\u00e8re"},{"@type":"BreadcrumbList","@id":"https:\/\/www.africa-press.net\/cameroun\/politique\/le-fils-de-mendo-ze-raconte-comment-paul-biya-a-ete-au-chevet-de-son-pere#breadcrumb","itemListElement":[{"@type":"ListItem","position":1,"name":"Accueil","item":"https:\/\/www.africa-press.net\/cameroun\/"},{"@type":"ListItem","position":2,"name":"Le fils de Mendo Ze raconte comment Paul Biya a \u00e9t\u00e9 au chevet de son p\u00e8re"}]},{"@type":"WebSite","@id":"https:\/\/www.africa-press.net\/cameroun\/#website","url":"https:\/\/www.africa-press.net\/cameroun\/","name":"Cameroun","description":"Just another Africa News Agency Sites site","potentialAction":[{"@type":"SearchAction","target":{"@type":"EntryPoint","urlTemplate":"https:\/\/www.africa-press.net\/cameroun\/?s={search_term_string}"},"query-input":{"@type":"PropertyValueSpecification","valueRequired":true,"valueName":"search_term_string"}}],"inLanguage":"fr-FR"},{"@type":"Person","@id":"https:\/\/www.africa-press.net\/cameroun\/#\/schema\/person\/2b1cf3cd81a31e3cd26889ca66d677f1","name":"cfeditorfr"}]}},"_links":{"self":[{"href":"https:\/\/www.africa-press.net\/cameroun\/wp-json\/wp\/v2\/posts\/2577","targetHints":{"allow":["GET"]}}],"collection":[{"href":"https:\/\/www.africa-press.net\/cameroun\/wp-json\/wp\/v2\/posts"}],"about":[{"href":"https:\/\/www.africa-press.net\/cameroun\/wp-json\/wp\/v2\/types\/post"}],"author":[{"embeddable":true,"href":"https:\/\/www.africa-press.net\/cameroun\/wp-json\/wp\/v2\/users\/82"}],"replies":[{"embeddable":true,"href":"https:\/\/www.africa-press.net\/cameroun\/wp-json\/wp\/v2\/comments?post=2577"}],"version-history":[{"count":0,"href":"https:\/\/www.africa-press.net\/cameroun\/wp-json\/wp\/v2\/posts\/2577\/revisions"}],"wp:featuredmedia":[{"embeddable":true,"href":"https:\/\/www.africa-press.net\/cameroun\/wp-json\/wp\/v2\/media\/2576"}],"wp:attachment":[{"href":"https:\/\/www.africa-press.net\/cameroun\/wp-json\/wp\/v2\/media?parent=2577"}],"wp:term":[{"taxonomy":"category","embeddable":true,"href":"https:\/\/www.africa-press.net\/cameroun\/wp-json\/wp\/v2\/categories?post=2577"},{"taxonomy":"post_tag","embeddable":true,"href":"https:\/\/www.africa-press.net\/cameroun\/wp-json\/wp\/v2\/tags?post=2577"}],"curies":[{"name":"wp","href":"https:\/\/api.w.org\/{rel}","templated":true}]}}