{"id":2583,"date":"2021-04-26T19:16:02","date_gmt":"2021-04-26T19:16:02","guid":{"rendered":"https:\/\/www.africa-press.net\/cameroun\/politique\/cameroun-paul-biya-accuse-de-soutenir-le-coup-detat-au-tchad"},"modified":"2021-04-26T19:17:13","modified_gmt":"2021-04-26T19:17:13","slug":"cameroun-paul-biya-accuse-de-soutenir-le-coup-detat-au-tchad","status":"publish","type":"post","link":"https:\/\/www.africa-press.net\/cameroun\/politique\/cameroun-paul-biya-accuse-de-soutenir-le-coup-detat-au-tchad","title":{"rendered":"Cameroun: Paul Biya accus\u00e9 de soutenir le &lsquo;coup d\u2019\u00e9tat au Tchad&rsquo;"},"content":{"rendered":"<p><span style=\"color: #ff6600\"><strong><a href=\"https:\/\/www.africa-press.net\/\">Africa-Press<\/a> &#8211; <a href=\"https:\/\/www.africa-press.net\/cameroun\">Cameroun<\/a>. <\/strong><\/span>Le sujet de la succession de Idriss D\u00e9by Itno continue de faire d\u00e9bat en Afrique et dans le monde. La prise du pouvoir par un conseil militaire de transition dirig\u00e9 par le fils du d\u00e9funt pr\u00e9sident, a du mal \u00e0 passer.<\/p>\n<p>Au Cameroun, la classe politique s\u2019est prononc\u00e9e. L\u2019opposition notamment accuse le chef de l\u2019\u00c9tat Camerounais de complicit\u00e9 avec la France en vue de soutenir la junte actuellement au pouvoir au Tchad.<\/p>\n<p>L\u2019opposition indique que le Cameroun, en pr\u00e9sentant ses condol\u00e9ances au conseil militaire de transition a viol\u00e9 non seulement la constitution du Tchad, mais aussi un certain nombre de textes que le Cameroun a ratifi\u00e9s notamment en mati\u00e8re de gouvernance et de d\u00e9mocratie.<\/p>\n<p>Certains vont plus loin et mettent en garde contre une \u00e9ventuelle transmission dynastique du pouvoir. Le sc\u00e9nario du Tchad pourrait se reproduire au pays de Paul Biya vu les signes envoy\u00e9s ces derniers mois par le pouvoir en place. D\u00e8s lors, l\u2019opposition Camerounaise pr\u00e9vient qu\u2019elle ne serait pas pr\u00eate \u00e0 accepter un tel cas de figure.<\/p>\n<p>Sur le plan international, l\u2019Union africaine (UA) a appel\u00e9 vendredi soir \u00e0 la restauration au plus vite d\u2019un r\u00e9gime civil au Tchad, o\u00f9 le g\u00e9n\u00e9ral Mahamat Idriss D\u00e9by a cette semaine pris le pouvoir suite au d\u00e9c\u00e8s de son p\u00e8re Idriss D\u00e9by Itno. Dans un communiqu\u00e9, le Conseil de paix et de s\u00e9curit\u00e9 de l\u2019UA, a fait part de sa \u201cgrave pr\u00e9occupation\u201d quant \u00e0 l\u2019instauration d\u2019un conseil militaire dirig\u00e9 par le fils du d\u00e9funt pr\u00e9sident. Le communiqu\u00e9 appelle \u00e9galement \u00e0 \u201cun dialogue national inclusif\u201d et demande \u00e0 la Commission de l\u2019UA, pr\u00e9sid\u00e9e par le Tchadien Moussa Faki Mahamat, de \u201cconstituer rapidement une mission d\u2019enqu\u00eate de haut niveau\u201d au Tchad.<\/p>\n<p>Le conseil militaire de transition, de son c\u00f4t\u00e9 a d\u00e9clar\u00e9 la guerre aux rebelles, et appel\u00e9 les pays du G5 Sahel \u00e0 livrer tous les terroristes pr\u00e9sents sur leurs territoires.<\/p>\n","protected":false},"excerpt":{"rendered":"<p>Africa-Press &#8211; Cameroun. Le sujet de la succession de Idriss D\u00e9by Itno continue de faire d\u00e9bat en Afrique et dans le monde. La prise du pouvoir par un conseil militaire de transition dirig\u00e9 par le fils du d\u00e9funt pr\u00e9sident, a du mal \u00e0 passer. Au Cameroun, la classe politique s\u2019est prononc\u00e9e. L\u2019opposition notamment accuse le [&hellip;]<\/p>\n","protected":false},"author":82,"featured_media":2582,"comment_status":"open","ping_status":"closed","sticky":false,"template":"","format":"standard","meta":{"footnotes":""},"categories":[11,2,20,10],"tags":[36,50,49],"class_list":["post-2583","post","type-post","status-publish","format-standard","has-post-thumbnail","hentry","category-homepage-french","category-politique","category-top-nouvelles","category-toutes-les-actualites","tag-africa-press","tag-africa-press-cameroun","tag-cameroun"],"yoast_head":"<!-- This site is optimized with the Yoast SEO Premium plugin v26.1 (Yoast SEO v27.0) - https:\/\/yoast.com\/product\/yoast-seo-premium-wordpress\/ -->\n<title>Cameroun: Paul Biya accus\u00e9 de soutenir le &#039;coup d\u2019\u00e9tat au Tchad&#039; - Cameroun<\/title>\n<meta name=\"description\" content=\"Le sujet de la succession de Idriss D\u00e9by Itno continue de faire d\u00e9bat en Afrique et dans le monde. La prise du pouvoir p ...\" \/>\n<meta name=\"robots\" content=\"index, follow, max-snippet:-1, max-image-preview:large, max-video-preview:-1\" \/>\n<link rel=\"canonical\" href=\"https:\/\/www.africa-press.net\/cameroun\/politique\/cameroun-paul-biya-accuse-de-soutenir-le-coup-detat-au-tchad\" \/>\n<meta property=\"og:locale\" content=\"fr_FR\" \/>\n<meta property=\"og:type\" content=\"article\" \/>\n<meta property=\"og:title\" content=\"Cameroun: Paul Biya accus\u00e9 de soutenir le &#039;coup d\u2019\u00e9tat au Tchad&#039;\" \/>\n<meta property=\"og:description\" content=\"Le sujet de la succession de Idriss D\u00e9by Itno continue de faire d\u00e9bat en Afrique et dans le monde. La prise du pouvoir p ...\" \/>\n<meta property=\"og:url\" content=\"https:\/\/www.africa-press.net\/cameroun\/politique\/cameroun-paul-biya-accuse-de-soutenir-le-coup-detat-au-tchad\" \/>\n<meta property=\"og:site_name\" content=\"Cameroun\" \/>\n<meta property=\"article:published_time\" content=\"2021-04-26T19:16:02+00:00\" \/>\n<meta property=\"article:modified_time\" content=\"2021-04-26T19:17:13+00:00\" \/>\n<meta property=\"og:image\" content=\"https:\/\/static.africa-press.net\/cameroun\/sites\/57\/2021\/04\/img-608711a2af3e5.jpg\" \/>\n\t<meta property=\"og:image:width\" content=\"720\" \/>\n\t<meta property=\"og:image:height\" content=\"445\" \/>\n\t<meta property=\"og:image:type\" content=\"image\/jpeg\" \/>\n<meta name=\"author\" content=\"cfeditorfr\" \/>\n<meta name=\"twitter:card\" content=\"summary_large_image\" \/>\n<meta name=\"twitter:label1\" content=\"\u00c9crit par\" \/>\n\t<meta name=\"twitter:data1\" content=\"cfeditorfr\" \/>\n\t<meta name=\"twitter:label2\" content=\"Dur\u00e9e de lecture estim\u00e9e\" \/>\n\t<meta name=\"twitter:data2\" content=\"2 minutes\" \/>\n<script type=\"application\/ld+json\" class=\"yoast-schema-graph\">{\"@context\":\"https:\/\/schema.org\",\"@graph\":[{\"@type\":\"Article\",\"@id\":\"https:\/\/www.africa-press.net\/cameroun\/politique\/cameroun-paul-biya-accuse-de-soutenir-le-coup-detat-au-tchad#article\",\"isPartOf\":{\"@id\":\"https:\/\/www.africa-press.net\/cameroun\/politique\/cameroun-paul-biya-accuse-de-soutenir-le-coup-detat-au-tchad\"},\"author\":{\"name\":\"cfeditorfr\",\"@id\":\"https:\/\/www.africa-press.net\/cameroun\/#\/schema\/person\/2b1cf3cd81a31e3cd26889ca66d677f1\"},\"headline\":\"Cameroun: Paul Biya accus\u00e9 de soutenir le &lsquo;coup d\u2019\u00e9tat au Tchad&rsquo;\",\"datePublished\":\"2021-04-26T19:16:02+00:00\",\"dateModified\":\"2021-04-26T19:17:13+00:00\",\"mainEntityOfPage\":{\"@id\":\"https:\/\/www.africa-press.net\/cameroun\/politique\/cameroun-paul-biya-accuse-de-soutenir-le-coup-detat-au-tchad\"},\"wordCount\":363,\"commentCount\":0,\"image\":{\"@id\":\"https:\/\/www.africa-press.net\/cameroun\/politique\/cameroun-paul-biya-accuse-de-soutenir-le-coup-detat-au-tchad#primaryimage\"},\"thumbnailUrl\":\"https:\/\/static.africa-press.net\/cameroun\/sites\/57\/2021\/04\/img-608711a2af3e5.jpg\",\"keywords\":[\"Africa Press\",\"Africa Press-Cameroun\",\"Cameroun\"],\"articleSection\":[\"homepage-french\",\"Politique\",\"Top Nouvelles\",\"Toutes les actualit\u00e9s\"],\"inLanguage\":\"fr-FR\",\"potentialAction\":[{\"@type\":\"CommentAction\",\"name\":\"Comment\",\"target\":[\"https:\/\/www.africa-press.net\/cameroun\/politique\/cameroun-paul-biya-accuse-de-soutenir-le-coup-detat-au-tchad#respond\"]}]},{\"@type\":\"WebPage\",\"@id\":\"https:\/\/www.africa-press.net\/cameroun\/politique\/cameroun-paul-biya-accuse-de-soutenir-le-coup-detat-au-tchad\",\"url\":\"https:\/\/www.africa-press.net\/cameroun\/politique\/cameroun-paul-biya-accuse-de-soutenir-le-coup-detat-au-tchad\",\"name\":\"Cameroun: Paul Biya accus\u00e9 de soutenir le 'coup d\u2019\u00e9tat au Tchad' - Cameroun\",\"isPartOf\":{\"@id\":\"https:\/\/www.africa-press.net\/cameroun\/#website\"},\"primaryImageOfPage\":{\"@id\":\"https:\/\/www.africa-press.net\/cameroun\/politique\/cameroun-paul-biya-accuse-de-soutenir-le-coup-detat-au-tchad#primaryimage\"},\"image\":{\"@id\":\"https:\/\/www.africa-press.net\/cameroun\/politique\/cameroun-paul-biya-accuse-de-soutenir-le-coup-detat-au-tchad#primaryimage\"},\"thumbnailUrl\":\"https:\/\/static.africa-press.net\/cameroun\/sites\/57\/2021\/04\/img-608711a2af3e5.jpg\",\"datePublished\":\"2021-04-26T19:16:02+00:00\",\"dateModified\":\"2021-04-26T19:17:13+00:00\",\"author\":{\"@id\":\"https:\/\/www.africa-press.net\/cameroun\/#\/schema\/person\/2b1cf3cd81a31e3cd26889ca66d677f1\"},\"description\":\"Le sujet de la succession de Idriss D\u00e9by Itno continue de faire d\u00e9bat en Afrique et dans le monde. La prise du pouvoir p ...\",\"breadcrumb\":{\"@id\":\"https:\/\/www.africa-press.net\/cameroun\/politique\/cameroun-paul-biya-accuse-de-soutenir-le-coup-detat-au-tchad#breadcrumb\"},\"inLanguage\":\"fr-FR\",\"potentialAction\":[{\"@type\":\"ReadAction\",\"target\":[\"https:\/\/www.africa-press.net\/cameroun\/politique\/cameroun-paul-biya-accuse-de-soutenir-le-coup-detat-au-tchad\"]}]},{\"@type\":\"ImageObject\",\"inLanguage\":\"fr-FR\",\"@id\":\"https:\/\/www.africa-press.net\/cameroun\/politique\/cameroun-paul-biya-accuse-de-soutenir-le-coup-detat-au-tchad#primaryimage\",\"url\":\"https:\/\/static.africa-press.net\/cameroun\/sites\/57\/2021\/04\/img-608711a2af3e5.jpg\",\"contentUrl\":\"https:\/\/static.africa-press.net\/cameroun\/sites\/57\/2021\/04\/img-608711a2af3e5.jpg\",\"width\":720,\"height\":445,\"caption\":\"Cameroun: Paul Biya accus\u00e9 de soutenir le 'coup d\u2019\u00e9tat au Tchad'\"},{\"@type\":\"BreadcrumbList\",\"@id\":\"https:\/\/www.africa-press.net\/cameroun\/politique\/cameroun-paul-biya-accuse-de-soutenir-le-coup-detat-au-tchad#breadcrumb\",\"itemListElement\":[{\"@type\":\"ListItem\",\"position\":1,\"name\":\"Accueil\",\"item\":\"https:\/\/www.africa-press.net\/cameroun\/\"},{\"@type\":\"ListItem\",\"position\":2,\"name\":\"Cameroun: Paul Biya accus\u00e9 de soutenir le &#8216;coup d\u2019\u00e9tat au Tchad&#8217;\"}]},{\"@type\":\"WebSite\",\"@id\":\"https:\/\/www.africa-press.net\/cameroun\/#website\",\"url\":\"https:\/\/www.africa-press.net\/cameroun\/\",\"name\":\"Cameroun\",\"description\":\"Just another Africa News Agency Sites site\",\"potentialAction\":[{\"@type\":\"SearchAction\",\"target\":{\"@type\":\"EntryPoint\",\"urlTemplate\":\"https:\/\/www.africa-press.net\/cameroun\/?s={search_term_string}\"},\"query-input\":{\"@type\":\"PropertyValueSpecification\",\"valueRequired\":true,\"valueName\":\"search_term_string\"}}],\"inLanguage\":\"fr-FR\"},{\"@type\":\"Person\",\"@id\":\"https:\/\/www.africa-press.net\/cameroun\/#\/schema\/person\/2b1cf3cd81a31e3cd26889ca66d677f1\",\"name\":\"cfeditorfr\"}]}<\/script>\n<!-- \/ Yoast SEO Premium plugin. -->","yoast_head_json":{"title":"Cameroun: Paul Biya accus\u00e9 de soutenir le 'coup d\u2019\u00e9tat au Tchad' - Cameroun","description":"Le sujet de la succession de Idriss D\u00e9by Itno continue de faire d\u00e9bat en Afrique et dans le monde. La prise du pouvoir p ...","robots":{"index":"index","follow":"follow","max-snippet":"max-snippet:-1","max-image-preview":"max-image-preview:large","max-video-preview":"max-video-preview:-1"},"canonical":"https:\/\/www.africa-press.net\/cameroun\/politique\/cameroun-paul-biya-accuse-de-soutenir-le-coup-detat-au-tchad","og_locale":"fr_FR","og_type":"article","og_title":"Cameroun: Paul Biya accus\u00e9 de soutenir le 'coup d\u2019\u00e9tat au Tchad'","og_description":"Le sujet de la succession de Idriss D\u00e9by Itno continue de faire d\u00e9bat en Afrique et dans le monde. La prise du pouvoir p ...","og_url":"https:\/\/www.africa-press.net\/cameroun\/politique\/cameroun-paul-biya-accuse-de-soutenir-le-coup-detat-au-tchad","og_site_name":"Cameroun","article_published_time":"2021-04-26T19:16:02+00:00","article_modified_time":"2021-04-26T19:17:13+00:00","og_image":[{"width":720,"height":445,"url":"https:\/\/static.africa-press.net\/cameroun\/sites\/57\/2021\/04\/img-608711a2af3e5.jpg","type":"image\/jpeg"}],"author":"cfeditorfr","twitter_card":"summary_large_image","twitter_misc":{"\u00c9crit par":"cfeditorfr","Dur\u00e9e de lecture estim\u00e9e":"2 minutes"},"schema":{"@context":"https:\/\/schema.org","@graph":[{"@type":"Article","@id":"https:\/\/www.africa-press.net\/cameroun\/politique\/cameroun-paul-biya-accuse-de-soutenir-le-coup-detat-au-tchad#article","isPartOf":{"@id":"https:\/\/www.africa-press.net\/cameroun\/politique\/cameroun-paul-biya-accuse-de-soutenir-le-coup-detat-au-tchad"},"author":{"name":"cfeditorfr","@id":"https:\/\/www.africa-press.net\/cameroun\/#\/schema\/person\/2b1cf3cd81a31e3cd26889ca66d677f1"},"headline":"Cameroun: Paul Biya accus\u00e9 de soutenir le &lsquo;coup d\u2019\u00e9tat au Tchad&rsquo;","datePublished":"2021-04-26T19:16:02+00:00","dateModified":"2021-04-26T19:17:13+00:00","mainEntityOfPage":{"@id":"https:\/\/www.africa-press.net\/cameroun\/politique\/cameroun-paul-biya-accuse-de-soutenir-le-coup-detat-au-tchad"},"wordCount":363,"commentCount":0,"image":{"@id":"https:\/\/www.africa-press.net\/cameroun\/politique\/cameroun-paul-biya-accuse-de-soutenir-le-coup-detat-au-tchad#primaryimage"},"thumbnailUrl":"https:\/\/static.africa-press.net\/cameroun\/sites\/57\/2021\/04\/img-608711a2af3e5.jpg","keywords":["Africa Press","Africa Press-Cameroun","Cameroun"],"articleSection":["homepage-french","Politique","Top Nouvelles","Toutes les actualit\u00e9s"],"inLanguage":"fr-FR","potentialAction":[{"@type":"CommentAction","name":"Comment","target":["https:\/\/www.africa-press.net\/cameroun\/politique\/cameroun-paul-biya-accuse-de-soutenir-le-coup-detat-au-tchad#respond"]}]},{"@type":"WebPage","@id":"https:\/\/www.africa-press.net\/cameroun\/politique\/cameroun-paul-biya-accuse-de-soutenir-le-coup-detat-au-tchad","url":"https:\/\/www.africa-press.net\/cameroun\/politique\/cameroun-paul-biya-accuse-de-soutenir-le-coup-detat-au-tchad","name":"Cameroun: Paul Biya accus\u00e9 de soutenir le 'coup d\u2019\u00e9tat au Tchad' - Cameroun","isPartOf":{"@id":"https:\/\/www.africa-press.net\/cameroun\/#website"},"primaryImageOfPage":{"@id":"https:\/\/www.africa-press.net\/cameroun\/politique\/cameroun-paul-biya-accuse-de-soutenir-le-coup-detat-au-tchad#primaryimage"},"image":{"@id":"https:\/\/www.africa-press.net\/cameroun\/politique\/cameroun-paul-biya-accuse-de-soutenir-le-coup-detat-au-tchad#primaryimage"},"thumbnailUrl":"https:\/\/static.africa-press.net\/cameroun\/sites\/57\/2021\/04\/img-608711a2af3e5.jpg","datePublished":"2021-04-26T19:16:02+00:00","dateModified":"2021-04-26T19:17:13+00:00","author":{"@id":"https:\/\/www.africa-press.net\/cameroun\/#\/schema\/person\/2b1cf3cd81a31e3cd26889ca66d677f1"},"description":"Le sujet de la succession de Idriss D\u00e9by Itno continue de faire d\u00e9bat en Afrique et dans le monde. La prise du pouvoir p ...","breadcrumb":{"@id":"https:\/\/www.africa-press.net\/cameroun\/politique\/cameroun-paul-biya-accuse-de-soutenir-le-coup-detat-au-tchad#breadcrumb"},"inLanguage":"fr-FR","potentialAction":[{"@type":"ReadAction","target":["https:\/\/www.africa-press.net\/cameroun\/politique\/cameroun-paul-biya-accuse-de-soutenir-le-coup-detat-au-tchad"]}]},{"@type":"ImageObject","inLanguage":"fr-FR","@id":"https:\/\/www.africa-press.net\/cameroun\/politique\/cameroun-paul-biya-accuse-de-soutenir-le-coup-detat-au-tchad#primaryimage","url":"https:\/\/static.africa-press.net\/cameroun\/sites\/57\/2021\/04\/img-608711a2af3e5.jpg","contentUrl":"https:\/\/static.africa-press.net\/cameroun\/sites\/57\/2021\/04\/img-608711a2af3e5.jpg","width":720,"height":445,"caption":"Cameroun: Paul Biya accus\u00e9 de soutenir le 'coup d\u2019\u00e9tat au Tchad'"},{"@type":"BreadcrumbList","@id":"https:\/\/www.africa-press.net\/cameroun\/politique\/cameroun-paul-biya-accuse-de-soutenir-le-coup-detat-au-tchad#breadcrumb","itemListElement":[{"@type":"ListItem","position":1,"name":"Accueil","item":"https:\/\/www.africa-press.net\/cameroun\/"},{"@type":"ListItem","position":2,"name":"Cameroun: Paul Biya accus\u00e9 de soutenir le &#8216;coup d\u2019\u00e9tat au Tchad&#8217;"}]},{"@type":"WebSite","@id":"https:\/\/www.africa-press.net\/cameroun\/#website","url":"https:\/\/www.africa-press.net\/cameroun\/","name":"Cameroun","description":"Just another Africa News Agency Sites site","potentialAction":[{"@type":"SearchAction","target":{"@type":"EntryPoint","urlTemplate":"https:\/\/www.africa-press.net\/cameroun\/?s={search_term_string}"},"query-input":{"@type":"PropertyValueSpecification","valueRequired":true,"valueName":"search_term_string"}}],"inLanguage":"fr-FR"},{"@type":"Person","@id":"https:\/\/www.africa-press.net\/cameroun\/#\/schema\/person\/2b1cf3cd81a31e3cd26889ca66d677f1","name":"cfeditorfr"}]}},"_links":{"self":[{"href":"https:\/\/www.africa-press.net\/cameroun\/wp-json\/wp\/v2\/posts\/2583","targetHints":{"allow":["GET"]}}],"collection":[{"href":"https:\/\/www.africa-press.net\/cameroun\/wp-json\/wp\/v2\/posts"}],"about":[{"href":"https:\/\/www.africa-press.net\/cameroun\/wp-json\/wp\/v2\/types\/post"}],"author":[{"embeddable":true,"href":"https:\/\/www.africa-press.net\/cameroun\/wp-json\/wp\/v2\/users\/82"}],"replies":[{"embeddable":true,"href":"https:\/\/www.africa-press.net\/cameroun\/wp-json\/wp\/v2\/comments?post=2583"}],"version-history":[{"count":0,"href":"https:\/\/www.africa-press.net\/cameroun\/wp-json\/wp\/v2\/posts\/2583\/revisions"}],"wp:featuredmedia":[{"embeddable":true,"href":"https:\/\/www.africa-press.net\/cameroun\/wp-json\/wp\/v2\/media\/2582"}],"wp:attachment":[{"href":"https:\/\/www.africa-press.net\/cameroun\/wp-json\/wp\/v2\/media?parent=2583"}],"wp:term":[{"taxonomy":"category","embeddable":true,"href":"https:\/\/www.africa-press.net\/cameroun\/wp-json\/wp\/v2\/categories?post=2583"},{"taxonomy":"post_tag","embeddable":true,"href":"https:\/\/www.africa-press.net\/cameroun\/wp-json\/wp\/v2\/tags?post=2583"}],"curies":[{"name":"wp","href":"https:\/\/api.w.org\/{rel}","templated":true}]}}