{"id":2586,"date":"2021-04-27T17:52:13","date_gmt":"2021-04-27T17:52:13","guid":{"rendered":"https:\/\/www.africa-press.net\/cameroun\/politique\/cameroun-succession-a-paul-biya-franck-biya-refuse-de-se-prononcer-sur-ses-ambitions-jeune-afrique"},"modified":"2021-04-28T03:48:30","modified_gmt":"2021-04-28T03:48:30","slug":"cameroun-succession-a-paul-biya-franck-biya-refuse-de-se-prononcer-sur-ses-ambitions-jeune-afrique","status":"publish","type":"post","link":"https:\/\/www.africa-press.net\/cameroun\/politique\/cameroun-succession-a-paul-biya-franck-biya-refuse-de-se-prononcer-sur-ses-ambitions-jeune-afrique","title":{"rendered":"Cameroun &#8211; Succession \u00e0 Paul Biya: Franck Biya refuse de se prononcer sur ses ambitions (Jeune Afrique)"},"content":{"rendered":"<p><span style=\"color: #ff6600\"><strong><a href=\"https:\/\/www.africa-press.net\/\">Africa-Press<\/a> &#8211; <a href=\"https:\/\/www.africa-press.net\/cameroun\">Cameroun<\/a>. <\/strong><\/span><b>\u00abCameroun: L\u2019\u00e9nigme Franck Biya\u00bb<\/b><\/p>\n<p>, le titre figure en petite Une du journal Jeune Afrique (JA), dans son num\u00e9ro en kiosque du mois de mai 2021. Notre confr\u00e8re propose \u00e0 ses lecteurs un d\u00e9cryptage de cette actualit\u00e9 autour du fils a\u00een\u00e9 de l\u2019actuel Chef de l\u2019Etat, pr\u00e9sent\u00e9 depuis peu, comme son potentiel successeur.<\/p>\n<p>Il y a quelques mois, un mouvement baptis\u00e9 Mouvement citoyen des Frankistes pour la paix et l\u2019unit\u00e9 du Cameroun a vu le jour. Ses initiateurs pr\u00e9sentent le fr\u00e8re a\u00een\u00e9 de Junior et Brenda Biya comme une opportunit\u00e9 dans le cadre de l\u2019alternance \u00e0 la t\u00eate du pays. Jeune Afrique questionne l\u2019opportunit\u00e9 de la cr\u00e9ation d\u2019un tel mouvement maintenant.<\/p>\n<p><b>\u00abLa prochaine \u00e9lection pr\u00e9sidentielle aura lieu dans quatre ans, aucune vacance du pouvoir n\u2019est en vue, et Paul Biya, 88 ans, ne manifeste aucune volont\u00e9 de quitter la Palais d\u2019Etoudi\u00bb<\/b><\/p>\n<p>, fait remarquer le journal.<\/p>\n<p>Pour l\u2019heure, le principal concern\u00e9 regarde, sans mot dire. \u00abFranck Biya, le fils de Paul n\u2019approuve pas, mais ne d\u00e9sapprouve pas non plus le mouvement qui promeut son image\u00bb, note JA.<\/p>\n<p><b>\u00abContact\u00e9 par Jeune Afrique, Franck Biya ne souhaite pas non plus s\u2019exprimer\u00bb<\/b><\/p>\n<p>, indique le magazine qui pr\u00e9cise n\u00e9anmoins que l\u2019homme de 49 ans a laiss\u00e9 son entourage faire le d\u00e9menti. \u00abIl ne connait pas ces gens, jure l\u2019un de ses amis. Ils ont agi de leur propre initiative, il n\u2019a rien \u00e0 voir avec eux\u00bb, lit-on.<\/p>\n<p>Apr\u00e8s des \u00e9tudes primaires et secondaires au Cameroun, F. Biya s\u2019est envol\u00e9 pour les Etats-Unis o\u00f9 il a appris l\u2019\u00e9conomie. Selon Jeune Afrique outre le bois, il est au c\u0153ur de la quasi-totalit\u00e9 des projets impliquant des investisseurs \u00e9trangers.<\/p>\n<p>Mais, nuance le journal, ses d\u00e9tracteurs rel\u00e8vent plusieurs points faibles. Notamment sa faible connaissance de l\u2019administration, puisqu\u2019il n\u2019a jamais occup\u00e9 de hautes fonctions et n\u2019a pas \u00e9t\u00e9 \u00e9l\u00e8ve de la prestigieuse ENAM (Ecole Nationale d\u2019Administration et de Magistrature). Il y a aussi, \u00e9num\u00e8re le magazine, son faible ancrage territorial; la non ma\u00eetrise du fonctionnement du RDPC, le parti pr\u00e9sidentiel; et le tr\u00e8s peu d\u2019influence qu\u2019il aurait sur l\u2019arm\u00e9e.<\/p>\n","protected":false},"excerpt":{"rendered":"<p>Africa-Press &#8211; Cameroun. \u00abCameroun: L\u2019\u00e9nigme Franck Biya\u00bb , le titre figure en petite Une du journal Jeune Afrique (JA), dans son num\u00e9ro en kiosque du mois de mai 2021. Notre confr\u00e8re propose \u00e0 ses lecteurs un d\u00e9cryptage de cette actualit\u00e9 autour du fils a\u00een\u00e9 de l\u2019actuel Chef de l\u2019Etat, pr\u00e9sent\u00e9 depuis peu, comme son potentiel [&hellip;]<\/p>\n","protected":false},"author":82,"featured_media":2585,"comment_status":"open","ping_status":"closed","sticky":false,"template":"","format":"standard","meta":{"footnotes":""},"categories":[11,2,20,10],"tags":[36,50,49],"class_list":["post-2586","post","type-post","status-publish","format-standard","has-post-thumbnail","hentry","category-homepage-french","category-politique","category-top-nouvelles","category-toutes-les-actualites","tag-africa-press","tag-africa-press-cameroun","tag-cameroun"],"yoast_head":"<!-- This site is optimized with the Yoast SEO Premium plugin v26.1 (Yoast SEO v27.0) - https:\/\/yoast.com\/product\/yoast-seo-premium-wordpress\/ -->\n<title>Cameroun - Succession \u00e0 Paul Biya: Franck Biya refuse de se prononcer sur ses ambitions (Jeune Afrique) - Cameroun<\/title>\n<meta name=\"description\" content=\"\u00abCameroun: L\u2019\u00e9nigme Franck Biya\u00bb , le titre figure en petite Une du journal Jeune Afrique (JA), dans son num\u00e9ro ...\" \/>\n<meta name=\"robots\" content=\"index, follow, max-snippet:-1, max-image-preview:large, max-video-preview:-1\" \/>\n<link rel=\"canonical\" href=\"https:\/\/www.africa-press.net\/cameroun\/politique\/cameroun-succession-a-paul-biya-franck-biya-refuse-de-se-prononcer-sur-ses-ambitions-jeune-afrique\" \/>\n<meta property=\"og:locale\" content=\"fr_FR\" \/>\n<meta property=\"og:type\" content=\"article\" \/>\n<meta property=\"og:title\" content=\"Cameroun - Succession \u00e0 Paul Biya: Franck Biya refuse de se prononcer sur ses ambitions (Jeune Afrique)\" \/>\n<meta property=\"og:description\" content=\"\u00abCameroun: L\u2019\u00e9nigme Franck Biya\u00bb , le titre figure en petite Une du journal Jeune Afrique (JA), dans son num\u00e9ro ...\" \/>\n<meta property=\"og:url\" content=\"https:\/\/www.africa-press.net\/cameroun\/politique\/cameroun-succession-a-paul-biya-franck-biya-refuse-de-se-prononcer-sur-ses-ambitions-jeune-afrique\" \/>\n<meta property=\"og:site_name\" content=\"Cameroun\" \/>\n<meta property=\"article:published_time\" content=\"2021-04-27T17:52:13+00:00\" \/>\n<meta property=\"article:modified_time\" content=\"2021-04-28T03:48:30+00:00\" \/>\n<meta property=\"og:image\" content=\"https:\/\/static.africa-press.net\/cameroun\/sites\/57\/2021\/04\/img-6088daf45ef69.jpg\" \/>\n\t<meta property=\"og:image:width\" content=\"800\" \/>\n\t<meta property=\"og:image:height\" content=\"400\" \/>\n\t<meta property=\"og:image:type\" content=\"image\/jpeg\" \/>\n<meta name=\"author\" content=\"cfeditorfr\" \/>\n<meta name=\"twitter:card\" content=\"summary_large_image\" \/>\n<meta name=\"twitter:label1\" content=\"\u00c9crit par\" \/>\n\t<meta name=\"twitter:data1\" content=\"cfeditorfr\" \/>\n\t<meta name=\"twitter:label2\" content=\"Dur\u00e9e de lecture estim\u00e9e\" \/>\n\t<meta name=\"twitter:data2\" content=\"2 minutes\" \/>\n<script type=\"application\/ld+json\" class=\"yoast-schema-graph\">{\"@context\":\"https:\/\/schema.org\",\"@graph\":[{\"@type\":\"Article\",\"@id\":\"https:\/\/www.africa-press.net\/cameroun\/politique\/cameroun-succession-a-paul-biya-franck-biya-refuse-de-se-prononcer-sur-ses-ambitions-jeune-afrique#article\",\"isPartOf\":{\"@id\":\"https:\/\/www.africa-press.net\/cameroun\/politique\/cameroun-succession-a-paul-biya-franck-biya-refuse-de-se-prononcer-sur-ses-ambitions-jeune-afrique\"},\"author\":{\"name\":\"cfeditorfr\",\"@id\":\"https:\/\/www.africa-press.net\/cameroun\/#\/schema\/person\/2b1cf3cd81a31e3cd26889ca66d677f1\"},\"headline\":\"Cameroun &#8211; Succession \u00e0 Paul Biya: Franck Biya refuse de se prononcer sur ses ambitions (Jeune Afrique)\",\"datePublished\":\"2021-04-27T17:52:13+00:00\",\"dateModified\":\"2021-04-28T03:48:30+00:00\",\"mainEntityOfPage\":{\"@id\":\"https:\/\/www.africa-press.net\/cameroun\/politique\/cameroun-succession-a-paul-biya-franck-biya-refuse-de-se-prononcer-sur-ses-ambitions-jeune-afrique\"},\"wordCount\":401,\"commentCount\":0,\"image\":{\"@id\":\"https:\/\/www.africa-press.net\/cameroun\/politique\/cameroun-succession-a-paul-biya-franck-biya-refuse-de-se-prononcer-sur-ses-ambitions-jeune-afrique#primaryimage\"},\"thumbnailUrl\":\"https:\/\/static.africa-press.net\/cameroun\/sites\/57\/2021\/04\/img-6088daf45ef69.jpg\",\"keywords\":[\"Africa Press\",\"Africa Press-Cameroun\",\"Cameroun\"],\"articleSection\":[\"homepage-french\",\"Politique\",\"Top Nouvelles\",\"Toutes les actualit\u00e9s\"],\"inLanguage\":\"fr-FR\",\"potentialAction\":[{\"@type\":\"CommentAction\",\"name\":\"Comment\",\"target\":[\"https:\/\/www.africa-press.net\/cameroun\/politique\/cameroun-succession-a-paul-biya-franck-biya-refuse-de-se-prononcer-sur-ses-ambitions-jeune-afrique#respond\"]}]},{\"@type\":\"WebPage\",\"@id\":\"https:\/\/www.africa-press.net\/cameroun\/politique\/cameroun-succession-a-paul-biya-franck-biya-refuse-de-se-prononcer-sur-ses-ambitions-jeune-afrique\",\"url\":\"https:\/\/www.africa-press.net\/cameroun\/politique\/cameroun-succession-a-paul-biya-franck-biya-refuse-de-se-prononcer-sur-ses-ambitions-jeune-afrique\",\"name\":\"Cameroun - Succession \u00e0 Paul Biya: Franck Biya refuse de se prononcer sur ses ambitions (Jeune Afrique) - Cameroun\",\"isPartOf\":{\"@id\":\"https:\/\/www.africa-press.net\/cameroun\/#website\"},\"primaryImageOfPage\":{\"@id\":\"https:\/\/www.africa-press.net\/cameroun\/politique\/cameroun-succession-a-paul-biya-franck-biya-refuse-de-se-prononcer-sur-ses-ambitions-jeune-afrique#primaryimage\"},\"image\":{\"@id\":\"https:\/\/www.africa-press.net\/cameroun\/politique\/cameroun-succession-a-paul-biya-franck-biya-refuse-de-se-prononcer-sur-ses-ambitions-jeune-afrique#primaryimage\"},\"thumbnailUrl\":\"https:\/\/static.africa-press.net\/cameroun\/sites\/57\/2021\/04\/img-6088daf45ef69.jpg\",\"datePublished\":\"2021-04-27T17:52:13+00:00\",\"dateModified\":\"2021-04-28T03:48:30+00:00\",\"author\":{\"@id\":\"https:\/\/www.africa-press.net\/cameroun\/#\/schema\/person\/2b1cf3cd81a31e3cd26889ca66d677f1\"},\"description\":\"\u00abCameroun: L\u2019\u00e9nigme Franck Biya\u00bb , le titre figure en petite Une du journal Jeune Afrique (JA), dans son num\u00e9ro ...\",\"breadcrumb\":{\"@id\":\"https:\/\/www.africa-press.net\/cameroun\/politique\/cameroun-succession-a-paul-biya-franck-biya-refuse-de-se-prononcer-sur-ses-ambitions-jeune-afrique#breadcrumb\"},\"inLanguage\":\"fr-FR\",\"potentialAction\":[{\"@type\":\"ReadAction\",\"target\":[\"https:\/\/www.africa-press.net\/cameroun\/politique\/cameroun-succession-a-paul-biya-franck-biya-refuse-de-se-prononcer-sur-ses-ambitions-jeune-afrique\"]}]},{\"@type\":\"ImageObject\",\"inLanguage\":\"fr-FR\",\"@id\":\"https:\/\/www.africa-press.net\/cameroun\/politique\/cameroun-succession-a-paul-biya-franck-biya-refuse-de-se-prononcer-sur-ses-ambitions-jeune-afrique#primaryimage\",\"url\":\"https:\/\/static.africa-press.net\/cameroun\/sites\/57\/2021\/04\/img-6088daf45ef69.jpg\",\"contentUrl\":\"https:\/\/static.africa-press.net\/cameroun\/sites\/57\/2021\/04\/img-6088daf45ef69.jpg\",\"width\":800,\"height\":400,\"caption\":\"Cameroun - Succession \u00e0 Paul Biya: Franck Biya refuse de se prononcer sur ses ambitions (Jeune Afrique)\"},{\"@type\":\"BreadcrumbList\",\"@id\":\"https:\/\/www.africa-press.net\/cameroun\/politique\/cameroun-succession-a-paul-biya-franck-biya-refuse-de-se-prononcer-sur-ses-ambitions-jeune-afrique#breadcrumb\",\"itemListElement\":[{\"@type\":\"ListItem\",\"position\":1,\"name\":\"Accueil\",\"item\":\"https:\/\/www.africa-press.net\/cameroun\/\"},{\"@type\":\"ListItem\",\"position\":2,\"name\":\"Cameroun &#8211; Succession \u00e0 Paul Biya: Franck Biya refuse de se prononcer sur ses ambitions (Jeune Afrique)\"}]},{\"@type\":\"WebSite\",\"@id\":\"https:\/\/www.africa-press.net\/cameroun\/#website\",\"url\":\"https:\/\/www.africa-press.net\/cameroun\/\",\"name\":\"Cameroun\",\"description\":\"Just another Africa News Agency Sites site\",\"potentialAction\":[{\"@type\":\"SearchAction\",\"target\":{\"@type\":\"EntryPoint\",\"urlTemplate\":\"https:\/\/www.africa-press.net\/cameroun\/?s={search_term_string}\"},\"query-input\":{\"@type\":\"PropertyValueSpecification\",\"valueRequired\":true,\"valueName\":\"search_term_string\"}}],\"inLanguage\":\"fr-FR\"},{\"@type\":\"Person\",\"@id\":\"https:\/\/www.africa-press.net\/cameroun\/#\/schema\/person\/2b1cf3cd81a31e3cd26889ca66d677f1\",\"name\":\"cfeditorfr\"}]}<\/script>\n<!-- \/ Yoast SEO Premium plugin. -->","yoast_head_json":{"title":"Cameroun - Succession \u00e0 Paul Biya: Franck Biya refuse de se prononcer sur ses ambitions (Jeune Afrique) - Cameroun","description":"\u00abCameroun: L\u2019\u00e9nigme Franck Biya\u00bb , le titre figure en petite Une du journal Jeune Afrique (JA), dans son num\u00e9ro ...","robots":{"index":"index","follow":"follow","max-snippet":"max-snippet:-1","max-image-preview":"max-image-preview:large","max-video-preview":"max-video-preview:-1"},"canonical":"https:\/\/www.africa-press.net\/cameroun\/politique\/cameroun-succession-a-paul-biya-franck-biya-refuse-de-se-prononcer-sur-ses-ambitions-jeune-afrique","og_locale":"fr_FR","og_type":"article","og_title":"Cameroun - Succession \u00e0 Paul Biya: Franck Biya refuse de se prononcer sur ses ambitions (Jeune Afrique)","og_description":"\u00abCameroun: L\u2019\u00e9nigme Franck Biya\u00bb , le titre figure en petite Une du journal Jeune Afrique (JA), dans son num\u00e9ro ...","og_url":"https:\/\/www.africa-press.net\/cameroun\/politique\/cameroun-succession-a-paul-biya-franck-biya-refuse-de-se-prononcer-sur-ses-ambitions-jeune-afrique","og_site_name":"Cameroun","article_published_time":"2021-04-27T17:52:13+00:00","article_modified_time":"2021-04-28T03:48:30+00:00","og_image":[{"width":800,"height":400,"url":"https:\/\/static.africa-press.net\/cameroun\/sites\/57\/2021\/04\/img-6088daf45ef69.jpg","type":"image\/jpeg"}],"author":"cfeditorfr","twitter_card":"summary_large_image","twitter_misc":{"\u00c9crit par":"cfeditorfr","Dur\u00e9e de lecture estim\u00e9e":"2 minutes"},"schema":{"@context":"https:\/\/schema.org","@graph":[{"@type":"Article","@id":"https:\/\/www.africa-press.net\/cameroun\/politique\/cameroun-succession-a-paul-biya-franck-biya-refuse-de-se-prononcer-sur-ses-ambitions-jeune-afrique#article","isPartOf":{"@id":"https:\/\/www.africa-press.net\/cameroun\/politique\/cameroun-succession-a-paul-biya-franck-biya-refuse-de-se-prononcer-sur-ses-ambitions-jeune-afrique"},"author":{"name":"cfeditorfr","@id":"https:\/\/www.africa-press.net\/cameroun\/#\/schema\/person\/2b1cf3cd81a31e3cd26889ca66d677f1"},"headline":"Cameroun &#8211; Succession \u00e0 Paul Biya: Franck Biya refuse de se prononcer sur ses ambitions (Jeune Afrique)","datePublished":"2021-04-27T17:52:13+00:00","dateModified":"2021-04-28T03:48:30+00:00","mainEntityOfPage":{"@id":"https:\/\/www.africa-press.net\/cameroun\/politique\/cameroun-succession-a-paul-biya-franck-biya-refuse-de-se-prononcer-sur-ses-ambitions-jeune-afrique"},"wordCount":401,"commentCount":0,"image":{"@id":"https:\/\/www.africa-press.net\/cameroun\/politique\/cameroun-succession-a-paul-biya-franck-biya-refuse-de-se-prononcer-sur-ses-ambitions-jeune-afrique#primaryimage"},"thumbnailUrl":"https:\/\/static.africa-press.net\/cameroun\/sites\/57\/2021\/04\/img-6088daf45ef69.jpg","keywords":["Africa Press","Africa Press-Cameroun","Cameroun"],"articleSection":["homepage-french","Politique","Top Nouvelles","Toutes les actualit\u00e9s"],"inLanguage":"fr-FR","potentialAction":[{"@type":"CommentAction","name":"Comment","target":["https:\/\/www.africa-press.net\/cameroun\/politique\/cameroun-succession-a-paul-biya-franck-biya-refuse-de-se-prononcer-sur-ses-ambitions-jeune-afrique#respond"]}]},{"@type":"WebPage","@id":"https:\/\/www.africa-press.net\/cameroun\/politique\/cameroun-succession-a-paul-biya-franck-biya-refuse-de-se-prononcer-sur-ses-ambitions-jeune-afrique","url":"https:\/\/www.africa-press.net\/cameroun\/politique\/cameroun-succession-a-paul-biya-franck-biya-refuse-de-se-prononcer-sur-ses-ambitions-jeune-afrique","name":"Cameroun - Succession \u00e0 Paul Biya: Franck Biya refuse de se prononcer sur ses ambitions (Jeune Afrique) - Cameroun","isPartOf":{"@id":"https:\/\/www.africa-press.net\/cameroun\/#website"},"primaryImageOfPage":{"@id":"https:\/\/www.africa-press.net\/cameroun\/politique\/cameroun-succession-a-paul-biya-franck-biya-refuse-de-se-prononcer-sur-ses-ambitions-jeune-afrique#primaryimage"},"image":{"@id":"https:\/\/www.africa-press.net\/cameroun\/politique\/cameroun-succession-a-paul-biya-franck-biya-refuse-de-se-prononcer-sur-ses-ambitions-jeune-afrique#primaryimage"},"thumbnailUrl":"https:\/\/static.africa-press.net\/cameroun\/sites\/57\/2021\/04\/img-6088daf45ef69.jpg","datePublished":"2021-04-27T17:52:13+00:00","dateModified":"2021-04-28T03:48:30+00:00","author":{"@id":"https:\/\/www.africa-press.net\/cameroun\/#\/schema\/person\/2b1cf3cd81a31e3cd26889ca66d677f1"},"description":"\u00abCameroun: L\u2019\u00e9nigme Franck Biya\u00bb , le titre figure en petite Une du journal Jeune Afrique (JA), dans son num\u00e9ro ...","breadcrumb":{"@id":"https:\/\/www.africa-press.net\/cameroun\/politique\/cameroun-succession-a-paul-biya-franck-biya-refuse-de-se-prononcer-sur-ses-ambitions-jeune-afrique#breadcrumb"},"inLanguage":"fr-FR","potentialAction":[{"@type":"ReadAction","target":["https:\/\/www.africa-press.net\/cameroun\/politique\/cameroun-succession-a-paul-biya-franck-biya-refuse-de-se-prononcer-sur-ses-ambitions-jeune-afrique"]}]},{"@type":"ImageObject","inLanguage":"fr-FR","@id":"https:\/\/www.africa-press.net\/cameroun\/politique\/cameroun-succession-a-paul-biya-franck-biya-refuse-de-se-prononcer-sur-ses-ambitions-jeune-afrique#primaryimage","url":"https:\/\/static.africa-press.net\/cameroun\/sites\/57\/2021\/04\/img-6088daf45ef69.jpg","contentUrl":"https:\/\/static.africa-press.net\/cameroun\/sites\/57\/2021\/04\/img-6088daf45ef69.jpg","width":800,"height":400,"caption":"Cameroun - Succession \u00e0 Paul Biya: Franck Biya refuse de se prononcer sur ses ambitions (Jeune Afrique)"},{"@type":"BreadcrumbList","@id":"https:\/\/www.africa-press.net\/cameroun\/politique\/cameroun-succession-a-paul-biya-franck-biya-refuse-de-se-prononcer-sur-ses-ambitions-jeune-afrique#breadcrumb","itemListElement":[{"@type":"ListItem","position":1,"name":"Accueil","item":"https:\/\/www.africa-press.net\/cameroun\/"},{"@type":"ListItem","position":2,"name":"Cameroun &#8211; Succession \u00e0 Paul Biya: Franck Biya refuse de se prononcer sur ses ambitions (Jeune Afrique)"}]},{"@type":"WebSite","@id":"https:\/\/www.africa-press.net\/cameroun\/#website","url":"https:\/\/www.africa-press.net\/cameroun\/","name":"Cameroun","description":"Just another Africa News Agency Sites site","potentialAction":[{"@type":"SearchAction","target":{"@type":"EntryPoint","urlTemplate":"https:\/\/www.africa-press.net\/cameroun\/?s={search_term_string}"},"query-input":{"@type":"PropertyValueSpecification","valueRequired":true,"valueName":"search_term_string"}}],"inLanguage":"fr-FR"},{"@type":"Person","@id":"https:\/\/www.africa-press.net\/cameroun\/#\/schema\/person\/2b1cf3cd81a31e3cd26889ca66d677f1","name":"cfeditorfr"}]}},"_links":{"self":[{"href":"https:\/\/www.africa-press.net\/cameroun\/wp-json\/wp\/v2\/posts\/2586","targetHints":{"allow":["GET"]}}],"collection":[{"href":"https:\/\/www.africa-press.net\/cameroun\/wp-json\/wp\/v2\/posts"}],"about":[{"href":"https:\/\/www.africa-press.net\/cameroun\/wp-json\/wp\/v2\/types\/post"}],"author":[{"embeddable":true,"href":"https:\/\/www.africa-press.net\/cameroun\/wp-json\/wp\/v2\/users\/82"}],"replies":[{"embeddable":true,"href":"https:\/\/www.africa-press.net\/cameroun\/wp-json\/wp\/v2\/comments?post=2586"}],"version-history":[{"count":0,"href":"https:\/\/www.africa-press.net\/cameroun\/wp-json\/wp\/v2\/posts\/2586\/revisions"}],"wp:featuredmedia":[{"embeddable":true,"href":"https:\/\/www.africa-press.net\/cameroun\/wp-json\/wp\/v2\/media\/2585"}],"wp:attachment":[{"href":"https:\/\/www.africa-press.net\/cameroun\/wp-json\/wp\/v2\/media?parent=2586"}],"wp:term":[{"taxonomy":"category","embeddable":true,"href":"https:\/\/www.africa-press.net\/cameroun\/wp-json\/wp\/v2\/categories?post=2586"},{"taxonomy":"post_tag","embeddable":true,"href":"https:\/\/www.africa-press.net\/cameroun\/wp-json\/wp\/v2\/tags?post=2586"}],"curies":[{"name":"wp","href":"https:\/\/api.w.org\/{rel}","templated":true}]}}