{"id":2589,"date":"2021-04-27T17:57:55","date_gmt":"2021-04-27T17:57:55","guid":{"rendered":"https:\/\/www.africa-press.net\/cameroun\/politique\/cameroun-tchad-nomination-le-nouveau-president-tchadien-fait-du-consul-general-du-tchad-a-douala-son-secretaire-particulier"},"modified":"2021-04-28T03:49:08","modified_gmt":"2021-04-28T03:49:08","slug":"cameroun-tchad-nomination-le-nouveau-president-tchadien-fait-du-consul-general-du-tchad-a-douala-son-secretaire-particulier","status":"publish","type":"post","link":"https:\/\/www.africa-press.net\/cameroun\/politique\/cameroun-tchad-nomination-le-nouveau-president-tchadien-fait-du-consul-general-du-tchad-a-douala-son-secretaire-particulier","title":{"rendered":"Cameroun\/Tchad &#8211; Nomination: Le nouveau pr\u00e9sident tchadien fait du consul g\u00e9n\u00e9ral du Tchad \u00e0 Douala son secr\u00e9taire particulier"},"content":{"rendered":"<p><span style=\"color: #ff6600\"><strong><a href=\"https:\/\/www.africa-press.net\/\">Africa-Press<\/a> &#8211; <a href=\"https:\/\/www.africa-press.net\/cameroun\">Cameroun<\/a>. <\/strong><\/span>Le Consul G\u00e9n\u00e9ral du Tchad \u00e0 Douala n\u2019aura exerc\u00e9 officiellement ses fonctions que pendant un mois. Idriss Youssouf Boy qui avait re\u00e7u son ex\u00e9quatur- le d\u00e9cret sign\u00e9 par le pr\u00e9sident camerounais Paul Biya, lequel autorise le Consul G\u00e9n\u00e9ral du Tchad \u00e0 Douala \u00e0 remplir ses fonctions dans le pays- des mains du Gouverneur du Littoral, Samuel Dieudonn\u00e9 Ivaha Diboua le 26 mars 2021. Le 26 avril 2021, le pr\u00e9sident du Conseil Militaire de Transition du Tchad Mahamat Idriss Deby en fait, par d\u00e9cret, son secr\u00e9taire particulier. Il remplace \u00e0 ce poste l&rsquo;ancienne Premi\u00e8re dame Hinda Itno.<\/p>\n<p>Pour les fonctions qu\u2019il exer\u00e7ait \u00e0 Douala, Idriss Youssouf Boy avait \u00e9t\u00e9 nomm\u00e9 le 29 septembre 2020 en remplacement d\u2019Abdelsalam Ali Seid. Le diplomate tchadien avait \u00e9t\u00e9 officiellement install\u00e9 dans ses fonctions par l&rsquo;Ambassadeur du Tchad au Cameroun Djiddi Bichara, le 2 novembre 2020.<\/p>\n<p>Idriss Youssouf Boy a \u00e9t\u00e9 nomm\u00e9 le m\u00eame jour que le nouveau premier ministre, Albert Pahimi Padack\u00e9. Il avait d\u00e9j\u00e0 occup\u00e9 ces fonctions de 2016 \u00e0 2018, avant que le d\u00e9funt pr\u00e9sident tchadien Idriss Deby Itno fasse supprimer ce poste. Il va diriger un gouvernement de transition dont les membres seront nomm\u00e9s et r\u00e9voqu\u00e9s par Mahamat Idriss D\u00e9by.<\/p>\n<p><b>\u00abM. Pahimi Padack\u00e9 \u00e9tait arriv\u00e9 deuxi\u00e8me \u00e0 la pr\u00e9sidentielle du 11 avril, avec 10,32 % des voix, loin derri\u00e8re le d\u00e9funt pr\u00e9sident, r\u00e9\u00e9lu au premier tour pour un sixi\u00e8me mandat avec 79,32 % des suffrages. Durant la campagne pr\u00e9sidentielle, il s\u2019\u00e9tait pr\u00e9sent\u00e9 comme \u00abind\u00e9pendant\u00bb du pouvoir et de l\u2019opposition, qui appelait au d\u00e9part d\u2019Idriss D\u00e9by. \u00abIdriss D\u00e9by a montr\u00e9 son courage sur tous les fronts, j\u2019en suis t\u00e9moin. Un seul courage lui manque, celui d\u2019accepter une passation pacifique du pouvoir\u00bb<\/b><\/p>\n<p>, rapporte le journal fran\u00e7ais Le Monde.<\/p>\n<p>Ces nominations surviennent \u00e0 la suite du d\u00e9c\u00e8s de l\u2019ex-pr\u00e9sident tchadien Idriss Deby Itno, tu\u00e9 selon la version officielle par les rebelles du Front pour l\u2019alternance et la concorde au Tchad lors d\u2019un affrontement. Sa succession a g\u00e9n\u00e9r\u00e9 une grande pol\u00e9mique. D\u2019un c\u00f4t\u00e9 ceux qui estiment que l\u2019ordre constitutionnel n\u2019a pas \u00e9t\u00e9 respect\u00e9 et de l\u2019autre ceux qui expliquent que la situation tendue dans le pays n\u00e9cessite que les militaires conservent les manettes de l\u2019Etat pour notamment r\u00e9gler les probl\u00e8mes d\u2019ordre militaire qui se posent.<\/p>\n","protected":false},"excerpt":{"rendered":"<p>Africa-Press &#8211; Cameroun. Le Consul G\u00e9n\u00e9ral du Tchad \u00e0 Douala n\u2019aura exerc\u00e9 officiellement ses fonctions que pendant un mois. Idriss Youssouf Boy qui avait re\u00e7u son ex\u00e9quatur- le d\u00e9cret sign\u00e9 par le pr\u00e9sident camerounais Paul Biya, lequel autorise le Consul G\u00e9n\u00e9ral du Tchad \u00e0 Douala \u00e0 remplir ses fonctions dans le pays- des mains du [&hellip;]<\/p>\n","protected":false},"author":82,"featured_media":2588,"comment_status":"open","ping_status":"closed","sticky":false,"template":"","format":"standard","meta":{"footnotes":""},"categories":[11,2,10],"tags":[36,50,49],"class_list":["post-2589","post","type-post","status-publish","format-standard","has-post-thumbnail","hentry","category-homepage-french","category-politique","category-toutes-les-actualites","tag-africa-press","tag-africa-press-cameroun","tag-cameroun"],"yoast_head":"<!-- This site is optimized with the Yoast SEO Premium plugin v26.1 (Yoast SEO v27.0) - https:\/\/yoast.com\/product\/yoast-seo-premium-wordpress\/ -->\n<title>Cameroun\/Tchad - Nomination: Le nouveau pr\u00e9sident tchadien fait du consul g\u00e9n\u00e9ral du Tchad \u00e0 Douala son secr\u00e9taire particulier - Cameroun<\/title>\n<meta name=\"description\" content=\"Le Consul G\u00e9n\u00e9ral du Tchad \u00e0 Douala n\u2019aura exerc\u00e9 officiellement ses fonctions que pendant un mois. Idriss Youssouf Boy ...\" \/>\n<meta name=\"robots\" content=\"index, follow, max-snippet:-1, max-image-preview:large, max-video-preview:-1\" \/>\n<link rel=\"canonical\" href=\"https:\/\/www.africa-press.net\/cameroun\/politique\/cameroun-tchad-nomination-le-nouveau-president-tchadien-fait-du-consul-general-du-tchad-a-douala-son-secretaire-particulier\" \/>\n<meta property=\"og:locale\" content=\"fr_FR\" \/>\n<meta property=\"og:type\" content=\"article\" \/>\n<meta property=\"og:title\" content=\"Cameroun\/Tchad - Nomination: Le nouveau pr\u00e9sident tchadien fait du consul g\u00e9n\u00e9ral du Tchad \u00e0 Douala son secr\u00e9taire particulier\" \/>\n<meta property=\"og:description\" content=\"Le Consul G\u00e9n\u00e9ral du Tchad \u00e0 Douala n\u2019aura exerc\u00e9 officiellement ses fonctions que pendant un mois. Idriss Youssouf Boy ...\" \/>\n<meta property=\"og:url\" content=\"https:\/\/www.africa-press.net\/cameroun\/politique\/cameroun-tchad-nomination-le-nouveau-president-tchadien-fait-du-consul-general-du-tchad-a-douala-son-secretaire-particulier\" \/>\n<meta property=\"og:site_name\" content=\"Cameroun\" \/>\n<meta property=\"article:published_time\" content=\"2021-04-27T17:57:55+00:00\" \/>\n<meta property=\"article:modified_time\" content=\"2021-04-28T03:49:08+00:00\" \/>\n<meta property=\"og:image\" content=\"https:\/\/static.africa-press.net\/cameroun\/sites\/57\/2021\/04\/img-6088db1d9ab6e.jpg\" \/>\n\t<meta property=\"og:image:width\" content=\"800\" \/>\n\t<meta property=\"og:image:height\" content=\"949\" \/>\n\t<meta property=\"og:image:type\" content=\"image\/jpeg\" \/>\n<meta name=\"author\" content=\"cfeditorfr\" \/>\n<meta name=\"twitter:card\" content=\"summary_large_image\" \/>\n<meta name=\"twitter:label1\" content=\"\u00c9crit par\" \/>\n\t<meta name=\"twitter:data1\" content=\"cfeditorfr\" \/>\n\t<meta name=\"twitter:label2\" content=\"Dur\u00e9e de lecture estim\u00e9e\" \/>\n\t<meta name=\"twitter:data2\" content=\"2 minutes\" \/>\n<script type=\"application\/ld+json\" class=\"yoast-schema-graph\">{\"@context\":\"https:\/\/schema.org\",\"@graph\":[{\"@type\":\"Article\",\"@id\":\"https:\/\/www.africa-press.net\/cameroun\/politique\/cameroun-tchad-nomination-le-nouveau-president-tchadien-fait-du-consul-general-du-tchad-a-douala-son-secretaire-particulier#article\",\"isPartOf\":{\"@id\":\"https:\/\/www.africa-press.net\/cameroun\/politique\/cameroun-tchad-nomination-le-nouveau-president-tchadien-fait-du-consul-general-du-tchad-a-douala-son-secretaire-particulier\"},\"author\":{\"name\":\"cfeditorfr\",\"@id\":\"https:\/\/www.africa-press.net\/cameroun\/#\/schema\/person\/2b1cf3cd81a31e3cd26889ca66d677f1\"},\"headline\":\"Cameroun\/Tchad &#8211; Nomination: Le nouveau pr\u00e9sident tchadien fait du consul g\u00e9n\u00e9ral du Tchad \u00e0 Douala son secr\u00e9taire particulier\",\"datePublished\":\"2021-04-27T17:57:55+00:00\",\"dateModified\":\"2021-04-28T03:49:08+00:00\",\"mainEntityOfPage\":{\"@id\":\"https:\/\/www.africa-press.net\/cameroun\/politique\/cameroun-tchad-nomination-le-nouveau-president-tchadien-fait-du-consul-general-du-tchad-a-douala-son-secretaire-particulier\"},\"wordCount\":436,\"commentCount\":0,\"image\":{\"@id\":\"https:\/\/www.africa-press.net\/cameroun\/politique\/cameroun-tchad-nomination-le-nouveau-president-tchadien-fait-du-consul-general-du-tchad-a-douala-son-secretaire-particulier#primaryimage\"},\"thumbnailUrl\":\"https:\/\/static.africa-press.net\/cameroun\/sites\/57\/2021\/04\/img-6088db1d9ab6e.jpg\",\"keywords\":[\"Africa Press\",\"Africa Press-Cameroun\",\"Cameroun\"],\"articleSection\":[\"homepage-french\",\"Politique\",\"Toutes les actualit\u00e9s\"],\"inLanguage\":\"fr-FR\",\"potentialAction\":[{\"@type\":\"CommentAction\",\"name\":\"Comment\",\"target\":[\"https:\/\/www.africa-press.net\/cameroun\/politique\/cameroun-tchad-nomination-le-nouveau-president-tchadien-fait-du-consul-general-du-tchad-a-douala-son-secretaire-particulier#respond\"]}]},{\"@type\":\"WebPage\",\"@id\":\"https:\/\/www.africa-press.net\/cameroun\/politique\/cameroun-tchad-nomination-le-nouveau-president-tchadien-fait-du-consul-general-du-tchad-a-douala-son-secretaire-particulier\",\"url\":\"https:\/\/www.africa-press.net\/cameroun\/politique\/cameroun-tchad-nomination-le-nouveau-president-tchadien-fait-du-consul-general-du-tchad-a-douala-son-secretaire-particulier\",\"name\":\"Cameroun\/Tchad - Nomination: Le nouveau pr\u00e9sident tchadien fait du consul g\u00e9n\u00e9ral du Tchad \u00e0 Douala son secr\u00e9taire particulier - Cameroun\",\"isPartOf\":{\"@id\":\"https:\/\/www.africa-press.net\/cameroun\/#website\"},\"primaryImageOfPage\":{\"@id\":\"https:\/\/www.africa-press.net\/cameroun\/politique\/cameroun-tchad-nomination-le-nouveau-president-tchadien-fait-du-consul-general-du-tchad-a-douala-son-secretaire-particulier#primaryimage\"},\"image\":{\"@id\":\"https:\/\/www.africa-press.net\/cameroun\/politique\/cameroun-tchad-nomination-le-nouveau-president-tchadien-fait-du-consul-general-du-tchad-a-douala-son-secretaire-particulier#primaryimage\"},\"thumbnailUrl\":\"https:\/\/static.africa-press.net\/cameroun\/sites\/57\/2021\/04\/img-6088db1d9ab6e.jpg\",\"datePublished\":\"2021-04-27T17:57:55+00:00\",\"dateModified\":\"2021-04-28T03:49:08+00:00\",\"author\":{\"@id\":\"https:\/\/www.africa-press.net\/cameroun\/#\/schema\/person\/2b1cf3cd81a31e3cd26889ca66d677f1\"},\"description\":\"Le Consul G\u00e9n\u00e9ral du Tchad \u00e0 Douala n\u2019aura exerc\u00e9 officiellement ses fonctions que pendant un mois. Idriss Youssouf Boy ...\",\"breadcrumb\":{\"@id\":\"https:\/\/www.africa-press.net\/cameroun\/politique\/cameroun-tchad-nomination-le-nouveau-president-tchadien-fait-du-consul-general-du-tchad-a-douala-son-secretaire-particulier#breadcrumb\"},\"inLanguage\":\"fr-FR\",\"potentialAction\":[{\"@type\":\"ReadAction\",\"target\":[\"https:\/\/www.africa-press.net\/cameroun\/politique\/cameroun-tchad-nomination-le-nouveau-president-tchadien-fait-du-consul-general-du-tchad-a-douala-son-secretaire-particulier\"]}]},{\"@type\":\"ImageObject\",\"inLanguage\":\"fr-FR\",\"@id\":\"https:\/\/www.africa-press.net\/cameroun\/politique\/cameroun-tchad-nomination-le-nouveau-president-tchadien-fait-du-consul-general-du-tchad-a-douala-son-secretaire-particulier#primaryimage\",\"url\":\"https:\/\/static.africa-press.net\/cameroun\/sites\/57\/2021\/04\/img-6088db1d9ab6e.jpg\",\"contentUrl\":\"https:\/\/static.africa-press.net\/cameroun\/sites\/57\/2021\/04\/img-6088db1d9ab6e.jpg\",\"width\":800,\"height\":949,\"caption\":\"Cameroun\/Tchad - Nomination: Le nouveau pr\u00e9sident tchadien fait du consul g\u00e9n\u00e9ral du Tchad \u00e0 Douala son secr\u00e9taire particulier\"},{\"@type\":\"BreadcrumbList\",\"@id\":\"https:\/\/www.africa-press.net\/cameroun\/politique\/cameroun-tchad-nomination-le-nouveau-president-tchadien-fait-du-consul-general-du-tchad-a-douala-son-secretaire-particulier#breadcrumb\",\"itemListElement\":[{\"@type\":\"ListItem\",\"position\":1,\"name\":\"Accueil\",\"item\":\"https:\/\/www.africa-press.net\/cameroun\/\"},{\"@type\":\"ListItem\",\"position\":2,\"name\":\"Cameroun\/Tchad &#8211; Nomination: Le nouveau pr\u00e9sident tchadien fait du consul g\u00e9n\u00e9ral du Tchad \u00e0 Douala son secr\u00e9taire particulier\"}]},{\"@type\":\"WebSite\",\"@id\":\"https:\/\/www.africa-press.net\/cameroun\/#website\",\"url\":\"https:\/\/www.africa-press.net\/cameroun\/\",\"name\":\"Cameroun\",\"description\":\"Just another Africa News Agency Sites site\",\"potentialAction\":[{\"@type\":\"SearchAction\",\"target\":{\"@type\":\"EntryPoint\",\"urlTemplate\":\"https:\/\/www.africa-press.net\/cameroun\/?s={search_term_string}\"},\"query-input\":{\"@type\":\"PropertyValueSpecification\",\"valueRequired\":true,\"valueName\":\"search_term_string\"}}],\"inLanguage\":\"fr-FR\"},{\"@type\":\"Person\",\"@id\":\"https:\/\/www.africa-press.net\/cameroun\/#\/schema\/person\/2b1cf3cd81a31e3cd26889ca66d677f1\",\"name\":\"cfeditorfr\"}]}<\/script>\n<!-- \/ Yoast SEO Premium plugin. -->","yoast_head_json":{"title":"Cameroun\/Tchad - Nomination: Le nouveau pr\u00e9sident tchadien fait du consul g\u00e9n\u00e9ral du Tchad \u00e0 Douala son secr\u00e9taire particulier - Cameroun","description":"Le Consul G\u00e9n\u00e9ral du Tchad \u00e0 Douala n\u2019aura exerc\u00e9 officiellement ses fonctions que pendant un mois. Idriss Youssouf Boy ...","robots":{"index":"index","follow":"follow","max-snippet":"max-snippet:-1","max-image-preview":"max-image-preview:large","max-video-preview":"max-video-preview:-1"},"canonical":"https:\/\/www.africa-press.net\/cameroun\/politique\/cameroun-tchad-nomination-le-nouveau-president-tchadien-fait-du-consul-general-du-tchad-a-douala-son-secretaire-particulier","og_locale":"fr_FR","og_type":"article","og_title":"Cameroun\/Tchad - Nomination: Le nouveau pr\u00e9sident tchadien fait du consul g\u00e9n\u00e9ral du Tchad \u00e0 Douala son secr\u00e9taire particulier","og_description":"Le Consul G\u00e9n\u00e9ral du Tchad \u00e0 Douala n\u2019aura exerc\u00e9 officiellement ses fonctions que pendant un mois. Idriss Youssouf Boy ...","og_url":"https:\/\/www.africa-press.net\/cameroun\/politique\/cameroun-tchad-nomination-le-nouveau-president-tchadien-fait-du-consul-general-du-tchad-a-douala-son-secretaire-particulier","og_site_name":"Cameroun","article_published_time":"2021-04-27T17:57:55+00:00","article_modified_time":"2021-04-28T03:49:08+00:00","og_image":[{"width":800,"height":949,"url":"https:\/\/static.africa-press.net\/cameroun\/sites\/57\/2021\/04\/img-6088db1d9ab6e.jpg","type":"image\/jpeg"}],"author":"cfeditorfr","twitter_card":"summary_large_image","twitter_misc":{"\u00c9crit par":"cfeditorfr","Dur\u00e9e de lecture estim\u00e9e":"2 minutes"},"schema":{"@context":"https:\/\/schema.org","@graph":[{"@type":"Article","@id":"https:\/\/www.africa-press.net\/cameroun\/politique\/cameroun-tchad-nomination-le-nouveau-president-tchadien-fait-du-consul-general-du-tchad-a-douala-son-secretaire-particulier#article","isPartOf":{"@id":"https:\/\/www.africa-press.net\/cameroun\/politique\/cameroun-tchad-nomination-le-nouveau-president-tchadien-fait-du-consul-general-du-tchad-a-douala-son-secretaire-particulier"},"author":{"name":"cfeditorfr","@id":"https:\/\/www.africa-press.net\/cameroun\/#\/schema\/person\/2b1cf3cd81a31e3cd26889ca66d677f1"},"headline":"Cameroun\/Tchad &#8211; Nomination: Le nouveau pr\u00e9sident tchadien fait du consul g\u00e9n\u00e9ral du Tchad \u00e0 Douala son secr\u00e9taire particulier","datePublished":"2021-04-27T17:57:55+00:00","dateModified":"2021-04-28T03:49:08+00:00","mainEntityOfPage":{"@id":"https:\/\/www.africa-press.net\/cameroun\/politique\/cameroun-tchad-nomination-le-nouveau-president-tchadien-fait-du-consul-general-du-tchad-a-douala-son-secretaire-particulier"},"wordCount":436,"commentCount":0,"image":{"@id":"https:\/\/www.africa-press.net\/cameroun\/politique\/cameroun-tchad-nomination-le-nouveau-president-tchadien-fait-du-consul-general-du-tchad-a-douala-son-secretaire-particulier#primaryimage"},"thumbnailUrl":"https:\/\/static.africa-press.net\/cameroun\/sites\/57\/2021\/04\/img-6088db1d9ab6e.jpg","keywords":["Africa Press","Africa Press-Cameroun","Cameroun"],"articleSection":["homepage-french","Politique","Toutes les actualit\u00e9s"],"inLanguage":"fr-FR","potentialAction":[{"@type":"CommentAction","name":"Comment","target":["https:\/\/www.africa-press.net\/cameroun\/politique\/cameroun-tchad-nomination-le-nouveau-president-tchadien-fait-du-consul-general-du-tchad-a-douala-son-secretaire-particulier#respond"]}]},{"@type":"WebPage","@id":"https:\/\/www.africa-press.net\/cameroun\/politique\/cameroun-tchad-nomination-le-nouveau-president-tchadien-fait-du-consul-general-du-tchad-a-douala-son-secretaire-particulier","url":"https:\/\/www.africa-press.net\/cameroun\/politique\/cameroun-tchad-nomination-le-nouveau-president-tchadien-fait-du-consul-general-du-tchad-a-douala-son-secretaire-particulier","name":"Cameroun\/Tchad - Nomination: Le nouveau pr\u00e9sident tchadien fait du consul g\u00e9n\u00e9ral du Tchad \u00e0 Douala son secr\u00e9taire particulier - Cameroun","isPartOf":{"@id":"https:\/\/www.africa-press.net\/cameroun\/#website"},"primaryImageOfPage":{"@id":"https:\/\/www.africa-press.net\/cameroun\/politique\/cameroun-tchad-nomination-le-nouveau-president-tchadien-fait-du-consul-general-du-tchad-a-douala-son-secretaire-particulier#primaryimage"},"image":{"@id":"https:\/\/www.africa-press.net\/cameroun\/politique\/cameroun-tchad-nomination-le-nouveau-president-tchadien-fait-du-consul-general-du-tchad-a-douala-son-secretaire-particulier#primaryimage"},"thumbnailUrl":"https:\/\/static.africa-press.net\/cameroun\/sites\/57\/2021\/04\/img-6088db1d9ab6e.jpg","datePublished":"2021-04-27T17:57:55+00:00","dateModified":"2021-04-28T03:49:08+00:00","author":{"@id":"https:\/\/www.africa-press.net\/cameroun\/#\/schema\/person\/2b1cf3cd81a31e3cd26889ca66d677f1"},"description":"Le Consul G\u00e9n\u00e9ral du Tchad \u00e0 Douala n\u2019aura exerc\u00e9 officiellement ses fonctions que pendant un mois. Idriss Youssouf Boy ...","breadcrumb":{"@id":"https:\/\/www.africa-press.net\/cameroun\/politique\/cameroun-tchad-nomination-le-nouveau-president-tchadien-fait-du-consul-general-du-tchad-a-douala-son-secretaire-particulier#breadcrumb"},"inLanguage":"fr-FR","potentialAction":[{"@type":"ReadAction","target":["https:\/\/www.africa-press.net\/cameroun\/politique\/cameroun-tchad-nomination-le-nouveau-president-tchadien-fait-du-consul-general-du-tchad-a-douala-son-secretaire-particulier"]}]},{"@type":"ImageObject","inLanguage":"fr-FR","@id":"https:\/\/www.africa-press.net\/cameroun\/politique\/cameroun-tchad-nomination-le-nouveau-president-tchadien-fait-du-consul-general-du-tchad-a-douala-son-secretaire-particulier#primaryimage","url":"https:\/\/static.africa-press.net\/cameroun\/sites\/57\/2021\/04\/img-6088db1d9ab6e.jpg","contentUrl":"https:\/\/static.africa-press.net\/cameroun\/sites\/57\/2021\/04\/img-6088db1d9ab6e.jpg","width":800,"height":949,"caption":"Cameroun\/Tchad - Nomination: Le nouveau pr\u00e9sident tchadien fait du consul g\u00e9n\u00e9ral du Tchad \u00e0 Douala son secr\u00e9taire particulier"},{"@type":"BreadcrumbList","@id":"https:\/\/www.africa-press.net\/cameroun\/politique\/cameroun-tchad-nomination-le-nouveau-president-tchadien-fait-du-consul-general-du-tchad-a-douala-son-secretaire-particulier#breadcrumb","itemListElement":[{"@type":"ListItem","position":1,"name":"Accueil","item":"https:\/\/www.africa-press.net\/cameroun\/"},{"@type":"ListItem","position":2,"name":"Cameroun\/Tchad &#8211; Nomination: Le nouveau pr\u00e9sident tchadien fait du consul g\u00e9n\u00e9ral du Tchad \u00e0 Douala son secr\u00e9taire particulier"}]},{"@type":"WebSite","@id":"https:\/\/www.africa-press.net\/cameroun\/#website","url":"https:\/\/www.africa-press.net\/cameroun\/","name":"Cameroun","description":"Just another Africa News Agency Sites site","potentialAction":[{"@type":"SearchAction","target":{"@type":"EntryPoint","urlTemplate":"https:\/\/www.africa-press.net\/cameroun\/?s={search_term_string}"},"query-input":{"@type":"PropertyValueSpecification","valueRequired":true,"valueName":"search_term_string"}}],"inLanguage":"fr-FR"},{"@type":"Person","@id":"https:\/\/www.africa-press.net\/cameroun\/#\/schema\/person\/2b1cf3cd81a31e3cd26889ca66d677f1","name":"cfeditorfr"}]}},"_links":{"self":[{"href":"https:\/\/www.africa-press.net\/cameroun\/wp-json\/wp\/v2\/posts\/2589","targetHints":{"allow":["GET"]}}],"collection":[{"href":"https:\/\/www.africa-press.net\/cameroun\/wp-json\/wp\/v2\/posts"}],"about":[{"href":"https:\/\/www.africa-press.net\/cameroun\/wp-json\/wp\/v2\/types\/post"}],"author":[{"embeddable":true,"href":"https:\/\/www.africa-press.net\/cameroun\/wp-json\/wp\/v2\/users\/82"}],"replies":[{"embeddable":true,"href":"https:\/\/www.africa-press.net\/cameroun\/wp-json\/wp\/v2\/comments?post=2589"}],"version-history":[{"count":0,"href":"https:\/\/www.africa-press.net\/cameroun\/wp-json\/wp\/v2\/posts\/2589\/revisions"}],"wp:featuredmedia":[{"embeddable":true,"href":"https:\/\/www.africa-press.net\/cameroun\/wp-json\/wp\/v2\/media\/2588"}],"wp:attachment":[{"href":"https:\/\/www.africa-press.net\/cameroun\/wp-json\/wp\/v2\/media?parent=2589"}],"wp:term":[{"taxonomy":"category","embeddable":true,"href":"https:\/\/www.africa-press.net\/cameroun\/wp-json\/wp\/v2\/categories?post=2589"},{"taxonomy":"post_tag","embeddable":true,"href":"https:\/\/www.africa-press.net\/cameroun\/wp-json\/wp\/v2\/tags?post=2589"}],"curies":[{"name":"wp","href":"https:\/\/api.w.org\/{rel}","templated":true}]}}