{"id":2595,"date":"2021-04-27T18:12:08","date_gmt":"2021-04-27T18:12:08","guid":{"rendered":"https:\/\/www.africa-press.net\/cameroun\/politique\/cameroun-arrivee-de-francis-ngannou-voici-la-video-de-la-liesse-populaire-quil-a-suscitee-lors-du-premier-tour-de-ville-a-douala"},"modified":"2021-04-28T03:50:20","modified_gmt":"2021-04-28T03:50:20","slug":"cameroun-arrivee-de-francis-ngannou-voici-la-video-de-la-liesse-populaire-quil-a-suscitee-lors-du-premier-tour-de-ville-a-douala","status":"publish","type":"post","link":"https:\/\/www.africa-press.net\/cameroun\/toutes-les-actualites\/cameroun-arrivee-de-francis-ngannou-voici-la-video-de-la-liesse-populaire-quil-a-suscitee-lors-du-premier-tour-de-ville-a-douala","title":{"rendered":"Cameroun &#8211; Arriv\u00e9e de Francis Ngannou: Voici la vid\u00e9o de la liesse populaire qu\u2019il a suscit\u00e9e lors du premier tour de ville \u00e0 Douala"},"content":{"rendered":"<p><span style=\"color: #ff6600\"><strong><a href=\"https:\/\/www.africa-press.net\/\">Africa-Press<\/a> &#8211; <a href=\"https:\/\/www.africa-press.net\/cameroun\">Cameroun<\/a>. <\/strong><\/span><b>Francis Ngannou<\/b><\/p>\n<p>est au Cameroun. L\u2019actuel champion du monde poids lourds de MMA, est arriv\u00e9 au pays le lundi 26 avril 2021, 1 mois apr\u00e8s la conqu\u00eate de son titre aux \u00c9tats-Unis. Le combattant camerounais, qu\u2019on a bri\u00e8vement aper\u00e7u dans le 9e film de la lucrative saga Fast and Furious, a \u00e9t\u00e9 accueilli \u00e0 la dimension de l\u2019exploit qu\u2019il a r\u00e9alis\u00e9 en terrassant l\u2019am\u00e9ricain Stipe Miocic au mois de mars.<\/p>\n<p>De l\u2019a\u00e9roport international de Douala o\u00f9 il est descendu d\u2019un jet priv\u00e9, jusqu\u2019aux services du gouverneur de la r\u00e9gion du Littoral, Samuel Ivaha Diboua, qui l\u2019a re\u00e7u, de nombreux camerounais se sont mass\u00e9s sur les routes pour essayer d\u2019apercevoir le natif de Bati\u00e9 (Ouest) et scander son nom. Ce dernier le leur a bien rendu, en brandissant sa ceinture de champion, du haut de la voiture o\u00f9 il \u00e9tait perch\u00e9. Francis Ngannou a ensuite assist\u00e9 \u00e0 une conf\u00e9rence de presse et \u00e0 une soir\u00e9e baptis\u00e9e \u00abSoir\u00e9e des Imbattables\u00bb, organis\u00e9es par l\u2019entreprise de t\u00e9l\u00e9phonie mobile MTN Camerooon.<\/p>\n","protected":false},"excerpt":{"rendered":"<p>Africa-Press &#8211; Cameroun. Francis Ngannou est au Cameroun. L\u2019actuel champion du monde poids lourds de MMA, est arriv\u00e9 au pays le lundi 26 avril 2021, 1 mois apr\u00e8s la conqu\u00eate de son titre aux \u00c9tats-Unis. Le combattant camerounais, qu\u2019on a bri\u00e8vement aper\u00e7u dans le 9e film de la lucrative saga Fast and Furious, a \u00e9t\u00e9 [&hellip;]<\/p>\n","protected":false},"author":82,"featured_media":2594,"comment_status":"open","ping_status":"closed","sticky":false,"template":"","format":"standard","meta":{"footnotes":""},"categories":[21,11,10],"tags":[36,50,49],"class_list":["post-2595","post","type-post","status-publish","format-standard","has-post-thumbnail","hentry","category-communaute","category-homepage-french","category-toutes-les-actualites","tag-africa-press","tag-africa-press-cameroun","tag-cameroun"],"yoast_head":"<!-- This site is optimized with the Yoast SEO Premium plugin v26.1 (Yoast SEO v27.0) - https:\/\/yoast.com\/product\/yoast-seo-premium-wordpress\/ -->\n<title>Cameroun - Arriv\u00e9e de Francis Ngannou: Voici la vid\u00e9o de la liesse populaire qu\u2019il a suscit\u00e9e lors du premier tour de ville \u00e0 Douala - Cameroun<\/title>\n<meta name=\"description\" content=\"Francis Ngannou est au Cameroun. L\u2019actuel champion du monde poids lourds de MMA, est arriv\u00e9 au pays le lundi 26 ...\" \/>\n<meta name=\"robots\" content=\"index, follow, max-snippet:-1, max-image-preview:large, max-video-preview:-1\" \/>\n<link rel=\"canonical\" href=\"https:\/\/www.africa-press.net\/cameroun\/toutes-les-actualites\/cameroun-arrivee-de-francis-ngannou-voici-la-video-de-la-liesse-populaire-quil-a-suscitee-lors-du-premier-tour-de-ville-a-douala\" \/>\n<meta property=\"og:locale\" content=\"fr_FR\" \/>\n<meta property=\"og:type\" content=\"article\" \/>\n<meta property=\"og:title\" content=\"Cameroun - Arriv\u00e9e de Francis Ngannou: Voici la vid\u00e9o de la liesse populaire qu\u2019il a suscit\u00e9e lors du premier tour de ville \u00e0 Douala\" \/>\n<meta property=\"og:description\" content=\"Francis Ngannou est au Cameroun. L\u2019actuel champion du monde poids lourds de MMA, est arriv\u00e9 au pays le lundi 26 ...\" \/>\n<meta property=\"og:url\" content=\"https:\/\/www.africa-press.net\/cameroun\/toutes-les-actualites\/cameroun-arrivee-de-francis-ngannou-voici-la-video-de-la-liesse-populaire-quil-a-suscitee-lors-du-premier-tour-de-ville-a-douala\" \/>\n<meta property=\"og:site_name\" content=\"Cameroun\" \/>\n<meta property=\"article:published_time\" content=\"2021-04-27T18:12:08+00:00\" \/>\n<meta property=\"article:modified_time\" content=\"2021-04-28T03:50:20+00:00\" \/>\n<meta property=\"og:image\" content=\"https:\/\/static.africa-press.net\/cameroun\/sites\/57\/2021\/04\/img-6088db67275fa.jpg\" \/>\n\t<meta property=\"og:image:width\" content=\"800\" \/>\n\t<meta property=\"og:image:height\" content=\"868\" \/>\n\t<meta property=\"og:image:type\" content=\"image\/jpeg\" \/>\n<meta name=\"author\" content=\"cfeditorfr\" \/>\n<meta name=\"twitter:card\" content=\"summary_large_image\" \/>\n<meta name=\"twitter:label1\" content=\"\u00c9crit par\" \/>\n\t<meta name=\"twitter:data1\" content=\"cfeditorfr\" \/>\n\t<meta name=\"twitter:label2\" content=\"Dur\u00e9e de lecture estim\u00e9e\" \/>\n\t<meta name=\"twitter:data2\" content=\"1 minute\" \/>\n<script type=\"application\/ld+json\" class=\"yoast-schema-graph\">{\"@context\":\"https:\/\/schema.org\",\"@graph\":[{\"@type\":\"Article\",\"@id\":\"https:\/\/www.africa-press.net\/cameroun\/toutes-les-actualites\/cameroun-arrivee-de-francis-ngannou-voici-la-video-de-la-liesse-populaire-quil-a-suscitee-lors-du-premier-tour-de-ville-a-douala#article\",\"isPartOf\":{\"@id\":\"https:\/\/www.africa-press.net\/cameroun\/toutes-les-actualites\/cameroun-arrivee-de-francis-ngannou-voici-la-video-de-la-liesse-populaire-quil-a-suscitee-lors-du-premier-tour-de-ville-a-douala\"},\"author\":{\"name\":\"cfeditorfr\",\"@id\":\"https:\/\/www.africa-press.net\/cameroun\/#\/schema\/person\/2b1cf3cd81a31e3cd26889ca66d677f1\"},\"headline\":\"Cameroun &#8211; Arriv\u00e9e de Francis Ngannou: Voici la vid\u00e9o de la liesse populaire qu\u2019il a suscit\u00e9e lors du premier tour de ville \u00e0 Douala\",\"datePublished\":\"2021-04-27T18:12:08+00:00\",\"dateModified\":\"2021-04-28T03:50:20+00:00\",\"mainEntityOfPage\":{\"@id\":\"https:\/\/www.africa-press.net\/cameroun\/toutes-les-actualites\/cameroun-arrivee-de-francis-ngannou-voici-la-video-de-la-liesse-populaire-quil-a-suscitee-lors-du-premier-tour-de-ville-a-douala\"},\"wordCount\":218,\"commentCount\":0,\"image\":{\"@id\":\"https:\/\/www.africa-press.net\/cameroun\/toutes-les-actualites\/cameroun-arrivee-de-francis-ngannou-voici-la-video-de-la-liesse-populaire-quil-a-suscitee-lors-du-premier-tour-de-ville-a-douala#primaryimage\"},\"thumbnailUrl\":\"https:\/\/static.africa-press.net\/cameroun\/sites\/57\/2021\/04\/img-6088db67275fa.jpg\",\"keywords\":[\"Africa Press\",\"Africa Press-Cameroun\",\"Cameroun\"],\"articleSection\":[\"Communaut\u00e9\",\"homepage-french\",\"Toutes les actualit\u00e9s\"],\"inLanguage\":\"fr-FR\",\"potentialAction\":[{\"@type\":\"CommentAction\",\"name\":\"Comment\",\"target\":[\"https:\/\/www.africa-press.net\/cameroun\/toutes-les-actualites\/cameroun-arrivee-de-francis-ngannou-voici-la-video-de-la-liesse-populaire-quil-a-suscitee-lors-du-premier-tour-de-ville-a-douala#respond\"]}]},{\"@type\":\"WebPage\",\"@id\":\"https:\/\/www.africa-press.net\/cameroun\/toutes-les-actualites\/cameroun-arrivee-de-francis-ngannou-voici-la-video-de-la-liesse-populaire-quil-a-suscitee-lors-du-premier-tour-de-ville-a-douala\",\"url\":\"https:\/\/www.africa-press.net\/cameroun\/toutes-les-actualites\/cameroun-arrivee-de-francis-ngannou-voici-la-video-de-la-liesse-populaire-quil-a-suscitee-lors-du-premier-tour-de-ville-a-douala\",\"name\":\"Cameroun - Arriv\u00e9e de Francis Ngannou: Voici la vid\u00e9o de la liesse populaire qu\u2019il a suscit\u00e9e lors du premier tour de ville \u00e0 Douala - Cameroun\",\"isPartOf\":{\"@id\":\"https:\/\/www.africa-press.net\/cameroun\/#website\"},\"primaryImageOfPage\":{\"@id\":\"https:\/\/www.africa-press.net\/cameroun\/toutes-les-actualites\/cameroun-arrivee-de-francis-ngannou-voici-la-video-de-la-liesse-populaire-quil-a-suscitee-lors-du-premier-tour-de-ville-a-douala#primaryimage\"},\"image\":{\"@id\":\"https:\/\/www.africa-press.net\/cameroun\/toutes-les-actualites\/cameroun-arrivee-de-francis-ngannou-voici-la-video-de-la-liesse-populaire-quil-a-suscitee-lors-du-premier-tour-de-ville-a-douala#primaryimage\"},\"thumbnailUrl\":\"https:\/\/static.africa-press.net\/cameroun\/sites\/57\/2021\/04\/img-6088db67275fa.jpg\",\"datePublished\":\"2021-04-27T18:12:08+00:00\",\"dateModified\":\"2021-04-28T03:50:20+00:00\",\"author\":{\"@id\":\"https:\/\/www.africa-press.net\/cameroun\/#\/schema\/person\/2b1cf3cd81a31e3cd26889ca66d677f1\"},\"description\":\"Francis Ngannou est au Cameroun. L\u2019actuel champion du monde poids lourds de MMA, est arriv\u00e9 au pays le lundi 26 ...\",\"breadcrumb\":{\"@id\":\"https:\/\/www.africa-press.net\/cameroun\/toutes-les-actualites\/cameroun-arrivee-de-francis-ngannou-voici-la-video-de-la-liesse-populaire-quil-a-suscitee-lors-du-premier-tour-de-ville-a-douala#breadcrumb\"},\"inLanguage\":\"fr-FR\",\"potentialAction\":[{\"@type\":\"ReadAction\",\"target\":[\"https:\/\/www.africa-press.net\/cameroun\/toutes-les-actualites\/cameroun-arrivee-de-francis-ngannou-voici-la-video-de-la-liesse-populaire-quil-a-suscitee-lors-du-premier-tour-de-ville-a-douala\"]}]},{\"@type\":\"ImageObject\",\"inLanguage\":\"fr-FR\",\"@id\":\"https:\/\/www.africa-press.net\/cameroun\/toutes-les-actualites\/cameroun-arrivee-de-francis-ngannou-voici-la-video-de-la-liesse-populaire-quil-a-suscitee-lors-du-premier-tour-de-ville-a-douala#primaryimage\",\"url\":\"https:\/\/static.africa-press.net\/cameroun\/sites\/57\/2021\/04\/img-6088db67275fa.jpg\",\"contentUrl\":\"https:\/\/static.africa-press.net\/cameroun\/sites\/57\/2021\/04\/img-6088db67275fa.jpg\",\"width\":800,\"height\":868,\"caption\":\"Cameroun - Arriv\u00e9e de Francis Ngannou: Voici la vid\u00e9o de la liesse populaire qu\u2019il a suscit\u00e9e lors du premier tour de ville \u00e0 Douala\"},{\"@type\":\"BreadcrumbList\",\"@id\":\"https:\/\/www.africa-press.net\/cameroun\/toutes-les-actualites\/cameroun-arrivee-de-francis-ngannou-voici-la-video-de-la-liesse-populaire-quil-a-suscitee-lors-du-premier-tour-de-ville-a-douala#breadcrumb\",\"itemListElement\":[{\"@type\":\"ListItem\",\"position\":1,\"name\":\"Accueil\",\"item\":\"https:\/\/www.africa-press.net\/cameroun\/\"},{\"@type\":\"ListItem\",\"position\":2,\"name\":\"Cameroun &#8211; Arriv\u00e9e de Francis Ngannou: Voici la vid\u00e9o de la liesse populaire qu\u2019il a suscit\u00e9e lors du premier tour de ville \u00e0 Douala\"}]},{\"@type\":\"WebSite\",\"@id\":\"https:\/\/www.africa-press.net\/cameroun\/#website\",\"url\":\"https:\/\/www.africa-press.net\/cameroun\/\",\"name\":\"Cameroun\",\"description\":\"Just another Africa News Agency Sites site\",\"potentialAction\":[{\"@type\":\"SearchAction\",\"target\":{\"@type\":\"EntryPoint\",\"urlTemplate\":\"https:\/\/www.africa-press.net\/cameroun\/?s={search_term_string}\"},\"query-input\":{\"@type\":\"PropertyValueSpecification\",\"valueRequired\":true,\"valueName\":\"search_term_string\"}}],\"inLanguage\":\"fr-FR\"},{\"@type\":\"Person\",\"@id\":\"https:\/\/www.africa-press.net\/cameroun\/#\/schema\/person\/2b1cf3cd81a31e3cd26889ca66d677f1\",\"name\":\"cfeditorfr\"}]}<\/script>\n<!-- \/ Yoast SEO Premium plugin. -->","yoast_head_json":{"title":"Cameroun - Arriv\u00e9e de Francis Ngannou: Voici la vid\u00e9o de la liesse populaire qu\u2019il a suscit\u00e9e lors du premier tour de ville \u00e0 Douala - Cameroun","description":"Francis Ngannou est au Cameroun. L\u2019actuel champion du monde poids lourds de MMA, est arriv\u00e9 au pays le lundi 26 ...","robots":{"index":"index","follow":"follow","max-snippet":"max-snippet:-1","max-image-preview":"max-image-preview:large","max-video-preview":"max-video-preview:-1"},"canonical":"https:\/\/www.africa-press.net\/cameroun\/toutes-les-actualites\/cameroun-arrivee-de-francis-ngannou-voici-la-video-de-la-liesse-populaire-quil-a-suscitee-lors-du-premier-tour-de-ville-a-douala","og_locale":"fr_FR","og_type":"article","og_title":"Cameroun - Arriv\u00e9e de Francis Ngannou: Voici la vid\u00e9o de la liesse populaire qu\u2019il a suscit\u00e9e lors du premier tour de ville \u00e0 Douala","og_description":"Francis Ngannou est au Cameroun. L\u2019actuel champion du monde poids lourds de MMA, est arriv\u00e9 au pays le lundi 26 ...","og_url":"https:\/\/www.africa-press.net\/cameroun\/toutes-les-actualites\/cameroun-arrivee-de-francis-ngannou-voici-la-video-de-la-liesse-populaire-quil-a-suscitee-lors-du-premier-tour-de-ville-a-douala","og_site_name":"Cameroun","article_published_time":"2021-04-27T18:12:08+00:00","article_modified_time":"2021-04-28T03:50:20+00:00","og_image":[{"width":800,"height":868,"url":"https:\/\/static.africa-press.net\/cameroun\/sites\/57\/2021\/04\/img-6088db67275fa.jpg","type":"image\/jpeg"}],"author":"cfeditorfr","twitter_card":"summary_large_image","twitter_misc":{"\u00c9crit par":"cfeditorfr","Dur\u00e9e de lecture estim\u00e9e":"1 minute"},"schema":{"@context":"https:\/\/schema.org","@graph":[{"@type":"Article","@id":"https:\/\/www.africa-press.net\/cameroun\/toutes-les-actualites\/cameroun-arrivee-de-francis-ngannou-voici-la-video-de-la-liesse-populaire-quil-a-suscitee-lors-du-premier-tour-de-ville-a-douala#article","isPartOf":{"@id":"https:\/\/www.africa-press.net\/cameroun\/toutes-les-actualites\/cameroun-arrivee-de-francis-ngannou-voici-la-video-de-la-liesse-populaire-quil-a-suscitee-lors-du-premier-tour-de-ville-a-douala"},"author":{"name":"cfeditorfr","@id":"https:\/\/www.africa-press.net\/cameroun\/#\/schema\/person\/2b1cf3cd81a31e3cd26889ca66d677f1"},"headline":"Cameroun &#8211; Arriv\u00e9e de Francis Ngannou: Voici la vid\u00e9o de la liesse populaire qu\u2019il a suscit\u00e9e lors du premier tour de ville \u00e0 Douala","datePublished":"2021-04-27T18:12:08+00:00","dateModified":"2021-04-28T03:50:20+00:00","mainEntityOfPage":{"@id":"https:\/\/www.africa-press.net\/cameroun\/toutes-les-actualites\/cameroun-arrivee-de-francis-ngannou-voici-la-video-de-la-liesse-populaire-quil-a-suscitee-lors-du-premier-tour-de-ville-a-douala"},"wordCount":218,"commentCount":0,"image":{"@id":"https:\/\/www.africa-press.net\/cameroun\/toutes-les-actualites\/cameroun-arrivee-de-francis-ngannou-voici-la-video-de-la-liesse-populaire-quil-a-suscitee-lors-du-premier-tour-de-ville-a-douala#primaryimage"},"thumbnailUrl":"https:\/\/static.africa-press.net\/cameroun\/sites\/57\/2021\/04\/img-6088db67275fa.jpg","keywords":["Africa Press","Africa Press-Cameroun","Cameroun"],"articleSection":["Communaut\u00e9","homepage-french","Toutes les actualit\u00e9s"],"inLanguage":"fr-FR","potentialAction":[{"@type":"CommentAction","name":"Comment","target":["https:\/\/www.africa-press.net\/cameroun\/toutes-les-actualites\/cameroun-arrivee-de-francis-ngannou-voici-la-video-de-la-liesse-populaire-quil-a-suscitee-lors-du-premier-tour-de-ville-a-douala#respond"]}]},{"@type":"WebPage","@id":"https:\/\/www.africa-press.net\/cameroun\/toutes-les-actualites\/cameroun-arrivee-de-francis-ngannou-voici-la-video-de-la-liesse-populaire-quil-a-suscitee-lors-du-premier-tour-de-ville-a-douala","url":"https:\/\/www.africa-press.net\/cameroun\/toutes-les-actualites\/cameroun-arrivee-de-francis-ngannou-voici-la-video-de-la-liesse-populaire-quil-a-suscitee-lors-du-premier-tour-de-ville-a-douala","name":"Cameroun - Arriv\u00e9e de Francis Ngannou: Voici la vid\u00e9o de la liesse populaire qu\u2019il a suscit\u00e9e lors du premier tour de ville \u00e0 Douala - Cameroun","isPartOf":{"@id":"https:\/\/www.africa-press.net\/cameroun\/#website"},"primaryImageOfPage":{"@id":"https:\/\/www.africa-press.net\/cameroun\/toutes-les-actualites\/cameroun-arrivee-de-francis-ngannou-voici-la-video-de-la-liesse-populaire-quil-a-suscitee-lors-du-premier-tour-de-ville-a-douala#primaryimage"},"image":{"@id":"https:\/\/www.africa-press.net\/cameroun\/toutes-les-actualites\/cameroun-arrivee-de-francis-ngannou-voici-la-video-de-la-liesse-populaire-quil-a-suscitee-lors-du-premier-tour-de-ville-a-douala#primaryimage"},"thumbnailUrl":"https:\/\/static.africa-press.net\/cameroun\/sites\/57\/2021\/04\/img-6088db67275fa.jpg","datePublished":"2021-04-27T18:12:08+00:00","dateModified":"2021-04-28T03:50:20+00:00","author":{"@id":"https:\/\/www.africa-press.net\/cameroun\/#\/schema\/person\/2b1cf3cd81a31e3cd26889ca66d677f1"},"description":"Francis Ngannou est au Cameroun. L\u2019actuel champion du monde poids lourds de MMA, est arriv\u00e9 au pays le lundi 26 ...","breadcrumb":{"@id":"https:\/\/www.africa-press.net\/cameroun\/toutes-les-actualites\/cameroun-arrivee-de-francis-ngannou-voici-la-video-de-la-liesse-populaire-quil-a-suscitee-lors-du-premier-tour-de-ville-a-douala#breadcrumb"},"inLanguage":"fr-FR","potentialAction":[{"@type":"ReadAction","target":["https:\/\/www.africa-press.net\/cameroun\/toutes-les-actualites\/cameroun-arrivee-de-francis-ngannou-voici-la-video-de-la-liesse-populaire-quil-a-suscitee-lors-du-premier-tour-de-ville-a-douala"]}]},{"@type":"ImageObject","inLanguage":"fr-FR","@id":"https:\/\/www.africa-press.net\/cameroun\/toutes-les-actualites\/cameroun-arrivee-de-francis-ngannou-voici-la-video-de-la-liesse-populaire-quil-a-suscitee-lors-du-premier-tour-de-ville-a-douala#primaryimage","url":"https:\/\/static.africa-press.net\/cameroun\/sites\/57\/2021\/04\/img-6088db67275fa.jpg","contentUrl":"https:\/\/static.africa-press.net\/cameroun\/sites\/57\/2021\/04\/img-6088db67275fa.jpg","width":800,"height":868,"caption":"Cameroun - Arriv\u00e9e de Francis Ngannou: Voici la vid\u00e9o de la liesse populaire qu\u2019il a suscit\u00e9e lors du premier tour de ville \u00e0 Douala"},{"@type":"BreadcrumbList","@id":"https:\/\/www.africa-press.net\/cameroun\/toutes-les-actualites\/cameroun-arrivee-de-francis-ngannou-voici-la-video-de-la-liesse-populaire-quil-a-suscitee-lors-du-premier-tour-de-ville-a-douala#breadcrumb","itemListElement":[{"@type":"ListItem","position":1,"name":"Accueil","item":"https:\/\/www.africa-press.net\/cameroun\/"},{"@type":"ListItem","position":2,"name":"Cameroun &#8211; Arriv\u00e9e de Francis Ngannou: Voici la vid\u00e9o de la liesse populaire qu\u2019il a suscit\u00e9e lors du premier tour de ville \u00e0 Douala"}]},{"@type":"WebSite","@id":"https:\/\/www.africa-press.net\/cameroun\/#website","url":"https:\/\/www.africa-press.net\/cameroun\/","name":"Cameroun","description":"Just another Africa News Agency Sites site","potentialAction":[{"@type":"SearchAction","target":{"@type":"EntryPoint","urlTemplate":"https:\/\/www.africa-press.net\/cameroun\/?s={search_term_string}"},"query-input":{"@type":"PropertyValueSpecification","valueRequired":true,"valueName":"search_term_string"}}],"inLanguage":"fr-FR"},{"@type":"Person","@id":"https:\/\/www.africa-press.net\/cameroun\/#\/schema\/person\/2b1cf3cd81a31e3cd26889ca66d677f1","name":"cfeditorfr"}]}},"_links":{"self":[{"href":"https:\/\/www.africa-press.net\/cameroun\/wp-json\/wp\/v2\/posts\/2595","targetHints":{"allow":["GET"]}}],"collection":[{"href":"https:\/\/www.africa-press.net\/cameroun\/wp-json\/wp\/v2\/posts"}],"about":[{"href":"https:\/\/www.africa-press.net\/cameroun\/wp-json\/wp\/v2\/types\/post"}],"author":[{"embeddable":true,"href":"https:\/\/www.africa-press.net\/cameroun\/wp-json\/wp\/v2\/users\/82"}],"replies":[{"embeddable":true,"href":"https:\/\/www.africa-press.net\/cameroun\/wp-json\/wp\/v2\/comments?post=2595"}],"version-history":[{"count":0,"href":"https:\/\/www.africa-press.net\/cameroun\/wp-json\/wp\/v2\/posts\/2595\/revisions"}],"wp:featuredmedia":[{"embeddable":true,"href":"https:\/\/www.africa-press.net\/cameroun\/wp-json\/wp\/v2\/media\/2594"}],"wp:attachment":[{"href":"https:\/\/www.africa-press.net\/cameroun\/wp-json\/wp\/v2\/media?parent=2595"}],"wp:term":[{"taxonomy":"category","embeddable":true,"href":"https:\/\/www.africa-press.net\/cameroun\/wp-json\/wp\/v2\/categories?post=2595"},{"taxonomy":"post_tag","embeddable":true,"href":"https:\/\/www.africa-press.net\/cameroun\/wp-json\/wp\/v2\/tags?post=2595"}],"curies":[{"name":"wp","href":"https:\/\/api.w.org\/{rel}","templated":true}]}}