{"id":2598,"date":"2021-04-27T18:20:42","date_gmt":"2021-04-27T18:20:42","guid":{"rendered":"https:\/\/www.africa-press.net\/cameroun\/politique\/cameroun-fete-du-travail-2021-les-entreprises-se-preparent"},"modified":"2021-04-28T03:50:54","modified_gmt":"2021-04-28T03:50:54","slug":"cameroun-fete-du-travail-2021-les-entreprises-se-preparent","status":"publish","type":"post","link":"https:\/\/www.africa-press.net\/cameroun\/economie\/cameroun-fete-du-travail-2021-les-entreprises-se-preparent","title":{"rendered":"Cameroun &#8211; F\u00eate du travail 2021: Les entreprises se pr\u00e9parent"},"content":{"rendered":"<p><span style=\"color: #ff6600\"><strong><a href=\"https:\/\/www.africa-press.net\/\">Africa-Press<\/a> &#8211; <a href=\"https:\/\/www.africa-press.net\/cameroun\">Cameroun<\/a>. <\/strong><\/span>Dans un concert de bruits de machines, des employ\u00e9s sont au four et moulin. Dans cette imprimerie, on s&rsquo;active \u00e0 satisfaire ses partenaires. Objectif, livrer \u00e0 temps leurs commandes pour la journ\u00e9e internationale du travail c\u00e9l\u00e9br\u00e9e le 1er mai prochain. Mais tout de m\u00eame, le patron de cette entreprise n&rsquo;a pas oubli\u00e9 ses employ\u00e9s pour cette occasion.<\/p>\n<p>\u00abNous avons un petit repas entre coll\u00e8gues \u00e0 la fin de la semaine. Question de chanter et de partager les bons moments avec les autres. Mais nous nous attelons pour le moment \u00e0 terminer les commandes de la f\u00eate du travail qui arrive pour les entreprises, qui nous font confiance depuis des ann\u00e9es\u00bb, indique Beranger Tchuembou, directeur g\u00e9n\u00e9ral de Rainbow.<\/p>\n<p>Se projeter \u00e0 partir d&rsquo;une s\u00e9ance v\u00e9rit\u00e9. Tout le personnel par ses id\u00e9es doit contribuer \u00e0 d\u00e9velopper l&rsquo;entreprise. \u00abNous sommes ouverts dans cette entreprise. Il y a un moment o\u00f9 chacun devra donner son avis, dire ce qu\u2019il pense afin de nous donner des meilleures perspectives\u00bb, poursuit-il.<\/p>\n<p>Par contre, dans une formation h\u00f4teli\u00e8re, l&rsquo;ambiance est beaucoup plus studieuse. Nous trouvons le chef et ses employ\u00e9s en pleine r\u00e9union. L&rsquo;heure est au d\u00e9veloppement des strat\u00e9gies. On se projette plus vers les prochaines \u00e9ch\u00e9ances sportives que va abriter le Cameroun que la f\u00eate internationale du travail.<\/p>\n<p>\u00abNous n\u2019avons pas tellement l\u2019\u00e2me \u00e0 la f\u00eate. Nous allons \u00e0 la conqu\u00eate de la CAN 2021. Le CHAN (Championnat d\u2019Afrique des Nations 2020,ndlr) ne nous a pas beaucoup souri parce que nous avons eu \u00e0 peine une dizaine de clients. Nous n\u2019\u00e9tions pas sur la liste officielle. Mais nous allons nous battre pour \u00eatre parmi les h\u00f4tels retenus pour cette grande comp\u00e9tition. C\u2019est dans 6 mois et c\u2019est maintenant que nous sommes entrain d\u2019y travailler\u00bb, fait savoir Charles Soh, promoteur de cet h\u00f4tel.<\/p>\n<p>Travailler dans un contexte marqu\u00e9 par la pand\u00e9mie du covid-19. Une maladie qui perturbe l&rsquo;\u00e9conomie mondiale depuis pr\u00e8s de deux ans d\u00e9j\u00e0 et prive les travailleurs, une nouvelle fois, de leur traditionnelle parade au boulevard du 20 mai \u00e0 Yaound\u00e9.<\/p>\n","protected":false},"excerpt":{"rendered":"<p>Africa-Press &#8211; Cameroun. Dans un concert de bruits de machines, des employ\u00e9s sont au four et moulin. Dans cette imprimerie, on s&rsquo;active \u00e0 satisfaire ses partenaires. Objectif, livrer \u00e0 temps leurs commandes pour la journ\u00e9e internationale du travail c\u00e9l\u00e9br\u00e9e le 1er mai prochain. Mais tout de m\u00eame, le patron de cette entreprise n&rsquo;a pas oubli\u00e9 [&hellip;]<\/p>\n","protected":false},"author":82,"featured_media":2597,"comment_status":"open","ping_status":"closed","sticky":false,"template":"","format":"standard","meta":{"footnotes":""},"categories":[3,11,10],"tags":[36,50,49],"class_list":["post-2598","post","type-post","status-publish","format-standard","has-post-thumbnail","hentry","category-economie","category-homepage-french","category-toutes-les-actualites","tag-africa-press","tag-africa-press-cameroun","tag-cameroun"],"yoast_head":"<!-- This site is optimized with the Yoast SEO Premium plugin v26.1 (Yoast SEO v27.0) - https:\/\/yoast.com\/product\/yoast-seo-premium-wordpress\/ -->\n<title>Cameroun - F\u00eate du travail 2021: Les entreprises se pr\u00e9parent - Cameroun<\/title>\n<meta name=\"description\" content=\"Dans un concert de bruits de machines, des employ\u00e9s sont au four et moulin. Dans cette imprimerie, on s&#039;active \u00e0 satisfa ...\" \/>\n<meta name=\"robots\" content=\"index, follow, max-snippet:-1, max-image-preview:large, max-video-preview:-1\" \/>\n<link rel=\"canonical\" href=\"https:\/\/www.africa-press.net\/cameroun\/economie\/cameroun-fete-du-travail-2021-les-entreprises-se-preparent\" \/>\n<meta property=\"og:locale\" content=\"fr_FR\" \/>\n<meta property=\"og:type\" content=\"article\" \/>\n<meta property=\"og:title\" content=\"Cameroun - F\u00eate du travail 2021: Les entreprises se pr\u00e9parent\" \/>\n<meta property=\"og:description\" content=\"Dans un concert de bruits de machines, des employ\u00e9s sont au four et moulin. Dans cette imprimerie, on s&#039;active \u00e0 satisfa ...\" \/>\n<meta property=\"og:url\" content=\"https:\/\/www.africa-press.net\/cameroun\/economie\/cameroun-fete-du-travail-2021-les-entreprises-se-preparent\" \/>\n<meta property=\"og:site_name\" content=\"Cameroun\" \/>\n<meta property=\"article:published_time\" content=\"2021-04-27T18:20:42+00:00\" \/>\n<meta property=\"article:modified_time\" content=\"2021-04-28T03:50:54+00:00\" \/>\n<meta property=\"og:image\" content=\"https:\/\/static.africa-press.net\/cameroun\/sites\/57\/2021\/04\/img-6088db8902e1f.jpg\" \/>\n\t<meta property=\"og:image:width\" content=\"800\" \/>\n\t<meta property=\"og:image:height\" content=\"533\" \/>\n\t<meta property=\"og:image:type\" content=\"image\/jpeg\" \/>\n<meta name=\"author\" content=\"cfeditorfr\" \/>\n<meta name=\"twitter:card\" content=\"summary_large_image\" \/>\n<meta name=\"twitter:label1\" content=\"\u00c9crit par\" \/>\n\t<meta name=\"twitter:data1\" content=\"cfeditorfr\" \/>\n\t<meta name=\"twitter:label2\" content=\"Dur\u00e9e de lecture estim\u00e9e\" \/>\n\t<meta name=\"twitter:data2\" content=\"2 minutes\" \/>\n<script type=\"application\/ld+json\" class=\"yoast-schema-graph\">{\"@context\":\"https:\/\/schema.org\",\"@graph\":[{\"@type\":\"Article\",\"@id\":\"https:\/\/www.africa-press.net\/cameroun\/economie\/cameroun-fete-du-travail-2021-les-entreprises-se-preparent#article\",\"isPartOf\":{\"@id\":\"https:\/\/www.africa-press.net\/cameroun\/economie\/cameroun-fete-du-travail-2021-les-entreprises-se-preparent\"},\"author\":{\"name\":\"cfeditorfr\",\"@id\":\"https:\/\/www.africa-press.net\/cameroun\/#\/schema\/person\/2b1cf3cd81a31e3cd26889ca66d677f1\"},\"headline\":\"Cameroun &#8211; F\u00eate du travail 2021: Les entreprises se pr\u00e9parent\",\"datePublished\":\"2021-04-27T18:20:42+00:00\",\"dateModified\":\"2021-04-28T03:50:54+00:00\",\"mainEntityOfPage\":{\"@id\":\"https:\/\/www.africa-press.net\/cameroun\/economie\/cameroun-fete-du-travail-2021-les-entreprises-se-preparent\"},\"wordCount\":383,\"commentCount\":0,\"image\":{\"@id\":\"https:\/\/www.africa-press.net\/cameroun\/economie\/cameroun-fete-du-travail-2021-les-entreprises-se-preparent#primaryimage\"},\"thumbnailUrl\":\"https:\/\/static.africa-press.net\/cameroun\/sites\/57\/2021\/04\/img-6088db8902e1f.jpg\",\"keywords\":[\"Africa Press\",\"Africa Press-Cameroun\",\"Cameroun\"],\"articleSection\":[\"\u00c9conomie\",\"homepage-french\",\"Toutes les actualit\u00e9s\"],\"inLanguage\":\"fr-FR\",\"potentialAction\":[{\"@type\":\"CommentAction\",\"name\":\"Comment\",\"target\":[\"https:\/\/www.africa-press.net\/cameroun\/economie\/cameroun-fete-du-travail-2021-les-entreprises-se-preparent#respond\"]}]},{\"@type\":\"WebPage\",\"@id\":\"https:\/\/www.africa-press.net\/cameroun\/economie\/cameroun-fete-du-travail-2021-les-entreprises-se-preparent\",\"url\":\"https:\/\/www.africa-press.net\/cameroun\/economie\/cameroun-fete-du-travail-2021-les-entreprises-se-preparent\",\"name\":\"Cameroun - F\u00eate du travail 2021: Les entreprises se pr\u00e9parent - Cameroun\",\"isPartOf\":{\"@id\":\"https:\/\/www.africa-press.net\/cameroun\/#website\"},\"primaryImageOfPage\":{\"@id\":\"https:\/\/www.africa-press.net\/cameroun\/economie\/cameroun-fete-du-travail-2021-les-entreprises-se-preparent#primaryimage\"},\"image\":{\"@id\":\"https:\/\/www.africa-press.net\/cameroun\/economie\/cameroun-fete-du-travail-2021-les-entreprises-se-preparent#primaryimage\"},\"thumbnailUrl\":\"https:\/\/static.africa-press.net\/cameroun\/sites\/57\/2021\/04\/img-6088db8902e1f.jpg\",\"datePublished\":\"2021-04-27T18:20:42+00:00\",\"dateModified\":\"2021-04-28T03:50:54+00:00\",\"author\":{\"@id\":\"https:\/\/www.africa-press.net\/cameroun\/#\/schema\/person\/2b1cf3cd81a31e3cd26889ca66d677f1\"},\"description\":\"Dans un concert de bruits de machines, des employ\u00e9s sont au four et moulin. Dans cette imprimerie, on s'active \u00e0 satisfa ...\",\"breadcrumb\":{\"@id\":\"https:\/\/www.africa-press.net\/cameroun\/economie\/cameroun-fete-du-travail-2021-les-entreprises-se-preparent#breadcrumb\"},\"inLanguage\":\"fr-FR\",\"potentialAction\":[{\"@type\":\"ReadAction\",\"target\":[\"https:\/\/www.africa-press.net\/cameroun\/economie\/cameroun-fete-du-travail-2021-les-entreprises-se-preparent\"]}]},{\"@type\":\"ImageObject\",\"inLanguage\":\"fr-FR\",\"@id\":\"https:\/\/www.africa-press.net\/cameroun\/economie\/cameroun-fete-du-travail-2021-les-entreprises-se-preparent#primaryimage\",\"url\":\"https:\/\/static.africa-press.net\/cameroun\/sites\/57\/2021\/04\/img-6088db8902e1f.jpg\",\"contentUrl\":\"https:\/\/static.africa-press.net\/cameroun\/sites\/57\/2021\/04\/img-6088db8902e1f.jpg\",\"width\":800,\"height\":533,\"caption\":\"Cameroun - F\u00eate du travail 2021: Les entreprises se pr\u00e9parent\"},{\"@type\":\"BreadcrumbList\",\"@id\":\"https:\/\/www.africa-press.net\/cameroun\/economie\/cameroun-fete-du-travail-2021-les-entreprises-se-preparent#breadcrumb\",\"itemListElement\":[{\"@type\":\"ListItem\",\"position\":1,\"name\":\"Accueil\",\"item\":\"https:\/\/www.africa-press.net\/cameroun\/\"},{\"@type\":\"ListItem\",\"position\":2,\"name\":\"Cameroun &#8211; F\u00eate du travail 2021: Les entreprises se pr\u00e9parent\"}]},{\"@type\":\"WebSite\",\"@id\":\"https:\/\/www.africa-press.net\/cameroun\/#website\",\"url\":\"https:\/\/www.africa-press.net\/cameroun\/\",\"name\":\"Cameroun\",\"description\":\"Just another Africa News Agency Sites site\",\"potentialAction\":[{\"@type\":\"SearchAction\",\"target\":{\"@type\":\"EntryPoint\",\"urlTemplate\":\"https:\/\/www.africa-press.net\/cameroun\/?s={search_term_string}\"},\"query-input\":{\"@type\":\"PropertyValueSpecification\",\"valueRequired\":true,\"valueName\":\"search_term_string\"}}],\"inLanguage\":\"fr-FR\"},{\"@type\":\"Person\",\"@id\":\"https:\/\/www.africa-press.net\/cameroun\/#\/schema\/person\/2b1cf3cd81a31e3cd26889ca66d677f1\",\"name\":\"cfeditorfr\"}]}<\/script>\n<!-- \/ Yoast SEO Premium plugin. -->","yoast_head_json":{"title":"Cameroun - F\u00eate du travail 2021: Les entreprises se pr\u00e9parent - Cameroun","description":"Dans un concert de bruits de machines, des employ\u00e9s sont au four et moulin. Dans cette imprimerie, on s'active \u00e0 satisfa ...","robots":{"index":"index","follow":"follow","max-snippet":"max-snippet:-1","max-image-preview":"max-image-preview:large","max-video-preview":"max-video-preview:-1"},"canonical":"https:\/\/www.africa-press.net\/cameroun\/economie\/cameroun-fete-du-travail-2021-les-entreprises-se-preparent","og_locale":"fr_FR","og_type":"article","og_title":"Cameroun - F\u00eate du travail 2021: Les entreprises se pr\u00e9parent","og_description":"Dans un concert de bruits de machines, des employ\u00e9s sont au four et moulin. Dans cette imprimerie, on s'active \u00e0 satisfa ...","og_url":"https:\/\/www.africa-press.net\/cameroun\/economie\/cameroun-fete-du-travail-2021-les-entreprises-se-preparent","og_site_name":"Cameroun","article_published_time":"2021-04-27T18:20:42+00:00","article_modified_time":"2021-04-28T03:50:54+00:00","og_image":[{"width":800,"height":533,"url":"https:\/\/static.africa-press.net\/cameroun\/sites\/57\/2021\/04\/img-6088db8902e1f.jpg","type":"image\/jpeg"}],"author":"cfeditorfr","twitter_card":"summary_large_image","twitter_misc":{"\u00c9crit par":"cfeditorfr","Dur\u00e9e de lecture estim\u00e9e":"2 minutes"},"schema":{"@context":"https:\/\/schema.org","@graph":[{"@type":"Article","@id":"https:\/\/www.africa-press.net\/cameroun\/economie\/cameroun-fete-du-travail-2021-les-entreprises-se-preparent#article","isPartOf":{"@id":"https:\/\/www.africa-press.net\/cameroun\/economie\/cameroun-fete-du-travail-2021-les-entreprises-se-preparent"},"author":{"name":"cfeditorfr","@id":"https:\/\/www.africa-press.net\/cameroun\/#\/schema\/person\/2b1cf3cd81a31e3cd26889ca66d677f1"},"headline":"Cameroun &#8211; F\u00eate du travail 2021: Les entreprises se pr\u00e9parent","datePublished":"2021-04-27T18:20:42+00:00","dateModified":"2021-04-28T03:50:54+00:00","mainEntityOfPage":{"@id":"https:\/\/www.africa-press.net\/cameroun\/economie\/cameroun-fete-du-travail-2021-les-entreprises-se-preparent"},"wordCount":383,"commentCount":0,"image":{"@id":"https:\/\/www.africa-press.net\/cameroun\/economie\/cameroun-fete-du-travail-2021-les-entreprises-se-preparent#primaryimage"},"thumbnailUrl":"https:\/\/static.africa-press.net\/cameroun\/sites\/57\/2021\/04\/img-6088db8902e1f.jpg","keywords":["Africa Press","Africa Press-Cameroun","Cameroun"],"articleSection":["\u00c9conomie","homepage-french","Toutes les actualit\u00e9s"],"inLanguage":"fr-FR","potentialAction":[{"@type":"CommentAction","name":"Comment","target":["https:\/\/www.africa-press.net\/cameroun\/economie\/cameroun-fete-du-travail-2021-les-entreprises-se-preparent#respond"]}]},{"@type":"WebPage","@id":"https:\/\/www.africa-press.net\/cameroun\/economie\/cameroun-fete-du-travail-2021-les-entreprises-se-preparent","url":"https:\/\/www.africa-press.net\/cameroun\/economie\/cameroun-fete-du-travail-2021-les-entreprises-se-preparent","name":"Cameroun - F\u00eate du travail 2021: Les entreprises se pr\u00e9parent - Cameroun","isPartOf":{"@id":"https:\/\/www.africa-press.net\/cameroun\/#website"},"primaryImageOfPage":{"@id":"https:\/\/www.africa-press.net\/cameroun\/economie\/cameroun-fete-du-travail-2021-les-entreprises-se-preparent#primaryimage"},"image":{"@id":"https:\/\/www.africa-press.net\/cameroun\/economie\/cameroun-fete-du-travail-2021-les-entreprises-se-preparent#primaryimage"},"thumbnailUrl":"https:\/\/static.africa-press.net\/cameroun\/sites\/57\/2021\/04\/img-6088db8902e1f.jpg","datePublished":"2021-04-27T18:20:42+00:00","dateModified":"2021-04-28T03:50:54+00:00","author":{"@id":"https:\/\/www.africa-press.net\/cameroun\/#\/schema\/person\/2b1cf3cd81a31e3cd26889ca66d677f1"},"description":"Dans un concert de bruits de machines, des employ\u00e9s sont au four et moulin. Dans cette imprimerie, on s'active \u00e0 satisfa ...","breadcrumb":{"@id":"https:\/\/www.africa-press.net\/cameroun\/economie\/cameroun-fete-du-travail-2021-les-entreprises-se-preparent#breadcrumb"},"inLanguage":"fr-FR","potentialAction":[{"@type":"ReadAction","target":["https:\/\/www.africa-press.net\/cameroun\/economie\/cameroun-fete-du-travail-2021-les-entreprises-se-preparent"]}]},{"@type":"ImageObject","inLanguage":"fr-FR","@id":"https:\/\/www.africa-press.net\/cameroun\/economie\/cameroun-fete-du-travail-2021-les-entreprises-se-preparent#primaryimage","url":"https:\/\/static.africa-press.net\/cameroun\/sites\/57\/2021\/04\/img-6088db8902e1f.jpg","contentUrl":"https:\/\/static.africa-press.net\/cameroun\/sites\/57\/2021\/04\/img-6088db8902e1f.jpg","width":800,"height":533,"caption":"Cameroun - F\u00eate du travail 2021: Les entreprises se pr\u00e9parent"},{"@type":"BreadcrumbList","@id":"https:\/\/www.africa-press.net\/cameroun\/economie\/cameroun-fete-du-travail-2021-les-entreprises-se-preparent#breadcrumb","itemListElement":[{"@type":"ListItem","position":1,"name":"Accueil","item":"https:\/\/www.africa-press.net\/cameroun\/"},{"@type":"ListItem","position":2,"name":"Cameroun &#8211; F\u00eate du travail 2021: Les entreprises se pr\u00e9parent"}]},{"@type":"WebSite","@id":"https:\/\/www.africa-press.net\/cameroun\/#website","url":"https:\/\/www.africa-press.net\/cameroun\/","name":"Cameroun","description":"Just another Africa News Agency Sites site","potentialAction":[{"@type":"SearchAction","target":{"@type":"EntryPoint","urlTemplate":"https:\/\/www.africa-press.net\/cameroun\/?s={search_term_string}"},"query-input":{"@type":"PropertyValueSpecification","valueRequired":true,"valueName":"search_term_string"}}],"inLanguage":"fr-FR"},{"@type":"Person","@id":"https:\/\/www.africa-press.net\/cameroun\/#\/schema\/person\/2b1cf3cd81a31e3cd26889ca66d677f1","name":"cfeditorfr"}]}},"_links":{"self":[{"href":"https:\/\/www.africa-press.net\/cameroun\/wp-json\/wp\/v2\/posts\/2598","targetHints":{"allow":["GET"]}}],"collection":[{"href":"https:\/\/www.africa-press.net\/cameroun\/wp-json\/wp\/v2\/posts"}],"about":[{"href":"https:\/\/www.africa-press.net\/cameroun\/wp-json\/wp\/v2\/types\/post"}],"author":[{"embeddable":true,"href":"https:\/\/www.africa-press.net\/cameroun\/wp-json\/wp\/v2\/users\/82"}],"replies":[{"embeddable":true,"href":"https:\/\/www.africa-press.net\/cameroun\/wp-json\/wp\/v2\/comments?post=2598"}],"version-history":[{"count":0,"href":"https:\/\/www.africa-press.net\/cameroun\/wp-json\/wp\/v2\/posts\/2598\/revisions"}],"wp:featuredmedia":[{"embeddable":true,"href":"https:\/\/www.africa-press.net\/cameroun\/wp-json\/wp\/v2\/media\/2597"}],"wp:attachment":[{"href":"https:\/\/www.africa-press.net\/cameroun\/wp-json\/wp\/v2\/media?parent=2598"}],"wp:term":[{"taxonomy":"category","embeddable":true,"href":"https:\/\/www.africa-press.net\/cameroun\/wp-json\/wp\/v2\/categories?post=2598"},{"taxonomy":"post_tag","embeddable":true,"href":"https:\/\/www.africa-press.net\/cameroun\/wp-json\/wp\/v2\/tags?post=2598"}],"curies":[{"name":"wp","href":"https:\/\/api.w.org\/{rel}","templated":true}]}}