{"id":2601,"date":"2021-04-27T18:30:20","date_gmt":"2021-04-27T18:30:20","guid":{"rendered":"https:\/\/www.africa-press.net\/cameroun\/politique\/cameroun-deces-du-cardinal-tumi-elie-smith-un-proche-du-defunt-declare-que-ceux-qui-lont-enleve-en-2020-ont-contribue-a-sa-mort"},"modified":"2021-04-28T03:51:32","modified_gmt":"2021-04-28T03:51:32","slug":"cameroun-deces-du-cardinal-tumi-elie-smith-un-proche-du-defunt-declare-que-ceux-qui-lont-enleve-en-2020-ont-contribue-a-sa-mort","status":"publish","type":"post","link":"https:\/\/www.africa-press.net\/cameroun\/toutes-les-actualites\/cameroun-deces-du-cardinal-tumi-elie-smith-un-proche-du-defunt-declare-que-ceux-qui-lont-enleve-en-2020-ont-contribue-a-sa-mort","title":{"rendered":"Cameroun  &#8211; D\u00e9c\u00e8s du Cardinal Tumi: Elie Smith, un proche du d\u00e9funt, d\u00e9clare que ceux qui l\u2019ont enlev\u00e9 en 2020 \u00abont contribu\u00e9\u00bb \u00e0 sa mort"},"content":{"rendered":"<p><span style=\"color: #ff6600\"><strong><a href=\"https:\/\/www.africa-press.net\/\">Africa-Press<\/a> &#8211; <a href=\"https:\/\/www.africa-press.net\/cameroun\">Cameroun<\/a>. <\/strong><\/span><b>Elie Smith<\/b><\/p>\n<p>est revenu sur les derniers mois du Cardinal Christian Tumi. Celui que recevait le programme \u00abL\u2019invit\u00e9 de la semaine\u00bb (Canal 2 International) samedi 24 avril 2021 s\u2019est particuli\u00e8rement attard\u00e9 sur l\u2019enl\u00e8vement du pr\u00e9lat dans la r\u00e9gion du Nord-Ouest le 5 novembre 2021. Le secr\u00e9taire g\u00e9n\u00e9ral et porte-parole de la Anglophone General Conference, initi\u00e9e par Tumi, a accus\u00e9 ses ravisseurs d\u2019avoir pr\u00e9cipit\u00e9 l\u2019ancien archev\u00eaque de Douala dans la tombe.<\/p>\n<p><b>\u00abCes enfants-l\u00e0 sont des enfants \u00e9gar\u00e9s. Je ne vais pas les appeler \u00abterroristes\u00bb. Ce sont nos enfants, nos fr\u00e8res, nos s\u0153urs, nos p\u00e8res qui sont \u00e9gar\u00e9s, qui l\u2019ont pris et je voudrais dire ici \u00e0 ces enfants-l\u00e0, les Ambazoniens et en particulier ceux de Ndop plains-l\u00e0, de Kumbo doivent demander pardon \u00e0 Dieu. Parce qu\u2019ils ont contribu\u00e9 \u00e0 la mort du Cardinal. Parce que, s\u2019il n\u2019avait pas \u00e9t\u00e9 kidnapp\u00e9, il n\u2019allait pas mourir. En plus d\u2019\u00eatre affam\u00e9, il avait des m\u00e9dicaments qu\u2019il devait prendre r\u00e9guli\u00e8rement. Emp\u00eacher un papa de cet \u00e2ge de prendre ses m\u00e9dicaments pendant 24 heures c\u2019est inhumain\u00bb<\/b><\/p>\n<p>, d\u00e9plore-t-il, ajoutant que cette attitude \u00abdessert leur cause\u00bb. Pour lui, \u00abvous pouvez avoir une tr\u00e8s bonne cause, mais la mani\u00e8re dont vous la vendez n\u2019est pas bonne. C\u2019est ce que les enfants-l\u00e0 ont fait\u00bb.<\/p>\n<p>Le journaliste de formtion fait savoir qu\u2019apr\u00e8s son enl\u00e8vement Christian Tumi \u00abn\u2019\u00e9tait plus le m\u00eame\u00bb. Il rapporte qu\u2019un jour le vieil homme lui a confi\u00e9 qu\u2019\u00abil ne voudrait plus vivre\u00bb. Le porte-parole de la Anglophone General Conference rapporte que le cardinal s\u2019est senti comme trahi par des gens dont il d\u00e9fendait la cause. \u00abCe qui s\u2019est pass\u00e9 avec lui l\u00e0-bas a \u00e9t\u00e9 le coup de gr\u00e2ce contre lui. Il s\u2019est senti bless\u00e9. Il m\u2018a dit: \u00abvoici les enfants que je d\u00e9fends, mais ils ne savent pas comment pr\u00e9senter leurs probl\u00e8mes. La s\u00e9cession ne peut jamais se faire. Nous sommes tous des Camerounais\u00bb. Pour lui, la cause des probl\u00e8mes que nous avons aujourd\u2019hui, c\u2019est la fin de l\u2019Etat F\u00e9d\u00e9ral. Il l\u2019a maintenu jusqu\u2019\u00e0 sa mort. Il disait que le f\u00e9d\u00e9ralisme coulait dans ses veines\u00bb, t\u00e9moigne l\u2019ancien de la radio RFI et de la t\u00e9l\u00e9vision 2A T\u00e9l\u00e9sud.<\/p>\n<p>Elie Smith fait savoir enfin que quand il est all\u00e9 voir le Cardinal \u00e0 l\u2019h\u00f4pital, celui-ci lui recommand\u00e9 \u00abde tenir bon, de toujours \u00eatre honn\u00eate, de dire la v\u00e9rit\u00e9 sans avoir peur\u00bb.<\/p>\n","protected":false},"excerpt":{"rendered":"<p>Africa-Press &#8211; Cameroun. Elie Smith est revenu sur les derniers mois du Cardinal Christian Tumi. Celui que recevait le programme \u00abL\u2019invit\u00e9 de la semaine\u00bb (Canal 2 International) samedi 24 avril 2021 s\u2019est particuli\u00e8rement attard\u00e9 sur l\u2019enl\u00e8vement du pr\u00e9lat dans la r\u00e9gion du Nord-Ouest le 5 novembre 2021. Le secr\u00e9taire g\u00e9n\u00e9ral et porte-parole de la Anglophone [&hellip;]<\/p>\n","protected":false},"author":82,"featured_media":2600,"comment_status":"open","ping_status":"closed","sticky":false,"template":"","format":"standard","meta":{"footnotes":""},"categories":[21,11,10],"tags":[36,50,49],"class_list":["post-2601","post","type-post","status-publish","format-standard","has-post-thumbnail","hentry","category-communaute","category-homepage-french","category-toutes-les-actualites","tag-africa-press","tag-africa-press-cameroun","tag-cameroun"],"yoast_head":"<!-- This site is optimized with the Yoast SEO Premium plugin v26.1 (Yoast SEO v27.0) - https:\/\/yoast.com\/product\/yoast-seo-premium-wordpress\/ -->\n<title>Cameroun - D\u00e9c\u00e8s du Cardinal Tumi: Elie Smith, un proche du d\u00e9funt, d\u00e9clare que ceux qui l\u2019ont enlev\u00e9 en 2020 \u00abont contribu\u00e9\u00bb \u00e0 sa mort - Cameroun<\/title>\n<meta name=\"description\" content=\"Elie Smith est revenu sur les derniers mois du Cardinal Christian Tumi. Celui que recevait le programme \u00abL\u2019invit ...\" \/>\n<meta name=\"robots\" content=\"index, follow, max-snippet:-1, max-image-preview:large, max-video-preview:-1\" \/>\n<link rel=\"canonical\" href=\"https:\/\/www.africa-press.net\/cameroun\/toutes-les-actualites\/cameroun-deces-du-cardinal-tumi-elie-smith-un-proche-du-defunt-declare-que-ceux-qui-lont-enleve-en-2020-ont-contribue-a-sa-mort\" \/>\n<meta property=\"og:locale\" content=\"fr_FR\" \/>\n<meta property=\"og:type\" content=\"article\" \/>\n<meta property=\"og:title\" content=\"Cameroun - D\u00e9c\u00e8s du Cardinal Tumi: Elie Smith, un proche du d\u00e9funt, d\u00e9clare que ceux qui l\u2019ont enlev\u00e9 en 2020 \u00abont contribu\u00e9\u00bb \u00e0 sa mort\" \/>\n<meta property=\"og:description\" content=\"Elie Smith est revenu sur les derniers mois du Cardinal Christian Tumi. Celui que recevait le programme \u00abL\u2019invit ...\" \/>\n<meta property=\"og:url\" content=\"https:\/\/www.africa-press.net\/cameroun\/toutes-les-actualites\/cameroun-deces-du-cardinal-tumi-elie-smith-un-proche-du-defunt-declare-que-ceux-qui-lont-enleve-en-2020-ont-contribue-a-sa-mort\" \/>\n<meta property=\"og:site_name\" content=\"Cameroun\" \/>\n<meta property=\"article:published_time\" content=\"2021-04-27T18:30:20+00:00\" \/>\n<meta property=\"article:modified_time\" content=\"2021-04-28T03:51:32+00:00\" \/>\n<meta property=\"og:image\" content=\"https:\/\/static.africa-press.net\/cameroun\/sites\/57\/2021\/04\/img-6088dbad6c79c.jpg\" \/>\n\t<meta property=\"og:image:width\" content=\"800\" \/>\n\t<meta property=\"og:image:height\" content=\"800\" \/>\n\t<meta property=\"og:image:type\" content=\"image\/jpeg\" \/>\n<meta name=\"author\" content=\"cfeditorfr\" \/>\n<meta name=\"twitter:card\" content=\"summary_large_image\" \/>\n<meta name=\"twitter:label1\" content=\"\u00c9crit par\" \/>\n\t<meta name=\"twitter:data1\" content=\"cfeditorfr\" \/>\n\t<meta name=\"twitter:label2\" content=\"Dur\u00e9e de lecture estim\u00e9e\" \/>\n\t<meta name=\"twitter:data2\" content=\"2 minutes\" \/>\n<script type=\"application\/ld+json\" class=\"yoast-schema-graph\">{\"@context\":\"https:\/\/schema.org\",\"@graph\":[{\"@type\":\"Article\",\"@id\":\"https:\/\/www.africa-press.net\/cameroun\/toutes-les-actualites\/cameroun-deces-du-cardinal-tumi-elie-smith-un-proche-du-defunt-declare-que-ceux-qui-lont-enleve-en-2020-ont-contribue-a-sa-mort#article\",\"isPartOf\":{\"@id\":\"https:\/\/www.africa-press.net\/cameroun\/toutes-les-actualites\/cameroun-deces-du-cardinal-tumi-elie-smith-un-proche-du-defunt-declare-que-ceux-qui-lont-enleve-en-2020-ont-contribue-a-sa-mort\"},\"author\":{\"name\":\"cfeditorfr\",\"@id\":\"https:\/\/www.africa-press.net\/cameroun\/#\/schema\/person\/2b1cf3cd81a31e3cd26889ca66d677f1\"},\"headline\":\"Cameroun &#8211; D\u00e9c\u00e8s du Cardinal Tumi: Elie Smith, un proche du d\u00e9funt, d\u00e9clare que ceux qui l\u2019ont enlev\u00e9 en 2020 \u00abont contribu\u00e9\u00bb \u00e0 sa mort\",\"datePublished\":\"2021-04-27T18:30:20+00:00\",\"dateModified\":\"2021-04-28T03:51:32+00:00\",\"mainEntityOfPage\":{\"@id\":\"https:\/\/www.africa-press.net\/cameroun\/toutes-les-actualites\/cameroun-deces-du-cardinal-tumi-elie-smith-un-proche-du-defunt-declare-que-ceux-qui-lont-enleve-en-2020-ont-contribue-a-sa-mort\"},\"wordCount\":477,\"commentCount\":0,\"image\":{\"@id\":\"https:\/\/www.africa-press.net\/cameroun\/toutes-les-actualites\/cameroun-deces-du-cardinal-tumi-elie-smith-un-proche-du-defunt-declare-que-ceux-qui-lont-enleve-en-2020-ont-contribue-a-sa-mort#primaryimage\"},\"thumbnailUrl\":\"https:\/\/static.africa-press.net\/cameroun\/sites\/57\/2021\/04\/img-6088dbad6c79c.jpg\",\"keywords\":[\"Africa Press\",\"Africa Press-Cameroun\",\"Cameroun\"],\"articleSection\":[\"Communaut\u00e9\",\"homepage-french\",\"Toutes les actualit\u00e9s\"],\"inLanguage\":\"fr-FR\",\"potentialAction\":[{\"@type\":\"CommentAction\",\"name\":\"Comment\",\"target\":[\"https:\/\/www.africa-press.net\/cameroun\/toutes-les-actualites\/cameroun-deces-du-cardinal-tumi-elie-smith-un-proche-du-defunt-declare-que-ceux-qui-lont-enleve-en-2020-ont-contribue-a-sa-mort#respond\"]}]},{\"@type\":\"WebPage\",\"@id\":\"https:\/\/www.africa-press.net\/cameroun\/toutes-les-actualites\/cameroun-deces-du-cardinal-tumi-elie-smith-un-proche-du-defunt-declare-que-ceux-qui-lont-enleve-en-2020-ont-contribue-a-sa-mort\",\"url\":\"https:\/\/www.africa-press.net\/cameroun\/toutes-les-actualites\/cameroun-deces-du-cardinal-tumi-elie-smith-un-proche-du-defunt-declare-que-ceux-qui-lont-enleve-en-2020-ont-contribue-a-sa-mort\",\"name\":\"Cameroun - D\u00e9c\u00e8s du Cardinal Tumi: Elie Smith, un proche du d\u00e9funt, d\u00e9clare que ceux qui l\u2019ont enlev\u00e9 en 2020 \u00abont contribu\u00e9\u00bb \u00e0 sa mort - Cameroun\",\"isPartOf\":{\"@id\":\"https:\/\/www.africa-press.net\/cameroun\/#website\"},\"primaryImageOfPage\":{\"@id\":\"https:\/\/www.africa-press.net\/cameroun\/toutes-les-actualites\/cameroun-deces-du-cardinal-tumi-elie-smith-un-proche-du-defunt-declare-que-ceux-qui-lont-enleve-en-2020-ont-contribue-a-sa-mort#primaryimage\"},\"image\":{\"@id\":\"https:\/\/www.africa-press.net\/cameroun\/toutes-les-actualites\/cameroun-deces-du-cardinal-tumi-elie-smith-un-proche-du-defunt-declare-que-ceux-qui-lont-enleve-en-2020-ont-contribue-a-sa-mort#primaryimage\"},\"thumbnailUrl\":\"https:\/\/static.africa-press.net\/cameroun\/sites\/57\/2021\/04\/img-6088dbad6c79c.jpg\",\"datePublished\":\"2021-04-27T18:30:20+00:00\",\"dateModified\":\"2021-04-28T03:51:32+00:00\",\"author\":{\"@id\":\"https:\/\/www.africa-press.net\/cameroun\/#\/schema\/person\/2b1cf3cd81a31e3cd26889ca66d677f1\"},\"description\":\"Elie Smith est revenu sur les derniers mois du Cardinal Christian Tumi. Celui que recevait le programme \u00abL\u2019invit ...\",\"breadcrumb\":{\"@id\":\"https:\/\/www.africa-press.net\/cameroun\/toutes-les-actualites\/cameroun-deces-du-cardinal-tumi-elie-smith-un-proche-du-defunt-declare-que-ceux-qui-lont-enleve-en-2020-ont-contribue-a-sa-mort#breadcrumb\"},\"inLanguage\":\"fr-FR\",\"potentialAction\":[{\"@type\":\"ReadAction\",\"target\":[\"https:\/\/www.africa-press.net\/cameroun\/toutes-les-actualites\/cameroun-deces-du-cardinal-tumi-elie-smith-un-proche-du-defunt-declare-que-ceux-qui-lont-enleve-en-2020-ont-contribue-a-sa-mort\"]}]},{\"@type\":\"ImageObject\",\"inLanguage\":\"fr-FR\",\"@id\":\"https:\/\/www.africa-press.net\/cameroun\/toutes-les-actualites\/cameroun-deces-du-cardinal-tumi-elie-smith-un-proche-du-defunt-declare-que-ceux-qui-lont-enleve-en-2020-ont-contribue-a-sa-mort#primaryimage\",\"url\":\"https:\/\/static.africa-press.net\/cameroun\/sites\/57\/2021\/04\/img-6088dbad6c79c.jpg\",\"contentUrl\":\"https:\/\/static.africa-press.net\/cameroun\/sites\/57\/2021\/04\/img-6088dbad6c79c.jpg\",\"width\":800,\"height\":800,\"caption\":\"Cameroun - D\u00e9c\u00e8s du Cardinal Tumi: Elie Smith, un proche du d\u00e9funt, d\u00e9clare que ceux qui l\u2019ont enlev\u00e9 en 2020 \u00abont contribu\u00e9\u00bb \u00e0 sa mort\"},{\"@type\":\"BreadcrumbList\",\"@id\":\"https:\/\/www.africa-press.net\/cameroun\/toutes-les-actualites\/cameroun-deces-du-cardinal-tumi-elie-smith-un-proche-du-defunt-declare-que-ceux-qui-lont-enleve-en-2020-ont-contribue-a-sa-mort#breadcrumb\",\"itemListElement\":[{\"@type\":\"ListItem\",\"position\":1,\"name\":\"Accueil\",\"item\":\"https:\/\/www.africa-press.net\/cameroun\/\"},{\"@type\":\"ListItem\",\"position\":2,\"name\":\"Cameroun &#8211; D\u00e9c\u00e8s du Cardinal Tumi: Elie Smith, un proche du d\u00e9funt, d\u00e9clare que ceux qui l\u2019ont enlev\u00e9 en 2020 \u00abont contribu\u00e9\u00bb \u00e0 sa mort\"}]},{\"@type\":\"WebSite\",\"@id\":\"https:\/\/www.africa-press.net\/cameroun\/#website\",\"url\":\"https:\/\/www.africa-press.net\/cameroun\/\",\"name\":\"Cameroun\",\"description\":\"Just another Africa News Agency Sites site\",\"potentialAction\":[{\"@type\":\"SearchAction\",\"target\":{\"@type\":\"EntryPoint\",\"urlTemplate\":\"https:\/\/www.africa-press.net\/cameroun\/?s={search_term_string}\"},\"query-input\":{\"@type\":\"PropertyValueSpecification\",\"valueRequired\":true,\"valueName\":\"search_term_string\"}}],\"inLanguage\":\"fr-FR\"},{\"@type\":\"Person\",\"@id\":\"https:\/\/www.africa-press.net\/cameroun\/#\/schema\/person\/2b1cf3cd81a31e3cd26889ca66d677f1\",\"name\":\"cfeditorfr\"}]}<\/script>\n<!-- \/ Yoast SEO Premium plugin. -->","yoast_head_json":{"title":"Cameroun - D\u00e9c\u00e8s du Cardinal Tumi: Elie Smith, un proche du d\u00e9funt, d\u00e9clare que ceux qui l\u2019ont enlev\u00e9 en 2020 \u00abont contribu\u00e9\u00bb \u00e0 sa mort - Cameroun","description":"Elie Smith est revenu sur les derniers mois du Cardinal Christian Tumi. Celui que recevait le programme \u00abL\u2019invit ...","robots":{"index":"index","follow":"follow","max-snippet":"max-snippet:-1","max-image-preview":"max-image-preview:large","max-video-preview":"max-video-preview:-1"},"canonical":"https:\/\/www.africa-press.net\/cameroun\/toutes-les-actualites\/cameroun-deces-du-cardinal-tumi-elie-smith-un-proche-du-defunt-declare-que-ceux-qui-lont-enleve-en-2020-ont-contribue-a-sa-mort","og_locale":"fr_FR","og_type":"article","og_title":"Cameroun - D\u00e9c\u00e8s du Cardinal Tumi: Elie Smith, un proche du d\u00e9funt, d\u00e9clare que ceux qui l\u2019ont enlev\u00e9 en 2020 \u00abont contribu\u00e9\u00bb \u00e0 sa mort","og_description":"Elie Smith est revenu sur les derniers mois du Cardinal Christian Tumi. Celui que recevait le programme \u00abL\u2019invit ...","og_url":"https:\/\/www.africa-press.net\/cameroun\/toutes-les-actualites\/cameroun-deces-du-cardinal-tumi-elie-smith-un-proche-du-defunt-declare-que-ceux-qui-lont-enleve-en-2020-ont-contribue-a-sa-mort","og_site_name":"Cameroun","article_published_time":"2021-04-27T18:30:20+00:00","article_modified_time":"2021-04-28T03:51:32+00:00","og_image":[{"width":800,"height":800,"url":"https:\/\/static.africa-press.net\/cameroun\/sites\/57\/2021\/04\/img-6088dbad6c79c.jpg","type":"image\/jpeg"}],"author":"cfeditorfr","twitter_card":"summary_large_image","twitter_misc":{"\u00c9crit par":"cfeditorfr","Dur\u00e9e de lecture estim\u00e9e":"2 minutes"},"schema":{"@context":"https:\/\/schema.org","@graph":[{"@type":"Article","@id":"https:\/\/www.africa-press.net\/cameroun\/toutes-les-actualites\/cameroun-deces-du-cardinal-tumi-elie-smith-un-proche-du-defunt-declare-que-ceux-qui-lont-enleve-en-2020-ont-contribue-a-sa-mort#article","isPartOf":{"@id":"https:\/\/www.africa-press.net\/cameroun\/toutes-les-actualites\/cameroun-deces-du-cardinal-tumi-elie-smith-un-proche-du-defunt-declare-que-ceux-qui-lont-enleve-en-2020-ont-contribue-a-sa-mort"},"author":{"name":"cfeditorfr","@id":"https:\/\/www.africa-press.net\/cameroun\/#\/schema\/person\/2b1cf3cd81a31e3cd26889ca66d677f1"},"headline":"Cameroun &#8211; D\u00e9c\u00e8s du Cardinal Tumi: Elie Smith, un proche du d\u00e9funt, d\u00e9clare que ceux qui l\u2019ont enlev\u00e9 en 2020 \u00abont contribu\u00e9\u00bb \u00e0 sa mort","datePublished":"2021-04-27T18:30:20+00:00","dateModified":"2021-04-28T03:51:32+00:00","mainEntityOfPage":{"@id":"https:\/\/www.africa-press.net\/cameroun\/toutes-les-actualites\/cameroun-deces-du-cardinal-tumi-elie-smith-un-proche-du-defunt-declare-que-ceux-qui-lont-enleve-en-2020-ont-contribue-a-sa-mort"},"wordCount":477,"commentCount":0,"image":{"@id":"https:\/\/www.africa-press.net\/cameroun\/toutes-les-actualites\/cameroun-deces-du-cardinal-tumi-elie-smith-un-proche-du-defunt-declare-que-ceux-qui-lont-enleve-en-2020-ont-contribue-a-sa-mort#primaryimage"},"thumbnailUrl":"https:\/\/static.africa-press.net\/cameroun\/sites\/57\/2021\/04\/img-6088dbad6c79c.jpg","keywords":["Africa Press","Africa Press-Cameroun","Cameroun"],"articleSection":["Communaut\u00e9","homepage-french","Toutes les actualit\u00e9s"],"inLanguage":"fr-FR","potentialAction":[{"@type":"CommentAction","name":"Comment","target":["https:\/\/www.africa-press.net\/cameroun\/toutes-les-actualites\/cameroun-deces-du-cardinal-tumi-elie-smith-un-proche-du-defunt-declare-que-ceux-qui-lont-enleve-en-2020-ont-contribue-a-sa-mort#respond"]}]},{"@type":"WebPage","@id":"https:\/\/www.africa-press.net\/cameroun\/toutes-les-actualites\/cameroun-deces-du-cardinal-tumi-elie-smith-un-proche-du-defunt-declare-que-ceux-qui-lont-enleve-en-2020-ont-contribue-a-sa-mort","url":"https:\/\/www.africa-press.net\/cameroun\/toutes-les-actualites\/cameroun-deces-du-cardinal-tumi-elie-smith-un-proche-du-defunt-declare-que-ceux-qui-lont-enleve-en-2020-ont-contribue-a-sa-mort","name":"Cameroun - D\u00e9c\u00e8s du Cardinal Tumi: Elie Smith, un proche du d\u00e9funt, d\u00e9clare que ceux qui l\u2019ont enlev\u00e9 en 2020 \u00abont contribu\u00e9\u00bb \u00e0 sa mort - Cameroun","isPartOf":{"@id":"https:\/\/www.africa-press.net\/cameroun\/#website"},"primaryImageOfPage":{"@id":"https:\/\/www.africa-press.net\/cameroun\/toutes-les-actualites\/cameroun-deces-du-cardinal-tumi-elie-smith-un-proche-du-defunt-declare-que-ceux-qui-lont-enleve-en-2020-ont-contribue-a-sa-mort#primaryimage"},"image":{"@id":"https:\/\/www.africa-press.net\/cameroun\/toutes-les-actualites\/cameroun-deces-du-cardinal-tumi-elie-smith-un-proche-du-defunt-declare-que-ceux-qui-lont-enleve-en-2020-ont-contribue-a-sa-mort#primaryimage"},"thumbnailUrl":"https:\/\/static.africa-press.net\/cameroun\/sites\/57\/2021\/04\/img-6088dbad6c79c.jpg","datePublished":"2021-04-27T18:30:20+00:00","dateModified":"2021-04-28T03:51:32+00:00","author":{"@id":"https:\/\/www.africa-press.net\/cameroun\/#\/schema\/person\/2b1cf3cd81a31e3cd26889ca66d677f1"},"description":"Elie Smith est revenu sur les derniers mois du Cardinal Christian Tumi. Celui que recevait le programme \u00abL\u2019invit ...","breadcrumb":{"@id":"https:\/\/www.africa-press.net\/cameroun\/toutes-les-actualites\/cameroun-deces-du-cardinal-tumi-elie-smith-un-proche-du-defunt-declare-que-ceux-qui-lont-enleve-en-2020-ont-contribue-a-sa-mort#breadcrumb"},"inLanguage":"fr-FR","potentialAction":[{"@type":"ReadAction","target":["https:\/\/www.africa-press.net\/cameroun\/toutes-les-actualites\/cameroun-deces-du-cardinal-tumi-elie-smith-un-proche-du-defunt-declare-que-ceux-qui-lont-enleve-en-2020-ont-contribue-a-sa-mort"]}]},{"@type":"ImageObject","inLanguage":"fr-FR","@id":"https:\/\/www.africa-press.net\/cameroun\/toutes-les-actualites\/cameroun-deces-du-cardinal-tumi-elie-smith-un-proche-du-defunt-declare-que-ceux-qui-lont-enleve-en-2020-ont-contribue-a-sa-mort#primaryimage","url":"https:\/\/static.africa-press.net\/cameroun\/sites\/57\/2021\/04\/img-6088dbad6c79c.jpg","contentUrl":"https:\/\/static.africa-press.net\/cameroun\/sites\/57\/2021\/04\/img-6088dbad6c79c.jpg","width":800,"height":800,"caption":"Cameroun - D\u00e9c\u00e8s du Cardinal Tumi: Elie Smith, un proche du d\u00e9funt, d\u00e9clare que ceux qui l\u2019ont enlev\u00e9 en 2020 \u00abont contribu\u00e9\u00bb \u00e0 sa mort"},{"@type":"BreadcrumbList","@id":"https:\/\/www.africa-press.net\/cameroun\/toutes-les-actualites\/cameroun-deces-du-cardinal-tumi-elie-smith-un-proche-du-defunt-declare-que-ceux-qui-lont-enleve-en-2020-ont-contribue-a-sa-mort#breadcrumb","itemListElement":[{"@type":"ListItem","position":1,"name":"Accueil","item":"https:\/\/www.africa-press.net\/cameroun\/"},{"@type":"ListItem","position":2,"name":"Cameroun &#8211; D\u00e9c\u00e8s du Cardinal Tumi: Elie Smith, un proche du d\u00e9funt, d\u00e9clare que ceux qui l\u2019ont enlev\u00e9 en 2020 \u00abont contribu\u00e9\u00bb \u00e0 sa mort"}]},{"@type":"WebSite","@id":"https:\/\/www.africa-press.net\/cameroun\/#website","url":"https:\/\/www.africa-press.net\/cameroun\/","name":"Cameroun","description":"Just another Africa News Agency Sites site","potentialAction":[{"@type":"SearchAction","target":{"@type":"EntryPoint","urlTemplate":"https:\/\/www.africa-press.net\/cameroun\/?s={search_term_string}"},"query-input":{"@type":"PropertyValueSpecification","valueRequired":true,"valueName":"search_term_string"}}],"inLanguage":"fr-FR"},{"@type":"Person","@id":"https:\/\/www.africa-press.net\/cameroun\/#\/schema\/person\/2b1cf3cd81a31e3cd26889ca66d677f1","name":"cfeditorfr"}]}},"_links":{"self":[{"href":"https:\/\/www.africa-press.net\/cameroun\/wp-json\/wp\/v2\/posts\/2601","targetHints":{"allow":["GET"]}}],"collection":[{"href":"https:\/\/www.africa-press.net\/cameroun\/wp-json\/wp\/v2\/posts"}],"about":[{"href":"https:\/\/www.africa-press.net\/cameroun\/wp-json\/wp\/v2\/types\/post"}],"author":[{"embeddable":true,"href":"https:\/\/www.africa-press.net\/cameroun\/wp-json\/wp\/v2\/users\/82"}],"replies":[{"embeddable":true,"href":"https:\/\/www.africa-press.net\/cameroun\/wp-json\/wp\/v2\/comments?post=2601"}],"version-history":[{"count":0,"href":"https:\/\/www.africa-press.net\/cameroun\/wp-json\/wp\/v2\/posts\/2601\/revisions"}],"wp:featuredmedia":[{"embeddable":true,"href":"https:\/\/www.africa-press.net\/cameroun\/wp-json\/wp\/v2\/media\/2600"}],"wp:attachment":[{"href":"https:\/\/www.africa-press.net\/cameroun\/wp-json\/wp\/v2\/media?parent=2601"}],"wp:term":[{"taxonomy":"category","embeddable":true,"href":"https:\/\/www.africa-press.net\/cameroun\/wp-json\/wp\/v2\/categories?post=2601"},{"taxonomy":"post_tag","embeddable":true,"href":"https:\/\/www.africa-press.net\/cameroun\/wp-json\/wp\/v2\/tags?post=2601"}],"curies":[{"name":"wp","href":"https:\/\/api.w.org\/{rel}","templated":true}]}}