{"id":2604,"date":"2021-04-27T18:34:55","date_gmt":"2021-04-27T18:34:55","guid":{"rendered":"https:\/\/www.africa-press.net\/cameroun\/politique\/cameroun-obseques-le-dramaturge-et-chroniqueur-camerounais-guillaume-oyono-mbia-sera-inhume-le-1er-mai-2021-a-mvoutessi-2-sud"},"modified":"2021-04-28T03:52:08","modified_gmt":"2021-04-28T03:52:08","slug":"cameroun-obseques-le-dramaturge-et-chroniqueur-camerounais-guillaume-oyono-mbia-sera-inhume-le-1er-mai-2021-a-mvoutessi-2-sud","status":"publish","type":"post","link":"https:\/\/www.africa-press.net\/cameroun\/toutes-les-actualites\/cameroun-obseques-le-dramaturge-et-chroniqueur-camerounais-guillaume-oyono-mbia-sera-inhume-le-1er-mai-2021-a-mvoutessi-2-sud","title":{"rendered":"Cameroun &#8211; Obs\u00e8ques: Le dramaturge et chroniqueur camerounais Guillaume Oyono Mbia sera inhum\u00e9 le 1er mai 2021 \u00e0 Mvoutessi 2 (Sud)"},"content":{"rendered":"<p><span style=\"color: #ff6600\"><strong><a href=\"https:\/\/www.africa-press.net\/\">Africa-Press<\/a> &#8211; <a href=\"https:\/\/www.africa-press.net\/cameroun\">Cameroun<\/a>. <\/strong><\/span>Le dramaturge camerounais Guillaume Oyono Mbia sera inhum\u00e9 dans son village natal \u00e0 Mvoutessi II dans la r\u00e9gion du Sud le 1er mai 2021. Le programme des obs\u00e8ques du chroniqueur camerounais indique que son corps sera lev\u00e9 \u00e0 la morgue du CFTA \u00e0 Ekounou \u00e0 Yaound\u00e9 le 30 avril prochain \u00e0 10 heures. Puis, prendra la route pour le village \u00e0 11 heures.<\/p>\n<p><b>\u00abLa richesse et la longueur de la vie de M.Oyono Mbia t\u00e9moignent du dynamisme, de l\u2019humilit\u00e9 et de la singularit\u00e9 dont il a fait preuve pendant toute son existence. Il fut le tout premier jeune auteur \u00e0 commettre un ouvrage d\u2019une envergure internationale, \u00e9tant encore \u00e9l\u00e8ve en classe de premi\u00e8re. Cette \u0153uvre qui a d\u2019ailleurs \u00e9t\u00e9 traduite en de nombreuses langues dans le monde a fait la fiert\u00e9 du Cameroun en g\u00e9n\u00e9ral et des Editions CLE en particulier. Il s\u2019agit de Trois pr\u00e9tendants, un mari publi\u00e9 en 1964 avec plus de 20 r\u00e9\u00e9ditions\u2026 Il a publi\u00e9 aux \u00e9ditions CLE plusieurs autres ouvrages \u00e0 savoir, Chroniques de Mvoutessi I (1971) plusieurs fois r\u00e9\u00e9dit\u00e9s; Chroniques de Mvoutessi 2 (1986); Train sp\u00e9cial de son excellence, Notre fille ne se mariera pas (2002), Le bourbier (2002). Il a par ces nombreuses \u0153uvres marqu\u00e9 \u00e0 sa mani\u00e8re le paysage litt\u00e9raire du Cameroun et de l\u2019Afrique\u00bb<\/b><\/p>\n<p>, t\u00e9moigne le R\u00e9v\u00e9rend Dr Nicod\u00e8me I. Alagbada, le directeur des \u00e9ditions CLE, dans son message de condol\u00e9ances \u00e0 la famille du d\u00e9funt.<\/p>\n<p>Le cin\u00e9aste et \u00e9crivain Bassek ba Kobhio garde de lui \u00able souvenir d\u2019un homme \u00e0 l\u2019humour permanent, d\u00e9capant, qui donnait l\u2019impression de le faire naturellement, sans forcer, presque sans le vouloir et sans rien vouloir, mais son moindre propos, son moindre commentaire vous suscitait un sourire, quand il ne vous arrachait pas le rire\u00bb.<\/p>\n<p>N\u00e9 le 2 mars 1939 \u00e0 Mvoutessi II dans l\u2019arrondissement de Zo\u00e9t\u00e9l\u00e9, le Commandeur de l\u2019Ordre national de la valeur est mort \u00e0 Yaound\u00e9 le 10 avril 2021 dans un centre hospitalier de la ville de Yaound\u00e9.<\/p>\n<p><b>Wilfried ONDOA<\/b><\/p>\n","protected":false},"excerpt":{"rendered":"<p>Africa-Press &#8211; Cameroun. Le dramaturge camerounais Guillaume Oyono Mbia sera inhum\u00e9 dans son village natal \u00e0 Mvoutessi II dans la r\u00e9gion du Sud le 1er mai 2021. Le programme des obs\u00e8ques du chroniqueur camerounais indique que son corps sera lev\u00e9 \u00e0 la morgue du CFTA \u00e0 Ekounou \u00e0 Yaound\u00e9 le 30 avril prochain \u00e0 10 [&hellip;]<\/p>\n","protected":false},"author":82,"featured_media":2603,"comment_status":"open","ping_status":"closed","sticky":false,"template":"","format":"standard","meta":{"footnotes":""},"categories":[21,11,10],"tags":[36,50,49],"class_list":["post-2604","post","type-post","status-publish","format-standard","has-post-thumbnail","hentry","category-communaute","category-homepage-french","category-toutes-les-actualites","tag-africa-press","tag-africa-press-cameroun","tag-cameroun"],"yoast_head":"<!-- This site is optimized with the Yoast SEO Premium plugin v26.1 (Yoast SEO v27.0) - https:\/\/yoast.com\/product\/yoast-seo-premium-wordpress\/ -->\n<title>Cameroun - Obs\u00e8ques: Le dramaturge et chroniqueur camerounais Guillaume Oyono Mbia sera inhum\u00e9 le 1er mai 2021 \u00e0 Mvoutessi 2 (Sud) - Cameroun<\/title>\n<meta name=\"description\" content=\"Le dramaturge camerounais Guillaume Oyono Mbia sera inhum\u00e9 dans son village natal \u00e0 Mvoutessi II dans la r\u00e9gion du Sud l ...\" \/>\n<meta name=\"robots\" content=\"index, follow, max-snippet:-1, max-image-preview:large, max-video-preview:-1\" \/>\n<link rel=\"canonical\" href=\"https:\/\/www.africa-press.net\/cameroun\/toutes-les-actualites\/cameroun-obseques-le-dramaturge-et-chroniqueur-camerounais-guillaume-oyono-mbia-sera-inhume-le-1er-mai-2021-a-mvoutessi-2-sud\" \/>\n<meta property=\"og:locale\" content=\"fr_FR\" \/>\n<meta property=\"og:type\" content=\"article\" \/>\n<meta property=\"og:title\" content=\"Cameroun - Obs\u00e8ques: Le dramaturge et chroniqueur camerounais Guillaume Oyono Mbia sera inhum\u00e9 le 1er mai 2021 \u00e0 Mvoutessi 2 (Sud)\" \/>\n<meta property=\"og:description\" content=\"Le dramaturge camerounais Guillaume Oyono Mbia sera inhum\u00e9 dans son village natal \u00e0 Mvoutessi II dans la r\u00e9gion du Sud l ...\" \/>\n<meta property=\"og:url\" content=\"https:\/\/www.africa-press.net\/cameroun\/toutes-les-actualites\/cameroun-obseques-le-dramaturge-et-chroniqueur-camerounais-guillaume-oyono-mbia-sera-inhume-le-1er-mai-2021-a-mvoutessi-2-sud\" \/>\n<meta property=\"og:site_name\" content=\"Cameroun\" \/>\n<meta property=\"article:published_time\" content=\"2021-04-27T18:34:55+00:00\" \/>\n<meta property=\"article:modified_time\" content=\"2021-04-28T03:52:08+00:00\" \/>\n<meta property=\"og:image\" content=\"https:\/\/static.africa-press.net\/cameroun\/sites\/57\/2021\/04\/img-6088dbd2bedc2.jpg\" \/>\n\t<meta property=\"og:image:width\" content=\"800\" \/>\n\t<meta property=\"og:image:height\" content=\"800\" \/>\n\t<meta property=\"og:image:type\" content=\"image\/jpeg\" \/>\n<meta name=\"author\" content=\"cfeditorfr\" \/>\n<meta name=\"twitter:card\" content=\"summary_large_image\" \/>\n<meta name=\"twitter:label1\" content=\"\u00c9crit par\" \/>\n\t<meta name=\"twitter:data1\" content=\"cfeditorfr\" \/>\n\t<meta name=\"twitter:label2\" content=\"Dur\u00e9e de lecture estim\u00e9e\" \/>\n\t<meta name=\"twitter:data2\" content=\"2 minutes\" \/>\n<script type=\"application\/ld+json\" class=\"yoast-schema-graph\">{\"@context\":\"https:\/\/schema.org\",\"@graph\":[{\"@type\":\"Article\",\"@id\":\"https:\/\/www.africa-press.net\/cameroun\/toutes-les-actualites\/cameroun-obseques-le-dramaturge-et-chroniqueur-camerounais-guillaume-oyono-mbia-sera-inhume-le-1er-mai-2021-a-mvoutessi-2-sud#article\",\"isPartOf\":{\"@id\":\"https:\/\/www.africa-press.net\/cameroun\/toutes-les-actualites\/cameroun-obseques-le-dramaturge-et-chroniqueur-camerounais-guillaume-oyono-mbia-sera-inhume-le-1er-mai-2021-a-mvoutessi-2-sud\"},\"author\":{\"name\":\"cfeditorfr\",\"@id\":\"https:\/\/www.africa-press.net\/cameroun\/#\/schema\/person\/2b1cf3cd81a31e3cd26889ca66d677f1\"},\"headline\":\"Cameroun &#8211; Obs\u00e8ques: Le dramaturge et chroniqueur camerounais Guillaume Oyono Mbia sera inhum\u00e9 le 1er mai 2021 \u00e0 Mvoutessi 2 (Sud)\",\"datePublished\":\"2021-04-27T18:34:55+00:00\",\"dateModified\":\"2021-04-28T03:52:08+00:00\",\"mainEntityOfPage\":{\"@id\":\"https:\/\/www.africa-press.net\/cameroun\/toutes-les-actualites\/cameroun-obseques-le-dramaturge-et-chroniqueur-camerounais-guillaume-oyono-mbia-sera-inhume-le-1er-mai-2021-a-mvoutessi-2-sud\"},\"wordCount\":357,\"commentCount\":0,\"image\":{\"@id\":\"https:\/\/www.africa-press.net\/cameroun\/toutes-les-actualites\/cameroun-obseques-le-dramaturge-et-chroniqueur-camerounais-guillaume-oyono-mbia-sera-inhume-le-1er-mai-2021-a-mvoutessi-2-sud#primaryimage\"},\"thumbnailUrl\":\"https:\/\/static.africa-press.net\/cameroun\/sites\/57\/2021\/04\/img-6088dbd2bedc2.jpg\",\"keywords\":[\"Africa Press\",\"Africa Press-Cameroun\",\"Cameroun\"],\"articleSection\":[\"Communaut\u00e9\",\"homepage-french\",\"Toutes les actualit\u00e9s\"],\"inLanguage\":\"fr-FR\",\"potentialAction\":[{\"@type\":\"CommentAction\",\"name\":\"Comment\",\"target\":[\"https:\/\/www.africa-press.net\/cameroun\/toutes-les-actualites\/cameroun-obseques-le-dramaturge-et-chroniqueur-camerounais-guillaume-oyono-mbia-sera-inhume-le-1er-mai-2021-a-mvoutessi-2-sud#respond\"]}]},{\"@type\":\"WebPage\",\"@id\":\"https:\/\/www.africa-press.net\/cameroun\/toutes-les-actualites\/cameroun-obseques-le-dramaturge-et-chroniqueur-camerounais-guillaume-oyono-mbia-sera-inhume-le-1er-mai-2021-a-mvoutessi-2-sud\",\"url\":\"https:\/\/www.africa-press.net\/cameroun\/toutes-les-actualites\/cameroun-obseques-le-dramaturge-et-chroniqueur-camerounais-guillaume-oyono-mbia-sera-inhume-le-1er-mai-2021-a-mvoutessi-2-sud\",\"name\":\"Cameroun - Obs\u00e8ques: Le dramaturge et chroniqueur camerounais Guillaume Oyono Mbia sera inhum\u00e9 le 1er mai 2021 \u00e0 Mvoutessi 2 (Sud) - Cameroun\",\"isPartOf\":{\"@id\":\"https:\/\/www.africa-press.net\/cameroun\/#website\"},\"primaryImageOfPage\":{\"@id\":\"https:\/\/www.africa-press.net\/cameroun\/toutes-les-actualites\/cameroun-obseques-le-dramaturge-et-chroniqueur-camerounais-guillaume-oyono-mbia-sera-inhume-le-1er-mai-2021-a-mvoutessi-2-sud#primaryimage\"},\"image\":{\"@id\":\"https:\/\/www.africa-press.net\/cameroun\/toutes-les-actualites\/cameroun-obseques-le-dramaturge-et-chroniqueur-camerounais-guillaume-oyono-mbia-sera-inhume-le-1er-mai-2021-a-mvoutessi-2-sud#primaryimage\"},\"thumbnailUrl\":\"https:\/\/static.africa-press.net\/cameroun\/sites\/57\/2021\/04\/img-6088dbd2bedc2.jpg\",\"datePublished\":\"2021-04-27T18:34:55+00:00\",\"dateModified\":\"2021-04-28T03:52:08+00:00\",\"author\":{\"@id\":\"https:\/\/www.africa-press.net\/cameroun\/#\/schema\/person\/2b1cf3cd81a31e3cd26889ca66d677f1\"},\"description\":\"Le dramaturge camerounais Guillaume Oyono Mbia sera inhum\u00e9 dans son village natal \u00e0 Mvoutessi II dans la r\u00e9gion du Sud l ...\",\"breadcrumb\":{\"@id\":\"https:\/\/www.africa-press.net\/cameroun\/toutes-les-actualites\/cameroun-obseques-le-dramaturge-et-chroniqueur-camerounais-guillaume-oyono-mbia-sera-inhume-le-1er-mai-2021-a-mvoutessi-2-sud#breadcrumb\"},\"inLanguage\":\"fr-FR\",\"potentialAction\":[{\"@type\":\"ReadAction\",\"target\":[\"https:\/\/www.africa-press.net\/cameroun\/toutes-les-actualites\/cameroun-obseques-le-dramaturge-et-chroniqueur-camerounais-guillaume-oyono-mbia-sera-inhume-le-1er-mai-2021-a-mvoutessi-2-sud\"]}]},{\"@type\":\"ImageObject\",\"inLanguage\":\"fr-FR\",\"@id\":\"https:\/\/www.africa-press.net\/cameroun\/toutes-les-actualites\/cameroun-obseques-le-dramaturge-et-chroniqueur-camerounais-guillaume-oyono-mbia-sera-inhume-le-1er-mai-2021-a-mvoutessi-2-sud#primaryimage\",\"url\":\"https:\/\/static.africa-press.net\/cameroun\/sites\/57\/2021\/04\/img-6088dbd2bedc2.jpg\",\"contentUrl\":\"https:\/\/static.africa-press.net\/cameroun\/sites\/57\/2021\/04\/img-6088dbd2bedc2.jpg\",\"width\":800,\"height\":800,\"caption\":\"Cameroun - Obs\u00e8ques: Le dramaturge et chroniqueur camerounais Guillaume Oyono Mbia sera inhum\u00e9 le 1er mai 2021 \u00e0 Mvoutessi 2 (Sud)\"},{\"@type\":\"BreadcrumbList\",\"@id\":\"https:\/\/www.africa-press.net\/cameroun\/toutes-les-actualites\/cameroun-obseques-le-dramaturge-et-chroniqueur-camerounais-guillaume-oyono-mbia-sera-inhume-le-1er-mai-2021-a-mvoutessi-2-sud#breadcrumb\",\"itemListElement\":[{\"@type\":\"ListItem\",\"position\":1,\"name\":\"Accueil\",\"item\":\"https:\/\/www.africa-press.net\/cameroun\/\"},{\"@type\":\"ListItem\",\"position\":2,\"name\":\"Cameroun &#8211; Obs\u00e8ques: Le dramaturge et chroniqueur camerounais Guillaume Oyono Mbia sera inhum\u00e9 le 1er mai 2021 \u00e0 Mvoutessi 2 (Sud)\"}]},{\"@type\":\"WebSite\",\"@id\":\"https:\/\/www.africa-press.net\/cameroun\/#website\",\"url\":\"https:\/\/www.africa-press.net\/cameroun\/\",\"name\":\"Cameroun\",\"description\":\"Just another Africa News Agency Sites site\",\"potentialAction\":[{\"@type\":\"SearchAction\",\"target\":{\"@type\":\"EntryPoint\",\"urlTemplate\":\"https:\/\/www.africa-press.net\/cameroun\/?s={search_term_string}\"},\"query-input\":{\"@type\":\"PropertyValueSpecification\",\"valueRequired\":true,\"valueName\":\"search_term_string\"}}],\"inLanguage\":\"fr-FR\"},{\"@type\":\"Person\",\"@id\":\"https:\/\/www.africa-press.net\/cameroun\/#\/schema\/person\/2b1cf3cd81a31e3cd26889ca66d677f1\",\"name\":\"cfeditorfr\"}]}<\/script>\n<!-- \/ Yoast SEO Premium plugin. -->","yoast_head_json":{"title":"Cameroun - Obs\u00e8ques: Le dramaturge et chroniqueur camerounais Guillaume Oyono Mbia sera inhum\u00e9 le 1er mai 2021 \u00e0 Mvoutessi 2 (Sud) - Cameroun","description":"Le dramaturge camerounais Guillaume Oyono Mbia sera inhum\u00e9 dans son village natal \u00e0 Mvoutessi II dans la r\u00e9gion du Sud l ...","robots":{"index":"index","follow":"follow","max-snippet":"max-snippet:-1","max-image-preview":"max-image-preview:large","max-video-preview":"max-video-preview:-1"},"canonical":"https:\/\/www.africa-press.net\/cameroun\/toutes-les-actualites\/cameroun-obseques-le-dramaturge-et-chroniqueur-camerounais-guillaume-oyono-mbia-sera-inhume-le-1er-mai-2021-a-mvoutessi-2-sud","og_locale":"fr_FR","og_type":"article","og_title":"Cameroun - Obs\u00e8ques: Le dramaturge et chroniqueur camerounais Guillaume Oyono Mbia sera inhum\u00e9 le 1er mai 2021 \u00e0 Mvoutessi 2 (Sud)","og_description":"Le dramaturge camerounais Guillaume Oyono Mbia sera inhum\u00e9 dans son village natal \u00e0 Mvoutessi II dans la r\u00e9gion du Sud l ...","og_url":"https:\/\/www.africa-press.net\/cameroun\/toutes-les-actualites\/cameroun-obseques-le-dramaturge-et-chroniqueur-camerounais-guillaume-oyono-mbia-sera-inhume-le-1er-mai-2021-a-mvoutessi-2-sud","og_site_name":"Cameroun","article_published_time":"2021-04-27T18:34:55+00:00","article_modified_time":"2021-04-28T03:52:08+00:00","og_image":[{"width":800,"height":800,"url":"https:\/\/static.africa-press.net\/cameroun\/sites\/57\/2021\/04\/img-6088dbd2bedc2.jpg","type":"image\/jpeg"}],"author":"cfeditorfr","twitter_card":"summary_large_image","twitter_misc":{"\u00c9crit par":"cfeditorfr","Dur\u00e9e de lecture estim\u00e9e":"2 minutes"},"schema":{"@context":"https:\/\/schema.org","@graph":[{"@type":"Article","@id":"https:\/\/www.africa-press.net\/cameroun\/toutes-les-actualites\/cameroun-obseques-le-dramaturge-et-chroniqueur-camerounais-guillaume-oyono-mbia-sera-inhume-le-1er-mai-2021-a-mvoutessi-2-sud#article","isPartOf":{"@id":"https:\/\/www.africa-press.net\/cameroun\/toutes-les-actualites\/cameroun-obseques-le-dramaturge-et-chroniqueur-camerounais-guillaume-oyono-mbia-sera-inhume-le-1er-mai-2021-a-mvoutessi-2-sud"},"author":{"name":"cfeditorfr","@id":"https:\/\/www.africa-press.net\/cameroun\/#\/schema\/person\/2b1cf3cd81a31e3cd26889ca66d677f1"},"headline":"Cameroun &#8211; Obs\u00e8ques: Le dramaturge et chroniqueur camerounais Guillaume Oyono Mbia sera inhum\u00e9 le 1er mai 2021 \u00e0 Mvoutessi 2 (Sud)","datePublished":"2021-04-27T18:34:55+00:00","dateModified":"2021-04-28T03:52:08+00:00","mainEntityOfPage":{"@id":"https:\/\/www.africa-press.net\/cameroun\/toutes-les-actualites\/cameroun-obseques-le-dramaturge-et-chroniqueur-camerounais-guillaume-oyono-mbia-sera-inhume-le-1er-mai-2021-a-mvoutessi-2-sud"},"wordCount":357,"commentCount":0,"image":{"@id":"https:\/\/www.africa-press.net\/cameroun\/toutes-les-actualites\/cameroun-obseques-le-dramaturge-et-chroniqueur-camerounais-guillaume-oyono-mbia-sera-inhume-le-1er-mai-2021-a-mvoutessi-2-sud#primaryimage"},"thumbnailUrl":"https:\/\/static.africa-press.net\/cameroun\/sites\/57\/2021\/04\/img-6088dbd2bedc2.jpg","keywords":["Africa Press","Africa Press-Cameroun","Cameroun"],"articleSection":["Communaut\u00e9","homepage-french","Toutes les actualit\u00e9s"],"inLanguage":"fr-FR","potentialAction":[{"@type":"CommentAction","name":"Comment","target":["https:\/\/www.africa-press.net\/cameroun\/toutes-les-actualites\/cameroun-obseques-le-dramaturge-et-chroniqueur-camerounais-guillaume-oyono-mbia-sera-inhume-le-1er-mai-2021-a-mvoutessi-2-sud#respond"]}]},{"@type":"WebPage","@id":"https:\/\/www.africa-press.net\/cameroun\/toutes-les-actualites\/cameroun-obseques-le-dramaturge-et-chroniqueur-camerounais-guillaume-oyono-mbia-sera-inhume-le-1er-mai-2021-a-mvoutessi-2-sud","url":"https:\/\/www.africa-press.net\/cameroun\/toutes-les-actualites\/cameroun-obseques-le-dramaturge-et-chroniqueur-camerounais-guillaume-oyono-mbia-sera-inhume-le-1er-mai-2021-a-mvoutessi-2-sud","name":"Cameroun - Obs\u00e8ques: Le dramaturge et chroniqueur camerounais Guillaume Oyono Mbia sera inhum\u00e9 le 1er mai 2021 \u00e0 Mvoutessi 2 (Sud) - Cameroun","isPartOf":{"@id":"https:\/\/www.africa-press.net\/cameroun\/#website"},"primaryImageOfPage":{"@id":"https:\/\/www.africa-press.net\/cameroun\/toutes-les-actualites\/cameroun-obseques-le-dramaturge-et-chroniqueur-camerounais-guillaume-oyono-mbia-sera-inhume-le-1er-mai-2021-a-mvoutessi-2-sud#primaryimage"},"image":{"@id":"https:\/\/www.africa-press.net\/cameroun\/toutes-les-actualites\/cameroun-obseques-le-dramaturge-et-chroniqueur-camerounais-guillaume-oyono-mbia-sera-inhume-le-1er-mai-2021-a-mvoutessi-2-sud#primaryimage"},"thumbnailUrl":"https:\/\/static.africa-press.net\/cameroun\/sites\/57\/2021\/04\/img-6088dbd2bedc2.jpg","datePublished":"2021-04-27T18:34:55+00:00","dateModified":"2021-04-28T03:52:08+00:00","author":{"@id":"https:\/\/www.africa-press.net\/cameroun\/#\/schema\/person\/2b1cf3cd81a31e3cd26889ca66d677f1"},"description":"Le dramaturge camerounais Guillaume Oyono Mbia sera inhum\u00e9 dans son village natal \u00e0 Mvoutessi II dans la r\u00e9gion du Sud l ...","breadcrumb":{"@id":"https:\/\/www.africa-press.net\/cameroun\/toutes-les-actualites\/cameroun-obseques-le-dramaturge-et-chroniqueur-camerounais-guillaume-oyono-mbia-sera-inhume-le-1er-mai-2021-a-mvoutessi-2-sud#breadcrumb"},"inLanguage":"fr-FR","potentialAction":[{"@type":"ReadAction","target":["https:\/\/www.africa-press.net\/cameroun\/toutes-les-actualites\/cameroun-obseques-le-dramaturge-et-chroniqueur-camerounais-guillaume-oyono-mbia-sera-inhume-le-1er-mai-2021-a-mvoutessi-2-sud"]}]},{"@type":"ImageObject","inLanguage":"fr-FR","@id":"https:\/\/www.africa-press.net\/cameroun\/toutes-les-actualites\/cameroun-obseques-le-dramaturge-et-chroniqueur-camerounais-guillaume-oyono-mbia-sera-inhume-le-1er-mai-2021-a-mvoutessi-2-sud#primaryimage","url":"https:\/\/static.africa-press.net\/cameroun\/sites\/57\/2021\/04\/img-6088dbd2bedc2.jpg","contentUrl":"https:\/\/static.africa-press.net\/cameroun\/sites\/57\/2021\/04\/img-6088dbd2bedc2.jpg","width":800,"height":800,"caption":"Cameroun - Obs\u00e8ques: Le dramaturge et chroniqueur camerounais Guillaume Oyono Mbia sera inhum\u00e9 le 1er mai 2021 \u00e0 Mvoutessi 2 (Sud)"},{"@type":"BreadcrumbList","@id":"https:\/\/www.africa-press.net\/cameroun\/toutes-les-actualites\/cameroun-obseques-le-dramaturge-et-chroniqueur-camerounais-guillaume-oyono-mbia-sera-inhume-le-1er-mai-2021-a-mvoutessi-2-sud#breadcrumb","itemListElement":[{"@type":"ListItem","position":1,"name":"Accueil","item":"https:\/\/www.africa-press.net\/cameroun\/"},{"@type":"ListItem","position":2,"name":"Cameroun &#8211; Obs\u00e8ques: Le dramaturge et chroniqueur camerounais Guillaume Oyono Mbia sera inhum\u00e9 le 1er mai 2021 \u00e0 Mvoutessi 2 (Sud)"}]},{"@type":"WebSite","@id":"https:\/\/www.africa-press.net\/cameroun\/#website","url":"https:\/\/www.africa-press.net\/cameroun\/","name":"Cameroun","description":"Just another Africa News Agency Sites site","potentialAction":[{"@type":"SearchAction","target":{"@type":"EntryPoint","urlTemplate":"https:\/\/www.africa-press.net\/cameroun\/?s={search_term_string}"},"query-input":{"@type":"PropertyValueSpecification","valueRequired":true,"valueName":"search_term_string"}}],"inLanguage":"fr-FR"},{"@type":"Person","@id":"https:\/\/www.africa-press.net\/cameroun\/#\/schema\/person\/2b1cf3cd81a31e3cd26889ca66d677f1","name":"cfeditorfr"}]}},"_links":{"self":[{"href":"https:\/\/www.africa-press.net\/cameroun\/wp-json\/wp\/v2\/posts\/2604","targetHints":{"allow":["GET"]}}],"collection":[{"href":"https:\/\/www.africa-press.net\/cameroun\/wp-json\/wp\/v2\/posts"}],"about":[{"href":"https:\/\/www.africa-press.net\/cameroun\/wp-json\/wp\/v2\/types\/post"}],"author":[{"embeddable":true,"href":"https:\/\/www.africa-press.net\/cameroun\/wp-json\/wp\/v2\/users\/82"}],"replies":[{"embeddable":true,"href":"https:\/\/www.africa-press.net\/cameroun\/wp-json\/wp\/v2\/comments?post=2604"}],"version-history":[{"count":0,"href":"https:\/\/www.africa-press.net\/cameroun\/wp-json\/wp\/v2\/posts\/2604\/revisions"}],"wp:featuredmedia":[{"embeddable":true,"href":"https:\/\/www.africa-press.net\/cameroun\/wp-json\/wp\/v2\/media\/2603"}],"wp:attachment":[{"href":"https:\/\/www.africa-press.net\/cameroun\/wp-json\/wp\/v2\/media?parent=2604"}],"wp:term":[{"taxonomy":"category","embeddable":true,"href":"https:\/\/www.africa-press.net\/cameroun\/wp-json\/wp\/v2\/categories?post=2604"},{"taxonomy":"post_tag","embeddable":true,"href":"https:\/\/www.africa-press.net\/cameroun\/wp-json\/wp\/v2\/tags?post=2604"}],"curies":[{"name":"wp","href":"https:\/\/api.w.org\/{rel}","templated":true}]}}