{"id":2607,"date":"2021-04-27T18:46:32","date_gmt":"2021-04-27T18:46:32","guid":{"rendered":"https:\/\/www.africa-press.net\/cameroun\/politique\/cameroun-transport-de-lelectricite-victor-mbemi-nyankga-dg-de-la-sonatrel-le-reseau-de-transport-se-porte-globalement-bien-sur-lensemble-du-territoire-national"},"modified":"2021-04-28T03:52:44","modified_gmt":"2021-04-28T03:52:44","slug":"cameroun-transport-de-lelectricite-victor-mbemi-nyankga-dg-de-la-sonatrel-le-reseau-de-transport-se-porte-globalement-bien-sur-lensemble-du-territoire-national","status":"publish","type":"post","link":"https:\/\/www.africa-press.net\/cameroun\/economie\/cameroun-transport-de-lelectricite-victor-mbemi-nyankga-dg-de-la-sonatrel-le-reseau-de-transport-se-porte-globalement-bien-sur-lensemble-du-territoire-national","title":{"rendered":"Cameroun &#8211; Transport de l&rsquo;\u00e9lectricit\u00e9\/Victor Mbemi Nyankga (DG de la SONATREL): \u00abLe r\u00e9seau de transport se porte globalement bien sur l\u2019ensemble du territoire national\u00bb"},"content":{"rendered":"<p><span style=\"color: #ff6600\"><strong><a href=\"https:\/\/www.africa-press.net\/\">Africa-Press<\/a> &#8211; <a href=\"https:\/\/www.africa-press.net\/cameroun\">Cameroun<\/a>. <\/strong><\/span>Le directeur g\u00e9n\u00e9ral de la Soci\u00e9t\u00e9 nationale de transport de l\u2019\u00e9lectricit\u00e9 (SONATREL) a effectu\u00e9 une descente sur le terrain le 25 avril 2021. Une journ\u00e9e marathon qui a conduit Victor Mbemi Nyankga jusqu\u2019\u00e0 Song Loulou en passant par Pouma et Mangomb\u00e9.<\/p>\n<p>Selon ses explications, cette descente n\u2019avait rien \u00e0 voir avec les coupures r\u00e9currentes d\u2019\u00e9nergie \u00e9lectrique enregistr\u00e9es dans la ville de Yaound\u00e9. Elle visait \u00e0 faire le point sur l\u2019\u00e9tat d\u2019avancement des travaux de routine.<\/p>\n<p><b>\u00abTr\u00e8s p\u00e9riodiquement, nous allons descendre sur le terrain pour entretenir ces corridors de lignes. Nous sommes satisfaits de savoir que les arbres qui ont \u00e9t\u00e9 identifi\u00e9s comme pouvant \u00eatre dangereux sur l\u2019itin\u00e9raire ont \u00e9t\u00e9 abattus pour la plupart. Mais les travaux de surveillance de nos lignes de transport vont continuer\u00bb,<\/b><\/p>\n<p>a d\u00e9clar\u00e9 le DG de la SONATREL dans une interview publi\u00e9e dans les colonnes du journal Le Messager \u00e9dition du 27 avril 2021.<\/p>\n<p>Le patron de la SONATREL a saisi cette occasion pour rappeler une fois de plus que \u00able r\u00e9seau de transport se porte globalement bien sur l\u2019ensemble du territoire national. Que ce soit au niveau du r\u00e9seau interconnect\u00e9 Sud ou du r\u00e9seau interconnect\u00e9 Nord. Parce que les m\u00eames op\u00e9rations d\u2019entretien des corridors de ligne ont \u00e9t\u00e9 effectu\u00e9es sur l\u2019ensemble du territoire national. Ce que nous faisons maintenant, c\u2019est le ratissage pour nous assurer que les arbres qui ne sont pas dans le corridor, mais hors corridor, et dangereux pour nos lignes, soient rapidement \u00e9vacu\u00e9s\u00bb.<\/p>\n<p>Cette d\u00e9claration du DG de la SONATREL contraste avec la situation dans de nombreuses villes du pays confront\u00e9es \u00e0 des coupures intempestives de l\u2019\u00e9lectricit\u00e9. \u00ab\u2026Il y a une division du travail dans le transport. La SONATREL s\u2019occupe exclusivement de la haute tension. C\u2019est-\u00e0-dire des plages de tension allant de 30 000 volts exclus jusqu\u2019\u00e0 225 000 volts. En attendant qu\u2019avec la Banque mondiale, nous puissions construire la premi\u00e8re ligne de 400 Kv dans les mois \u00e0 venir. Ce sera la ligne Edea-Nkolkoumou-Nyom II, pour lequel d\u2019ailleurs les dossiers sont tr\u00e8s avanc\u00e9s et les travaux devraient d\u00e9marrer cette ann\u00e9e. \u00c7a c\u2019est donc la haute tension\u00bb, pr\u00e9cise-t-il.<\/p>\n<p>Il ajoute qu\u2019\u00e0 partir de 30 000 volts en descendant, c\u2019est le r\u00e9seau de distribution. Un segment qui incombe \u00e0 ENEO qui s\u2019occupe de la production et de la distribution. \u00ab\u00c7a veut dire que les petites coupures qu\u2019on observe dans les villes, les villages, les quartiers, \u00e7a ne concerne pas la SONATREL. Vous voyez la hauteur de nos \u00e9quipements. En plus, il s\u2019agit d\u2019un r\u00e9seau interconnect\u00e9, \u00e7a veut dire qu\u2019il y a plusieurs r\u00e9gions concern\u00e9es. Dans le r\u00e9seau interconnect\u00e9 Sud, s\u2019il y a un effondrement du r\u00e9seau, c\u2019est au moins 6 r\u00e9gions qui seront concern\u00e9es. Les probl\u00e8mes qu\u2019il y a eu r\u00e9cemment sont des probl\u00e8mes faiblement localis\u00e9s, \u00e7a veut dire les poteaux bois qui tombent, les c\u00e2bles que vous voyez dans les villes, \u00e7a rel\u00e8ve soit de la moyenne, soit de la basse tension et c\u2019est du domaine du distributeur qu\u2019est ENEO\u00bb, explique-t-il.<\/p>\n","protected":false},"excerpt":{"rendered":"<p>Africa-Press &#8211; Cameroun. Le directeur g\u00e9n\u00e9ral de la Soci\u00e9t\u00e9 nationale de transport de l\u2019\u00e9lectricit\u00e9 (SONATREL) a effectu\u00e9 une descente sur le terrain le 25 avril 2021. Une journ\u00e9e marathon qui a conduit Victor Mbemi Nyankga jusqu\u2019\u00e0 Song Loulou en passant par Pouma et Mangomb\u00e9. Selon ses explications, cette descente n\u2019avait rien \u00e0 voir avec les [&hellip;]<\/p>\n","protected":false},"author":82,"featured_media":2606,"comment_status":"open","ping_status":"closed","sticky":false,"template":"","format":"standard","meta":{"footnotes":""},"categories":[3,11,10],"tags":[36,50,49],"class_list":["post-2607","post","type-post","status-publish","format-standard","has-post-thumbnail","hentry","category-economie","category-homepage-french","category-toutes-les-actualites","tag-africa-press","tag-africa-press-cameroun","tag-cameroun"],"yoast_head":"<!-- This site is optimized with the Yoast SEO Premium plugin v26.1 (Yoast SEO v27.0) - https:\/\/yoast.com\/product\/yoast-seo-premium-wordpress\/ -->\n<title>Cameroun - Transport de l&#039;\u00e9lectricit\u00e9\/Victor Mbemi Nyankga (DG de la SONATREL): \u00abLe r\u00e9seau de transport se porte globalement bien sur l\u2019ensemble du territoire national\u00bb - Cameroun<\/title>\n<meta name=\"description\" content=\"Le directeur g\u00e9n\u00e9ral de la Soci\u00e9t\u00e9 nationale de transport de l\u2019\u00e9lectricit\u00e9 (SONATREL) a effectu\u00e9 une descente sur le ter ...\" \/>\n<meta name=\"robots\" content=\"index, follow, max-snippet:-1, max-image-preview:large, max-video-preview:-1\" \/>\n<link rel=\"canonical\" href=\"https:\/\/www.africa-press.net\/cameroun\/economie\/cameroun-transport-de-lelectricite-victor-mbemi-nyankga-dg-de-la-sonatrel-le-reseau-de-transport-se-porte-globalement-bien-sur-lensemble-du-territoire-national\" \/>\n<meta property=\"og:locale\" content=\"fr_FR\" \/>\n<meta property=\"og:type\" content=\"article\" \/>\n<meta property=\"og:title\" content=\"Cameroun - Transport de l&#039;\u00e9lectricit\u00e9\/Victor Mbemi Nyankga (DG de la SONATREL): \u00abLe r\u00e9seau de transport se porte globalement bien sur l\u2019ensemble du territoire national\u00bb\" \/>\n<meta property=\"og:description\" content=\"Le directeur g\u00e9n\u00e9ral de la Soci\u00e9t\u00e9 nationale de transport de l\u2019\u00e9lectricit\u00e9 (SONATREL) a effectu\u00e9 une descente sur le ter ...\" \/>\n<meta property=\"og:url\" content=\"https:\/\/www.africa-press.net\/cameroun\/economie\/cameroun-transport-de-lelectricite-victor-mbemi-nyankga-dg-de-la-sonatrel-le-reseau-de-transport-se-porte-globalement-bien-sur-lensemble-du-territoire-national\" \/>\n<meta property=\"og:site_name\" content=\"Cameroun\" \/>\n<meta property=\"article:published_time\" content=\"2021-04-27T18:46:32+00:00\" \/>\n<meta property=\"article:modified_time\" content=\"2021-04-28T03:52:44+00:00\" \/>\n<meta property=\"og:image\" content=\"https:\/\/static.africa-press.net\/cameroun\/sites\/57\/2021\/04\/img-6088dbf7181c4.jpg\" \/>\n\t<meta property=\"og:image:width\" content=\"800\" \/>\n\t<meta property=\"og:image:height\" content=\"450\" \/>\n\t<meta property=\"og:image:type\" content=\"image\/jpeg\" \/>\n<meta name=\"author\" content=\"cfeditorfr\" \/>\n<meta name=\"twitter:card\" content=\"summary_large_image\" \/>\n<meta name=\"twitter:label1\" content=\"\u00c9crit par\" \/>\n\t<meta name=\"twitter:data1\" content=\"cfeditorfr\" \/>\n\t<meta name=\"twitter:label2\" content=\"Dur\u00e9e de lecture estim\u00e9e\" \/>\n\t<meta name=\"twitter:data2\" content=\"3 minutes\" \/>\n<script type=\"application\/ld+json\" class=\"yoast-schema-graph\">{\"@context\":\"https:\/\/schema.org\",\"@graph\":[{\"@type\":\"Article\",\"@id\":\"https:\/\/www.africa-press.net\/cameroun\/economie\/cameroun-transport-de-lelectricite-victor-mbemi-nyankga-dg-de-la-sonatrel-le-reseau-de-transport-se-porte-globalement-bien-sur-lensemble-du-territoire-national#article\",\"isPartOf\":{\"@id\":\"https:\/\/www.africa-press.net\/cameroun\/economie\/cameroun-transport-de-lelectricite-victor-mbemi-nyankga-dg-de-la-sonatrel-le-reseau-de-transport-se-porte-globalement-bien-sur-lensemble-du-territoire-national\"},\"author\":{\"name\":\"cfeditorfr\",\"@id\":\"https:\/\/www.africa-press.net\/cameroun\/#\/schema\/person\/2b1cf3cd81a31e3cd26889ca66d677f1\"},\"headline\":\"Cameroun &#8211; Transport de l&rsquo;\u00e9lectricit\u00e9\/Victor Mbemi Nyankga (DG de la SONATREL): \u00abLe r\u00e9seau de transport se porte globalement bien sur l\u2019ensemble du territoire national\u00bb\",\"datePublished\":\"2021-04-27T18:46:32+00:00\",\"dateModified\":\"2021-04-28T03:52:44+00:00\",\"mainEntityOfPage\":{\"@id\":\"https:\/\/www.africa-press.net\/cameroun\/economie\/cameroun-transport-de-lelectricite-victor-mbemi-nyankga-dg-de-la-sonatrel-le-reseau-de-transport-se-porte-globalement-bien-sur-lensemble-du-territoire-national\"},\"wordCount\":572,\"commentCount\":0,\"image\":{\"@id\":\"https:\/\/www.africa-press.net\/cameroun\/economie\/cameroun-transport-de-lelectricite-victor-mbemi-nyankga-dg-de-la-sonatrel-le-reseau-de-transport-se-porte-globalement-bien-sur-lensemble-du-territoire-national#primaryimage\"},\"thumbnailUrl\":\"https:\/\/static.africa-press.net\/cameroun\/sites\/57\/2021\/04\/img-6088dbf7181c4.jpg\",\"keywords\":[\"Africa Press\",\"Africa Press-Cameroun\",\"Cameroun\"],\"articleSection\":[\"\u00c9conomie\",\"homepage-french\",\"Toutes les actualit\u00e9s\"],\"inLanguage\":\"fr-FR\",\"potentialAction\":[{\"@type\":\"CommentAction\",\"name\":\"Comment\",\"target\":[\"https:\/\/www.africa-press.net\/cameroun\/economie\/cameroun-transport-de-lelectricite-victor-mbemi-nyankga-dg-de-la-sonatrel-le-reseau-de-transport-se-porte-globalement-bien-sur-lensemble-du-territoire-national#respond\"]}]},{\"@type\":\"WebPage\",\"@id\":\"https:\/\/www.africa-press.net\/cameroun\/economie\/cameroun-transport-de-lelectricite-victor-mbemi-nyankga-dg-de-la-sonatrel-le-reseau-de-transport-se-porte-globalement-bien-sur-lensemble-du-territoire-national\",\"url\":\"https:\/\/www.africa-press.net\/cameroun\/economie\/cameroun-transport-de-lelectricite-victor-mbemi-nyankga-dg-de-la-sonatrel-le-reseau-de-transport-se-porte-globalement-bien-sur-lensemble-du-territoire-national\",\"name\":\"Cameroun - Transport de l'\u00e9lectricit\u00e9\/Victor Mbemi Nyankga (DG de la SONATREL): \u00abLe r\u00e9seau de transport se porte globalement bien sur l\u2019ensemble du territoire national\u00bb - Cameroun\",\"isPartOf\":{\"@id\":\"https:\/\/www.africa-press.net\/cameroun\/#website\"},\"primaryImageOfPage\":{\"@id\":\"https:\/\/www.africa-press.net\/cameroun\/economie\/cameroun-transport-de-lelectricite-victor-mbemi-nyankga-dg-de-la-sonatrel-le-reseau-de-transport-se-porte-globalement-bien-sur-lensemble-du-territoire-national#primaryimage\"},\"image\":{\"@id\":\"https:\/\/www.africa-press.net\/cameroun\/economie\/cameroun-transport-de-lelectricite-victor-mbemi-nyankga-dg-de-la-sonatrel-le-reseau-de-transport-se-porte-globalement-bien-sur-lensemble-du-territoire-national#primaryimage\"},\"thumbnailUrl\":\"https:\/\/static.africa-press.net\/cameroun\/sites\/57\/2021\/04\/img-6088dbf7181c4.jpg\",\"datePublished\":\"2021-04-27T18:46:32+00:00\",\"dateModified\":\"2021-04-28T03:52:44+00:00\",\"author\":{\"@id\":\"https:\/\/www.africa-press.net\/cameroun\/#\/schema\/person\/2b1cf3cd81a31e3cd26889ca66d677f1\"},\"description\":\"Le directeur g\u00e9n\u00e9ral de la Soci\u00e9t\u00e9 nationale de transport de l\u2019\u00e9lectricit\u00e9 (SONATREL) a effectu\u00e9 une descente sur le ter ...\",\"breadcrumb\":{\"@id\":\"https:\/\/www.africa-press.net\/cameroun\/economie\/cameroun-transport-de-lelectricite-victor-mbemi-nyankga-dg-de-la-sonatrel-le-reseau-de-transport-se-porte-globalement-bien-sur-lensemble-du-territoire-national#breadcrumb\"},\"inLanguage\":\"fr-FR\",\"potentialAction\":[{\"@type\":\"ReadAction\",\"target\":[\"https:\/\/www.africa-press.net\/cameroun\/economie\/cameroun-transport-de-lelectricite-victor-mbemi-nyankga-dg-de-la-sonatrel-le-reseau-de-transport-se-porte-globalement-bien-sur-lensemble-du-territoire-national\"]}]},{\"@type\":\"ImageObject\",\"inLanguage\":\"fr-FR\",\"@id\":\"https:\/\/www.africa-press.net\/cameroun\/economie\/cameroun-transport-de-lelectricite-victor-mbemi-nyankga-dg-de-la-sonatrel-le-reseau-de-transport-se-porte-globalement-bien-sur-lensemble-du-territoire-national#primaryimage\",\"url\":\"https:\/\/static.africa-press.net\/cameroun\/sites\/57\/2021\/04\/img-6088dbf7181c4.jpg\",\"contentUrl\":\"https:\/\/static.africa-press.net\/cameroun\/sites\/57\/2021\/04\/img-6088dbf7181c4.jpg\",\"width\":800,\"height\":450,\"caption\":\"Cameroun - Transport de l'\u00e9lectricit\u00e9\/Victor Mbemi Nyankga (DG de la SONATREL): \u00abLe r\u00e9seau de transport se porte globalement bien sur l\u2019ensemble du territoire national\u00bb\"},{\"@type\":\"BreadcrumbList\",\"@id\":\"https:\/\/www.africa-press.net\/cameroun\/economie\/cameroun-transport-de-lelectricite-victor-mbemi-nyankga-dg-de-la-sonatrel-le-reseau-de-transport-se-porte-globalement-bien-sur-lensemble-du-territoire-national#breadcrumb\",\"itemListElement\":[{\"@type\":\"ListItem\",\"position\":1,\"name\":\"Accueil\",\"item\":\"https:\/\/www.africa-press.net\/cameroun\/\"},{\"@type\":\"ListItem\",\"position\":2,\"name\":\"Cameroun &#8211; Transport de l&#8217;\u00e9lectricit\u00e9\/Victor Mbemi Nyankga (DG de la SONATREL): \u00abLe r\u00e9seau de transport se porte globalement bien sur l\u2019ensemble du territoire national\u00bb\"}]},{\"@type\":\"WebSite\",\"@id\":\"https:\/\/www.africa-press.net\/cameroun\/#website\",\"url\":\"https:\/\/www.africa-press.net\/cameroun\/\",\"name\":\"Cameroun\",\"description\":\"Just another Africa News Agency Sites site\",\"potentialAction\":[{\"@type\":\"SearchAction\",\"target\":{\"@type\":\"EntryPoint\",\"urlTemplate\":\"https:\/\/www.africa-press.net\/cameroun\/?s={search_term_string}\"},\"query-input\":{\"@type\":\"PropertyValueSpecification\",\"valueRequired\":true,\"valueName\":\"search_term_string\"}}],\"inLanguage\":\"fr-FR\"},{\"@type\":\"Person\",\"@id\":\"https:\/\/www.africa-press.net\/cameroun\/#\/schema\/person\/2b1cf3cd81a31e3cd26889ca66d677f1\",\"name\":\"cfeditorfr\"}]}<\/script>\n<!-- \/ Yoast SEO Premium plugin. -->","yoast_head_json":{"title":"Cameroun - Transport de l'\u00e9lectricit\u00e9\/Victor Mbemi Nyankga (DG de la SONATREL): \u00abLe r\u00e9seau de transport se porte globalement bien sur l\u2019ensemble du territoire national\u00bb - Cameroun","description":"Le directeur g\u00e9n\u00e9ral de la Soci\u00e9t\u00e9 nationale de transport de l\u2019\u00e9lectricit\u00e9 (SONATREL) a effectu\u00e9 une descente sur le ter ...","robots":{"index":"index","follow":"follow","max-snippet":"max-snippet:-1","max-image-preview":"max-image-preview:large","max-video-preview":"max-video-preview:-1"},"canonical":"https:\/\/www.africa-press.net\/cameroun\/economie\/cameroun-transport-de-lelectricite-victor-mbemi-nyankga-dg-de-la-sonatrel-le-reseau-de-transport-se-porte-globalement-bien-sur-lensemble-du-territoire-national","og_locale":"fr_FR","og_type":"article","og_title":"Cameroun - Transport de l'\u00e9lectricit\u00e9\/Victor Mbemi Nyankga (DG de la SONATREL): \u00abLe r\u00e9seau de transport se porte globalement bien sur l\u2019ensemble du territoire national\u00bb","og_description":"Le directeur g\u00e9n\u00e9ral de la Soci\u00e9t\u00e9 nationale de transport de l\u2019\u00e9lectricit\u00e9 (SONATREL) a effectu\u00e9 une descente sur le ter ...","og_url":"https:\/\/www.africa-press.net\/cameroun\/economie\/cameroun-transport-de-lelectricite-victor-mbemi-nyankga-dg-de-la-sonatrel-le-reseau-de-transport-se-porte-globalement-bien-sur-lensemble-du-territoire-national","og_site_name":"Cameroun","article_published_time":"2021-04-27T18:46:32+00:00","article_modified_time":"2021-04-28T03:52:44+00:00","og_image":[{"width":800,"height":450,"url":"https:\/\/static.africa-press.net\/cameroun\/sites\/57\/2021\/04\/img-6088dbf7181c4.jpg","type":"image\/jpeg"}],"author":"cfeditorfr","twitter_card":"summary_large_image","twitter_misc":{"\u00c9crit par":"cfeditorfr","Dur\u00e9e de lecture estim\u00e9e":"3 minutes"},"schema":{"@context":"https:\/\/schema.org","@graph":[{"@type":"Article","@id":"https:\/\/www.africa-press.net\/cameroun\/economie\/cameroun-transport-de-lelectricite-victor-mbemi-nyankga-dg-de-la-sonatrel-le-reseau-de-transport-se-porte-globalement-bien-sur-lensemble-du-territoire-national#article","isPartOf":{"@id":"https:\/\/www.africa-press.net\/cameroun\/economie\/cameroun-transport-de-lelectricite-victor-mbemi-nyankga-dg-de-la-sonatrel-le-reseau-de-transport-se-porte-globalement-bien-sur-lensemble-du-territoire-national"},"author":{"name":"cfeditorfr","@id":"https:\/\/www.africa-press.net\/cameroun\/#\/schema\/person\/2b1cf3cd81a31e3cd26889ca66d677f1"},"headline":"Cameroun &#8211; Transport de l&rsquo;\u00e9lectricit\u00e9\/Victor Mbemi Nyankga (DG de la SONATREL): \u00abLe r\u00e9seau de transport se porte globalement bien sur l\u2019ensemble du territoire national\u00bb","datePublished":"2021-04-27T18:46:32+00:00","dateModified":"2021-04-28T03:52:44+00:00","mainEntityOfPage":{"@id":"https:\/\/www.africa-press.net\/cameroun\/economie\/cameroun-transport-de-lelectricite-victor-mbemi-nyankga-dg-de-la-sonatrel-le-reseau-de-transport-se-porte-globalement-bien-sur-lensemble-du-territoire-national"},"wordCount":572,"commentCount":0,"image":{"@id":"https:\/\/www.africa-press.net\/cameroun\/economie\/cameroun-transport-de-lelectricite-victor-mbemi-nyankga-dg-de-la-sonatrel-le-reseau-de-transport-se-porte-globalement-bien-sur-lensemble-du-territoire-national#primaryimage"},"thumbnailUrl":"https:\/\/static.africa-press.net\/cameroun\/sites\/57\/2021\/04\/img-6088dbf7181c4.jpg","keywords":["Africa Press","Africa Press-Cameroun","Cameroun"],"articleSection":["\u00c9conomie","homepage-french","Toutes les actualit\u00e9s"],"inLanguage":"fr-FR","potentialAction":[{"@type":"CommentAction","name":"Comment","target":["https:\/\/www.africa-press.net\/cameroun\/economie\/cameroun-transport-de-lelectricite-victor-mbemi-nyankga-dg-de-la-sonatrel-le-reseau-de-transport-se-porte-globalement-bien-sur-lensemble-du-territoire-national#respond"]}]},{"@type":"WebPage","@id":"https:\/\/www.africa-press.net\/cameroun\/economie\/cameroun-transport-de-lelectricite-victor-mbemi-nyankga-dg-de-la-sonatrel-le-reseau-de-transport-se-porte-globalement-bien-sur-lensemble-du-territoire-national","url":"https:\/\/www.africa-press.net\/cameroun\/economie\/cameroun-transport-de-lelectricite-victor-mbemi-nyankga-dg-de-la-sonatrel-le-reseau-de-transport-se-porte-globalement-bien-sur-lensemble-du-territoire-national","name":"Cameroun - Transport de l'\u00e9lectricit\u00e9\/Victor Mbemi Nyankga (DG de la SONATREL): \u00abLe r\u00e9seau de transport se porte globalement bien sur l\u2019ensemble du territoire national\u00bb - Cameroun","isPartOf":{"@id":"https:\/\/www.africa-press.net\/cameroun\/#website"},"primaryImageOfPage":{"@id":"https:\/\/www.africa-press.net\/cameroun\/economie\/cameroun-transport-de-lelectricite-victor-mbemi-nyankga-dg-de-la-sonatrel-le-reseau-de-transport-se-porte-globalement-bien-sur-lensemble-du-territoire-national#primaryimage"},"image":{"@id":"https:\/\/www.africa-press.net\/cameroun\/economie\/cameroun-transport-de-lelectricite-victor-mbemi-nyankga-dg-de-la-sonatrel-le-reseau-de-transport-se-porte-globalement-bien-sur-lensemble-du-territoire-national#primaryimage"},"thumbnailUrl":"https:\/\/static.africa-press.net\/cameroun\/sites\/57\/2021\/04\/img-6088dbf7181c4.jpg","datePublished":"2021-04-27T18:46:32+00:00","dateModified":"2021-04-28T03:52:44+00:00","author":{"@id":"https:\/\/www.africa-press.net\/cameroun\/#\/schema\/person\/2b1cf3cd81a31e3cd26889ca66d677f1"},"description":"Le directeur g\u00e9n\u00e9ral de la Soci\u00e9t\u00e9 nationale de transport de l\u2019\u00e9lectricit\u00e9 (SONATREL) a effectu\u00e9 une descente sur le ter ...","breadcrumb":{"@id":"https:\/\/www.africa-press.net\/cameroun\/economie\/cameroun-transport-de-lelectricite-victor-mbemi-nyankga-dg-de-la-sonatrel-le-reseau-de-transport-se-porte-globalement-bien-sur-lensemble-du-territoire-national#breadcrumb"},"inLanguage":"fr-FR","potentialAction":[{"@type":"ReadAction","target":["https:\/\/www.africa-press.net\/cameroun\/economie\/cameroun-transport-de-lelectricite-victor-mbemi-nyankga-dg-de-la-sonatrel-le-reseau-de-transport-se-porte-globalement-bien-sur-lensemble-du-territoire-national"]}]},{"@type":"ImageObject","inLanguage":"fr-FR","@id":"https:\/\/www.africa-press.net\/cameroun\/economie\/cameroun-transport-de-lelectricite-victor-mbemi-nyankga-dg-de-la-sonatrel-le-reseau-de-transport-se-porte-globalement-bien-sur-lensemble-du-territoire-national#primaryimage","url":"https:\/\/static.africa-press.net\/cameroun\/sites\/57\/2021\/04\/img-6088dbf7181c4.jpg","contentUrl":"https:\/\/static.africa-press.net\/cameroun\/sites\/57\/2021\/04\/img-6088dbf7181c4.jpg","width":800,"height":450,"caption":"Cameroun - Transport de l'\u00e9lectricit\u00e9\/Victor Mbemi Nyankga (DG de la SONATREL): \u00abLe r\u00e9seau de transport se porte globalement bien sur l\u2019ensemble du territoire national\u00bb"},{"@type":"BreadcrumbList","@id":"https:\/\/www.africa-press.net\/cameroun\/economie\/cameroun-transport-de-lelectricite-victor-mbemi-nyankga-dg-de-la-sonatrel-le-reseau-de-transport-se-porte-globalement-bien-sur-lensemble-du-territoire-national#breadcrumb","itemListElement":[{"@type":"ListItem","position":1,"name":"Accueil","item":"https:\/\/www.africa-press.net\/cameroun\/"},{"@type":"ListItem","position":2,"name":"Cameroun &#8211; Transport de l&#8217;\u00e9lectricit\u00e9\/Victor Mbemi Nyankga (DG de la SONATREL): \u00abLe r\u00e9seau de transport se porte globalement bien sur l\u2019ensemble du territoire national\u00bb"}]},{"@type":"WebSite","@id":"https:\/\/www.africa-press.net\/cameroun\/#website","url":"https:\/\/www.africa-press.net\/cameroun\/","name":"Cameroun","description":"Just another Africa News Agency Sites site","potentialAction":[{"@type":"SearchAction","target":{"@type":"EntryPoint","urlTemplate":"https:\/\/www.africa-press.net\/cameroun\/?s={search_term_string}"},"query-input":{"@type":"PropertyValueSpecification","valueRequired":true,"valueName":"search_term_string"}}],"inLanguage":"fr-FR"},{"@type":"Person","@id":"https:\/\/www.africa-press.net\/cameroun\/#\/schema\/person\/2b1cf3cd81a31e3cd26889ca66d677f1","name":"cfeditorfr"}]}},"_links":{"self":[{"href":"https:\/\/www.africa-press.net\/cameroun\/wp-json\/wp\/v2\/posts\/2607","targetHints":{"allow":["GET"]}}],"collection":[{"href":"https:\/\/www.africa-press.net\/cameroun\/wp-json\/wp\/v2\/posts"}],"about":[{"href":"https:\/\/www.africa-press.net\/cameroun\/wp-json\/wp\/v2\/types\/post"}],"author":[{"embeddable":true,"href":"https:\/\/www.africa-press.net\/cameroun\/wp-json\/wp\/v2\/users\/82"}],"replies":[{"embeddable":true,"href":"https:\/\/www.africa-press.net\/cameroun\/wp-json\/wp\/v2\/comments?post=2607"}],"version-history":[{"count":0,"href":"https:\/\/www.africa-press.net\/cameroun\/wp-json\/wp\/v2\/posts\/2607\/revisions"}],"wp:featuredmedia":[{"embeddable":true,"href":"https:\/\/www.africa-press.net\/cameroun\/wp-json\/wp\/v2\/media\/2606"}],"wp:attachment":[{"href":"https:\/\/www.africa-press.net\/cameroun\/wp-json\/wp\/v2\/media?parent=2607"}],"wp:term":[{"taxonomy":"category","embeddable":true,"href":"https:\/\/www.africa-press.net\/cameroun\/wp-json\/wp\/v2\/categories?post=2607"},{"taxonomy":"post_tag","embeddable":true,"href":"https:\/\/www.africa-press.net\/cameroun\/wp-json\/wp\/v2\/tags?post=2607"}],"curies":[{"name":"wp","href":"https:\/\/api.w.org\/{rel}","templated":true}]}}