{"id":2610,"date":"2021-04-27T18:51:09","date_gmt":"2021-04-27T18:51:09","guid":{"rendered":"https:\/\/www.africa-press.net\/cameroun\/politique\/cameroun-lutte-contre-le-covid-19-voici-les-precautions-a-prendre-avant-de-se-faire-vacciner"},"modified":"2021-04-28T03:53:21","modified_gmt":"2021-04-28T03:53:21","slug":"cameroun-lutte-contre-le-covid-19-voici-les-precautions-a-prendre-avant-de-se-faire-vacciner","status":"publish","type":"post","link":"https:\/\/www.africa-press.net\/cameroun\/politique\/cameroun-lutte-contre-le-covid-19-voici-les-precautions-a-prendre-avant-de-se-faire-vacciner","title":{"rendered":"Cameroun &#8211; Lutte contre le Covid-19: Voici les pr\u00e9cautions \u00e0 prendre avant de se faire vacciner"},"content":{"rendered":"<p><span style=\"color: #ff6600\"><strong><a href=\"https:\/\/www.africa-press.net\/\">Africa-Press<\/a> &#8211; <a href=\"https:\/\/www.africa-press.net\/cameroun\">Cameroun<\/a>. <\/strong><\/span>Le 26 avril 2021 marquait le lancement de la campagne de vaccination contre le convid 19 sur l&rsquo;ensemble du territoire national. La campagne fait suite \u00e0 la r\u00e9ception de 200 mille doses du vaccin chinois Sinopharm, et 391.200 doses du vaccin AstraZeneca de la facilit\u00e9 covax. Des vaccins destin\u00e9s prioritairement aux groupes cibles. Mais avant de se pr\u00e9senter dans l&rsquo;un des 191 centres de sant\u00e9 accr\u00e9dit\u00e9s, il faut s&rsquo;assurer d&rsquo;un ensemble de pr\u00e9cautions<\/p>\n<p>\u00abIl est pr\u00e9f\u00e9rable si vous avez des sympt\u00f4mes de vous r\u00e9server de vous faire vacciner. Allez dans une formation sanitaire, on vous demandera de faire d&rsquo;abord un test covid-19. Finissez de vous soigner et \u00e0 ce moment l\u00e0, vous pouvez donc vous rendre dans une formation sanitaire pour solliciter un vaccin\u00bb, recommande Brice Edzoa, coordonnateur du Programme \u00c9largi de Vaccination de la r\u00e9gion du Centre.<\/p>\n<p>Il n&rsquo;est donc pas recommand\u00e9 aux personnes qui pr\u00e9sentent des sympt\u00f4mes de la pand\u00e9mie de candidater au risque de d\u00e9grader davantage leur \u00e9tat de sant\u00e9 et au pire des cas, perdre leur vie.<\/p>\n<p>\u00abLe risque, c&rsquo;est de confondre les effets de la maladie. Si vous avez le paludisme par exemple, que vous n&rsquo;avez pas soign\u00e9 et vous vous sentez un peu f\u00e9brile, vous allez prendre un vaccin, le palu va \u00e9voluer et on va simplement retenir que si vous \u00eates hospitalis\u00e9, c&rsquo;est parce que vous vous \u00eates fait vacciner. Alors que vous saviez d\u00e9j\u00e0 au d\u00e9part que \u00e7a n&rsquo;allait d\u00e9j\u00e0 pas bien\u00bb.<\/p>\n<p>Par contre il est recommand\u00e9 de faire une injection pour se pr\u00e9munir de la maladie.Tout en \u00e9cartant davantage tous les risques. \u00abSi nous ne respectons pas les mesures barri\u00e8res, le renforcement des defenses humanitaires sera d\u00e9pass\u00e9\u00bb, mart\u00e8le le Pr Tetanye Ekoe, membre du conseil scientifique.<\/p>\n<p>Un rappel qui interpelle les camerounais au respect des gestes anti Covid 19 \u00e9dict\u00e9s par le gouvernement, dans le cadre de sa strat\u00e9gie de riposte. Vaccin\u00e9 ou pas, le port du masque demeure obligatoire, tout comme le lavage syst\u00e9matique des mains avec de l&rsquo;eau propre coulante au savon ou \u00e0 l&rsquo;aide d&rsquo;un gel hydroalcoolique. \u00c0 ceci vient se greffer le vaccin.<\/p>\n","protected":false},"excerpt":{"rendered":"<p>Africa-Press &#8211; Cameroun. Le 26 avril 2021 marquait le lancement de la campagne de vaccination contre le convid 19 sur l&rsquo;ensemble du territoire national. La campagne fait suite \u00e0 la r\u00e9ception de 200 mille doses du vaccin chinois Sinopharm, et 391.200 doses du vaccin AstraZeneca de la facilit\u00e9 covax. Des vaccins destin\u00e9s prioritairement aux groupes [&hellip;]<\/p>\n","protected":false},"author":82,"featured_media":2609,"comment_status":"open","ping_status":"closed","sticky":false,"template":"","format":"standard","meta":{"footnotes":""},"categories":[11,2,10],"tags":[36,50,49],"class_list":["post-2610","post","type-post","status-publish","format-standard","has-post-thumbnail","hentry","category-homepage-french","category-politique","category-toutes-les-actualites","tag-africa-press","tag-africa-press-cameroun","tag-cameroun"],"yoast_head":"<!-- This site is optimized with the Yoast SEO Premium plugin v26.1 (Yoast SEO v27.0) - https:\/\/yoast.com\/product\/yoast-seo-premium-wordpress\/ -->\n<title>Cameroun - Lutte contre le Covid-19: Voici les pr\u00e9cautions \u00e0 prendre avant de se faire vacciner - Cameroun<\/title>\n<meta name=\"description\" content=\"Le 26 avril 2021 marquait le lancement de la campagne de vaccination contre le convid 19 sur l&#039;ensemble du territoire na ...\" \/>\n<meta name=\"robots\" content=\"index, follow, max-snippet:-1, max-image-preview:large, max-video-preview:-1\" \/>\n<link rel=\"canonical\" href=\"https:\/\/www.africa-press.net\/cameroun\/politique\/cameroun-lutte-contre-le-covid-19-voici-les-precautions-a-prendre-avant-de-se-faire-vacciner\" \/>\n<meta property=\"og:locale\" content=\"fr_FR\" \/>\n<meta property=\"og:type\" content=\"article\" \/>\n<meta property=\"og:title\" content=\"Cameroun - Lutte contre le Covid-19: Voici les pr\u00e9cautions \u00e0 prendre avant de se faire vacciner\" \/>\n<meta property=\"og:description\" content=\"Le 26 avril 2021 marquait le lancement de la campagne de vaccination contre le convid 19 sur l&#039;ensemble du territoire na ...\" \/>\n<meta property=\"og:url\" content=\"https:\/\/www.africa-press.net\/cameroun\/politique\/cameroun-lutte-contre-le-covid-19-voici-les-precautions-a-prendre-avant-de-se-faire-vacciner\" \/>\n<meta property=\"og:site_name\" content=\"Cameroun\" \/>\n<meta property=\"article:published_time\" content=\"2021-04-27T18:51:09+00:00\" \/>\n<meta property=\"article:modified_time\" content=\"2021-04-28T03:53:21+00:00\" \/>\n<meta property=\"og:image\" content=\"https:\/\/static.africa-press.net\/cameroun\/sites\/57\/2021\/04\/img-6088dc1bb2259.jpg\" \/>\n\t<meta property=\"og:image:width\" content=\"800\" \/>\n\t<meta property=\"og:image:height\" content=\"592\" \/>\n\t<meta property=\"og:image:type\" content=\"image\/jpeg\" \/>\n<meta name=\"author\" content=\"cfeditorfr\" \/>\n<meta name=\"twitter:card\" content=\"summary_large_image\" \/>\n<meta name=\"twitter:label1\" content=\"\u00c9crit par\" \/>\n\t<meta name=\"twitter:data1\" content=\"cfeditorfr\" \/>\n\t<meta name=\"twitter:label2\" content=\"Dur\u00e9e de lecture estim\u00e9e\" \/>\n\t<meta name=\"twitter:data2\" content=\"2 minutes\" \/>\n<script type=\"application\/ld+json\" class=\"yoast-schema-graph\">{\"@context\":\"https:\/\/schema.org\",\"@graph\":[{\"@type\":\"Article\",\"@id\":\"https:\/\/www.africa-press.net\/cameroun\/politique\/cameroun-lutte-contre-le-covid-19-voici-les-precautions-a-prendre-avant-de-se-faire-vacciner#article\",\"isPartOf\":{\"@id\":\"https:\/\/www.africa-press.net\/cameroun\/politique\/cameroun-lutte-contre-le-covid-19-voici-les-precautions-a-prendre-avant-de-se-faire-vacciner\"},\"author\":{\"name\":\"cfeditorfr\",\"@id\":\"https:\/\/www.africa-press.net\/cameroun\/#\/schema\/person\/2b1cf3cd81a31e3cd26889ca66d677f1\"},\"headline\":\"Cameroun &#8211; Lutte contre le Covid-19: Voici les pr\u00e9cautions \u00e0 prendre avant de se faire vacciner\",\"datePublished\":\"2021-04-27T18:51:09+00:00\",\"dateModified\":\"2021-04-28T03:53:21+00:00\",\"mainEntityOfPage\":{\"@id\":\"https:\/\/www.africa-press.net\/cameroun\/politique\/cameroun-lutte-contre-le-covid-19-voici-les-precautions-a-prendre-avant-de-se-faire-vacciner\"},\"wordCount\":394,\"commentCount\":0,\"image\":{\"@id\":\"https:\/\/www.africa-press.net\/cameroun\/politique\/cameroun-lutte-contre-le-covid-19-voici-les-precautions-a-prendre-avant-de-se-faire-vacciner#primaryimage\"},\"thumbnailUrl\":\"https:\/\/static.africa-press.net\/cameroun\/sites\/57\/2021\/04\/img-6088dc1bb2259.jpg\",\"keywords\":[\"Africa Press\",\"Africa Press-Cameroun\",\"Cameroun\"],\"articleSection\":[\"homepage-french\",\"Politique\",\"Toutes les actualit\u00e9s\"],\"inLanguage\":\"fr-FR\",\"potentialAction\":[{\"@type\":\"CommentAction\",\"name\":\"Comment\",\"target\":[\"https:\/\/www.africa-press.net\/cameroun\/politique\/cameroun-lutte-contre-le-covid-19-voici-les-precautions-a-prendre-avant-de-se-faire-vacciner#respond\"]}]},{\"@type\":\"WebPage\",\"@id\":\"https:\/\/www.africa-press.net\/cameroun\/politique\/cameroun-lutte-contre-le-covid-19-voici-les-precautions-a-prendre-avant-de-se-faire-vacciner\",\"url\":\"https:\/\/www.africa-press.net\/cameroun\/politique\/cameroun-lutte-contre-le-covid-19-voici-les-precautions-a-prendre-avant-de-se-faire-vacciner\",\"name\":\"Cameroun - Lutte contre le Covid-19: Voici les pr\u00e9cautions \u00e0 prendre avant de se faire vacciner - Cameroun\",\"isPartOf\":{\"@id\":\"https:\/\/www.africa-press.net\/cameroun\/#website\"},\"primaryImageOfPage\":{\"@id\":\"https:\/\/www.africa-press.net\/cameroun\/politique\/cameroun-lutte-contre-le-covid-19-voici-les-precautions-a-prendre-avant-de-se-faire-vacciner#primaryimage\"},\"image\":{\"@id\":\"https:\/\/www.africa-press.net\/cameroun\/politique\/cameroun-lutte-contre-le-covid-19-voici-les-precautions-a-prendre-avant-de-se-faire-vacciner#primaryimage\"},\"thumbnailUrl\":\"https:\/\/static.africa-press.net\/cameroun\/sites\/57\/2021\/04\/img-6088dc1bb2259.jpg\",\"datePublished\":\"2021-04-27T18:51:09+00:00\",\"dateModified\":\"2021-04-28T03:53:21+00:00\",\"author\":{\"@id\":\"https:\/\/www.africa-press.net\/cameroun\/#\/schema\/person\/2b1cf3cd81a31e3cd26889ca66d677f1\"},\"description\":\"Le 26 avril 2021 marquait le lancement de la campagne de vaccination contre le convid 19 sur l'ensemble du territoire na ...\",\"breadcrumb\":{\"@id\":\"https:\/\/www.africa-press.net\/cameroun\/politique\/cameroun-lutte-contre-le-covid-19-voici-les-precautions-a-prendre-avant-de-se-faire-vacciner#breadcrumb\"},\"inLanguage\":\"fr-FR\",\"potentialAction\":[{\"@type\":\"ReadAction\",\"target\":[\"https:\/\/www.africa-press.net\/cameroun\/politique\/cameroun-lutte-contre-le-covid-19-voici-les-precautions-a-prendre-avant-de-se-faire-vacciner\"]}]},{\"@type\":\"ImageObject\",\"inLanguage\":\"fr-FR\",\"@id\":\"https:\/\/www.africa-press.net\/cameroun\/politique\/cameroun-lutte-contre-le-covid-19-voici-les-precautions-a-prendre-avant-de-se-faire-vacciner#primaryimage\",\"url\":\"https:\/\/static.africa-press.net\/cameroun\/sites\/57\/2021\/04\/img-6088dc1bb2259.jpg\",\"contentUrl\":\"https:\/\/static.africa-press.net\/cameroun\/sites\/57\/2021\/04\/img-6088dc1bb2259.jpg\",\"width\":800,\"height\":592,\"caption\":\"Cameroun - Lutte contre le Covid-19: Voici les pr\u00e9cautions \u00e0 prendre avant de se faire vacciner\"},{\"@type\":\"BreadcrumbList\",\"@id\":\"https:\/\/www.africa-press.net\/cameroun\/politique\/cameroun-lutte-contre-le-covid-19-voici-les-precautions-a-prendre-avant-de-se-faire-vacciner#breadcrumb\",\"itemListElement\":[{\"@type\":\"ListItem\",\"position\":1,\"name\":\"Accueil\",\"item\":\"https:\/\/www.africa-press.net\/cameroun\/\"},{\"@type\":\"ListItem\",\"position\":2,\"name\":\"Cameroun &#8211; Lutte contre le Covid-19: Voici les pr\u00e9cautions \u00e0 prendre avant de se faire vacciner\"}]},{\"@type\":\"WebSite\",\"@id\":\"https:\/\/www.africa-press.net\/cameroun\/#website\",\"url\":\"https:\/\/www.africa-press.net\/cameroun\/\",\"name\":\"Cameroun\",\"description\":\"Just another Africa News Agency Sites site\",\"potentialAction\":[{\"@type\":\"SearchAction\",\"target\":{\"@type\":\"EntryPoint\",\"urlTemplate\":\"https:\/\/www.africa-press.net\/cameroun\/?s={search_term_string}\"},\"query-input\":{\"@type\":\"PropertyValueSpecification\",\"valueRequired\":true,\"valueName\":\"search_term_string\"}}],\"inLanguage\":\"fr-FR\"},{\"@type\":\"Person\",\"@id\":\"https:\/\/www.africa-press.net\/cameroun\/#\/schema\/person\/2b1cf3cd81a31e3cd26889ca66d677f1\",\"name\":\"cfeditorfr\"}]}<\/script>\n<!-- \/ Yoast SEO Premium plugin. -->","yoast_head_json":{"title":"Cameroun - Lutte contre le Covid-19: Voici les pr\u00e9cautions \u00e0 prendre avant de se faire vacciner - Cameroun","description":"Le 26 avril 2021 marquait le lancement de la campagne de vaccination contre le convid 19 sur l'ensemble du territoire na ...","robots":{"index":"index","follow":"follow","max-snippet":"max-snippet:-1","max-image-preview":"max-image-preview:large","max-video-preview":"max-video-preview:-1"},"canonical":"https:\/\/www.africa-press.net\/cameroun\/politique\/cameroun-lutte-contre-le-covid-19-voici-les-precautions-a-prendre-avant-de-se-faire-vacciner","og_locale":"fr_FR","og_type":"article","og_title":"Cameroun - Lutte contre le Covid-19: Voici les pr\u00e9cautions \u00e0 prendre avant de se faire vacciner","og_description":"Le 26 avril 2021 marquait le lancement de la campagne de vaccination contre le convid 19 sur l'ensemble du territoire na ...","og_url":"https:\/\/www.africa-press.net\/cameroun\/politique\/cameroun-lutte-contre-le-covid-19-voici-les-precautions-a-prendre-avant-de-se-faire-vacciner","og_site_name":"Cameroun","article_published_time":"2021-04-27T18:51:09+00:00","article_modified_time":"2021-04-28T03:53:21+00:00","og_image":[{"width":800,"height":592,"url":"https:\/\/static.africa-press.net\/cameroun\/sites\/57\/2021\/04\/img-6088dc1bb2259.jpg","type":"image\/jpeg"}],"author":"cfeditorfr","twitter_card":"summary_large_image","twitter_misc":{"\u00c9crit par":"cfeditorfr","Dur\u00e9e de lecture estim\u00e9e":"2 minutes"},"schema":{"@context":"https:\/\/schema.org","@graph":[{"@type":"Article","@id":"https:\/\/www.africa-press.net\/cameroun\/politique\/cameroun-lutte-contre-le-covid-19-voici-les-precautions-a-prendre-avant-de-se-faire-vacciner#article","isPartOf":{"@id":"https:\/\/www.africa-press.net\/cameroun\/politique\/cameroun-lutte-contre-le-covid-19-voici-les-precautions-a-prendre-avant-de-se-faire-vacciner"},"author":{"name":"cfeditorfr","@id":"https:\/\/www.africa-press.net\/cameroun\/#\/schema\/person\/2b1cf3cd81a31e3cd26889ca66d677f1"},"headline":"Cameroun &#8211; Lutte contre le Covid-19: Voici les pr\u00e9cautions \u00e0 prendre avant de se faire vacciner","datePublished":"2021-04-27T18:51:09+00:00","dateModified":"2021-04-28T03:53:21+00:00","mainEntityOfPage":{"@id":"https:\/\/www.africa-press.net\/cameroun\/politique\/cameroun-lutte-contre-le-covid-19-voici-les-precautions-a-prendre-avant-de-se-faire-vacciner"},"wordCount":394,"commentCount":0,"image":{"@id":"https:\/\/www.africa-press.net\/cameroun\/politique\/cameroun-lutte-contre-le-covid-19-voici-les-precautions-a-prendre-avant-de-se-faire-vacciner#primaryimage"},"thumbnailUrl":"https:\/\/static.africa-press.net\/cameroun\/sites\/57\/2021\/04\/img-6088dc1bb2259.jpg","keywords":["Africa Press","Africa Press-Cameroun","Cameroun"],"articleSection":["homepage-french","Politique","Toutes les actualit\u00e9s"],"inLanguage":"fr-FR","potentialAction":[{"@type":"CommentAction","name":"Comment","target":["https:\/\/www.africa-press.net\/cameroun\/politique\/cameroun-lutte-contre-le-covid-19-voici-les-precautions-a-prendre-avant-de-se-faire-vacciner#respond"]}]},{"@type":"WebPage","@id":"https:\/\/www.africa-press.net\/cameroun\/politique\/cameroun-lutte-contre-le-covid-19-voici-les-precautions-a-prendre-avant-de-se-faire-vacciner","url":"https:\/\/www.africa-press.net\/cameroun\/politique\/cameroun-lutte-contre-le-covid-19-voici-les-precautions-a-prendre-avant-de-se-faire-vacciner","name":"Cameroun - Lutte contre le Covid-19: Voici les pr\u00e9cautions \u00e0 prendre avant de se faire vacciner - Cameroun","isPartOf":{"@id":"https:\/\/www.africa-press.net\/cameroun\/#website"},"primaryImageOfPage":{"@id":"https:\/\/www.africa-press.net\/cameroun\/politique\/cameroun-lutte-contre-le-covid-19-voici-les-precautions-a-prendre-avant-de-se-faire-vacciner#primaryimage"},"image":{"@id":"https:\/\/www.africa-press.net\/cameroun\/politique\/cameroun-lutte-contre-le-covid-19-voici-les-precautions-a-prendre-avant-de-se-faire-vacciner#primaryimage"},"thumbnailUrl":"https:\/\/static.africa-press.net\/cameroun\/sites\/57\/2021\/04\/img-6088dc1bb2259.jpg","datePublished":"2021-04-27T18:51:09+00:00","dateModified":"2021-04-28T03:53:21+00:00","author":{"@id":"https:\/\/www.africa-press.net\/cameroun\/#\/schema\/person\/2b1cf3cd81a31e3cd26889ca66d677f1"},"description":"Le 26 avril 2021 marquait le lancement de la campagne de vaccination contre le convid 19 sur l'ensemble du territoire na ...","breadcrumb":{"@id":"https:\/\/www.africa-press.net\/cameroun\/politique\/cameroun-lutte-contre-le-covid-19-voici-les-precautions-a-prendre-avant-de-se-faire-vacciner#breadcrumb"},"inLanguage":"fr-FR","potentialAction":[{"@type":"ReadAction","target":["https:\/\/www.africa-press.net\/cameroun\/politique\/cameroun-lutte-contre-le-covid-19-voici-les-precautions-a-prendre-avant-de-se-faire-vacciner"]}]},{"@type":"ImageObject","inLanguage":"fr-FR","@id":"https:\/\/www.africa-press.net\/cameroun\/politique\/cameroun-lutte-contre-le-covid-19-voici-les-precautions-a-prendre-avant-de-se-faire-vacciner#primaryimage","url":"https:\/\/static.africa-press.net\/cameroun\/sites\/57\/2021\/04\/img-6088dc1bb2259.jpg","contentUrl":"https:\/\/static.africa-press.net\/cameroun\/sites\/57\/2021\/04\/img-6088dc1bb2259.jpg","width":800,"height":592,"caption":"Cameroun - Lutte contre le Covid-19: Voici les pr\u00e9cautions \u00e0 prendre avant de se faire vacciner"},{"@type":"BreadcrumbList","@id":"https:\/\/www.africa-press.net\/cameroun\/politique\/cameroun-lutte-contre-le-covid-19-voici-les-precautions-a-prendre-avant-de-se-faire-vacciner#breadcrumb","itemListElement":[{"@type":"ListItem","position":1,"name":"Accueil","item":"https:\/\/www.africa-press.net\/cameroun\/"},{"@type":"ListItem","position":2,"name":"Cameroun &#8211; Lutte contre le Covid-19: Voici les pr\u00e9cautions \u00e0 prendre avant de se faire vacciner"}]},{"@type":"WebSite","@id":"https:\/\/www.africa-press.net\/cameroun\/#website","url":"https:\/\/www.africa-press.net\/cameroun\/","name":"Cameroun","description":"Just another Africa News Agency Sites site","potentialAction":[{"@type":"SearchAction","target":{"@type":"EntryPoint","urlTemplate":"https:\/\/www.africa-press.net\/cameroun\/?s={search_term_string}"},"query-input":{"@type":"PropertyValueSpecification","valueRequired":true,"valueName":"search_term_string"}}],"inLanguage":"fr-FR"},{"@type":"Person","@id":"https:\/\/www.africa-press.net\/cameroun\/#\/schema\/person\/2b1cf3cd81a31e3cd26889ca66d677f1","name":"cfeditorfr"}]}},"_links":{"self":[{"href":"https:\/\/www.africa-press.net\/cameroun\/wp-json\/wp\/v2\/posts\/2610","targetHints":{"allow":["GET"]}}],"collection":[{"href":"https:\/\/www.africa-press.net\/cameroun\/wp-json\/wp\/v2\/posts"}],"about":[{"href":"https:\/\/www.africa-press.net\/cameroun\/wp-json\/wp\/v2\/types\/post"}],"author":[{"embeddable":true,"href":"https:\/\/www.africa-press.net\/cameroun\/wp-json\/wp\/v2\/users\/82"}],"replies":[{"embeddable":true,"href":"https:\/\/www.africa-press.net\/cameroun\/wp-json\/wp\/v2\/comments?post=2610"}],"version-history":[{"count":0,"href":"https:\/\/www.africa-press.net\/cameroun\/wp-json\/wp\/v2\/posts\/2610\/revisions"}],"wp:featuredmedia":[{"embeddable":true,"href":"https:\/\/www.africa-press.net\/cameroun\/wp-json\/wp\/v2\/media\/2609"}],"wp:attachment":[{"href":"https:\/\/www.africa-press.net\/cameroun\/wp-json\/wp\/v2\/media?parent=2610"}],"wp:term":[{"taxonomy":"category","embeddable":true,"href":"https:\/\/www.africa-press.net\/cameroun\/wp-json\/wp\/v2\/categories?post=2610"},{"taxonomy":"post_tag","embeddable":true,"href":"https:\/\/www.africa-press.net\/cameroun\/wp-json\/wp\/v2\/tags?post=2610"}],"curies":[{"name":"wp","href":"https:\/\/api.w.org\/{rel}","templated":true}]}}