{"id":2616,"date":"2021-04-27T19:05:21","date_gmt":"2021-04-27T19:05:21","guid":{"rendered":"https:\/\/www.africa-press.net\/cameroun\/politique\/cameroun-diplomatie-le-nouvel-ambassadeur-chef-de-la-delegation-de-lunion-europeenne-au-cameroun-philippe-van-damme-prend-fonction"},"modified":"2021-04-28T03:54:33","modified_gmt":"2021-04-28T03:54:33","slug":"cameroun-diplomatie-le-nouvel-ambassadeur-chef-de-la-delegation-de-lunion-europeenne-au-cameroun-philippe-van-damme-prend-fonction","status":"publish","type":"post","link":"https:\/\/www.africa-press.net\/cameroun\/politique\/cameroun-diplomatie-le-nouvel-ambassadeur-chef-de-la-delegation-de-lunion-europeenne-au-cameroun-philippe-van-damme-prend-fonction","title":{"rendered":"Cameroun &#8211; Diplomatie: Le nouvel ambassadeur, chef de la d\u00e9l\u00e9gation de l\u2019Union Europ\u00e9enne au Cameroun, Philippe Van Damme, prend fonction"},"content":{"rendered":"<p><span style=\"color: #ff6600\"><strong><a href=\"https:\/\/www.africa-press.net\/\">Africa-Press<\/a> &#8211; <a href=\"https:\/\/www.africa-press.net\/cameroun\">Cameroun<\/a>. <\/strong><\/span>Le nouvel ambassadeur, chef de la d\u00e9l\u00e9gation de l\u2019Union europ\u00e9enne (UE) au Cameroun, Philippe Van Damme prend fonction \u00e0 Yaound\u00e9. Le successeur de Hans-Peter Schadek a \u00e9t\u00e9 re\u00e7u par le ministre des Relations Ext\u00e9rieures (MINREX), Lejeune Mbella Mbella, le 26 avril 2021. Il \u00e9tait question pour le diplomate europ\u00e9en de pr\u00e9senter au ministre camerounais les copies figur\u00e9es de ses lettres de cr\u00e9ance.<\/p>\n<p>Ce premier t\u00eate-\u00e0-t\u00eate entre les deux hommes a permis de \u00abplanter le d\u00e9cor du s\u00e9jour diplomatique du nouvel ambassadeur, chef de la d\u00e9l\u00e9gation de l&rsquo;Union europ\u00e9enne au Cameroun, et d\u00e9finir les axes prioritaires devant articuler la coop\u00e9ration entre le Cameroun et l&rsquo;Union europ\u00e9enne, pour les jours \u00e0 venir\u00bb, rapporte le quotidien d\u2019Etat Cameroon Tribune en kiosque ce 27 avril 2021.<\/p>\n<p>Notre confr\u00e8re indique que le nouveau chef de la d\u00e9l\u00e9gation de l\u2019UE au Cameroun est en \u00e9troite collaboration avec les autres missions diplomatiques des Etats membres de l\u2019Union europ\u00e9enne accr\u00e9dit\u00e9es au Cameroun. Puis, il pr\u00e9cise que le nouvel ambassadeur, chef de la d\u00e9l\u00e9gation est mandat\u00e9 pour assurer la repr\u00e9sentation de l\u2019Union europ\u00e9enne aupr\u00e8s de la R\u00e9publique du Cameroun.<\/p>\n<p><b>\u00abA cet effet, il veillera, entre autres, \u00e0 la promotion et \u00e0 la d\u00e9fense des valeurs et int\u00e9r\u00eats de l\u2019UE, tout comme il veillera au suivi des relations bilat\u00e9rales dans les domaines des relations politiques, \u00e9conomiques, commerciales et de coop\u00e9ration. Le suivi des politiques de l\u2019Union europ\u00e9enne dans tous les secteurs, ainsi que la gestion des programmes et projets de l\u2019aide ext\u00e9rieure de la Commission europ\u00e9enne sont \u00e9galement inscrits dans son agenda\u00bb<\/b><\/p>\n<p>, poursuit le journal.<\/p>\n<p>Le reporter note aussi qu\u2019avant son arriv\u00e9e \u00e0 Yaound\u00e9, \u00abPhilippe Van Damme, a occup\u00e9 les m\u00eames fonctions au Zimbabwe de 2014 \u00e0 2018, et en Guin\u00e9e de 2010 \u00e0 2014. Il aura \u00e9t\u00e9 chef de la coop\u00e9ration, de la d\u00e9l\u00e9gation de l&rsquo;Union europ\u00e9enne au Niger entre 2009 et 2010; conseiller \u00e9conomique, charg\u00e9 d\u2019Affaires par int\u00e9rim de la d\u00e9l\u00e9gation de l\u2019UE au Togo, entre 1998 et 2002. C&rsquo;est donc un diplomate chevronn\u00e9 et fin connaisseur des questions diplomatiques entre l&rsquo;Afrique et l&rsquo;UE qui devra \u0153uvrer \u00e0 la densification et au rayonnement de cette coop\u00e9ration multilat\u00e9rale qui s&rsquo;installe en terre camerounaise\u00bb.<\/p>\n<p>Philippe Van Damme est n\u00e9 en 1959 \u00e0 Brugge en Belgique. Il est titulaire d&rsquo;une Ma\u00eetrise en sciences \u00e9conomiques, option Economie internationale et de d\u00e9veloppement, obtenue \u00e0 l&rsquo;Universit\u00e9 catholique de Louvain en Belgique.<\/p>\n<p><b>Wilfried ONDOA<\/b><\/p>\n","protected":false},"excerpt":{"rendered":"<p>Africa-Press &#8211; Cameroun. Le nouvel ambassadeur, chef de la d\u00e9l\u00e9gation de l\u2019Union europ\u00e9enne (UE) au Cameroun, Philippe Van Damme prend fonction \u00e0 Yaound\u00e9. Le successeur de Hans-Peter Schadek a \u00e9t\u00e9 re\u00e7u par le ministre des Relations Ext\u00e9rieures (MINREX), Lejeune Mbella Mbella, le 26 avril 2021. Il \u00e9tait question pour le diplomate europ\u00e9en de pr\u00e9senter au [&hellip;]<\/p>\n","protected":false},"author":82,"featured_media":2615,"comment_status":"open","ping_status":"closed","sticky":false,"template":"","format":"standard","meta":{"footnotes":""},"categories":[11,2,20,10],"tags":[36,50,49],"class_list":["post-2616","post","type-post","status-publish","format-standard","has-post-thumbnail","hentry","category-homepage-french","category-politique","category-top-nouvelles","category-toutes-les-actualites","tag-africa-press","tag-africa-press-cameroun","tag-cameroun"],"yoast_head":"<!-- This site is optimized with the Yoast SEO Premium plugin v26.1 (Yoast SEO v27.0) - https:\/\/yoast.com\/product\/yoast-seo-premium-wordpress\/ -->\n<title>Cameroun - Diplomatie: Le nouvel ambassadeur, chef de la d\u00e9l\u00e9gation de l\u2019Union Europ\u00e9enne au Cameroun, Philippe Van Damme, prend fonction - Cameroun<\/title>\n<meta name=\"description\" content=\"Le nouvel ambassadeur, chef de la d\u00e9l\u00e9gation de l\u2019Union europ\u00e9enne (UE) au Cameroun, Philippe Van Damme prend fonction \u00e0 ...\" \/>\n<meta name=\"robots\" content=\"index, follow, max-snippet:-1, max-image-preview:large, max-video-preview:-1\" \/>\n<link rel=\"canonical\" href=\"https:\/\/www.africa-press.net\/cameroun\/politique\/cameroun-diplomatie-le-nouvel-ambassadeur-chef-de-la-delegation-de-lunion-europeenne-au-cameroun-philippe-van-damme-prend-fonction\" \/>\n<meta property=\"og:locale\" content=\"fr_FR\" \/>\n<meta property=\"og:type\" content=\"article\" \/>\n<meta property=\"og:title\" content=\"Cameroun - Diplomatie: Le nouvel ambassadeur, chef de la d\u00e9l\u00e9gation de l\u2019Union Europ\u00e9enne au Cameroun, Philippe Van Damme, prend fonction\" \/>\n<meta property=\"og:description\" content=\"Le nouvel ambassadeur, chef de la d\u00e9l\u00e9gation de l\u2019Union europ\u00e9enne (UE) au Cameroun, Philippe Van Damme prend fonction \u00e0 ...\" \/>\n<meta property=\"og:url\" content=\"https:\/\/www.africa-press.net\/cameroun\/politique\/cameroun-diplomatie-le-nouvel-ambassadeur-chef-de-la-delegation-de-lunion-europeenne-au-cameroun-philippe-van-damme-prend-fonction\" \/>\n<meta property=\"og:site_name\" content=\"Cameroun\" \/>\n<meta property=\"article:published_time\" content=\"2021-04-27T19:05:21+00:00\" \/>\n<meta property=\"article:modified_time\" content=\"2021-04-28T03:54:33+00:00\" \/>\n<meta property=\"og:image\" content=\"https:\/\/static.africa-press.net\/cameroun\/sites\/57\/2021\/04\/img-6088dc635fe02.jpg\" \/>\n\t<meta property=\"og:image:width\" content=\"800\" \/>\n\t<meta property=\"og:image:height\" content=\"533\" \/>\n\t<meta property=\"og:image:type\" content=\"image\/jpeg\" \/>\n<meta name=\"author\" content=\"cfeditorfr\" \/>\n<meta name=\"twitter:card\" content=\"summary_large_image\" \/>\n<meta name=\"twitter:label1\" content=\"\u00c9crit par\" \/>\n\t<meta name=\"twitter:data1\" content=\"cfeditorfr\" \/>\n\t<meta name=\"twitter:label2\" content=\"Dur\u00e9e de lecture estim\u00e9e\" \/>\n\t<meta name=\"twitter:data2\" content=\"2 minutes\" \/>\n<script type=\"application\/ld+json\" class=\"yoast-schema-graph\">{\"@context\":\"https:\/\/schema.org\",\"@graph\":[{\"@type\":\"Article\",\"@id\":\"https:\/\/www.africa-press.net\/cameroun\/politique\/cameroun-diplomatie-le-nouvel-ambassadeur-chef-de-la-delegation-de-lunion-europeenne-au-cameroun-philippe-van-damme-prend-fonction#article\",\"isPartOf\":{\"@id\":\"https:\/\/www.africa-press.net\/cameroun\/politique\/cameroun-diplomatie-le-nouvel-ambassadeur-chef-de-la-delegation-de-lunion-europeenne-au-cameroun-philippe-van-damme-prend-fonction\"},\"author\":{\"name\":\"cfeditorfr\",\"@id\":\"https:\/\/www.africa-press.net\/cameroun\/#\/schema\/person\/2b1cf3cd81a31e3cd26889ca66d677f1\"},\"headline\":\"Cameroun &#8211; Diplomatie: Le nouvel ambassadeur, chef de la d\u00e9l\u00e9gation de l\u2019Union Europ\u00e9enne au Cameroun, Philippe Van Damme, prend fonction\",\"datePublished\":\"2021-04-27T19:05:21+00:00\",\"dateModified\":\"2021-04-28T03:54:33+00:00\",\"mainEntityOfPage\":{\"@id\":\"https:\/\/www.africa-press.net\/cameroun\/politique\/cameroun-diplomatie-le-nouvel-ambassadeur-chef-de-la-delegation-de-lunion-europeenne-au-cameroun-philippe-van-damme-prend-fonction\"},\"wordCount\":468,\"commentCount\":0,\"image\":{\"@id\":\"https:\/\/www.africa-press.net\/cameroun\/politique\/cameroun-diplomatie-le-nouvel-ambassadeur-chef-de-la-delegation-de-lunion-europeenne-au-cameroun-philippe-van-damme-prend-fonction#primaryimage\"},\"thumbnailUrl\":\"https:\/\/static.africa-press.net\/cameroun\/sites\/57\/2021\/04\/img-6088dc635fe02.jpg\",\"keywords\":[\"Africa Press\",\"Africa Press-Cameroun\",\"Cameroun\"],\"articleSection\":[\"homepage-french\",\"Politique\",\"Top Nouvelles\",\"Toutes les actualit\u00e9s\"],\"inLanguage\":\"fr-FR\",\"potentialAction\":[{\"@type\":\"CommentAction\",\"name\":\"Comment\",\"target\":[\"https:\/\/www.africa-press.net\/cameroun\/politique\/cameroun-diplomatie-le-nouvel-ambassadeur-chef-de-la-delegation-de-lunion-europeenne-au-cameroun-philippe-van-damme-prend-fonction#respond\"]}]},{\"@type\":\"WebPage\",\"@id\":\"https:\/\/www.africa-press.net\/cameroun\/politique\/cameroun-diplomatie-le-nouvel-ambassadeur-chef-de-la-delegation-de-lunion-europeenne-au-cameroun-philippe-van-damme-prend-fonction\",\"url\":\"https:\/\/www.africa-press.net\/cameroun\/politique\/cameroun-diplomatie-le-nouvel-ambassadeur-chef-de-la-delegation-de-lunion-europeenne-au-cameroun-philippe-van-damme-prend-fonction\",\"name\":\"Cameroun - Diplomatie: Le nouvel ambassadeur, chef de la d\u00e9l\u00e9gation de l\u2019Union Europ\u00e9enne au Cameroun, Philippe Van Damme, prend fonction - Cameroun\",\"isPartOf\":{\"@id\":\"https:\/\/www.africa-press.net\/cameroun\/#website\"},\"primaryImageOfPage\":{\"@id\":\"https:\/\/www.africa-press.net\/cameroun\/politique\/cameroun-diplomatie-le-nouvel-ambassadeur-chef-de-la-delegation-de-lunion-europeenne-au-cameroun-philippe-van-damme-prend-fonction#primaryimage\"},\"image\":{\"@id\":\"https:\/\/www.africa-press.net\/cameroun\/politique\/cameroun-diplomatie-le-nouvel-ambassadeur-chef-de-la-delegation-de-lunion-europeenne-au-cameroun-philippe-van-damme-prend-fonction#primaryimage\"},\"thumbnailUrl\":\"https:\/\/static.africa-press.net\/cameroun\/sites\/57\/2021\/04\/img-6088dc635fe02.jpg\",\"datePublished\":\"2021-04-27T19:05:21+00:00\",\"dateModified\":\"2021-04-28T03:54:33+00:00\",\"author\":{\"@id\":\"https:\/\/www.africa-press.net\/cameroun\/#\/schema\/person\/2b1cf3cd81a31e3cd26889ca66d677f1\"},\"description\":\"Le nouvel ambassadeur, chef de la d\u00e9l\u00e9gation de l\u2019Union europ\u00e9enne (UE) au Cameroun, Philippe Van Damme prend fonction \u00e0 ...\",\"breadcrumb\":{\"@id\":\"https:\/\/www.africa-press.net\/cameroun\/politique\/cameroun-diplomatie-le-nouvel-ambassadeur-chef-de-la-delegation-de-lunion-europeenne-au-cameroun-philippe-van-damme-prend-fonction#breadcrumb\"},\"inLanguage\":\"fr-FR\",\"potentialAction\":[{\"@type\":\"ReadAction\",\"target\":[\"https:\/\/www.africa-press.net\/cameroun\/politique\/cameroun-diplomatie-le-nouvel-ambassadeur-chef-de-la-delegation-de-lunion-europeenne-au-cameroun-philippe-van-damme-prend-fonction\"]}]},{\"@type\":\"ImageObject\",\"inLanguage\":\"fr-FR\",\"@id\":\"https:\/\/www.africa-press.net\/cameroun\/politique\/cameroun-diplomatie-le-nouvel-ambassadeur-chef-de-la-delegation-de-lunion-europeenne-au-cameroun-philippe-van-damme-prend-fonction#primaryimage\",\"url\":\"https:\/\/static.africa-press.net\/cameroun\/sites\/57\/2021\/04\/img-6088dc635fe02.jpg\",\"contentUrl\":\"https:\/\/static.africa-press.net\/cameroun\/sites\/57\/2021\/04\/img-6088dc635fe02.jpg\",\"width\":800,\"height\":533,\"caption\":\"Cameroun - Diplomatie: Le nouvel ambassadeur, chef de la d\u00e9l\u00e9gation de l\u2019Union Europ\u00e9enne au Cameroun, Philippe Van Damme, prend fonction\"},{\"@type\":\"BreadcrumbList\",\"@id\":\"https:\/\/www.africa-press.net\/cameroun\/politique\/cameroun-diplomatie-le-nouvel-ambassadeur-chef-de-la-delegation-de-lunion-europeenne-au-cameroun-philippe-van-damme-prend-fonction#breadcrumb\",\"itemListElement\":[{\"@type\":\"ListItem\",\"position\":1,\"name\":\"Accueil\",\"item\":\"https:\/\/www.africa-press.net\/cameroun\/\"},{\"@type\":\"ListItem\",\"position\":2,\"name\":\"Cameroun &#8211; Diplomatie: Le nouvel ambassadeur, chef de la d\u00e9l\u00e9gation de l\u2019Union Europ\u00e9enne au Cameroun, Philippe Van Damme, prend fonction\"}]},{\"@type\":\"WebSite\",\"@id\":\"https:\/\/www.africa-press.net\/cameroun\/#website\",\"url\":\"https:\/\/www.africa-press.net\/cameroun\/\",\"name\":\"Cameroun\",\"description\":\"Just another Africa News Agency Sites site\",\"potentialAction\":[{\"@type\":\"SearchAction\",\"target\":{\"@type\":\"EntryPoint\",\"urlTemplate\":\"https:\/\/www.africa-press.net\/cameroun\/?s={search_term_string}\"},\"query-input\":{\"@type\":\"PropertyValueSpecification\",\"valueRequired\":true,\"valueName\":\"search_term_string\"}}],\"inLanguage\":\"fr-FR\"},{\"@type\":\"Person\",\"@id\":\"https:\/\/www.africa-press.net\/cameroun\/#\/schema\/person\/2b1cf3cd81a31e3cd26889ca66d677f1\",\"name\":\"cfeditorfr\"}]}<\/script>\n<!-- \/ Yoast SEO Premium plugin. -->","yoast_head_json":{"title":"Cameroun - Diplomatie: Le nouvel ambassadeur, chef de la d\u00e9l\u00e9gation de l\u2019Union Europ\u00e9enne au Cameroun, Philippe Van Damme, prend fonction - Cameroun","description":"Le nouvel ambassadeur, chef de la d\u00e9l\u00e9gation de l\u2019Union europ\u00e9enne (UE) au Cameroun, Philippe Van Damme prend fonction \u00e0 ...","robots":{"index":"index","follow":"follow","max-snippet":"max-snippet:-1","max-image-preview":"max-image-preview:large","max-video-preview":"max-video-preview:-1"},"canonical":"https:\/\/www.africa-press.net\/cameroun\/politique\/cameroun-diplomatie-le-nouvel-ambassadeur-chef-de-la-delegation-de-lunion-europeenne-au-cameroun-philippe-van-damme-prend-fonction","og_locale":"fr_FR","og_type":"article","og_title":"Cameroun - Diplomatie: Le nouvel ambassadeur, chef de la d\u00e9l\u00e9gation de l\u2019Union Europ\u00e9enne au Cameroun, Philippe Van Damme, prend fonction","og_description":"Le nouvel ambassadeur, chef de la d\u00e9l\u00e9gation de l\u2019Union europ\u00e9enne (UE) au Cameroun, Philippe Van Damme prend fonction \u00e0 ...","og_url":"https:\/\/www.africa-press.net\/cameroun\/politique\/cameroun-diplomatie-le-nouvel-ambassadeur-chef-de-la-delegation-de-lunion-europeenne-au-cameroun-philippe-van-damme-prend-fonction","og_site_name":"Cameroun","article_published_time":"2021-04-27T19:05:21+00:00","article_modified_time":"2021-04-28T03:54:33+00:00","og_image":[{"width":800,"height":533,"url":"https:\/\/static.africa-press.net\/cameroun\/sites\/57\/2021\/04\/img-6088dc635fe02.jpg","type":"image\/jpeg"}],"author":"cfeditorfr","twitter_card":"summary_large_image","twitter_misc":{"\u00c9crit par":"cfeditorfr","Dur\u00e9e de lecture estim\u00e9e":"2 minutes"},"schema":{"@context":"https:\/\/schema.org","@graph":[{"@type":"Article","@id":"https:\/\/www.africa-press.net\/cameroun\/politique\/cameroun-diplomatie-le-nouvel-ambassadeur-chef-de-la-delegation-de-lunion-europeenne-au-cameroun-philippe-van-damme-prend-fonction#article","isPartOf":{"@id":"https:\/\/www.africa-press.net\/cameroun\/politique\/cameroun-diplomatie-le-nouvel-ambassadeur-chef-de-la-delegation-de-lunion-europeenne-au-cameroun-philippe-van-damme-prend-fonction"},"author":{"name":"cfeditorfr","@id":"https:\/\/www.africa-press.net\/cameroun\/#\/schema\/person\/2b1cf3cd81a31e3cd26889ca66d677f1"},"headline":"Cameroun &#8211; Diplomatie: Le nouvel ambassadeur, chef de la d\u00e9l\u00e9gation de l\u2019Union Europ\u00e9enne au Cameroun, Philippe Van Damme, prend fonction","datePublished":"2021-04-27T19:05:21+00:00","dateModified":"2021-04-28T03:54:33+00:00","mainEntityOfPage":{"@id":"https:\/\/www.africa-press.net\/cameroun\/politique\/cameroun-diplomatie-le-nouvel-ambassadeur-chef-de-la-delegation-de-lunion-europeenne-au-cameroun-philippe-van-damme-prend-fonction"},"wordCount":468,"commentCount":0,"image":{"@id":"https:\/\/www.africa-press.net\/cameroun\/politique\/cameroun-diplomatie-le-nouvel-ambassadeur-chef-de-la-delegation-de-lunion-europeenne-au-cameroun-philippe-van-damme-prend-fonction#primaryimage"},"thumbnailUrl":"https:\/\/static.africa-press.net\/cameroun\/sites\/57\/2021\/04\/img-6088dc635fe02.jpg","keywords":["Africa Press","Africa Press-Cameroun","Cameroun"],"articleSection":["homepage-french","Politique","Top Nouvelles","Toutes les actualit\u00e9s"],"inLanguage":"fr-FR","potentialAction":[{"@type":"CommentAction","name":"Comment","target":["https:\/\/www.africa-press.net\/cameroun\/politique\/cameroun-diplomatie-le-nouvel-ambassadeur-chef-de-la-delegation-de-lunion-europeenne-au-cameroun-philippe-van-damme-prend-fonction#respond"]}]},{"@type":"WebPage","@id":"https:\/\/www.africa-press.net\/cameroun\/politique\/cameroun-diplomatie-le-nouvel-ambassadeur-chef-de-la-delegation-de-lunion-europeenne-au-cameroun-philippe-van-damme-prend-fonction","url":"https:\/\/www.africa-press.net\/cameroun\/politique\/cameroun-diplomatie-le-nouvel-ambassadeur-chef-de-la-delegation-de-lunion-europeenne-au-cameroun-philippe-van-damme-prend-fonction","name":"Cameroun - Diplomatie: Le nouvel ambassadeur, chef de la d\u00e9l\u00e9gation de l\u2019Union Europ\u00e9enne au Cameroun, Philippe Van Damme, prend fonction - Cameroun","isPartOf":{"@id":"https:\/\/www.africa-press.net\/cameroun\/#website"},"primaryImageOfPage":{"@id":"https:\/\/www.africa-press.net\/cameroun\/politique\/cameroun-diplomatie-le-nouvel-ambassadeur-chef-de-la-delegation-de-lunion-europeenne-au-cameroun-philippe-van-damme-prend-fonction#primaryimage"},"image":{"@id":"https:\/\/www.africa-press.net\/cameroun\/politique\/cameroun-diplomatie-le-nouvel-ambassadeur-chef-de-la-delegation-de-lunion-europeenne-au-cameroun-philippe-van-damme-prend-fonction#primaryimage"},"thumbnailUrl":"https:\/\/static.africa-press.net\/cameroun\/sites\/57\/2021\/04\/img-6088dc635fe02.jpg","datePublished":"2021-04-27T19:05:21+00:00","dateModified":"2021-04-28T03:54:33+00:00","author":{"@id":"https:\/\/www.africa-press.net\/cameroun\/#\/schema\/person\/2b1cf3cd81a31e3cd26889ca66d677f1"},"description":"Le nouvel ambassadeur, chef de la d\u00e9l\u00e9gation de l\u2019Union europ\u00e9enne (UE) au Cameroun, Philippe Van Damme prend fonction \u00e0 ...","breadcrumb":{"@id":"https:\/\/www.africa-press.net\/cameroun\/politique\/cameroun-diplomatie-le-nouvel-ambassadeur-chef-de-la-delegation-de-lunion-europeenne-au-cameroun-philippe-van-damme-prend-fonction#breadcrumb"},"inLanguage":"fr-FR","potentialAction":[{"@type":"ReadAction","target":["https:\/\/www.africa-press.net\/cameroun\/politique\/cameroun-diplomatie-le-nouvel-ambassadeur-chef-de-la-delegation-de-lunion-europeenne-au-cameroun-philippe-van-damme-prend-fonction"]}]},{"@type":"ImageObject","inLanguage":"fr-FR","@id":"https:\/\/www.africa-press.net\/cameroun\/politique\/cameroun-diplomatie-le-nouvel-ambassadeur-chef-de-la-delegation-de-lunion-europeenne-au-cameroun-philippe-van-damme-prend-fonction#primaryimage","url":"https:\/\/static.africa-press.net\/cameroun\/sites\/57\/2021\/04\/img-6088dc635fe02.jpg","contentUrl":"https:\/\/static.africa-press.net\/cameroun\/sites\/57\/2021\/04\/img-6088dc635fe02.jpg","width":800,"height":533,"caption":"Cameroun - Diplomatie: Le nouvel ambassadeur, chef de la d\u00e9l\u00e9gation de l\u2019Union Europ\u00e9enne au Cameroun, Philippe Van Damme, prend fonction"},{"@type":"BreadcrumbList","@id":"https:\/\/www.africa-press.net\/cameroun\/politique\/cameroun-diplomatie-le-nouvel-ambassadeur-chef-de-la-delegation-de-lunion-europeenne-au-cameroun-philippe-van-damme-prend-fonction#breadcrumb","itemListElement":[{"@type":"ListItem","position":1,"name":"Accueil","item":"https:\/\/www.africa-press.net\/cameroun\/"},{"@type":"ListItem","position":2,"name":"Cameroun &#8211; Diplomatie: Le nouvel ambassadeur, chef de la d\u00e9l\u00e9gation de l\u2019Union Europ\u00e9enne au Cameroun, Philippe Van Damme, prend fonction"}]},{"@type":"WebSite","@id":"https:\/\/www.africa-press.net\/cameroun\/#website","url":"https:\/\/www.africa-press.net\/cameroun\/","name":"Cameroun","description":"Just another Africa News Agency Sites site","potentialAction":[{"@type":"SearchAction","target":{"@type":"EntryPoint","urlTemplate":"https:\/\/www.africa-press.net\/cameroun\/?s={search_term_string}"},"query-input":{"@type":"PropertyValueSpecification","valueRequired":true,"valueName":"search_term_string"}}],"inLanguage":"fr-FR"},{"@type":"Person","@id":"https:\/\/www.africa-press.net\/cameroun\/#\/schema\/person\/2b1cf3cd81a31e3cd26889ca66d677f1","name":"cfeditorfr"}]}},"_links":{"self":[{"href":"https:\/\/www.africa-press.net\/cameroun\/wp-json\/wp\/v2\/posts\/2616","targetHints":{"allow":["GET"]}}],"collection":[{"href":"https:\/\/www.africa-press.net\/cameroun\/wp-json\/wp\/v2\/posts"}],"about":[{"href":"https:\/\/www.africa-press.net\/cameroun\/wp-json\/wp\/v2\/types\/post"}],"author":[{"embeddable":true,"href":"https:\/\/www.africa-press.net\/cameroun\/wp-json\/wp\/v2\/users\/82"}],"replies":[{"embeddable":true,"href":"https:\/\/www.africa-press.net\/cameroun\/wp-json\/wp\/v2\/comments?post=2616"}],"version-history":[{"count":0,"href":"https:\/\/www.africa-press.net\/cameroun\/wp-json\/wp\/v2\/posts\/2616\/revisions"}],"wp:featuredmedia":[{"embeddable":true,"href":"https:\/\/www.africa-press.net\/cameroun\/wp-json\/wp\/v2\/media\/2615"}],"wp:attachment":[{"href":"https:\/\/www.africa-press.net\/cameroun\/wp-json\/wp\/v2\/media?parent=2616"}],"wp:term":[{"taxonomy":"category","embeddable":true,"href":"https:\/\/www.africa-press.net\/cameroun\/wp-json\/wp\/v2\/categories?post=2616"},{"taxonomy":"post_tag","embeddable":true,"href":"https:\/\/www.africa-press.net\/cameroun\/wp-json\/wp\/v2\/tags?post=2616"}],"curies":[{"name":"wp","href":"https:\/\/api.w.org\/{rel}","templated":true}]}}