{"id":2622,"date":"2021-04-27T19:21:33","date_gmt":"2021-04-27T19:21:33","guid":{"rendered":"https:\/\/www.africa-press.net\/cameroun\/politique\/cameroun-droits-de-lhomme-la-justice-militaire-veut-soigner-son-image"},"modified":"2021-04-28T03:55:46","modified_gmt":"2021-04-28T03:55:46","slug":"cameroun-droits-de-lhomme-la-justice-militaire-veut-soigner-son-image","status":"publish","type":"post","link":"https:\/\/www.africa-press.net\/cameroun\/politique\/cameroun-droits-de-lhomme-la-justice-militaire-veut-soigner-son-image","title":{"rendered":"Cameroun &#8211; Droits de l&rsquo;homme: La justice militaire veut soigner son image"},"content":{"rendered":"<p><span style=\"color: #ff6600\"><strong><a href=\"https:\/\/www.africa-press.net\/\">Africa-Press<\/a> &#8211; <a href=\"https:\/\/www.africa-press.net\/cameroun\">Cameroun<\/a>. <\/strong><\/span>Comment faire pour rendre plus juste la justice militaire au Cameroun en 2021? La question \u00e9tait au c\u0153ur de la deuxi\u00e8me session de concertation des diff\u00e9rents acteurs, r\u00e9unis \u00e0 Yaound\u00e9 pendant deux jours (du 23 avril au 24 avril 2021). Il \u00e9tait question d&rsquo;adopter les bonnes actions pour harmoniser les pratiques devant les juridictions militaires.<\/p>\n<p>Le contexte actuel favorise certains probl\u00e8mes. \u00abIl s&rsquo;agit des probl\u00e8mes li\u00e9s \u00e0 l&rsquo;ins\u00e9curit\u00e9 dans le cadre de la gestion des proc\u00e9dures devant les tribunaux militaires\u00bb, indique le colonel Didier Dongmo Sipa, directeur de la justice militaire.<\/p>\n<p>Les droits de l&rsquo;homme et la justice militaire ne font pas toujours bon m\u00e9nage. Une situation qui pr\u00e9occupe les diff\u00e9rents maillons de la cha\u00eene. \u00abL&rsquo;un des th\u00e8mes d\u00e9velopp\u00e9s, c&rsquo;est la justice p\u00e9nale et les droits de l&rsquo;homme. \u00c7a a fait l&rsquo;objet des \u00e9changes entre nous. Et nous nous sommes entendus \u00e0 respecter les bonnes pratiques pour les harmoniser devant nos juridictions\u00bb, rel\u00e8ve-t-il.<\/p>\n<p>Cette rencontre, deuxi\u00e8me du genre, \u00e9tait pr\u00e9sid\u00e9e par le secr\u00e9taire g\u00e9n\u00e9ral du minist\u00e8re de la D\u00e9fense. Elle donnera l&rsquo;occasion \u00e0 ces acteurs de la justice militaire, venus des 10 r\u00e9gions du pays, d&rsquo;\u00e9valuer les activit\u00e9s men\u00e9es en 2020 et envisager des perspectives pour une justice militaire plus juste en 2021.<\/p>\n<p>\u00abCe type de rencontre, que je salue fi\u00e8rement, permet de renforcer la confiance, de remonter le v\u00e9cu des collaborateurs vers le haut commandement, de valoriser le personnel mais aussi de poser les probl\u00e9matiques de fond, qui fondent le v\u00e9cu, le quotidien et aussi l&rsquo;avenir de la justice militaire\u00bb, indique Said Kamsouloum, Secr\u00e9taire G\u00e9n\u00e9ral du minist\u00e8re de la D\u00e9fense.<\/p>\n<p>Cette rencontre, qui est appel\u00e9e \u00e0 \u00eatre p\u00e9rennis\u00e9e, s&rsquo;inscrit dans le processus de modernisation de l&rsquo;administration du minist\u00e8re de la D\u00e9fense et de la justice militaire, enclench\u00e9 en 2018.<\/p>\n<p>Cet atelier a servi \u00e9galement de pr\u00e9texte pour l&rsquo;inauguration de la biblioth\u00e8que de la direction de la justice militaire et de cette statue qui symbole la justice.<\/p>\n","protected":false},"excerpt":{"rendered":"<p>Africa-Press &#8211; Cameroun. Comment faire pour rendre plus juste la justice militaire au Cameroun en 2021? La question \u00e9tait au c\u0153ur de la deuxi\u00e8me session de concertation des diff\u00e9rents acteurs, r\u00e9unis \u00e0 Yaound\u00e9 pendant deux jours (du 23 avril au 24 avril 2021). Il \u00e9tait question d&rsquo;adopter les bonnes actions pour harmoniser les pratiques devant [&hellip;]<\/p>\n","protected":false},"author":82,"featured_media":2621,"comment_status":"open","ping_status":"closed","sticky":false,"template":"","format":"standard","meta":{"footnotes":""},"categories":[11,2,10],"tags":[36,50,49],"class_list":["post-2622","post","type-post","status-publish","format-standard","has-post-thumbnail","hentry","category-homepage-french","category-politique","category-toutes-les-actualites","tag-africa-press","tag-africa-press-cameroun","tag-cameroun"],"yoast_head":"<!-- This site is optimized with the Yoast SEO Premium plugin v26.1 (Yoast SEO v27.0) - https:\/\/yoast.com\/product\/yoast-seo-premium-wordpress\/ -->\n<title>Cameroun - Droits de l&#039;homme: La justice militaire veut soigner son image - Cameroun<\/title>\n<meta name=\"description\" content=\"Comment faire pour rendre plus juste la justice militaire au Cameroun en 2021? La question \u00e9tait au c\u0153ur de la deuxi\u00e8me ...\" \/>\n<meta name=\"robots\" content=\"index, follow, max-snippet:-1, max-image-preview:large, max-video-preview:-1\" \/>\n<link rel=\"canonical\" href=\"https:\/\/www.africa-press.net\/cameroun\/politique\/cameroun-droits-de-lhomme-la-justice-militaire-veut-soigner-son-image\" \/>\n<meta property=\"og:locale\" content=\"fr_FR\" \/>\n<meta property=\"og:type\" content=\"article\" \/>\n<meta property=\"og:title\" content=\"Cameroun - Droits de l&#039;homme: La justice militaire veut soigner son image\" \/>\n<meta property=\"og:description\" content=\"Comment faire pour rendre plus juste la justice militaire au Cameroun en 2021? La question \u00e9tait au c\u0153ur de la deuxi\u00e8me ...\" \/>\n<meta property=\"og:url\" content=\"https:\/\/www.africa-press.net\/cameroun\/politique\/cameroun-droits-de-lhomme-la-justice-militaire-veut-soigner-son-image\" \/>\n<meta property=\"og:site_name\" content=\"Cameroun\" \/>\n<meta property=\"article:published_time\" content=\"2021-04-27T19:21:33+00:00\" \/>\n<meta property=\"article:modified_time\" content=\"2021-04-28T03:55:46+00:00\" \/>\n<meta property=\"og:image\" content=\"https:\/\/static.africa-press.net\/cameroun\/sites\/57\/2021\/04\/img-6088dcaa8aa8a.jpg\" \/>\n\t<meta property=\"og:image:width\" content=\"800\" \/>\n\t<meta property=\"og:image:height\" content=\"490\" \/>\n\t<meta property=\"og:image:type\" content=\"image\/jpeg\" \/>\n<meta name=\"author\" content=\"cfeditorfr\" \/>\n<meta name=\"twitter:card\" content=\"summary_large_image\" \/>\n<meta name=\"twitter:label1\" content=\"\u00c9crit par\" \/>\n\t<meta name=\"twitter:data1\" content=\"cfeditorfr\" \/>\n\t<meta name=\"twitter:label2\" content=\"Dur\u00e9e de lecture estim\u00e9e\" \/>\n\t<meta name=\"twitter:data2\" content=\"2 minutes\" \/>\n<script type=\"application\/ld+json\" class=\"yoast-schema-graph\">{\"@context\":\"https:\/\/schema.org\",\"@graph\":[{\"@type\":\"Article\",\"@id\":\"https:\/\/www.africa-press.net\/cameroun\/politique\/cameroun-droits-de-lhomme-la-justice-militaire-veut-soigner-son-image#article\",\"isPartOf\":{\"@id\":\"https:\/\/www.africa-press.net\/cameroun\/politique\/cameroun-droits-de-lhomme-la-justice-militaire-veut-soigner-son-image\"},\"author\":{\"name\":\"cfeditorfr\",\"@id\":\"https:\/\/www.africa-press.net\/cameroun\/#\/schema\/person\/2b1cf3cd81a31e3cd26889ca66d677f1\"},\"headline\":\"Cameroun &#8211; Droits de l&rsquo;homme: La justice militaire veut soigner son image\",\"datePublished\":\"2021-04-27T19:21:33+00:00\",\"dateModified\":\"2021-04-28T03:55:46+00:00\",\"mainEntityOfPage\":{\"@id\":\"https:\/\/www.africa-press.net\/cameroun\/politique\/cameroun-droits-de-lhomme-la-justice-militaire-veut-soigner-son-image\"},\"wordCount\":379,\"commentCount\":0,\"image\":{\"@id\":\"https:\/\/www.africa-press.net\/cameroun\/politique\/cameroun-droits-de-lhomme-la-justice-militaire-veut-soigner-son-image#primaryimage\"},\"thumbnailUrl\":\"https:\/\/static.africa-press.net\/cameroun\/sites\/57\/2021\/04\/img-6088dcaa8aa8a.jpg\",\"keywords\":[\"Africa Press\",\"Africa Press-Cameroun\",\"Cameroun\"],\"articleSection\":[\"homepage-french\",\"Politique\",\"Toutes les actualit\u00e9s\"],\"inLanguage\":\"fr-FR\",\"potentialAction\":[{\"@type\":\"CommentAction\",\"name\":\"Comment\",\"target\":[\"https:\/\/www.africa-press.net\/cameroun\/politique\/cameroun-droits-de-lhomme-la-justice-militaire-veut-soigner-son-image#respond\"]}]},{\"@type\":\"WebPage\",\"@id\":\"https:\/\/www.africa-press.net\/cameroun\/politique\/cameroun-droits-de-lhomme-la-justice-militaire-veut-soigner-son-image\",\"url\":\"https:\/\/www.africa-press.net\/cameroun\/politique\/cameroun-droits-de-lhomme-la-justice-militaire-veut-soigner-son-image\",\"name\":\"Cameroun - Droits de l'homme: La justice militaire veut soigner son image - Cameroun\",\"isPartOf\":{\"@id\":\"https:\/\/www.africa-press.net\/cameroun\/#website\"},\"primaryImageOfPage\":{\"@id\":\"https:\/\/www.africa-press.net\/cameroun\/politique\/cameroun-droits-de-lhomme-la-justice-militaire-veut-soigner-son-image#primaryimage\"},\"image\":{\"@id\":\"https:\/\/www.africa-press.net\/cameroun\/politique\/cameroun-droits-de-lhomme-la-justice-militaire-veut-soigner-son-image#primaryimage\"},\"thumbnailUrl\":\"https:\/\/static.africa-press.net\/cameroun\/sites\/57\/2021\/04\/img-6088dcaa8aa8a.jpg\",\"datePublished\":\"2021-04-27T19:21:33+00:00\",\"dateModified\":\"2021-04-28T03:55:46+00:00\",\"author\":{\"@id\":\"https:\/\/www.africa-press.net\/cameroun\/#\/schema\/person\/2b1cf3cd81a31e3cd26889ca66d677f1\"},\"description\":\"Comment faire pour rendre plus juste la justice militaire au Cameroun en 2021? La question \u00e9tait au c\u0153ur de la deuxi\u00e8me ...\",\"breadcrumb\":{\"@id\":\"https:\/\/www.africa-press.net\/cameroun\/politique\/cameroun-droits-de-lhomme-la-justice-militaire-veut-soigner-son-image#breadcrumb\"},\"inLanguage\":\"fr-FR\",\"potentialAction\":[{\"@type\":\"ReadAction\",\"target\":[\"https:\/\/www.africa-press.net\/cameroun\/politique\/cameroun-droits-de-lhomme-la-justice-militaire-veut-soigner-son-image\"]}]},{\"@type\":\"ImageObject\",\"inLanguage\":\"fr-FR\",\"@id\":\"https:\/\/www.africa-press.net\/cameroun\/politique\/cameroun-droits-de-lhomme-la-justice-militaire-veut-soigner-son-image#primaryimage\",\"url\":\"https:\/\/static.africa-press.net\/cameroun\/sites\/57\/2021\/04\/img-6088dcaa8aa8a.jpg\",\"contentUrl\":\"https:\/\/static.africa-press.net\/cameroun\/sites\/57\/2021\/04\/img-6088dcaa8aa8a.jpg\",\"width\":800,\"height\":490,\"caption\":\"Cameroun - Droits de l'homme: La justice militaire veut soigner son image\"},{\"@type\":\"BreadcrumbList\",\"@id\":\"https:\/\/www.africa-press.net\/cameroun\/politique\/cameroun-droits-de-lhomme-la-justice-militaire-veut-soigner-son-image#breadcrumb\",\"itemListElement\":[{\"@type\":\"ListItem\",\"position\":1,\"name\":\"Accueil\",\"item\":\"https:\/\/www.africa-press.net\/cameroun\/\"},{\"@type\":\"ListItem\",\"position\":2,\"name\":\"Cameroun &#8211; Droits de l&#8217;homme: La justice militaire veut soigner son image\"}]},{\"@type\":\"WebSite\",\"@id\":\"https:\/\/www.africa-press.net\/cameroun\/#website\",\"url\":\"https:\/\/www.africa-press.net\/cameroun\/\",\"name\":\"Cameroun\",\"description\":\"Just another Africa News Agency Sites site\",\"potentialAction\":[{\"@type\":\"SearchAction\",\"target\":{\"@type\":\"EntryPoint\",\"urlTemplate\":\"https:\/\/www.africa-press.net\/cameroun\/?s={search_term_string}\"},\"query-input\":{\"@type\":\"PropertyValueSpecification\",\"valueRequired\":true,\"valueName\":\"search_term_string\"}}],\"inLanguage\":\"fr-FR\"},{\"@type\":\"Person\",\"@id\":\"https:\/\/www.africa-press.net\/cameroun\/#\/schema\/person\/2b1cf3cd81a31e3cd26889ca66d677f1\",\"name\":\"cfeditorfr\"}]}<\/script>\n<!-- \/ Yoast SEO Premium plugin. -->","yoast_head_json":{"title":"Cameroun - Droits de l'homme: La justice militaire veut soigner son image - Cameroun","description":"Comment faire pour rendre plus juste la justice militaire au Cameroun en 2021? La question \u00e9tait au c\u0153ur de la deuxi\u00e8me ...","robots":{"index":"index","follow":"follow","max-snippet":"max-snippet:-1","max-image-preview":"max-image-preview:large","max-video-preview":"max-video-preview:-1"},"canonical":"https:\/\/www.africa-press.net\/cameroun\/politique\/cameroun-droits-de-lhomme-la-justice-militaire-veut-soigner-son-image","og_locale":"fr_FR","og_type":"article","og_title":"Cameroun - Droits de l'homme: La justice militaire veut soigner son image","og_description":"Comment faire pour rendre plus juste la justice militaire au Cameroun en 2021? La question \u00e9tait au c\u0153ur de la deuxi\u00e8me ...","og_url":"https:\/\/www.africa-press.net\/cameroun\/politique\/cameroun-droits-de-lhomme-la-justice-militaire-veut-soigner-son-image","og_site_name":"Cameroun","article_published_time":"2021-04-27T19:21:33+00:00","article_modified_time":"2021-04-28T03:55:46+00:00","og_image":[{"width":800,"height":490,"url":"https:\/\/static.africa-press.net\/cameroun\/sites\/57\/2021\/04\/img-6088dcaa8aa8a.jpg","type":"image\/jpeg"}],"author":"cfeditorfr","twitter_card":"summary_large_image","twitter_misc":{"\u00c9crit par":"cfeditorfr","Dur\u00e9e de lecture estim\u00e9e":"2 minutes"},"schema":{"@context":"https:\/\/schema.org","@graph":[{"@type":"Article","@id":"https:\/\/www.africa-press.net\/cameroun\/politique\/cameroun-droits-de-lhomme-la-justice-militaire-veut-soigner-son-image#article","isPartOf":{"@id":"https:\/\/www.africa-press.net\/cameroun\/politique\/cameroun-droits-de-lhomme-la-justice-militaire-veut-soigner-son-image"},"author":{"name":"cfeditorfr","@id":"https:\/\/www.africa-press.net\/cameroun\/#\/schema\/person\/2b1cf3cd81a31e3cd26889ca66d677f1"},"headline":"Cameroun &#8211; Droits de l&rsquo;homme: La justice militaire veut soigner son image","datePublished":"2021-04-27T19:21:33+00:00","dateModified":"2021-04-28T03:55:46+00:00","mainEntityOfPage":{"@id":"https:\/\/www.africa-press.net\/cameroun\/politique\/cameroun-droits-de-lhomme-la-justice-militaire-veut-soigner-son-image"},"wordCount":379,"commentCount":0,"image":{"@id":"https:\/\/www.africa-press.net\/cameroun\/politique\/cameroun-droits-de-lhomme-la-justice-militaire-veut-soigner-son-image#primaryimage"},"thumbnailUrl":"https:\/\/static.africa-press.net\/cameroun\/sites\/57\/2021\/04\/img-6088dcaa8aa8a.jpg","keywords":["Africa Press","Africa Press-Cameroun","Cameroun"],"articleSection":["homepage-french","Politique","Toutes les actualit\u00e9s"],"inLanguage":"fr-FR","potentialAction":[{"@type":"CommentAction","name":"Comment","target":["https:\/\/www.africa-press.net\/cameroun\/politique\/cameroun-droits-de-lhomme-la-justice-militaire-veut-soigner-son-image#respond"]}]},{"@type":"WebPage","@id":"https:\/\/www.africa-press.net\/cameroun\/politique\/cameroun-droits-de-lhomme-la-justice-militaire-veut-soigner-son-image","url":"https:\/\/www.africa-press.net\/cameroun\/politique\/cameroun-droits-de-lhomme-la-justice-militaire-veut-soigner-son-image","name":"Cameroun - Droits de l'homme: La justice militaire veut soigner son image - Cameroun","isPartOf":{"@id":"https:\/\/www.africa-press.net\/cameroun\/#website"},"primaryImageOfPage":{"@id":"https:\/\/www.africa-press.net\/cameroun\/politique\/cameroun-droits-de-lhomme-la-justice-militaire-veut-soigner-son-image#primaryimage"},"image":{"@id":"https:\/\/www.africa-press.net\/cameroun\/politique\/cameroun-droits-de-lhomme-la-justice-militaire-veut-soigner-son-image#primaryimage"},"thumbnailUrl":"https:\/\/static.africa-press.net\/cameroun\/sites\/57\/2021\/04\/img-6088dcaa8aa8a.jpg","datePublished":"2021-04-27T19:21:33+00:00","dateModified":"2021-04-28T03:55:46+00:00","author":{"@id":"https:\/\/www.africa-press.net\/cameroun\/#\/schema\/person\/2b1cf3cd81a31e3cd26889ca66d677f1"},"description":"Comment faire pour rendre plus juste la justice militaire au Cameroun en 2021? La question \u00e9tait au c\u0153ur de la deuxi\u00e8me ...","breadcrumb":{"@id":"https:\/\/www.africa-press.net\/cameroun\/politique\/cameroun-droits-de-lhomme-la-justice-militaire-veut-soigner-son-image#breadcrumb"},"inLanguage":"fr-FR","potentialAction":[{"@type":"ReadAction","target":["https:\/\/www.africa-press.net\/cameroun\/politique\/cameroun-droits-de-lhomme-la-justice-militaire-veut-soigner-son-image"]}]},{"@type":"ImageObject","inLanguage":"fr-FR","@id":"https:\/\/www.africa-press.net\/cameroun\/politique\/cameroun-droits-de-lhomme-la-justice-militaire-veut-soigner-son-image#primaryimage","url":"https:\/\/static.africa-press.net\/cameroun\/sites\/57\/2021\/04\/img-6088dcaa8aa8a.jpg","contentUrl":"https:\/\/static.africa-press.net\/cameroun\/sites\/57\/2021\/04\/img-6088dcaa8aa8a.jpg","width":800,"height":490,"caption":"Cameroun - Droits de l'homme: La justice militaire veut soigner son image"},{"@type":"BreadcrumbList","@id":"https:\/\/www.africa-press.net\/cameroun\/politique\/cameroun-droits-de-lhomme-la-justice-militaire-veut-soigner-son-image#breadcrumb","itemListElement":[{"@type":"ListItem","position":1,"name":"Accueil","item":"https:\/\/www.africa-press.net\/cameroun\/"},{"@type":"ListItem","position":2,"name":"Cameroun &#8211; Droits de l&#8217;homme: La justice militaire veut soigner son image"}]},{"@type":"WebSite","@id":"https:\/\/www.africa-press.net\/cameroun\/#website","url":"https:\/\/www.africa-press.net\/cameroun\/","name":"Cameroun","description":"Just another Africa News Agency Sites site","potentialAction":[{"@type":"SearchAction","target":{"@type":"EntryPoint","urlTemplate":"https:\/\/www.africa-press.net\/cameroun\/?s={search_term_string}"},"query-input":{"@type":"PropertyValueSpecification","valueRequired":true,"valueName":"search_term_string"}}],"inLanguage":"fr-FR"},{"@type":"Person","@id":"https:\/\/www.africa-press.net\/cameroun\/#\/schema\/person\/2b1cf3cd81a31e3cd26889ca66d677f1","name":"cfeditorfr"}]}},"_links":{"self":[{"href":"https:\/\/www.africa-press.net\/cameroun\/wp-json\/wp\/v2\/posts\/2622","targetHints":{"allow":["GET"]}}],"collection":[{"href":"https:\/\/www.africa-press.net\/cameroun\/wp-json\/wp\/v2\/posts"}],"about":[{"href":"https:\/\/www.africa-press.net\/cameroun\/wp-json\/wp\/v2\/types\/post"}],"author":[{"embeddable":true,"href":"https:\/\/www.africa-press.net\/cameroun\/wp-json\/wp\/v2\/users\/82"}],"replies":[{"embeddable":true,"href":"https:\/\/www.africa-press.net\/cameroun\/wp-json\/wp\/v2\/comments?post=2622"}],"version-history":[{"count":0,"href":"https:\/\/www.africa-press.net\/cameroun\/wp-json\/wp\/v2\/posts\/2622\/revisions"}],"wp:featuredmedia":[{"embeddable":true,"href":"https:\/\/www.africa-press.net\/cameroun\/wp-json\/wp\/v2\/media\/2621"}],"wp:attachment":[{"href":"https:\/\/www.africa-press.net\/cameroun\/wp-json\/wp\/v2\/media?parent=2622"}],"wp:term":[{"taxonomy":"category","embeddable":true,"href":"https:\/\/www.africa-press.net\/cameroun\/wp-json\/wp\/v2\/categories?post=2622"},{"taxonomy":"post_tag","embeddable":true,"href":"https:\/\/www.africa-press.net\/cameroun\/wp-json\/wp\/v2\/tags?post=2622"}],"curies":[{"name":"wp","href":"https:\/\/api.w.org\/{rel}","templated":true}]}}