{"id":2625,"date":"2021-04-27T19:28:15","date_gmt":"2021-04-27T19:28:15","guid":{"rendered":"https:\/\/www.africa-press.net\/cameroun\/politique\/cameroun-lutte-contre-le-covid-19-le-gouverneur-de-la-region-de-lextreme-nord-midjiyawa-bakari-recommande-a-ceux-et-celles-qui-ont-la-possibilite-de-se-faire-vacciner-contre-le-coron"},"modified":"2021-04-28T03:56:27","modified_gmt":"2021-04-28T03:56:27","slug":"cameroun-lutte-contre-le-covid-19-le-gouverneur-de-la-region-de-lextreme-nord-midjiyawa-bakari-recommande-a-ceux-et-celles-qui-ont-la-possibilite-de-se-faire-vacciner-contre-le-coron","status":"publish","type":"post","link":"https:\/\/www.africa-press.net\/cameroun\/politique\/cameroun-lutte-contre-le-covid-19-le-gouverneur-de-la-region-de-lextreme-nord-midjiyawa-bakari-recommande-a-ceux-et-celles-qui-ont-la-possibilite-de-se-faire-vacciner-contre-le-coron","title":{"rendered":"Cameroun &#8211; Lutte contre le Covid-19: Le gouverneur de la r\u00e9gion de l\u2019Extr\u00eame-Nord Midjiyawa Bakari recommande \u00ab\u00e0 ceux et celles qui ont la possibilit\u00e9 de se faire vacciner contre le coronavirus\u2026 de ne pas h\u00e9siter un seul instant \u00e0 le faire\u00bb"},"content":{"rendered":"<p><span style=\"color: #ff6600\"><strong><a href=\"https:\/\/www.africa-press.net\/\">Africa-Press<\/a> &#8211; <a href=\"https:\/\/www.africa-press.net\/cameroun\">Cameroun<\/a>. <\/strong><\/span>Le gouverneur de la r\u00e9gion de l\u2019Extr\u00eame-Nord, Midjiyawa Bakari, a pr\u00e9sid\u00e9 la premi\u00e8re r\u00e9union de coordination administrative et de maintien de l\u2019ordre de cette r\u00e9gion le 26 avril 2021 dans la salle des conf\u00e9rences des services du gouverneur. Le quotidien national bilingue Cameroon Tribune en kiosque ce 27 avril 2021 rapporte que tous les six pr\u00e9fets en service dans cette r\u00e9gion \u00e9taient \u00e0 Maroua le 26 avril dernier, au m\u00eame titre que les responsables des forces de d\u00e9fense sous la conduite du g\u00e9n\u00e9ral de division, Saly Mohammadou, commandant la 4\u00e8me R\u00e9gion militaire, pour prendre part \u00e0 cette r\u00e9union.<\/p>\n<p>Au cours de cette r\u00e9union, il a \u00e9t\u00e9 question de discuter de la situation s\u00e9curitaire aux fronti\u00e8res et de la situation sanitaire dans cette partie du pays. D\u2019apr\u00e8s le gouverneur, la r\u00e9gion de l\u2019Extr\u00eame-Nord \u00abne se porte pas mal. Nous vivons dans une relative stabilit\u00e9\u00bb. Avant de poursuivre que \u00abnotre r\u00e9gion demeure toujours sur les projecteurs de l\u2019actualit\u00e9 nationale et internationale du fait des incursions sporadiques et de pr\u00e9dation des adeptes des Boko Haram\u00bb, peut-on lire dans les colonnes du journal.<\/p>\n<p>Ainsi, Midjiyawa Bakari \u00aba saisi cette opportunit\u00e9 pour fustiger une autre forme d\u2019ins\u00e9curit\u00e9 qui est en train de na\u00eetre dans les d\u00e9partements du Mayo-Tsanaga et du Diamar\u00e9. Il s\u2019agit de la prise d\u2019otages avec demande de ran\u00e7on\u00bb, note le reporter du quotidien.<\/p>\n<p>Par rapport \u00e0 la situation sanitaire dans cette r\u00e9gion, \u00abil s\u2019agit particuli\u00e8rement du Covid-19 pour lequel on a d\u00e9j\u00e0 enregistr\u00e9 1 936 cas \u00e0 l\u2019Extr\u00eame-Nord, avec 39 d\u00e9c\u00e8s. Le gouverneur a invit\u00e9 ses collaborateurs \u00e0 l\u2019application des mesures-barri\u00e8res afin de faire efficacement face \u00e0 la recrudescence de cette pand\u00e9mie. A ceux et celles qui ont la possibilit\u00e9 de se faire vacciner contre le coronavirus, Midjiyawa Bakari a recommand\u00e9 de ne pas h\u00e9siter un seul instant \u00e0 le faire, question de se mettre ainsi \u00e0 l\u2019abri de ce virus \u00e0 travers la vaccination\u00bb, lit-on.<\/p>\n<p><b>Wilfried ONDOA<\/b><\/p>\n","protected":false},"excerpt":{"rendered":"<p>Africa-Press &#8211; Cameroun. Le gouverneur de la r\u00e9gion de l\u2019Extr\u00eame-Nord, Midjiyawa Bakari, a pr\u00e9sid\u00e9 la premi\u00e8re r\u00e9union de coordination administrative et de maintien de l\u2019ordre de cette r\u00e9gion le 26 avril 2021 dans la salle des conf\u00e9rences des services du gouverneur. Le quotidien national bilingue Cameroon Tribune en kiosque ce 27 avril 2021 rapporte que [&hellip;]<\/p>\n","protected":false},"author":82,"featured_media":2624,"comment_status":"open","ping_status":"closed","sticky":false,"template":"","format":"standard","meta":{"footnotes":""},"categories":[11,2,10],"tags":[36,50,49],"class_list":["post-2625","post","type-post","status-publish","format-standard","has-post-thumbnail","hentry","category-homepage-french","category-politique","category-toutes-les-actualites","tag-africa-press","tag-africa-press-cameroun","tag-cameroun"],"yoast_head":"<!-- This site is optimized with the Yoast SEO Premium plugin v26.1 (Yoast SEO v27.0) - https:\/\/yoast.com\/product\/yoast-seo-premium-wordpress\/ -->\n<title>Cameroun - Lutte contre le Covid-19: Le gouverneur de la r\u00e9gion de l\u2019Extr\u00eame-Nord Midjiyawa Bakari recommande \u00ab\u00e0 ceux et celles qui ont la possibilit\u00e9 de se faire vacciner contre le coronavirus\u2026 de ne pas h\u00e9siter un seul instant \u00e0 le faire\u00bb - Cameroun<\/title>\n<meta name=\"description\" content=\"Le gouverneur de la r\u00e9gion de l\u2019Extr\u00eame-Nord, Midjiyawa Bakari, a pr\u00e9sid\u00e9 la premi\u00e8re r\u00e9union de coordination administra ...\" \/>\n<meta name=\"robots\" content=\"index, follow, max-snippet:-1, max-image-preview:large, max-video-preview:-1\" \/>\n<link rel=\"canonical\" href=\"https:\/\/www.africa-press.net\/cameroun\/politique\/cameroun-lutte-contre-le-covid-19-le-gouverneur-de-la-region-de-lextreme-nord-midjiyawa-bakari-recommande-a-ceux-et-celles-qui-ont-la-possibilite-de-se-faire-vacciner-contre-le-coron\" \/>\n<meta property=\"og:locale\" content=\"fr_FR\" \/>\n<meta property=\"og:type\" content=\"article\" \/>\n<meta property=\"og:title\" content=\"Cameroun - Lutte contre le Covid-19: Le gouverneur de la r\u00e9gion de l\u2019Extr\u00eame-Nord Midjiyawa Bakari recommande \u00ab\u00e0 ceux et celles qui ont la possibilit\u00e9 de se faire vacciner contre le coronavirus\u2026 de ne pas h\u00e9siter un seul instant \u00e0 le faire\u00bb\" \/>\n<meta property=\"og:description\" content=\"Le gouverneur de la r\u00e9gion de l\u2019Extr\u00eame-Nord, Midjiyawa Bakari, a pr\u00e9sid\u00e9 la premi\u00e8re r\u00e9union de coordination administra ...\" \/>\n<meta property=\"og:url\" content=\"https:\/\/www.africa-press.net\/cameroun\/politique\/cameroun-lutte-contre-le-covid-19-le-gouverneur-de-la-region-de-lextreme-nord-midjiyawa-bakari-recommande-a-ceux-et-celles-qui-ont-la-possibilite-de-se-faire-vacciner-contre-le-coron\" \/>\n<meta property=\"og:site_name\" content=\"Cameroun\" \/>\n<meta property=\"article:published_time\" content=\"2021-04-27T19:28:15+00:00\" \/>\n<meta property=\"article:modified_time\" content=\"2021-04-28T03:56:27+00:00\" \/>\n<meta property=\"og:image\" content=\"https:\/\/static.africa-press.net\/cameroun\/sites\/57\/2021\/04\/img-6088dcd482d91.jpg\" \/>\n\t<meta property=\"og:image:width\" content=\"800\" \/>\n\t<meta property=\"og:image:height\" content=\"560\" \/>\n\t<meta property=\"og:image:type\" content=\"image\/jpeg\" \/>\n<meta name=\"author\" content=\"cfeditorfr\" \/>\n<meta name=\"twitter:card\" content=\"summary_large_image\" \/>\n<meta name=\"twitter:label1\" content=\"\u00c9crit par\" \/>\n\t<meta name=\"twitter:data1\" content=\"cfeditorfr\" \/>\n\t<meta name=\"twitter:label2\" content=\"Dur\u00e9e de lecture estim\u00e9e\" \/>\n\t<meta name=\"twitter:data2\" content=\"2 minutes\" \/>\n<script type=\"application\/ld+json\" class=\"yoast-schema-graph\">{\"@context\":\"https:\/\/schema.org\",\"@graph\":[{\"@type\":\"Article\",\"@id\":\"https:\/\/www.africa-press.net\/cameroun\/politique\/cameroun-lutte-contre-le-covid-19-le-gouverneur-de-la-region-de-lextreme-nord-midjiyawa-bakari-recommande-a-ceux-et-celles-qui-ont-la-possibilite-de-se-faire-vacciner-contre-le-coron#article\",\"isPartOf\":{\"@id\":\"https:\/\/www.africa-press.net\/cameroun\/politique\/cameroun-lutte-contre-le-covid-19-le-gouverneur-de-la-region-de-lextreme-nord-midjiyawa-bakari-recommande-a-ceux-et-celles-qui-ont-la-possibilite-de-se-faire-vacciner-contre-le-coron\"},\"author\":{\"name\":\"cfeditorfr\",\"@id\":\"https:\/\/www.africa-press.net\/cameroun\/#\/schema\/person\/2b1cf3cd81a31e3cd26889ca66d677f1\"},\"headline\":\"Cameroun &#8211; Lutte contre le Covid-19: Le gouverneur de la r\u00e9gion de l\u2019Extr\u00eame-Nord Midjiyawa Bakari recommande \u00ab\u00e0 ceux et celles qui ont la possibilit\u00e9 de se faire vacciner contre le coronavirus\u2026 de ne pas h\u00e9siter un seul instant \u00e0 le faire\u00bb\",\"datePublished\":\"2021-04-27T19:28:15+00:00\",\"dateModified\":\"2021-04-28T03:56:27+00:00\",\"mainEntityOfPage\":{\"@id\":\"https:\/\/www.africa-press.net\/cameroun\/politique\/cameroun-lutte-contre-le-covid-19-le-gouverneur-de-la-region-de-lextreme-nord-midjiyawa-bakari-recommande-a-ceux-et-celles-qui-ont-la-possibilite-de-se-faire-vacciner-contre-le-coron\"},\"wordCount\":393,\"commentCount\":0,\"image\":{\"@id\":\"https:\/\/www.africa-press.net\/cameroun\/politique\/cameroun-lutte-contre-le-covid-19-le-gouverneur-de-la-region-de-lextreme-nord-midjiyawa-bakari-recommande-a-ceux-et-celles-qui-ont-la-possibilite-de-se-faire-vacciner-contre-le-coron#primaryimage\"},\"thumbnailUrl\":\"https:\/\/static.africa-press.net\/cameroun\/sites\/57\/2021\/04\/img-6088dcd482d91.jpg\",\"keywords\":[\"Africa Press\",\"Africa Press-Cameroun\",\"Cameroun\"],\"articleSection\":[\"homepage-french\",\"Politique\",\"Toutes les actualit\u00e9s\"],\"inLanguage\":\"fr-FR\",\"potentialAction\":[{\"@type\":\"CommentAction\",\"name\":\"Comment\",\"target\":[\"https:\/\/www.africa-press.net\/cameroun\/politique\/cameroun-lutte-contre-le-covid-19-le-gouverneur-de-la-region-de-lextreme-nord-midjiyawa-bakari-recommande-a-ceux-et-celles-qui-ont-la-possibilite-de-se-faire-vacciner-contre-le-coron#respond\"]}]},{\"@type\":\"WebPage\",\"@id\":\"https:\/\/www.africa-press.net\/cameroun\/politique\/cameroun-lutte-contre-le-covid-19-le-gouverneur-de-la-region-de-lextreme-nord-midjiyawa-bakari-recommande-a-ceux-et-celles-qui-ont-la-possibilite-de-se-faire-vacciner-contre-le-coron\",\"url\":\"https:\/\/www.africa-press.net\/cameroun\/politique\/cameroun-lutte-contre-le-covid-19-le-gouverneur-de-la-region-de-lextreme-nord-midjiyawa-bakari-recommande-a-ceux-et-celles-qui-ont-la-possibilite-de-se-faire-vacciner-contre-le-coron\",\"name\":\"Cameroun - Lutte contre le Covid-19: Le gouverneur de la r\u00e9gion de l\u2019Extr\u00eame-Nord Midjiyawa Bakari recommande \u00ab\u00e0 ceux et celles qui ont la possibilit\u00e9 de se faire vacciner contre le coronavirus\u2026 de ne pas h\u00e9siter un seul instant \u00e0 le faire\u00bb - Cameroun\",\"isPartOf\":{\"@id\":\"https:\/\/www.africa-press.net\/cameroun\/#website\"},\"primaryImageOfPage\":{\"@id\":\"https:\/\/www.africa-press.net\/cameroun\/politique\/cameroun-lutte-contre-le-covid-19-le-gouverneur-de-la-region-de-lextreme-nord-midjiyawa-bakari-recommande-a-ceux-et-celles-qui-ont-la-possibilite-de-se-faire-vacciner-contre-le-coron#primaryimage\"},\"image\":{\"@id\":\"https:\/\/www.africa-press.net\/cameroun\/politique\/cameroun-lutte-contre-le-covid-19-le-gouverneur-de-la-region-de-lextreme-nord-midjiyawa-bakari-recommande-a-ceux-et-celles-qui-ont-la-possibilite-de-se-faire-vacciner-contre-le-coron#primaryimage\"},\"thumbnailUrl\":\"https:\/\/static.africa-press.net\/cameroun\/sites\/57\/2021\/04\/img-6088dcd482d91.jpg\",\"datePublished\":\"2021-04-27T19:28:15+00:00\",\"dateModified\":\"2021-04-28T03:56:27+00:00\",\"author\":{\"@id\":\"https:\/\/www.africa-press.net\/cameroun\/#\/schema\/person\/2b1cf3cd81a31e3cd26889ca66d677f1\"},\"description\":\"Le gouverneur de la r\u00e9gion de l\u2019Extr\u00eame-Nord, Midjiyawa Bakari, a pr\u00e9sid\u00e9 la premi\u00e8re r\u00e9union de coordination administra ...\",\"breadcrumb\":{\"@id\":\"https:\/\/www.africa-press.net\/cameroun\/politique\/cameroun-lutte-contre-le-covid-19-le-gouverneur-de-la-region-de-lextreme-nord-midjiyawa-bakari-recommande-a-ceux-et-celles-qui-ont-la-possibilite-de-se-faire-vacciner-contre-le-coron#breadcrumb\"},\"inLanguage\":\"fr-FR\",\"potentialAction\":[{\"@type\":\"ReadAction\",\"target\":[\"https:\/\/www.africa-press.net\/cameroun\/politique\/cameroun-lutte-contre-le-covid-19-le-gouverneur-de-la-region-de-lextreme-nord-midjiyawa-bakari-recommande-a-ceux-et-celles-qui-ont-la-possibilite-de-se-faire-vacciner-contre-le-coron\"]}]},{\"@type\":\"ImageObject\",\"inLanguage\":\"fr-FR\",\"@id\":\"https:\/\/www.africa-press.net\/cameroun\/politique\/cameroun-lutte-contre-le-covid-19-le-gouverneur-de-la-region-de-lextreme-nord-midjiyawa-bakari-recommande-a-ceux-et-celles-qui-ont-la-possibilite-de-se-faire-vacciner-contre-le-coron#primaryimage\",\"url\":\"https:\/\/static.africa-press.net\/cameroun\/sites\/57\/2021\/04\/img-6088dcd482d91.jpg\",\"contentUrl\":\"https:\/\/static.africa-press.net\/cameroun\/sites\/57\/2021\/04\/img-6088dcd482d91.jpg\",\"width\":800,\"height\":560,\"caption\":\"Cameroun - Lutte contre le Covid-19: Le gouverneur de la r\u00e9gion de l\u2019Extr\u00eame-Nord Midjiyawa Bakari recommande \u00ab\u00e0 ceux et celles qui ont la possibilit\u00e9 de se faire vacciner contre le coronavirus\u2026 de ne pas h\u00e9siter un seul instant \u00e0 le faire\u00bb\"},{\"@type\":\"BreadcrumbList\",\"@id\":\"https:\/\/www.africa-press.net\/cameroun\/politique\/cameroun-lutte-contre-le-covid-19-le-gouverneur-de-la-region-de-lextreme-nord-midjiyawa-bakari-recommande-a-ceux-et-celles-qui-ont-la-possibilite-de-se-faire-vacciner-contre-le-coron#breadcrumb\",\"itemListElement\":[{\"@type\":\"ListItem\",\"position\":1,\"name\":\"Accueil\",\"item\":\"https:\/\/www.africa-press.net\/cameroun\/\"},{\"@type\":\"ListItem\",\"position\":2,\"name\":\"Cameroun &#8211; Lutte contre le Covid-19: Le gouverneur de la r\u00e9gion de l\u2019Extr\u00eame-Nord Midjiyawa Bakari recommande \u00ab\u00e0 ceux et celles qui ont la possibilit\u00e9 de se faire vacciner contre le coronavirus\u2026 de ne pas h\u00e9siter un seul instant \u00e0 le faire\u00bb\"}]},{\"@type\":\"WebSite\",\"@id\":\"https:\/\/www.africa-press.net\/cameroun\/#website\",\"url\":\"https:\/\/www.africa-press.net\/cameroun\/\",\"name\":\"Cameroun\",\"description\":\"Just another Africa News Agency Sites site\",\"potentialAction\":[{\"@type\":\"SearchAction\",\"target\":{\"@type\":\"EntryPoint\",\"urlTemplate\":\"https:\/\/www.africa-press.net\/cameroun\/?s={search_term_string}\"},\"query-input\":{\"@type\":\"PropertyValueSpecification\",\"valueRequired\":true,\"valueName\":\"search_term_string\"}}],\"inLanguage\":\"fr-FR\"},{\"@type\":\"Person\",\"@id\":\"https:\/\/www.africa-press.net\/cameroun\/#\/schema\/person\/2b1cf3cd81a31e3cd26889ca66d677f1\",\"name\":\"cfeditorfr\"}]}<\/script>\n<!-- \/ Yoast SEO Premium plugin. -->","yoast_head_json":{"title":"Cameroun - Lutte contre le Covid-19: Le gouverneur de la r\u00e9gion de l\u2019Extr\u00eame-Nord Midjiyawa Bakari recommande \u00ab\u00e0 ceux et celles qui ont la possibilit\u00e9 de se faire vacciner contre le coronavirus\u2026 de ne pas h\u00e9siter un seul instant \u00e0 le faire\u00bb - Cameroun","description":"Le gouverneur de la r\u00e9gion de l\u2019Extr\u00eame-Nord, Midjiyawa Bakari, a pr\u00e9sid\u00e9 la premi\u00e8re r\u00e9union de coordination administra ...","robots":{"index":"index","follow":"follow","max-snippet":"max-snippet:-1","max-image-preview":"max-image-preview:large","max-video-preview":"max-video-preview:-1"},"canonical":"https:\/\/www.africa-press.net\/cameroun\/politique\/cameroun-lutte-contre-le-covid-19-le-gouverneur-de-la-region-de-lextreme-nord-midjiyawa-bakari-recommande-a-ceux-et-celles-qui-ont-la-possibilite-de-se-faire-vacciner-contre-le-coron","og_locale":"fr_FR","og_type":"article","og_title":"Cameroun - Lutte contre le Covid-19: Le gouverneur de la r\u00e9gion de l\u2019Extr\u00eame-Nord Midjiyawa Bakari recommande \u00ab\u00e0 ceux et celles qui ont la possibilit\u00e9 de se faire vacciner contre le coronavirus\u2026 de ne pas h\u00e9siter un seul instant \u00e0 le faire\u00bb","og_description":"Le gouverneur de la r\u00e9gion de l\u2019Extr\u00eame-Nord, Midjiyawa Bakari, a pr\u00e9sid\u00e9 la premi\u00e8re r\u00e9union de coordination administra ...","og_url":"https:\/\/www.africa-press.net\/cameroun\/politique\/cameroun-lutte-contre-le-covid-19-le-gouverneur-de-la-region-de-lextreme-nord-midjiyawa-bakari-recommande-a-ceux-et-celles-qui-ont-la-possibilite-de-se-faire-vacciner-contre-le-coron","og_site_name":"Cameroun","article_published_time":"2021-04-27T19:28:15+00:00","article_modified_time":"2021-04-28T03:56:27+00:00","og_image":[{"width":800,"height":560,"url":"https:\/\/static.africa-press.net\/cameroun\/sites\/57\/2021\/04\/img-6088dcd482d91.jpg","type":"image\/jpeg"}],"author":"cfeditorfr","twitter_card":"summary_large_image","twitter_misc":{"\u00c9crit par":"cfeditorfr","Dur\u00e9e de lecture estim\u00e9e":"2 minutes"},"schema":{"@context":"https:\/\/schema.org","@graph":[{"@type":"Article","@id":"https:\/\/www.africa-press.net\/cameroun\/politique\/cameroun-lutte-contre-le-covid-19-le-gouverneur-de-la-region-de-lextreme-nord-midjiyawa-bakari-recommande-a-ceux-et-celles-qui-ont-la-possibilite-de-se-faire-vacciner-contre-le-coron#article","isPartOf":{"@id":"https:\/\/www.africa-press.net\/cameroun\/politique\/cameroun-lutte-contre-le-covid-19-le-gouverneur-de-la-region-de-lextreme-nord-midjiyawa-bakari-recommande-a-ceux-et-celles-qui-ont-la-possibilite-de-se-faire-vacciner-contre-le-coron"},"author":{"name":"cfeditorfr","@id":"https:\/\/www.africa-press.net\/cameroun\/#\/schema\/person\/2b1cf3cd81a31e3cd26889ca66d677f1"},"headline":"Cameroun &#8211; Lutte contre le Covid-19: Le gouverneur de la r\u00e9gion de l\u2019Extr\u00eame-Nord Midjiyawa Bakari recommande \u00ab\u00e0 ceux et celles qui ont la possibilit\u00e9 de se faire vacciner contre le coronavirus\u2026 de ne pas h\u00e9siter un seul instant \u00e0 le faire\u00bb","datePublished":"2021-04-27T19:28:15+00:00","dateModified":"2021-04-28T03:56:27+00:00","mainEntityOfPage":{"@id":"https:\/\/www.africa-press.net\/cameroun\/politique\/cameroun-lutte-contre-le-covid-19-le-gouverneur-de-la-region-de-lextreme-nord-midjiyawa-bakari-recommande-a-ceux-et-celles-qui-ont-la-possibilite-de-se-faire-vacciner-contre-le-coron"},"wordCount":393,"commentCount":0,"image":{"@id":"https:\/\/www.africa-press.net\/cameroun\/politique\/cameroun-lutte-contre-le-covid-19-le-gouverneur-de-la-region-de-lextreme-nord-midjiyawa-bakari-recommande-a-ceux-et-celles-qui-ont-la-possibilite-de-se-faire-vacciner-contre-le-coron#primaryimage"},"thumbnailUrl":"https:\/\/static.africa-press.net\/cameroun\/sites\/57\/2021\/04\/img-6088dcd482d91.jpg","keywords":["Africa Press","Africa Press-Cameroun","Cameroun"],"articleSection":["homepage-french","Politique","Toutes les actualit\u00e9s"],"inLanguage":"fr-FR","potentialAction":[{"@type":"CommentAction","name":"Comment","target":["https:\/\/www.africa-press.net\/cameroun\/politique\/cameroun-lutte-contre-le-covid-19-le-gouverneur-de-la-region-de-lextreme-nord-midjiyawa-bakari-recommande-a-ceux-et-celles-qui-ont-la-possibilite-de-se-faire-vacciner-contre-le-coron#respond"]}]},{"@type":"WebPage","@id":"https:\/\/www.africa-press.net\/cameroun\/politique\/cameroun-lutte-contre-le-covid-19-le-gouverneur-de-la-region-de-lextreme-nord-midjiyawa-bakari-recommande-a-ceux-et-celles-qui-ont-la-possibilite-de-se-faire-vacciner-contre-le-coron","url":"https:\/\/www.africa-press.net\/cameroun\/politique\/cameroun-lutte-contre-le-covid-19-le-gouverneur-de-la-region-de-lextreme-nord-midjiyawa-bakari-recommande-a-ceux-et-celles-qui-ont-la-possibilite-de-se-faire-vacciner-contre-le-coron","name":"Cameroun - Lutte contre le Covid-19: Le gouverneur de la r\u00e9gion de l\u2019Extr\u00eame-Nord Midjiyawa Bakari recommande \u00ab\u00e0 ceux et celles qui ont la possibilit\u00e9 de se faire vacciner contre le coronavirus\u2026 de ne pas h\u00e9siter un seul instant \u00e0 le faire\u00bb - Cameroun","isPartOf":{"@id":"https:\/\/www.africa-press.net\/cameroun\/#website"},"primaryImageOfPage":{"@id":"https:\/\/www.africa-press.net\/cameroun\/politique\/cameroun-lutte-contre-le-covid-19-le-gouverneur-de-la-region-de-lextreme-nord-midjiyawa-bakari-recommande-a-ceux-et-celles-qui-ont-la-possibilite-de-se-faire-vacciner-contre-le-coron#primaryimage"},"image":{"@id":"https:\/\/www.africa-press.net\/cameroun\/politique\/cameroun-lutte-contre-le-covid-19-le-gouverneur-de-la-region-de-lextreme-nord-midjiyawa-bakari-recommande-a-ceux-et-celles-qui-ont-la-possibilite-de-se-faire-vacciner-contre-le-coron#primaryimage"},"thumbnailUrl":"https:\/\/static.africa-press.net\/cameroun\/sites\/57\/2021\/04\/img-6088dcd482d91.jpg","datePublished":"2021-04-27T19:28:15+00:00","dateModified":"2021-04-28T03:56:27+00:00","author":{"@id":"https:\/\/www.africa-press.net\/cameroun\/#\/schema\/person\/2b1cf3cd81a31e3cd26889ca66d677f1"},"description":"Le gouverneur de la r\u00e9gion de l\u2019Extr\u00eame-Nord, Midjiyawa Bakari, a pr\u00e9sid\u00e9 la premi\u00e8re r\u00e9union de coordination administra ...","breadcrumb":{"@id":"https:\/\/www.africa-press.net\/cameroun\/politique\/cameroun-lutte-contre-le-covid-19-le-gouverneur-de-la-region-de-lextreme-nord-midjiyawa-bakari-recommande-a-ceux-et-celles-qui-ont-la-possibilite-de-se-faire-vacciner-contre-le-coron#breadcrumb"},"inLanguage":"fr-FR","potentialAction":[{"@type":"ReadAction","target":["https:\/\/www.africa-press.net\/cameroun\/politique\/cameroun-lutte-contre-le-covid-19-le-gouverneur-de-la-region-de-lextreme-nord-midjiyawa-bakari-recommande-a-ceux-et-celles-qui-ont-la-possibilite-de-se-faire-vacciner-contre-le-coron"]}]},{"@type":"ImageObject","inLanguage":"fr-FR","@id":"https:\/\/www.africa-press.net\/cameroun\/politique\/cameroun-lutte-contre-le-covid-19-le-gouverneur-de-la-region-de-lextreme-nord-midjiyawa-bakari-recommande-a-ceux-et-celles-qui-ont-la-possibilite-de-se-faire-vacciner-contre-le-coron#primaryimage","url":"https:\/\/static.africa-press.net\/cameroun\/sites\/57\/2021\/04\/img-6088dcd482d91.jpg","contentUrl":"https:\/\/static.africa-press.net\/cameroun\/sites\/57\/2021\/04\/img-6088dcd482d91.jpg","width":800,"height":560,"caption":"Cameroun - Lutte contre le Covid-19: Le gouverneur de la r\u00e9gion de l\u2019Extr\u00eame-Nord Midjiyawa Bakari recommande \u00ab\u00e0 ceux et celles qui ont la possibilit\u00e9 de se faire vacciner contre le coronavirus\u2026 de ne pas h\u00e9siter un seul instant \u00e0 le faire\u00bb"},{"@type":"BreadcrumbList","@id":"https:\/\/www.africa-press.net\/cameroun\/politique\/cameroun-lutte-contre-le-covid-19-le-gouverneur-de-la-region-de-lextreme-nord-midjiyawa-bakari-recommande-a-ceux-et-celles-qui-ont-la-possibilite-de-se-faire-vacciner-contre-le-coron#breadcrumb","itemListElement":[{"@type":"ListItem","position":1,"name":"Accueil","item":"https:\/\/www.africa-press.net\/cameroun\/"},{"@type":"ListItem","position":2,"name":"Cameroun &#8211; Lutte contre le Covid-19: Le gouverneur de la r\u00e9gion de l\u2019Extr\u00eame-Nord Midjiyawa Bakari recommande \u00ab\u00e0 ceux et celles qui ont la possibilit\u00e9 de se faire vacciner contre le coronavirus\u2026 de ne pas h\u00e9siter un seul instant \u00e0 le faire\u00bb"}]},{"@type":"WebSite","@id":"https:\/\/www.africa-press.net\/cameroun\/#website","url":"https:\/\/www.africa-press.net\/cameroun\/","name":"Cameroun","description":"Just another Africa News Agency Sites site","potentialAction":[{"@type":"SearchAction","target":{"@type":"EntryPoint","urlTemplate":"https:\/\/www.africa-press.net\/cameroun\/?s={search_term_string}"},"query-input":{"@type":"PropertyValueSpecification","valueRequired":true,"valueName":"search_term_string"}}],"inLanguage":"fr-FR"},{"@type":"Person","@id":"https:\/\/www.africa-press.net\/cameroun\/#\/schema\/person\/2b1cf3cd81a31e3cd26889ca66d677f1","name":"cfeditorfr"}]}},"_links":{"self":[{"href":"https:\/\/www.africa-press.net\/cameroun\/wp-json\/wp\/v2\/posts\/2625","targetHints":{"allow":["GET"]}}],"collection":[{"href":"https:\/\/www.africa-press.net\/cameroun\/wp-json\/wp\/v2\/posts"}],"about":[{"href":"https:\/\/www.africa-press.net\/cameroun\/wp-json\/wp\/v2\/types\/post"}],"author":[{"embeddable":true,"href":"https:\/\/www.africa-press.net\/cameroun\/wp-json\/wp\/v2\/users\/82"}],"replies":[{"embeddable":true,"href":"https:\/\/www.africa-press.net\/cameroun\/wp-json\/wp\/v2\/comments?post=2625"}],"version-history":[{"count":0,"href":"https:\/\/www.africa-press.net\/cameroun\/wp-json\/wp\/v2\/posts\/2625\/revisions"}],"wp:featuredmedia":[{"embeddable":true,"href":"https:\/\/www.africa-press.net\/cameroun\/wp-json\/wp\/v2\/media\/2624"}],"wp:attachment":[{"href":"https:\/\/www.africa-press.net\/cameroun\/wp-json\/wp\/v2\/media?parent=2625"}],"wp:term":[{"taxonomy":"category","embeddable":true,"href":"https:\/\/www.africa-press.net\/cameroun\/wp-json\/wp\/v2\/categories?post=2625"},{"taxonomy":"post_tag","embeddable":true,"href":"https:\/\/www.africa-press.net\/cameroun\/wp-json\/wp\/v2\/tags?post=2625"}],"curies":[{"name":"wp","href":"https:\/\/api.w.org\/{rel}","templated":true}]}}