{"id":2634,"date":"2021-04-27T19:54:06","date_gmt":"2021-04-27T19:54:06","guid":{"rendered":"https:\/\/www.africa-press.net\/cameroun\/politique\/cameroun-valsero-a-francis-ngannou-il-faut-te-servir-de-ta-notoriete-pour-dire-a-tes-amis-que-assez-cest-assez"},"modified":"2021-04-28T03:58:19","modified_gmt":"2021-04-28T03:58:19","slug":"cameroun-valsero-a-francis-ngannou-il-faut-te-servir-de-ta-notoriete-pour-dire-a-tes-amis-que-assez-cest-assez","status":"publish","type":"post","link":"https:\/\/www.africa-press.net\/cameroun\/politique\/cameroun-valsero-a-francis-ngannou-il-faut-te-servir-de-ta-notoriete-pour-dire-a-tes-amis-que-assez-cest-assez","title":{"rendered":"Cameroun &#8211; Valsero \u00e0 Francis Ngannou: \u00abIl faut te servir de ta notori\u00e9t\u00e9 pour dire \u00e0 tes amis que assez c\u2019est assez\u00bb"},"content":{"rendered":"<p><span style=\"color: #ff6600\"><strong><a href=\"https:\/\/www.africa-press.net\/\">Africa-Press<\/a> &#8211; <a href=\"https:\/\/www.africa-press.net\/cameroun\">Cameroun<\/a>. <\/strong><\/span>Install\u00e9 en France depuis plusieurs mois, le rappeur Valsero, dont l\u2019aversion pour le r\u00e9gime presque quarantenaire de Paul Biya est connue de tous, continue son activisme politique. C\u2019est d\u00e9sormais sur les r\u00e9seaux sociaux, plus pr\u00e9cis\u00e9ment sur Facebook, qu\u2019il fait entendre la voix de la contestation, distribuant les bons et les mauvais points aux personnalit\u00e9s qui, selon lui, desservent la cause du peuple. Derni\u00e8rement, c\u2019est \u00e0 l\u2019actuel champion du monde de MMA, Francis Ngannou, qu\u2019il s\u2019en est pris.<\/p>\n<p>Le combattant camerounais qui est arriv\u00e9 au Cameroun, le lundi 26 avril 2021, pour officiellement pr\u00e9senter sa ceinture de champion au peuple camerounais a fait les frais de la bien-pensance de l\u2019auteur de la chanson pol\u00e9mique \u00abLettre au Pr\u00e9sident\u00bb. Ce dernier estime que Francis Ngannou devrait plut\u00f4t se servir de sa notori\u00e9t\u00e9 pour fustiger les limites du r\u00e9gime de Yaound\u00e9, plut\u00f4t que de permettre \u00e0 ses thurif\u00e9raires de profiter du rayonnement de celle-ci.<\/p>\n<p>\u00abTu vas aller pr\u00e9senter ta ceinture au gouverneur, tu vas aller pr\u00e9senter ta ceinture au ministre des sports, tu vas aller pr\u00e9senter ta ceinture au Premier ministre, tous ces gens qui ne sont m\u00eame pas capable d\u2019offrir \u00e0 la jeunesse camerounaise un petit endroit o\u00f9 ils peuvent s\u2019entra\u00eener pour fabriquer des champions\u00bb, a-t-il indiqu\u00e9 dans une sortie ce mardi 27 avril 2021.<\/p>\n<p>Et de poursuivre en indiquant que: \u00abLes gens qui nous ont vol\u00e9 notre \u00e9nergie et notre force. Tu t\u2019es battu pour partir, tu t\u2019es battu pour gagner et tu vas venir donner cette force et cette \u00e9nergie aux m\u00eames gens qui t\u2019ont plong\u00e9 dans cette situation. C\u2019est pour \u00e7a que je ne suis pas g\u00e9n\u00e9ralement content. Je sais que quand tu vas partir du Cameroun, tu auras beaucoup de probl\u00e8me sauf si tu fais le discret. Tous les gens que tu vas aller voir l\u00e0 gouverneur, le premier ministre aucun d\u2019eux n\u2019\u00e9taient \u00e9veill\u00e9s \u00e0 4 h du matin pour attendre ton combat. Ces des petits gens. Eux ils sont responsables. C\u2019est \u00e0 cause d\u2019eux que tu as \u00abboza\u00bb.<\/p>\n<p><b>\u00abIl est important que tu te serves de ta notori\u00e9t\u00e9 pour demander \u00e0 tes amis que assez c\u2019est assez. On veut plus voir autant de sang couler au Cameroun. L\u00e0 tu es entrain d\u2019aller donner ta ceinture aux gens qui sont responsables de la mort des camerounais. Et c\u2019est pour \u00e7a que si tu ne fais pas attention, si tu ne fais pas le discret tu auras les probl\u00e8mes<\/b><\/p>\n<p>\u00bb, a-t-il conclu.<\/p>\n","protected":false},"excerpt":{"rendered":"<p>Africa-Press &#8211; Cameroun. Install\u00e9 en France depuis plusieurs mois, le rappeur Valsero, dont l\u2019aversion pour le r\u00e9gime presque quarantenaire de Paul Biya est connue de tous, continue son activisme politique. C\u2019est d\u00e9sormais sur les r\u00e9seaux sociaux, plus pr\u00e9cis\u00e9ment sur Facebook, qu\u2019il fait entendre la voix de la contestation, distribuant les bons et les mauvais points [&hellip;]<\/p>\n","protected":false},"author":82,"featured_media":2633,"comment_status":"open","ping_status":"closed","sticky":false,"template":"","format":"standard","meta":{"footnotes":""},"categories":[11,2,10],"tags":[36,50,49],"class_list":["post-2634","post","type-post","status-publish","format-standard","has-post-thumbnail","hentry","category-homepage-french","category-politique","category-toutes-les-actualites","tag-africa-press","tag-africa-press-cameroun","tag-cameroun"],"yoast_head":"<!-- This site is optimized with the Yoast SEO Premium plugin v26.1 (Yoast SEO v27.0) - https:\/\/yoast.com\/product\/yoast-seo-premium-wordpress\/ -->\n<title>Cameroun - Valsero \u00e0 Francis Ngannou: \u00abIl faut te servir de ta notori\u00e9t\u00e9 pour dire \u00e0 tes amis que assez c\u2019est assez\u00bb - Cameroun<\/title>\n<meta name=\"description\" content=\"Install\u00e9 en France depuis plusieurs mois, le rappeur Valsero, dont l\u2019aversion pour le r\u00e9gime presque quarantenaire de Pa ...\" \/>\n<meta name=\"robots\" content=\"index, follow, max-snippet:-1, max-image-preview:large, max-video-preview:-1\" \/>\n<link rel=\"canonical\" href=\"https:\/\/www.africa-press.net\/cameroun\/politique\/cameroun-valsero-a-francis-ngannou-il-faut-te-servir-de-ta-notoriete-pour-dire-a-tes-amis-que-assez-cest-assez\" \/>\n<meta property=\"og:locale\" content=\"fr_FR\" \/>\n<meta property=\"og:type\" content=\"article\" \/>\n<meta property=\"og:title\" content=\"Cameroun - Valsero \u00e0 Francis Ngannou: \u00abIl faut te servir de ta notori\u00e9t\u00e9 pour dire \u00e0 tes amis que assez c\u2019est assez\u00bb\" \/>\n<meta property=\"og:description\" content=\"Install\u00e9 en France depuis plusieurs mois, le rappeur Valsero, dont l\u2019aversion pour le r\u00e9gime presque quarantenaire de Pa ...\" \/>\n<meta property=\"og:url\" content=\"https:\/\/www.africa-press.net\/cameroun\/politique\/cameroun-valsero-a-francis-ngannou-il-faut-te-servir-de-ta-notoriete-pour-dire-a-tes-amis-que-assez-cest-assez\" \/>\n<meta property=\"og:site_name\" content=\"Cameroun\" \/>\n<meta property=\"article:published_time\" content=\"2021-04-27T19:54:06+00:00\" \/>\n<meta property=\"article:modified_time\" content=\"2021-04-28T03:58:19+00:00\" \/>\n<meta property=\"og:image\" content=\"https:\/\/static.africa-press.net\/cameroun\/sites\/57\/2021\/04\/img-6088dd44d3af9.jpg\" \/>\n\t<meta property=\"og:image:width\" content=\"800\" \/>\n\t<meta property=\"og:image:height\" content=\"543\" \/>\n\t<meta property=\"og:image:type\" content=\"image\/jpeg\" \/>\n<meta name=\"author\" content=\"cfeditorfr\" \/>\n<meta name=\"twitter:card\" content=\"summary_large_image\" \/>\n<meta name=\"twitter:label1\" content=\"\u00c9crit par\" \/>\n\t<meta name=\"twitter:data1\" content=\"cfeditorfr\" \/>\n\t<meta name=\"twitter:label2\" content=\"Dur\u00e9e de lecture estim\u00e9e\" \/>\n\t<meta name=\"twitter:data2\" content=\"2 minutes\" \/>\n<script type=\"application\/ld+json\" class=\"yoast-schema-graph\">{\"@context\":\"https:\/\/schema.org\",\"@graph\":[{\"@type\":\"Article\",\"@id\":\"https:\/\/www.africa-press.net\/cameroun\/politique\/cameroun-valsero-a-francis-ngannou-il-faut-te-servir-de-ta-notoriete-pour-dire-a-tes-amis-que-assez-cest-assez#article\",\"isPartOf\":{\"@id\":\"https:\/\/www.africa-press.net\/cameroun\/politique\/cameroun-valsero-a-francis-ngannou-il-faut-te-servir-de-ta-notoriete-pour-dire-a-tes-amis-que-assez-cest-assez\"},\"author\":{\"name\":\"cfeditorfr\",\"@id\":\"https:\/\/www.africa-press.net\/cameroun\/#\/schema\/person\/2b1cf3cd81a31e3cd26889ca66d677f1\"},\"headline\":\"Cameroun &#8211; Valsero \u00e0 Francis Ngannou: \u00abIl faut te servir de ta notori\u00e9t\u00e9 pour dire \u00e0 tes amis que assez c\u2019est assez\u00bb\",\"datePublished\":\"2021-04-27T19:54:06+00:00\",\"dateModified\":\"2021-04-28T03:58:19+00:00\",\"mainEntityOfPage\":{\"@id\":\"https:\/\/www.africa-press.net\/cameroun\/politique\/cameroun-valsero-a-francis-ngannou-il-faut-te-servir-de-ta-notoriete-pour-dire-a-tes-amis-que-assez-cest-assez\"},\"wordCount\":463,\"commentCount\":0,\"image\":{\"@id\":\"https:\/\/www.africa-press.net\/cameroun\/politique\/cameroun-valsero-a-francis-ngannou-il-faut-te-servir-de-ta-notoriete-pour-dire-a-tes-amis-que-assez-cest-assez#primaryimage\"},\"thumbnailUrl\":\"https:\/\/static.africa-press.net\/cameroun\/sites\/57\/2021\/04\/img-6088dd44d3af9.jpg\",\"keywords\":[\"Africa Press\",\"Africa Press-Cameroun\",\"Cameroun\"],\"articleSection\":[\"homepage-french\",\"Politique\",\"Toutes les actualit\u00e9s\"],\"inLanguage\":\"fr-FR\",\"potentialAction\":[{\"@type\":\"CommentAction\",\"name\":\"Comment\",\"target\":[\"https:\/\/www.africa-press.net\/cameroun\/politique\/cameroun-valsero-a-francis-ngannou-il-faut-te-servir-de-ta-notoriete-pour-dire-a-tes-amis-que-assez-cest-assez#respond\"]}]},{\"@type\":\"WebPage\",\"@id\":\"https:\/\/www.africa-press.net\/cameroun\/politique\/cameroun-valsero-a-francis-ngannou-il-faut-te-servir-de-ta-notoriete-pour-dire-a-tes-amis-que-assez-cest-assez\",\"url\":\"https:\/\/www.africa-press.net\/cameroun\/politique\/cameroun-valsero-a-francis-ngannou-il-faut-te-servir-de-ta-notoriete-pour-dire-a-tes-amis-que-assez-cest-assez\",\"name\":\"Cameroun - Valsero \u00e0 Francis Ngannou: \u00abIl faut te servir de ta notori\u00e9t\u00e9 pour dire \u00e0 tes amis que assez c\u2019est assez\u00bb - Cameroun\",\"isPartOf\":{\"@id\":\"https:\/\/www.africa-press.net\/cameroun\/#website\"},\"primaryImageOfPage\":{\"@id\":\"https:\/\/www.africa-press.net\/cameroun\/politique\/cameroun-valsero-a-francis-ngannou-il-faut-te-servir-de-ta-notoriete-pour-dire-a-tes-amis-que-assez-cest-assez#primaryimage\"},\"image\":{\"@id\":\"https:\/\/www.africa-press.net\/cameroun\/politique\/cameroun-valsero-a-francis-ngannou-il-faut-te-servir-de-ta-notoriete-pour-dire-a-tes-amis-que-assez-cest-assez#primaryimage\"},\"thumbnailUrl\":\"https:\/\/static.africa-press.net\/cameroun\/sites\/57\/2021\/04\/img-6088dd44d3af9.jpg\",\"datePublished\":\"2021-04-27T19:54:06+00:00\",\"dateModified\":\"2021-04-28T03:58:19+00:00\",\"author\":{\"@id\":\"https:\/\/www.africa-press.net\/cameroun\/#\/schema\/person\/2b1cf3cd81a31e3cd26889ca66d677f1\"},\"description\":\"Install\u00e9 en France depuis plusieurs mois, le rappeur Valsero, dont l\u2019aversion pour le r\u00e9gime presque quarantenaire de Pa ...\",\"breadcrumb\":{\"@id\":\"https:\/\/www.africa-press.net\/cameroun\/politique\/cameroun-valsero-a-francis-ngannou-il-faut-te-servir-de-ta-notoriete-pour-dire-a-tes-amis-que-assez-cest-assez#breadcrumb\"},\"inLanguage\":\"fr-FR\",\"potentialAction\":[{\"@type\":\"ReadAction\",\"target\":[\"https:\/\/www.africa-press.net\/cameroun\/politique\/cameroun-valsero-a-francis-ngannou-il-faut-te-servir-de-ta-notoriete-pour-dire-a-tes-amis-que-assez-cest-assez\"]}]},{\"@type\":\"ImageObject\",\"inLanguage\":\"fr-FR\",\"@id\":\"https:\/\/www.africa-press.net\/cameroun\/politique\/cameroun-valsero-a-francis-ngannou-il-faut-te-servir-de-ta-notoriete-pour-dire-a-tes-amis-que-assez-cest-assez#primaryimage\",\"url\":\"https:\/\/static.africa-press.net\/cameroun\/sites\/57\/2021\/04\/img-6088dd44d3af9.jpg\",\"contentUrl\":\"https:\/\/static.africa-press.net\/cameroun\/sites\/57\/2021\/04\/img-6088dd44d3af9.jpg\",\"width\":800,\"height\":543,\"caption\":\"Cameroun - Valsero \u00e0 Francis Ngannou: \u00abIl faut te servir de ta notori\u00e9t\u00e9 pour dire \u00e0 tes amis que assez c\u2019est assez\u00bb\"},{\"@type\":\"BreadcrumbList\",\"@id\":\"https:\/\/www.africa-press.net\/cameroun\/politique\/cameroun-valsero-a-francis-ngannou-il-faut-te-servir-de-ta-notoriete-pour-dire-a-tes-amis-que-assez-cest-assez#breadcrumb\",\"itemListElement\":[{\"@type\":\"ListItem\",\"position\":1,\"name\":\"Accueil\",\"item\":\"https:\/\/www.africa-press.net\/cameroun\/\"},{\"@type\":\"ListItem\",\"position\":2,\"name\":\"Cameroun &#8211; Valsero \u00e0 Francis Ngannou: \u00abIl faut te servir de ta notori\u00e9t\u00e9 pour dire \u00e0 tes amis que assez c\u2019est assez\u00bb\"}]},{\"@type\":\"WebSite\",\"@id\":\"https:\/\/www.africa-press.net\/cameroun\/#website\",\"url\":\"https:\/\/www.africa-press.net\/cameroun\/\",\"name\":\"Cameroun\",\"description\":\"Just another Africa News Agency Sites site\",\"potentialAction\":[{\"@type\":\"SearchAction\",\"target\":{\"@type\":\"EntryPoint\",\"urlTemplate\":\"https:\/\/www.africa-press.net\/cameroun\/?s={search_term_string}\"},\"query-input\":{\"@type\":\"PropertyValueSpecification\",\"valueRequired\":true,\"valueName\":\"search_term_string\"}}],\"inLanguage\":\"fr-FR\"},{\"@type\":\"Person\",\"@id\":\"https:\/\/www.africa-press.net\/cameroun\/#\/schema\/person\/2b1cf3cd81a31e3cd26889ca66d677f1\",\"name\":\"cfeditorfr\"}]}<\/script>\n<!-- \/ Yoast SEO Premium plugin. -->","yoast_head_json":{"title":"Cameroun - Valsero \u00e0 Francis Ngannou: \u00abIl faut te servir de ta notori\u00e9t\u00e9 pour dire \u00e0 tes amis que assez c\u2019est assez\u00bb - Cameroun","description":"Install\u00e9 en France depuis plusieurs mois, le rappeur Valsero, dont l\u2019aversion pour le r\u00e9gime presque quarantenaire de Pa ...","robots":{"index":"index","follow":"follow","max-snippet":"max-snippet:-1","max-image-preview":"max-image-preview:large","max-video-preview":"max-video-preview:-1"},"canonical":"https:\/\/www.africa-press.net\/cameroun\/politique\/cameroun-valsero-a-francis-ngannou-il-faut-te-servir-de-ta-notoriete-pour-dire-a-tes-amis-que-assez-cest-assez","og_locale":"fr_FR","og_type":"article","og_title":"Cameroun - Valsero \u00e0 Francis Ngannou: \u00abIl faut te servir de ta notori\u00e9t\u00e9 pour dire \u00e0 tes amis que assez c\u2019est assez\u00bb","og_description":"Install\u00e9 en France depuis plusieurs mois, le rappeur Valsero, dont l\u2019aversion pour le r\u00e9gime presque quarantenaire de Pa ...","og_url":"https:\/\/www.africa-press.net\/cameroun\/politique\/cameroun-valsero-a-francis-ngannou-il-faut-te-servir-de-ta-notoriete-pour-dire-a-tes-amis-que-assez-cest-assez","og_site_name":"Cameroun","article_published_time":"2021-04-27T19:54:06+00:00","article_modified_time":"2021-04-28T03:58:19+00:00","og_image":[{"width":800,"height":543,"url":"https:\/\/static.africa-press.net\/cameroun\/sites\/57\/2021\/04\/img-6088dd44d3af9.jpg","type":"image\/jpeg"}],"author":"cfeditorfr","twitter_card":"summary_large_image","twitter_misc":{"\u00c9crit par":"cfeditorfr","Dur\u00e9e de lecture estim\u00e9e":"2 minutes"},"schema":{"@context":"https:\/\/schema.org","@graph":[{"@type":"Article","@id":"https:\/\/www.africa-press.net\/cameroun\/politique\/cameroun-valsero-a-francis-ngannou-il-faut-te-servir-de-ta-notoriete-pour-dire-a-tes-amis-que-assez-cest-assez#article","isPartOf":{"@id":"https:\/\/www.africa-press.net\/cameroun\/politique\/cameroun-valsero-a-francis-ngannou-il-faut-te-servir-de-ta-notoriete-pour-dire-a-tes-amis-que-assez-cest-assez"},"author":{"name":"cfeditorfr","@id":"https:\/\/www.africa-press.net\/cameroun\/#\/schema\/person\/2b1cf3cd81a31e3cd26889ca66d677f1"},"headline":"Cameroun &#8211; Valsero \u00e0 Francis Ngannou: \u00abIl faut te servir de ta notori\u00e9t\u00e9 pour dire \u00e0 tes amis que assez c\u2019est assez\u00bb","datePublished":"2021-04-27T19:54:06+00:00","dateModified":"2021-04-28T03:58:19+00:00","mainEntityOfPage":{"@id":"https:\/\/www.africa-press.net\/cameroun\/politique\/cameroun-valsero-a-francis-ngannou-il-faut-te-servir-de-ta-notoriete-pour-dire-a-tes-amis-que-assez-cest-assez"},"wordCount":463,"commentCount":0,"image":{"@id":"https:\/\/www.africa-press.net\/cameroun\/politique\/cameroun-valsero-a-francis-ngannou-il-faut-te-servir-de-ta-notoriete-pour-dire-a-tes-amis-que-assez-cest-assez#primaryimage"},"thumbnailUrl":"https:\/\/static.africa-press.net\/cameroun\/sites\/57\/2021\/04\/img-6088dd44d3af9.jpg","keywords":["Africa Press","Africa Press-Cameroun","Cameroun"],"articleSection":["homepage-french","Politique","Toutes les actualit\u00e9s"],"inLanguage":"fr-FR","potentialAction":[{"@type":"CommentAction","name":"Comment","target":["https:\/\/www.africa-press.net\/cameroun\/politique\/cameroun-valsero-a-francis-ngannou-il-faut-te-servir-de-ta-notoriete-pour-dire-a-tes-amis-que-assez-cest-assez#respond"]}]},{"@type":"WebPage","@id":"https:\/\/www.africa-press.net\/cameroun\/politique\/cameroun-valsero-a-francis-ngannou-il-faut-te-servir-de-ta-notoriete-pour-dire-a-tes-amis-que-assez-cest-assez","url":"https:\/\/www.africa-press.net\/cameroun\/politique\/cameroun-valsero-a-francis-ngannou-il-faut-te-servir-de-ta-notoriete-pour-dire-a-tes-amis-que-assez-cest-assez","name":"Cameroun - Valsero \u00e0 Francis Ngannou: \u00abIl faut te servir de ta notori\u00e9t\u00e9 pour dire \u00e0 tes amis que assez c\u2019est assez\u00bb - Cameroun","isPartOf":{"@id":"https:\/\/www.africa-press.net\/cameroun\/#website"},"primaryImageOfPage":{"@id":"https:\/\/www.africa-press.net\/cameroun\/politique\/cameroun-valsero-a-francis-ngannou-il-faut-te-servir-de-ta-notoriete-pour-dire-a-tes-amis-que-assez-cest-assez#primaryimage"},"image":{"@id":"https:\/\/www.africa-press.net\/cameroun\/politique\/cameroun-valsero-a-francis-ngannou-il-faut-te-servir-de-ta-notoriete-pour-dire-a-tes-amis-que-assez-cest-assez#primaryimage"},"thumbnailUrl":"https:\/\/static.africa-press.net\/cameroun\/sites\/57\/2021\/04\/img-6088dd44d3af9.jpg","datePublished":"2021-04-27T19:54:06+00:00","dateModified":"2021-04-28T03:58:19+00:00","author":{"@id":"https:\/\/www.africa-press.net\/cameroun\/#\/schema\/person\/2b1cf3cd81a31e3cd26889ca66d677f1"},"description":"Install\u00e9 en France depuis plusieurs mois, le rappeur Valsero, dont l\u2019aversion pour le r\u00e9gime presque quarantenaire de Pa ...","breadcrumb":{"@id":"https:\/\/www.africa-press.net\/cameroun\/politique\/cameroun-valsero-a-francis-ngannou-il-faut-te-servir-de-ta-notoriete-pour-dire-a-tes-amis-que-assez-cest-assez#breadcrumb"},"inLanguage":"fr-FR","potentialAction":[{"@type":"ReadAction","target":["https:\/\/www.africa-press.net\/cameroun\/politique\/cameroun-valsero-a-francis-ngannou-il-faut-te-servir-de-ta-notoriete-pour-dire-a-tes-amis-que-assez-cest-assez"]}]},{"@type":"ImageObject","inLanguage":"fr-FR","@id":"https:\/\/www.africa-press.net\/cameroun\/politique\/cameroun-valsero-a-francis-ngannou-il-faut-te-servir-de-ta-notoriete-pour-dire-a-tes-amis-que-assez-cest-assez#primaryimage","url":"https:\/\/static.africa-press.net\/cameroun\/sites\/57\/2021\/04\/img-6088dd44d3af9.jpg","contentUrl":"https:\/\/static.africa-press.net\/cameroun\/sites\/57\/2021\/04\/img-6088dd44d3af9.jpg","width":800,"height":543,"caption":"Cameroun - Valsero \u00e0 Francis Ngannou: \u00abIl faut te servir de ta notori\u00e9t\u00e9 pour dire \u00e0 tes amis que assez c\u2019est assez\u00bb"},{"@type":"BreadcrumbList","@id":"https:\/\/www.africa-press.net\/cameroun\/politique\/cameroun-valsero-a-francis-ngannou-il-faut-te-servir-de-ta-notoriete-pour-dire-a-tes-amis-que-assez-cest-assez#breadcrumb","itemListElement":[{"@type":"ListItem","position":1,"name":"Accueil","item":"https:\/\/www.africa-press.net\/cameroun\/"},{"@type":"ListItem","position":2,"name":"Cameroun &#8211; Valsero \u00e0 Francis Ngannou: \u00abIl faut te servir de ta notori\u00e9t\u00e9 pour dire \u00e0 tes amis que assez c\u2019est assez\u00bb"}]},{"@type":"WebSite","@id":"https:\/\/www.africa-press.net\/cameroun\/#website","url":"https:\/\/www.africa-press.net\/cameroun\/","name":"Cameroun","description":"Just another Africa News Agency Sites site","potentialAction":[{"@type":"SearchAction","target":{"@type":"EntryPoint","urlTemplate":"https:\/\/www.africa-press.net\/cameroun\/?s={search_term_string}"},"query-input":{"@type":"PropertyValueSpecification","valueRequired":true,"valueName":"search_term_string"}}],"inLanguage":"fr-FR"},{"@type":"Person","@id":"https:\/\/www.africa-press.net\/cameroun\/#\/schema\/person\/2b1cf3cd81a31e3cd26889ca66d677f1","name":"cfeditorfr"}]}},"_links":{"self":[{"href":"https:\/\/www.africa-press.net\/cameroun\/wp-json\/wp\/v2\/posts\/2634","targetHints":{"allow":["GET"]}}],"collection":[{"href":"https:\/\/www.africa-press.net\/cameroun\/wp-json\/wp\/v2\/posts"}],"about":[{"href":"https:\/\/www.africa-press.net\/cameroun\/wp-json\/wp\/v2\/types\/post"}],"author":[{"embeddable":true,"href":"https:\/\/www.africa-press.net\/cameroun\/wp-json\/wp\/v2\/users\/82"}],"replies":[{"embeddable":true,"href":"https:\/\/www.africa-press.net\/cameroun\/wp-json\/wp\/v2\/comments?post=2634"}],"version-history":[{"count":0,"href":"https:\/\/www.africa-press.net\/cameroun\/wp-json\/wp\/v2\/posts\/2634\/revisions"}],"wp:featuredmedia":[{"embeddable":true,"href":"https:\/\/www.africa-press.net\/cameroun\/wp-json\/wp\/v2\/media\/2633"}],"wp:attachment":[{"href":"https:\/\/www.africa-press.net\/cameroun\/wp-json\/wp\/v2\/media?parent=2634"}],"wp:term":[{"taxonomy":"category","embeddable":true,"href":"https:\/\/www.africa-press.net\/cameroun\/wp-json\/wp\/v2\/categories?post=2634"},{"taxonomy":"post_tag","embeddable":true,"href":"https:\/\/www.africa-press.net\/cameroun\/wp-json\/wp\/v2\/tags?post=2634"}],"curies":[{"name":"wp","href":"https:\/\/api.w.org\/{rel}","templated":true}]}}