{"id":2637,"date":"2021-04-27T19:59:42","date_gmt":"2021-04-27T19:59:42","guid":{"rendered":"https:\/\/www.africa-press.net\/cameroun\/politique\/cameroun-lutte-contre-linsecurite-et-la-criminalite-les-defis-du-nouveau-delegue-regional-de-la-surete-nationale-de-lest"},"modified":"2021-04-28T03:58:54","modified_gmt":"2021-04-28T03:58:54","slug":"cameroun-lutte-contre-linsecurite-et-la-criminalite-les-defis-du-nouveau-delegue-regional-de-la-surete-nationale-de-lest","status":"publish","type":"post","link":"https:\/\/www.africa-press.net\/cameroun\/politique\/cameroun-lutte-contre-linsecurite-et-la-criminalite-les-defis-du-nouveau-delegue-regional-de-la-surete-nationale-de-lest","title":{"rendered":"Cameroun &#8211; Lutte contre l\u2019ins\u00e9curit\u00e9 et la criminalit\u00e9: Les d\u00e9fis du nouveau d\u00e9l\u00e9gu\u00e9 r\u00e9gional de la S\u00fbret\u00e9 Nationale de l\u2019Est"},"content":{"rendered":"<p><span style=\"color: #ff6600\"><strong><a href=\"https:\/\/www.africa-press.net\/\">Africa-Press<\/a> &#8211; <a href=\"https:\/\/www.africa-press.net\/cameroun\">Cameroun<\/a>. <\/strong><\/span>Le nouveau d\u00e9l\u00e9gu\u00e9 r\u00e9gional de la S\u00fbret\u00e9 Nationale de l\u2019Est est en poste depuis le 23 avril 2021. Le commissaire divisionnaire Bion Ngu\u00e9ri a \u00e9t\u00e9 install\u00e9 dans ses fonctions par Martin Mbarga Nguele, le d\u00e9l\u00e9gu\u00e9 g\u00e9n\u00e9ral \u00e0 la S\u00fbret\u00e9 Nationale (DGSN).<\/p>\n<p>Le commissaire divisionnaire Bion Ngu\u00e9ri a d\u00e9sormais la lourde charge de coordonner les services de police dans la r\u00e9gion de l\u2019Est. Une r\u00e9gion \u00abrelativement calme o\u00f9 la criminalit\u00e9 est ma\u00eetris\u00e9e, mais qui reste encore sensible au niveau de sa fronti\u00e8re orientale. Cette partie du territoire national n\u2019est pas \u00e9pargn\u00e9e par quelques actes de criminalit\u00e9 enregistr\u00e9s de temps \u00e0 autre. Notamment, les vols, les agressions, les cambriolages, le braconnage, la contrebande, les enl\u00e8vements et des trafics divers\u00bb, a d\u00e9clar\u00e9 le DGSN cit\u00e9 par Le Messager \u00e9dition du 27 avril 2021.<\/p>\n<p>Le patron de la police a \u00e9galement demand\u00e9 au nouveau promu d\u2019intensifier la recherche du renseignement pr\u00e9visionnel et op\u00e9rationnel pour faire \u00e9chec \u00e0 toute tentative d\u2019entreprise criminelle, de perturbation de l\u2019ordre public, et de la paix dans cette r\u00e9gion.<\/p>\n<p>Il devra aussi avoir \u00abune attention particuli\u00e8re sur les mouvements migratoires, prot\u00e9ger et s\u00e9curiser la nationalit\u00e9 camerounaise dans cette r\u00e9gion o\u00f9 vivent des milliers de r\u00e9fugi\u00e9s, renforcer la surveillance des dispositifs de contr\u00f4les au niveau des fronti\u00e8res, pour \u00e9viter toute incursion des bandes arm\u00e9es venant d\u2019ailleurs\u00bb, peut-on lire.<\/p>\n<p>Pour permettre au d\u00e9l\u00e9gu\u00e9 r\u00e9gional de la S\u00fbret\u00e9 Nationale de l\u2019Est d\u2019accomplir sa mission, le maire de la ville de Bertoua, Jean Marie Dimb\u00e9l\u00e9 Sod\u00e9a, a promis la construction de 5 postes de police dans la ville pour un co\u00fbt total de 30 millions de francs CFA.<\/p>\n<p>N\u00e9 le 9 janvier 1963 \u00e0 Bandam dans la r\u00e9gion de l\u2019Adamaoua, le commissaire divisionnaire Bion Ngueri a d\u00e9j\u00e0 occup\u00e9 plusieurs postes de responsabilit\u00e9s au sein de la police camerounaise. Bien plus, il est titulaire de plusieurs distinctions honorifiques, notamment des m\u00e9dailles de la force publique, de chevalier et d\u2019officier de l\u2019ordre national de la valeur. Il remplace \u00e0 ce poste, le commissaire divisionnaire Assa\u2019a Eric Che, promu Inspecteur g\u00e9n\u00e9ral charg\u00e9 du suivi des activit\u00e9s sportives, de la s\u00e9curit\u00e9 publique et de la police judiciaire \u00e0 la D\u00e9l\u00e9gation g\u00e9n\u00e9rale \u00e0 la S\u00fbret\u00e9 nationale, renseigne le journal.<\/p>\n","protected":false},"excerpt":{"rendered":"<p>Africa-Press &#8211; Cameroun. Le nouveau d\u00e9l\u00e9gu\u00e9 r\u00e9gional de la S\u00fbret\u00e9 Nationale de l\u2019Est est en poste depuis le 23 avril 2021. Le commissaire divisionnaire Bion Ngu\u00e9ri a \u00e9t\u00e9 install\u00e9 dans ses fonctions par Martin Mbarga Nguele, le d\u00e9l\u00e9gu\u00e9 g\u00e9n\u00e9ral \u00e0 la S\u00fbret\u00e9 Nationale (DGSN). Le commissaire divisionnaire Bion Ngu\u00e9ri a d\u00e9sormais la lourde charge de [&hellip;]<\/p>\n","protected":false},"author":82,"featured_media":2636,"comment_status":"open","ping_status":"closed","sticky":false,"template":"","format":"standard","meta":{"footnotes":""},"categories":[11,2,10],"tags":[36,50,49],"class_list":["post-2637","post","type-post","status-publish","format-standard","has-post-thumbnail","hentry","category-homepage-french","category-politique","category-toutes-les-actualites","tag-africa-press","tag-africa-press-cameroun","tag-cameroun"],"yoast_head":"<!-- This site is optimized with the Yoast SEO Premium plugin v26.1 (Yoast SEO v27.0) - https:\/\/yoast.com\/product\/yoast-seo-premium-wordpress\/ -->\n<title>Cameroun - Lutte contre l\u2019ins\u00e9curit\u00e9 et la criminalit\u00e9: Les d\u00e9fis du nouveau d\u00e9l\u00e9gu\u00e9 r\u00e9gional de la S\u00fbret\u00e9 Nationale de l\u2019Est - Cameroun<\/title>\n<meta name=\"description\" content=\"Le nouveau d\u00e9l\u00e9gu\u00e9 r\u00e9gional de la S\u00fbret\u00e9 Nationale de l\u2019Est est en poste depuis le 23 avril 2021. Le commissaire divisio ...\" \/>\n<meta name=\"robots\" content=\"index, follow, max-snippet:-1, max-image-preview:large, max-video-preview:-1\" \/>\n<link rel=\"canonical\" href=\"https:\/\/www.africa-press.net\/cameroun\/politique\/cameroun-lutte-contre-linsecurite-et-la-criminalite-les-defis-du-nouveau-delegue-regional-de-la-surete-nationale-de-lest\" \/>\n<meta property=\"og:locale\" content=\"fr_FR\" \/>\n<meta property=\"og:type\" content=\"article\" \/>\n<meta property=\"og:title\" content=\"Cameroun - Lutte contre l\u2019ins\u00e9curit\u00e9 et la criminalit\u00e9: Les d\u00e9fis du nouveau d\u00e9l\u00e9gu\u00e9 r\u00e9gional de la S\u00fbret\u00e9 Nationale de l\u2019Est\" \/>\n<meta property=\"og:description\" content=\"Le nouveau d\u00e9l\u00e9gu\u00e9 r\u00e9gional de la S\u00fbret\u00e9 Nationale de l\u2019Est est en poste depuis le 23 avril 2021. Le commissaire divisio ...\" \/>\n<meta property=\"og:url\" content=\"https:\/\/www.africa-press.net\/cameroun\/politique\/cameroun-lutte-contre-linsecurite-et-la-criminalite-les-defis-du-nouveau-delegue-regional-de-la-surete-nationale-de-lest\" \/>\n<meta property=\"og:site_name\" content=\"Cameroun\" \/>\n<meta property=\"article:published_time\" content=\"2021-04-27T19:59:42+00:00\" \/>\n<meta property=\"article:modified_time\" content=\"2021-04-28T03:58:54+00:00\" \/>\n<meta property=\"og:image\" content=\"https:\/\/static.africa-press.net\/cameroun\/sites\/57\/2021\/04\/img-6088dd68869ef.jpg\" \/>\n\t<meta property=\"og:image:width\" content=\"800\" \/>\n\t<meta property=\"og:image:height\" content=\"500\" \/>\n\t<meta property=\"og:image:type\" content=\"image\/jpeg\" \/>\n<meta name=\"author\" content=\"cfeditorfr\" \/>\n<meta name=\"twitter:card\" content=\"summary_large_image\" \/>\n<meta name=\"twitter:label1\" content=\"\u00c9crit par\" \/>\n\t<meta name=\"twitter:data1\" content=\"cfeditorfr\" \/>\n\t<meta name=\"twitter:label2\" content=\"Dur\u00e9e de lecture estim\u00e9e\" \/>\n\t<meta name=\"twitter:data2\" content=\"2 minutes\" \/>\n<script type=\"application\/ld+json\" class=\"yoast-schema-graph\">{\"@context\":\"https:\/\/schema.org\",\"@graph\":[{\"@type\":\"Article\",\"@id\":\"https:\/\/www.africa-press.net\/cameroun\/politique\/cameroun-lutte-contre-linsecurite-et-la-criminalite-les-defis-du-nouveau-delegue-regional-de-la-surete-nationale-de-lest#article\",\"isPartOf\":{\"@id\":\"https:\/\/www.africa-press.net\/cameroun\/politique\/cameroun-lutte-contre-linsecurite-et-la-criminalite-les-defis-du-nouveau-delegue-regional-de-la-surete-nationale-de-lest\"},\"author\":{\"name\":\"cfeditorfr\",\"@id\":\"https:\/\/www.africa-press.net\/cameroun\/#\/schema\/person\/2b1cf3cd81a31e3cd26889ca66d677f1\"},\"headline\":\"Cameroun &#8211; Lutte contre l\u2019ins\u00e9curit\u00e9 et la criminalit\u00e9: Les d\u00e9fis du nouveau d\u00e9l\u00e9gu\u00e9 r\u00e9gional de la S\u00fbret\u00e9 Nationale de l\u2019Est\",\"datePublished\":\"2021-04-27T19:59:42+00:00\",\"dateModified\":\"2021-04-28T03:58:54+00:00\",\"mainEntityOfPage\":{\"@id\":\"https:\/\/www.africa-press.net\/cameroun\/politique\/cameroun-lutte-contre-linsecurite-et-la-criminalite-les-defis-du-nouveau-delegue-regional-de-la-surete-nationale-de-lest\"},\"wordCount\":442,\"commentCount\":0,\"image\":{\"@id\":\"https:\/\/www.africa-press.net\/cameroun\/politique\/cameroun-lutte-contre-linsecurite-et-la-criminalite-les-defis-du-nouveau-delegue-regional-de-la-surete-nationale-de-lest#primaryimage\"},\"thumbnailUrl\":\"https:\/\/static.africa-press.net\/cameroun\/sites\/57\/2021\/04\/img-6088dd68869ef.jpg\",\"keywords\":[\"Africa Press\",\"Africa Press-Cameroun\",\"Cameroun\"],\"articleSection\":[\"homepage-french\",\"Politique\",\"Toutes les actualit\u00e9s\"],\"inLanguage\":\"fr-FR\",\"potentialAction\":[{\"@type\":\"CommentAction\",\"name\":\"Comment\",\"target\":[\"https:\/\/www.africa-press.net\/cameroun\/politique\/cameroun-lutte-contre-linsecurite-et-la-criminalite-les-defis-du-nouveau-delegue-regional-de-la-surete-nationale-de-lest#respond\"]}]},{\"@type\":\"WebPage\",\"@id\":\"https:\/\/www.africa-press.net\/cameroun\/politique\/cameroun-lutte-contre-linsecurite-et-la-criminalite-les-defis-du-nouveau-delegue-regional-de-la-surete-nationale-de-lest\",\"url\":\"https:\/\/www.africa-press.net\/cameroun\/politique\/cameroun-lutte-contre-linsecurite-et-la-criminalite-les-defis-du-nouveau-delegue-regional-de-la-surete-nationale-de-lest\",\"name\":\"Cameroun - Lutte contre l\u2019ins\u00e9curit\u00e9 et la criminalit\u00e9: Les d\u00e9fis du nouveau d\u00e9l\u00e9gu\u00e9 r\u00e9gional de la S\u00fbret\u00e9 Nationale de l\u2019Est - Cameroun\",\"isPartOf\":{\"@id\":\"https:\/\/www.africa-press.net\/cameroun\/#website\"},\"primaryImageOfPage\":{\"@id\":\"https:\/\/www.africa-press.net\/cameroun\/politique\/cameroun-lutte-contre-linsecurite-et-la-criminalite-les-defis-du-nouveau-delegue-regional-de-la-surete-nationale-de-lest#primaryimage\"},\"image\":{\"@id\":\"https:\/\/www.africa-press.net\/cameroun\/politique\/cameroun-lutte-contre-linsecurite-et-la-criminalite-les-defis-du-nouveau-delegue-regional-de-la-surete-nationale-de-lest#primaryimage\"},\"thumbnailUrl\":\"https:\/\/static.africa-press.net\/cameroun\/sites\/57\/2021\/04\/img-6088dd68869ef.jpg\",\"datePublished\":\"2021-04-27T19:59:42+00:00\",\"dateModified\":\"2021-04-28T03:58:54+00:00\",\"author\":{\"@id\":\"https:\/\/www.africa-press.net\/cameroun\/#\/schema\/person\/2b1cf3cd81a31e3cd26889ca66d677f1\"},\"description\":\"Le nouveau d\u00e9l\u00e9gu\u00e9 r\u00e9gional de la S\u00fbret\u00e9 Nationale de l\u2019Est est en poste depuis le 23 avril 2021. Le commissaire divisio ...\",\"breadcrumb\":{\"@id\":\"https:\/\/www.africa-press.net\/cameroun\/politique\/cameroun-lutte-contre-linsecurite-et-la-criminalite-les-defis-du-nouveau-delegue-regional-de-la-surete-nationale-de-lest#breadcrumb\"},\"inLanguage\":\"fr-FR\",\"potentialAction\":[{\"@type\":\"ReadAction\",\"target\":[\"https:\/\/www.africa-press.net\/cameroun\/politique\/cameroun-lutte-contre-linsecurite-et-la-criminalite-les-defis-du-nouveau-delegue-regional-de-la-surete-nationale-de-lest\"]}]},{\"@type\":\"ImageObject\",\"inLanguage\":\"fr-FR\",\"@id\":\"https:\/\/www.africa-press.net\/cameroun\/politique\/cameroun-lutte-contre-linsecurite-et-la-criminalite-les-defis-du-nouveau-delegue-regional-de-la-surete-nationale-de-lest#primaryimage\",\"url\":\"https:\/\/static.africa-press.net\/cameroun\/sites\/57\/2021\/04\/img-6088dd68869ef.jpg\",\"contentUrl\":\"https:\/\/static.africa-press.net\/cameroun\/sites\/57\/2021\/04\/img-6088dd68869ef.jpg\",\"width\":800,\"height\":500,\"caption\":\"Cameroun - Lutte contre l\u2019ins\u00e9curit\u00e9 et la criminalit\u00e9: Les d\u00e9fis du nouveau d\u00e9l\u00e9gu\u00e9 r\u00e9gional de la S\u00fbret\u00e9 Nationale de l\u2019Est\"},{\"@type\":\"BreadcrumbList\",\"@id\":\"https:\/\/www.africa-press.net\/cameroun\/politique\/cameroun-lutte-contre-linsecurite-et-la-criminalite-les-defis-du-nouveau-delegue-regional-de-la-surete-nationale-de-lest#breadcrumb\",\"itemListElement\":[{\"@type\":\"ListItem\",\"position\":1,\"name\":\"Accueil\",\"item\":\"https:\/\/www.africa-press.net\/cameroun\/\"},{\"@type\":\"ListItem\",\"position\":2,\"name\":\"Cameroun &#8211; Lutte contre l\u2019ins\u00e9curit\u00e9 et la criminalit\u00e9: Les d\u00e9fis du nouveau d\u00e9l\u00e9gu\u00e9 r\u00e9gional de la S\u00fbret\u00e9 Nationale de l\u2019Est\"}]},{\"@type\":\"WebSite\",\"@id\":\"https:\/\/www.africa-press.net\/cameroun\/#website\",\"url\":\"https:\/\/www.africa-press.net\/cameroun\/\",\"name\":\"Cameroun\",\"description\":\"Just another Africa News Agency Sites site\",\"potentialAction\":[{\"@type\":\"SearchAction\",\"target\":{\"@type\":\"EntryPoint\",\"urlTemplate\":\"https:\/\/www.africa-press.net\/cameroun\/?s={search_term_string}\"},\"query-input\":{\"@type\":\"PropertyValueSpecification\",\"valueRequired\":true,\"valueName\":\"search_term_string\"}}],\"inLanguage\":\"fr-FR\"},{\"@type\":\"Person\",\"@id\":\"https:\/\/www.africa-press.net\/cameroun\/#\/schema\/person\/2b1cf3cd81a31e3cd26889ca66d677f1\",\"name\":\"cfeditorfr\"}]}<\/script>\n<!-- \/ Yoast SEO Premium plugin. -->","yoast_head_json":{"title":"Cameroun - Lutte contre l\u2019ins\u00e9curit\u00e9 et la criminalit\u00e9: Les d\u00e9fis du nouveau d\u00e9l\u00e9gu\u00e9 r\u00e9gional de la S\u00fbret\u00e9 Nationale de l\u2019Est - Cameroun","description":"Le nouveau d\u00e9l\u00e9gu\u00e9 r\u00e9gional de la S\u00fbret\u00e9 Nationale de l\u2019Est est en poste depuis le 23 avril 2021. Le commissaire divisio ...","robots":{"index":"index","follow":"follow","max-snippet":"max-snippet:-1","max-image-preview":"max-image-preview:large","max-video-preview":"max-video-preview:-1"},"canonical":"https:\/\/www.africa-press.net\/cameroun\/politique\/cameroun-lutte-contre-linsecurite-et-la-criminalite-les-defis-du-nouveau-delegue-regional-de-la-surete-nationale-de-lest","og_locale":"fr_FR","og_type":"article","og_title":"Cameroun - Lutte contre l\u2019ins\u00e9curit\u00e9 et la criminalit\u00e9: Les d\u00e9fis du nouveau d\u00e9l\u00e9gu\u00e9 r\u00e9gional de la S\u00fbret\u00e9 Nationale de l\u2019Est","og_description":"Le nouveau d\u00e9l\u00e9gu\u00e9 r\u00e9gional de la S\u00fbret\u00e9 Nationale de l\u2019Est est en poste depuis le 23 avril 2021. Le commissaire divisio ...","og_url":"https:\/\/www.africa-press.net\/cameroun\/politique\/cameroun-lutte-contre-linsecurite-et-la-criminalite-les-defis-du-nouveau-delegue-regional-de-la-surete-nationale-de-lest","og_site_name":"Cameroun","article_published_time":"2021-04-27T19:59:42+00:00","article_modified_time":"2021-04-28T03:58:54+00:00","og_image":[{"width":800,"height":500,"url":"https:\/\/static.africa-press.net\/cameroun\/sites\/57\/2021\/04\/img-6088dd68869ef.jpg","type":"image\/jpeg"}],"author":"cfeditorfr","twitter_card":"summary_large_image","twitter_misc":{"\u00c9crit par":"cfeditorfr","Dur\u00e9e de lecture estim\u00e9e":"2 minutes"},"schema":{"@context":"https:\/\/schema.org","@graph":[{"@type":"Article","@id":"https:\/\/www.africa-press.net\/cameroun\/politique\/cameroun-lutte-contre-linsecurite-et-la-criminalite-les-defis-du-nouveau-delegue-regional-de-la-surete-nationale-de-lest#article","isPartOf":{"@id":"https:\/\/www.africa-press.net\/cameroun\/politique\/cameroun-lutte-contre-linsecurite-et-la-criminalite-les-defis-du-nouveau-delegue-regional-de-la-surete-nationale-de-lest"},"author":{"name":"cfeditorfr","@id":"https:\/\/www.africa-press.net\/cameroun\/#\/schema\/person\/2b1cf3cd81a31e3cd26889ca66d677f1"},"headline":"Cameroun &#8211; Lutte contre l\u2019ins\u00e9curit\u00e9 et la criminalit\u00e9: Les d\u00e9fis du nouveau d\u00e9l\u00e9gu\u00e9 r\u00e9gional de la S\u00fbret\u00e9 Nationale de l\u2019Est","datePublished":"2021-04-27T19:59:42+00:00","dateModified":"2021-04-28T03:58:54+00:00","mainEntityOfPage":{"@id":"https:\/\/www.africa-press.net\/cameroun\/politique\/cameroun-lutte-contre-linsecurite-et-la-criminalite-les-defis-du-nouveau-delegue-regional-de-la-surete-nationale-de-lest"},"wordCount":442,"commentCount":0,"image":{"@id":"https:\/\/www.africa-press.net\/cameroun\/politique\/cameroun-lutte-contre-linsecurite-et-la-criminalite-les-defis-du-nouveau-delegue-regional-de-la-surete-nationale-de-lest#primaryimage"},"thumbnailUrl":"https:\/\/static.africa-press.net\/cameroun\/sites\/57\/2021\/04\/img-6088dd68869ef.jpg","keywords":["Africa Press","Africa Press-Cameroun","Cameroun"],"articleSection":["homepage-french","Politique","Toutes les actualit\u00e9s"],"inLanguage":"fr-FR","potentialAction":[{"@type":"CommentAction","name":"Comment","target":["https:\/\/www.africa-press.net\/cameroun\/politique\/cameroun-lutte-contre-linsecurite-et-la-criminalite-les-defis-du-nouveau-delegue-regional-de-la-surete-nationale-de-lest#respond"]}]},{"@type":"WebPage","@id":"https:\/\/www.africa-press.net\/cameroun\/politique\/cameroun-lutte-contre-linsecurite-et-la-criminalite-les-defis-du-nouveau-delegue-regional-de-la-surete-nationale-de-lest","url":"https:\/\/www.africa-press.net\/cameroun\/politique\/cameroun-lutte-contre-linsecurite-et-la-criminalite-les-defis-du-nouveau-delegue-regional-de-la-surete-nationale-de-lest","name":"Cameroun - Lutte contre l\u2019ins\u00e9curit\u00e9 et la criminalit\u00e9: Les d\u00e9fis du nouveau d\u00e9l\u00e9gu\u00e9 r\u00e9gional de la S\u00fbret\u00e9 Nationale de l\u2019Est - Cameroun","isPartOf":{"@id":"https:\/\/www.africa-press.net\/cameroun\/#website"},"primaryImageOfPage":{"@id":"https:\/\/www.africa-press.net\/cameroun\/politique\/cameroun-lutte-contre-linsecurite-et-la-criminalite-les-defis-du-nouveau-delegue-regional-de-la-surete-nationale-de-lest#primaryimage"},"image":{"@id":"https:\/\/www.africa-press.net\/cameroun\/politique\/cameroun-lutte-contre-linsecurite-et-la-criminalite-les-defis-du-nouveau-delegue-regional-de-la-surete-nationale-de-lest#primaryimage"},"thumbnailUrl":"https:\/\/static.africa-press.net\/cameroun\/sites\/57\/2021\/04\/img-6088dd68869ef.jpg","datePublished":"2021-04-27T19:59:42+00:00","dateModified":"2021-04-28T03:58:54+00:00","author":{"@id":"https:\/\/www.africa-press.net\/cameroun\/#\/schema\/person\/2b1cf3cd81a31e3cd26889ca66d677f1"},"description":"Le nouveau d\u00e9l\u00e9gu\u00e9 r\u00e9gional de la S\u00fbret\u00e9 Nationale de l\u2019Est est en poste depuis le 23 avril 2021. Le commissaire divisio ...","breadcrumb":{"@id":"https:\/\/www.africa-press.net\/cameroun\/politique\/cameroun-lutte-contre-linsecurite-et-la-criminalite-les-defis-du-nouveau-delegue-regional-de-la-surete-nationale-de-lest#breadcrumb"},"inLanguage":"fr-FR","potentialAction":[{"@type":"ReadAction","target":["https:\/\/www.africa-press.net\/cameroun\/politique\/cameroun-lutte-contre-linsecurite-et-la-criminalite-les-defis-du-nouveau-delegue-regional-de-la-surete-nationale-de-lest"]}]},{"@type":"ImageObject","inLanguage":"fr-FR","@id":"https:\/\/www.africa-press.net\/cameroun\/politique\/cameroun-lutte-contre-linsecurite-et-la-criminalite-les-defis-du-nouveau-delegue-regional-de-la-surete-nationale-de-lest#primaryimage","url":"https:\/\/static.africa-press.net\/cameroun\/sites\/57\/2021\/04\/img-6088dd68869ef.jpg","contentUrl":"https:\/\/static.africa-press.net\/cameroun\/sites\/57\/2021\/04\/img-6088dd68869ef.jpg","width":800,"height":500,"caption":"Cameroun - Lutte contre l\u2019ins\u00e9curit\u00e9 et la criminalit\u00e9: Les d\u00e9fis du nouveau d\u00e9l\u00e9gu\u00e9 r\u00e9gional de la S\u00fbret\u00e9 Nationale de l\u2019Est"},{"@type":"BreadcrumbList","@id":"https:\/\/www.africa-press.net\/cameroun\/politique\/cameroun-lutte-contre-linsecurite-et-la-criminalite-les-defis-du-nouveau-delegue-regional-de-la-surete-nationale-de-lest#breadcrumb","itemListElement":[{"@type":"ListItem","position":1,"name":"Accueil","item":"https:\/\/www.africa-press.net\/cameroun\/"},{"@type":"ListItem","position":2,"name":"Cameroun &#8211; Lutte contre l\u2019ins\u00e9curit\u00e9 et la criminalit\u00e9: Les d\u00e9fis du nouveau d\u00e9l\u00e9gu\u00e9 r\u00e9gional de la S\u00fbret\u00e9 Nationale de l\u2019Est"}]},{"@type":"WebSite","@id":"https:\/\/www.africa-press.net\/cameroun\/#website","url":"https:\/\/www.africa-press.net\/cameroun\/","name":"Cameroun","description":"Just another Africa News Agency Sites site","potentialAction":[{"@type":"SearchAction","target":{"@type":"EntryPoint","urlTemplate":"https:\/\/www.africa-press.net\/cameroun\/?s={search_term_string}"},"query-input":{"@type":"PropertyValueSpecification","valueRequired":true,"valueName":"search_term_string"}}],"inLanguage":"fr-FR"},{"@type":"Person","@id":"https:\/\/www.africa-press.net\/cameroun\/#\/schema\/person\/2b1cf3cd81a31e3cd26889ca66d677f1","name":"cfeditorfr"}]}},"_links":{"self":[{"href":"https:\/\/www.africa-press.net\/cameroun\/wp-json\/wp\/v2\/posts\/2637","targetHints":{"allow":["GET"]}}],"collection":[{"href":"https:\/\/www.africa-press.net\/cameroun\/wp-json\/wp\/v2\/posts"}],"about":[{"href":"https:\/\/www.africa-press.net\/cameroun\/wp-json\/wp\/v2\/types\/post"}],"author":[{"embeddable":true,"href":"https:\/\/www.africa-press.net\/cameroun\/wp-json\/wp\/v2\/users\/82"}],"replies":[{"embeddable":true,"href":"https:\/\/www.africa-press.net\/cameroun\/wp-json\/wp\/v2\/comments?post=2637"}],"version-history":[{"count":0,"href":"https:\/\/www.africa-press.net\/cameroun\/wp-json\/wp\/v2\/posts\/2637\/revisions"}],"wp:featuredmedia":[{"embeddable":true,"href":"https:\/\/www.africa-press.net\/cameroun\/wp-json\/wp\/v2\/media\/2636"}],"wp:attachment":[{"href":"https:\/\/www.africa-press.net\/cameroun\/wp-json\/wp\/v2\/media?parent=2637"}],"wp:term":[{"taxonomy":"category","embeddable":true,"href":"https:\/\/www.africa-press.net\/cameroun\/wp-json\/wp\/v2\/categories?post=2637"},{"taxonomy":"post_tag","embeddable":true,"href":"https:\/\/www.africa-press.net\/cameroun\/wp-json\/wp\/v2\/tags?post=2637"}],"curies":[{"name":"wp","href":"https:\/\/api.w.org\/{rel}","templated":true}]}}