{"id":2643,"date":"2021-04-27T20:16:59","date_gmt":"2021-04-27T20:16:59","guid":{"rendered":"https:\/\/www.africa-press.net\/cameroun\/politique\/cameroun-malaise-dans-les-collectivites-territoriales-decentralisees-letat-na-pas-reverse-les-centimes-additionnels-communaux-depuis-quatre-mois"},"modified":"2021-04-28T04:00:13","modified_gmt":"2021-04-28T04:00:13","slug":"cameroun-malaise-dans-les-collectivites-territoriales-decentralisees-letat-na-pas-reverse-les-centimes-additionnels-communaux-depuis-quatre-mois","status":"publish","type":"post","link":"https:\/\/www.africa-press.net\/cameroun\/economie\/cameroun-malaise-dans-les-collectivites-territoriales-decentralisees-letat-na-pas-reverse-les-centimes-additionnels-communaux-depuis-quatre-mois","title":{"rendered":"Cameroun &#8211; Malaise dans les collectivit\u00e9s territoriales d\u00e9centralis\u00e9es: L\u2019Etat n\u2019a pas revers\u00e9 les centimes additionnels communaux depuis quatre mois"},"content":{"rendered":"<p><span style=\"color: #ff6600\"><strong><a href=\"https:\/\/www.africa-press.net\/\">Africa-Press<\/a> &#8211; <a href=\"https:\/\/www.africa-press.net\/cameroun\">Cameroun<\/a>. <\/strong><\/span>Malaise dans les communes camerounaises. Selon des informations relay\u00e9es par le quotidien Mutations \u00e9dition de ce mardi 27 avril 2021, l\u2019Etat n\u2019a pas revers\u00e9 les centimes additionnels communaux (CAC) depuis le d\u00e9but de l\u2019ann\u00e9e 2021. Cons\u00e9quence, plusieurs d\u2019entre elles n\u2019ont pas pay\u00e9 leur personnel depuis deux, trois, voire quatre, cinq mois.<\/p>\n<p>Selon la loi, ces ressources doivent \u00eatre mises \u00e0 la disposition des collectivit\u00e9s territoriales d\u00e9centralis\u00e9es (CTD) \u00e0 la fin de chaque trimestre. Le journal, qui cite des sources dignes de foi, affirme que \u00ables \u00e9tats ont depuis \u00e9t\u00e9 faits par le minist\u00e8re de la D\u00e9centralisation et du D\u00e9veloppement local (MINDDEVEL), qui les a transmis au Fonds sp\u00e9cial d\u2019\u00e9quipement et d\u2019intervention intercommunale (FEICOM). A son tour, cette structure qui joue le r\u00f4le de banque des communes, a effectivement transmis les dossiers pour paiement au minist\u00e8re des Finances (MINFI), fin mars dernier. Mais, dans cette derni\u00e8re administration, le comit\u00e9 de tr\u00e9sorerie qui s\u2019est tenu hier lundi a \u00e9vit\u00e9 la question lors des propositions de paiement. En clair, les communes qui suffoquent d\u00e9j\u00e0 vont devoir encore s\u2019armer de patience\u00bb, pr\u00e9cise Mutations.<\/p>\n<p>D\u2019apr\u00e8s le journal, \u00e0 la direction du tr\u00e9sor, des sources informent que depuis pr\u00e8s de deux mois, l\u2019Etat ne conna\u00eet pourtant pas de tensions de tr\u00e9sorerie. \u00abUne bonne partie des ressources aurait m\u00eame \u00e9t\u00e9 revers\u00e9e dans le compte de r\u00e9serve. Une source proche du dossier attribue le non reversement des CAC jusque-l\u00e0 \u00e0 un probl\u00e8me de proc\u00e9dures\u00bb, peut-on lire.<\/p>\n<p>L\u2019argent revers\u00e9 aux communes fin mars pour le compte du quatri\u00e8me trimestre de l\u2019exercice 2020 a fait l\u2019effet d\u2019une goutte d\u2019eau dans la mer pour beaucoup de municipalit\u00e9s. Pour Jean-Baptiste Amvouna Atemengue, maire de Ngoumou dans la r\u00e9gion du Centre, qui s\u2019est confi\u00e9 au journal, sa commune enregistre un mois d\u2019arri\u00e9r\u00e9s de salaire, \u00abmais la situation est pire chez certains de ses coll\u00e8gues, litt\u00e9ralement bloqu\u00e9s\u00bb, a-t-il indiqu\u00e9.<\/p>\n","protected":false},"excerpt":{"rendered":"<p>Africa-Press &#8211; Cameroun. Malaise dans les communes camerounaises. Selon des informations relay\u00e9es par le quotidien Mutations \u00e9dition de ce mardi 27 avril 2021, l\u2019Etat n\u2019a pas revers\u00e9 les centimes additionnels communaux (CAC) depuis le d\u00e9but de l\u2019ann\u00e9e 2021. Cons\u00e9quence, plusieurs d\u2019entre elles n\u2019ont pas pay\u00e9 leur personnel depuis deux, trois, voire quatre, cinq mois. Selon [&hellip;]<\/p>\n","protected":false},"author":82,"featured_media":2642,"comment_status":"open","ping_status":"closed","sticky":false,"template":"","format":"standard","meta":{"footnotes":""},"categories":[3,11,10],"tags":[36,50,49],"class_list":["post-2643","post","type-post","status-publish","format-standard","has-post-thumbnail","hentry","category-economie","category-homepage-french","category-toutes-les-actualites","tag-africa-press","tag-africa-press-cameroun","tag-cameroun"],"yoast_head":"<!-- This site is optimized with the Yoast SEO Premium plugin v26.1 (Yoast SEO v27.0) - https:\/\/yoast.com\/product\/yoast-seo-premium-wordpress\/ -->\n<title>Cameroun - Malaise dans les collectivit\u00e9s territoriales d\u00e9centralis\u00e9es: L\u2019Etat n\u2019a pas revers\u00e9 les centimes additionnels communaux depuis quatre mois - Cameroun<\/title>\n<meta name=\"description\" content=\"Malaise dans les communes camerounaises. Selon des informations relay\u00e9es par le quotidien Mutations \u00e9dition de ce mardi ...\" \/>\n<meta name=\"robots\" content=\"index, follow, max-snippet:-1, max-image-preview:large, max-video-preview:-1\" \/>\n<link rel=\"canonical\" href=\"https:\/\/www.africa-press.net\/cameroun\/economie\/cameroun-malaise-dans-les-collectivites-territoriales-decentralisees-letat-na-pas-reverse-les-centimes-additionnels-communaux-depuis-quatre-mois\" \/>\n<meta property=\"og:locale\" content=\"fr_FR\" \/>\n<meta property=\"og:type\" content=\"article\" \/>\n<meta property=\"og:title\" content=\"Cameroun - Malaise dans les collectivit\u00e9s territoriales d\u00e9centralis\u00e9es: L\u2019Etat n\u2019a pas revers\u00e9 les centimes additionnels communaux depuis quatre mois\" \/>\n<meta property=\"og:description\" content=\"Malaise dans les communes camerounaises. Selon des informations relay\u00e9es par le quotidien Mutations \u00e9dition de ce mardi ...\" \/>\n<meta property=\"og:url\" content=\"https:\/\/www.africa-press.net\/cameroun\/economie\/cameroun-malaise-dans-les-collectivites-territoriales-decentralisees-letat-na-pas-reverse-les-centimes-additionnels-communaux-depuis-quatre-mois\" \/>\n<meta property=\"og:site_name\" content=\"Cameroun\" \/>\n<meta property=\"article:published_time\" content=\"2021-04-27T20:16:59+00:00\" \/>\n<meta property=\"article:modified_time\" content=\"2021-04-28T04:00:13+00:00\" \/>\n<meta property=\"og:image\" content=\"https:\/\/static.africa-press.net\/cameroun\/sites\/57\/2021\/04\/img-6088ddb5e584c.jpg\" \/>\n\t<meta property=\"og:image:width\" content=\"800\" \/>\n\t<meta property=\"og:image:height\" content=\"418\" \/>\n\t<meta property=\"og:image:type\" content=\"image\/jpeg\" \/>\n<meta name=\"author\" content=\"cfeditorfr\" \/>\n<meta name=\"twitter:card\" content=\"summary_large_image\" \/>\n<meta name=\"twitter:label1\" content=\"\u00c9crit par\" \/>\n\t<meta name=\"twitter:data1\" content=\"cfeditorfr\" \/>\n\t<meta name=\"twitter:label2\" content=\"Dur\u00e9e de lecture estim\u00e9e\" \/>\n\t<meta name=\"twitter:data2\" content=\"2 minutes\" \/>\n<script type=\"application\/ld+json\" class=\"yoast-schema-graph\">{\"@context\":\"https:\/\/schema.org\",\"@graph\":[{\"@type\":\"Article\",\"@id\":\"https:\/\/www.africa-press.net\/cameroun\/economie\/cameroun-malaise-dans-les-collectivites-territoriales-decentralisees-letat-na-pas-reverse-les-centimes-additionnels-communaux-depuis-quatre-mois#article\",\"isPartOf\":{\"@id\":\"https:\/\/www.africa-press.net\/cameroun\/economie\/cameroun-malaise-dans-les-collectivites-territoriales-decentralisees-letat-na-pas-reverse-les-centimes-additionnels-communaux-depuis-quatre-mois\"},\"author\":{\"name\":\"cfeditorfr\",\"@id\":\"https:\/\/www.africa-press.net\/cameroun\/#\/schema\/person\/2b1cf3cd81a31e3cd26889ca66d677f1\"},\"headline\":\"Cameroun &#8211; Malaise dans les collectivit\u00e9s territoriales d\u00e9centralis\u00e9es: L\u2019Etat n\u2019a pas revers\u00e9 les centimes additionnels communaux depuis quatre mois\",\"datePublished\":\"2021-04-27T20:16:59+00:00\",\"dateModified\":\"2021-04-28T04:00:13+00:00\",\"mainEntityOfPage\":{\"@id\":\"https:\/\/www.africa-press.net\/cameroun\/economie\/cameroun-malaise-dans-les-collectivites-territoriales-decentralisees-letat-na-pas-reverse-les-centimes-additionnels-communaux-depuis-quatre-mois\"},\"wordCount\":377,\"commentCount\":0,\"image\":{\"@id\":\"https:\/\/www.africa-press.net\/cameroun\/economie\/cameroun-malaise-dans-les-collectivites-territoriales-decentralisees-letat-na-pas-reverse-les-centimes-additionnels-communaux-depuis-quatre-mois#primaryimage\"},\"thumbnailUrl\":\"https:\/\/static.africa-press.net\/cameroun\/sites\/57\/2021\/04\/img-6088ddb5e584c.jpg\",\"keywords\":[\"Africa Press\",\"Africa Press-Cameroun\",\"Cameroun\"],\"articleSection\":[\"\u00c9conomie\",\"homepage-french\",\"Toutes les actualit\u00e9s\"],\"inLanguage\":\"fr-FR\",\"potentialAction\":[{\"@type\":\"CommentAction\",\"name\":\"Comment\",\"target\":[\"https:\/\/www.africa-press.net\/cameroun\/economie\/cameroun-malaise-dans-les-collectivites-territoriales-decentralisees-letat-na-pas-reverse-les-centimes-additionnels-communaux-depuis-quatre-mois#respond\"]}]},{\"@type\":\"WebPage\",\"@id\":\"https:\/\/www.africa-press.net\/cameroun\/economie\/cameroun-malaise-dans-les-collectivites-territoriales-decentralisees-letat-na-pas-reverse-les-centimes-additionnels-communaux-depuis-quatre-mois\",\"url\":\"https:\/\/www.africa-press.net\/cameroun\/economie\/cameroun-malaise-dans-les-collectivites-territoriales-decentralisees-letat-na-pas-reverse-les-centimes-additionnels-communaux-depuis-quatre-mois\",\"name\":\"Cameroun - Malaise dans les collectivit\u00e9s territoriales d\u00e9centralis\u00e9es: L\u2019Etat n\u2019a pas revers\u00e9 les centimes additionnels communaux depuis quatre mois - Cameroun\",\"isPartOf\":{\"@id\":\"https:\/\/www.africa-press.net\/cameroun\/#website\"},\"primaryImageOfPage\":{\"@id\":\"https:\/\/www.africa-press.net\/cameroun\/economie\/cameroun-malaise-dans-les-collectivites-territoriales-decentralisees-letat-na-pas-reverse-les-centimes-additionnels-communaux-depuis-quatre-mois#primaryimage\"},\"image\":{\"@id\":\"https:\/\/www.africa-press.net\/cameroun\/economie\/cameroun-malaise-dans-les-collectivites-territoriales-decentralisees-letat-na-pas-reverse-les-centimes-additionnels-communaux-depuis-quatre-mois#primaryimage\"},\"thumbnailUrl\":\"https:\/\/static.africa-press.net\/cameroun\/sites\/57\/2021\/04\/img-6088ddb5e584c.jpg\",\"datePublished\":\"2021-04-27T20:16:59+00:00\",\"dateModified\":\"2021-04-28T04:00:13+00:00\",\"author\":{\"@id\":\"https:\/\/www.africa-press.net\/cameroun\/#\/schema\/person\/2b1cf3cd81a31e3cd26889ca66d677f1\"},\"description\":\"Malaise dans les communes camerounaises. Selon des informations relay\u00e9es par le quotidien Mutations \u00e9dition de ce mardi ...\",\"breadcrumb\":{\"@id\":\"https:\/\/www.africa-press.net\/cameroun\/economie\/cameroun-malaise-dans-les-collectivites-territoriales-decentralisees-letat-na-pas-reverse-les-centimes-additionnels-communaux-depuis-quatre-mois#breadcrumb\"},\"inLanguage\":\"fr-FR\",\"potentialAction\":[{\"@type\":\"ReadAction\",\"target\":[\"https:\/\/www.africa-press.net\/cameroun\/economie\/cameroun-malaise-dans-les-collectivites-territoriales-decentralisees-letat-na-pas-reverse-les-centimes-additionnels-communaux-depuis-quatre-mois\"]}]},{\"@type\":\"ImageObject\",\"inLanguage\":\"fr-FR\",\"@id\":\"https:\/\/www.africa-press.net\/cameroun\/economie\/cameroun-malaise-dans-les-collectivites-territoriales-decentralisees-letat-na-pas-reverse-les-centimes-additionnels-communaux-depuis-quatre-mois#primaryimage\",\"url\":\"https:\/\/static.africa-press.net\/cameroun\/sites\/57\/2021\/04\/img-6088ddb5e584c.jpg\",\"contentUrl\":\"https:\/\/static.africa-press.net\/cameroun\/sites\/57\/2021\/04\/img-6088ddb5e584c.jpg\",\"width\":800,\"height\":418,\"caption\":\"Cameroun - Malaise dans les collectivit\u00e9s territoriales d\u00e9centralis\u00e9es: L\u2019Etat n\u2019a pas revers\u00e9 les centimes additionnels communaux depuis quatre mois\"},{\"@type\":\"BreadcrumbList\",\"@id\":\"https:\/\/www.africa-press.net\/cameroun\/economie\/cameroun-malaise-dans-les-collectivites-territoriales-decentralisees-letat-na-pas-reverse-les-centimes-additionnels-communaux-depuis-quatre-mois#breadcrumb\",\"itemListElement\":[{\"@type\":\"ListItem\",\"position\":1,\"name\":\"Accueil\",\"item\":\"https:\/\/www.africa-press.net\/cameroun\/\"},{\"@type\":\"ListItem\",\"position\":2,\"name\":\"Cameroun &#8211; Malaise dans les collectivit\u00e9s territoriales d\u00e9centralis\u00e9es: L\u2019Etat n\u2019a pas revers\u00e9 les centimes additionnels communaux depuis quatre mois\"}]},{\"@type\":\"WebSite\",\"@id\":\"https:\/\/www.africa-press.net\/cameroun\/#website\",\"url\":\"https:\/\/www.africa-press.net\/cameroun\/\",\"name\":\"Cameroun\",\"description\":\"Just another Africa News Agency Sites site\",\"potentialAction\":[{\"@type\":\"SearchAction\",\"target\":{\"@type\":\"EntryPoint\",\"urlTemplate\":\"https:\/\/www.africa-press.net\/cameroun\/?s={search_term_string}\"},\"query-input\":{\"@type\":\"PropertyValueSpecification\",\"valueRequired\":true,\"valueName\":\"search_term_string\"}}],\"inLanguage\":\"fr-FR\"},{\"@type\":\"Person\",\"@id\":\"https:\/\/www.africa-press.net\/cameroun\/#\/schema\/person\/2b1cf3cd81a31e3cd26889ca66d677f1\",\"name\":\"cfeditorfr\"}]}<\/script>\n<!-- \/ Yoast SEO Premium plugin. -->","yoast_head_json":{"title":"Cameroun - Malaise dans les collectivit\u00e9s territoriales d\u00e9centralis\u00e9es: L\u2019Etat n\u2019a pas revers\u00e9 les centimes additionnels communaux depuis quatre mois - Cameroun","description":"Malaise dans les communes camerounaises. Selon des informations relay\u00e9es par le quotidien Mutations \u00e9dition de ce mardi ...","robots":{"index":"index","follow":"follow","max-snippet":"max-snippet:-1","max-image-preview":"max-image-preview:large","max-video-preview":"max-video-preview:-1"},"canonical":"https:\/\/www.africa-press.net\/cameroun\/economie\/cameroun-malaise-dans-les-collectivites-territoriales-decentralisees-letat-na-pas-reverse-les-centimes-additionnels-communaux-depuis-quatre-mois","og_locale":"fr_FR","og_type":"article","og_title":"Cameroun - Malaise dans les collectivit\u00e9s territoriales d\u00e9centralis\u00e9es: L\u2019Etat n\u2019a pas revers\u00e9 les centimes additionnels communaux depuis quatre mois","og_description":"Malaise dans les communes camerounaises. Selon des informations relay\u00e9es par le quotidien Mutations \u00e9dition de ce mardi ...","og_url":"https:\/\/www.africa-press.net\/cameroun\/economie\/cameroun-malaise-dans-les-collectivites-territoriales-decentralisees-letat-na-pas-reverse-les-centimes-additionnels-communaux-depuis-quatre-mois","og_site_name":"Cameroun","article_published_time":"2021-04-27T20:16:59+00:00","article_modified_time":"2021-04-28T04:00:13+00:00","og_image":[{"width":800,"height":418,"url":"https:\/\/static.africa-press.net\/cameroun\/sites\/57\/2021\/04\/img-6088ddb5e584c.jpg","type":"image\/jpeg"}],"author":"cfeditorfr","twitter_card":"summary_large_image","twitter_misc":{"\u00c9crit par":"cfeditorfr","Dur\u00e9e de lecture estim\u00e9e":"2 minutes"},"schema":{"@context":"https:\/\/schema.org","@graph":[{"@type":"Article","@id":"https:\/\/www.africa-press.net\/cameroun\/economie\/cameroun-malaise-dans-les-collectivites-territoriales-decentralisees-letat-na-pas-reverse-les-centimes-additionnels-communaux-depuis-quatre-mois#article","isPartOf":{"@id":"https:\/\/www.africa-press.net\/cameroun\/economie\/cameroun-malaise-dans-les-collectivites-territoriales-decentralisees-letat-na-pas-reverse-les-centimes-additionnels-communaux-depuis-quatre-mois"},"author":{"name":"cfeditorfr","@id":"https:\/\/www.africa-press.net\/cameroun\/#\/schema\/person\/2b1cf3cd81a31e3cd26889ca66d677f1"},"headline":"Cameroun &#8211; Malaise dans les collectivit\u00e9s territoriales d\u00e9centralis\u00e9es: L\u2019Etat n\u2019a pas revers\u00e9 les centimes additionnels communaux depuis quatre mois","datePublished":"2021-04-27T20:16:59+00:00","dateModified":"2021-04-28T04:00:13+00:00","mainEntityOfPage":{"@id":"https:\/\/www.africa-press.net\/cameroun\/economie\/cameroun-malaise-dans-les-collectivites-territoriales-decentralisees-letat-na-pas-reverse-les-centimes-additionnels-communaux-depuis-quatre-mois"},"wordCount":377,"commentCount":0,"image":{"@id":"https:\/\/www.africa-press.net\/cameroun\/economie\/cameroun-malaise-dans-les-collectivites-territoriales-decentralisees-letat-na-pas-reverse-les-centimes-additionnels-communaux-depuis-quatre-mois#primaryimage"},"thumbnailUrl":"https:\/\/static.africa-press.net\/cameroun\/sites\/57\/2021\/04\/img-6088ddb5e584c.jpg","keywords":["Africa Press","Africa Press-Cameroun","Cameroun"],"articleSection":["\u00c9conomie","homepage-french","Toutes les actualit\u00e9s"],"inLanguage":"fr-FR","potentialAction":[{"@type":"CommentAction","name":"Comment","target":["https:\/\/www.africa-press.net\/cameroun\/economie\/cameroun-malaise-dans-les-collectivites-territoriales-decentralisees-letat-na-pas-reverse-les-centimes-additionnels-communaux-depuis-quatre-mois#respond"]}]},{"@type":"WebPage","@id":"https:\/\/www.africa-press.net\/cameroun\/economie\/cameroun-malaise-dans-les-collectivites-territoriales-decentralisees-letat-na-pas-reverse-les-centimes-additionnels-communaux-depuis-quatre-mois","url":"https:\/\/www.africa-press.net\/cameroun\/economie\/cameroun-malaise-dans-les-collectivites-territoriales-decentralisees-letat-na-pas-reverse-les-centimes-additionnels-communaux-depuis-quatre-mois","name":"Cameroun - Malaise dans les collectivit\u00e9s territoriales d\u00e9centralis\u00e9es: L\u2019Etat n\u2019a pas revers\u00e9 les centimes additionnels communaux depuis quatre mois - Cameroun","isPartOf":{"@id":"https:\/\/www.africa-press.net\/cameroun\/#website"},"primaryImageOfPage":{"@id":"https:\/\/www.africa-press.net\/cameroun\/economie\/cameroun-malaise-dans-les-collectivites-territoriales-decentralisees-letat-na-pas-reverse-les-centimes-additionnels-communaux-depuis-quatre-mois#primaryimage"},"image":{"@id":"https:\/\/www.africa-press.net\/cameroun\/economie\/cameroun-malaise-dans-les-collectivites-territoriales-decentralisees-letat-na-pas-reverse-les-centimes-additionnels-communaux-depuis-quatre-mois#primaryimage"},"thumbnailUrl":"https:\/\/static.africa-press.net\/cameroun\/sites\/57\/2021\/04\/img-6088ddb5e584c.jpg","datePublished":"2021-04-27T20:16:59+00:00","dateModified":"2021-04-28T04:00:13+00:00","author":{"@id":"https:\/\/www.africa-press.net\/cameroun\/#\/schema\/person\/2b1cf3cd81a31e3cd26889ca66d677f1"},"description":"Malaise dans les communes camerounaises. Selon des informations relay\u00e9es par le quotidien Mutations \u00e9dition de ce mardi ...","breadcrumb":{"@id":"https:\/\/www.africa-press.net\/cameroun\/economie\/cameroun-malaise-dans-les-collectivites-territoriales-decentralisees-letat-na-pas-reverse-les-centimes-additionnels-communaux-depuis-quatre-mois#breadcrumb"},"inLanguage":"fr-FR","potentialAction":[{"@type":"ReadAction","target":["https:\/\/www.africa-press.net\/cameroun\/economie\/cameroun-malaise-dans-les-collectivites-territoriales-decentralisees-letat-na-pas-reverse-les-centimes-additionnels-communaux-depuis-quatre-mois"]}]},{"@type":"ImageObject","inLanguage":"fr-FR","@id":"https:\/\/www.africa-press.net\/cameroun\/economie\/cameroun-malaise-dans-les-collectivites-territoriales-decentralisees-letat-na-pas-reverse-les-centimes-additionnels-communaux-depuis-quatre-mois#primaryimage","url":"https:\/\/static.africa-press.net\/cameroun\/sites\/57\/2021\/04\/img-6088ddb5e584c.jpg","contentUrl":"https:\/\/static.africa-press.net\/cameroun\/sites\/57\/2021\/04\/img-6088ddb5e584c.jpg","width":800,"height":418,"caption":"Cameroun - Malaise dans les collectivit\u00e9s territoriales d\u00e9centralis\u00e9es: L\u2019Etat n\u2019a pas revers\u00e9 les centimes additionnels communaux depuis quatre mois"},{"@type":"BreadcrumbList","@id":"https:\/\/www.africa-press.net\/cameroun\/economie\/cameroun-malaise-dans-les-collectivites-territoriales-decentralisees-letat-na-pas-reverse-les-centimes-additionnels-communaux-depuis-quatre-mois#breadcrumb","itemListElement":[{"@type":"ListItem","position":1,"name":"Accueil","item":"https:\/\/www.africa-press.net\/cameroun\/"},{"@type":"ListItem","position":2,"name":"Cameroun &#8211; Malaise dans les collectivit\u00e9s territoriales d\u00e9centralis\u00e9es: L\u2019Etat n\u2019a pas revers\u00e9 les centimes additionnels communaux depuis quatre mois"}]},{"@type":"WebSite","@id":"https:\/\/www.africa-press.net\/cameroun\/#website","url":"https:\/\/www.africa-press.net\/cameroun\/","name":"Cameroun","description":"Just another Africa News Agency Sites site","potentialAction":[{"@type":"SearchAction","target":{"@type":"EntryPoint","urlTemplate":"https:\/\/www.africa-press.net\/cameroun\/?s={search_term_string}"},"query-input":{"@type":"PropertyValueSpecification","valueRequired":true,"valueName":"search_term_string"}}],"inLanguage":"fr-FR"},{"@type":"Person","@id":"https:\/\/www.africa-press.net\/cameroun\/#\/schema\/person\/2b1cf3cd81a31e3cd26889ca66d677f1","name":"cfeditorfr"}]}},"_links":{"self":[{"href":"https:\/\/www.africa-press.net\/cameroun\/wp-json\/wp\/v2\/posts\/2643","targetHints":{"allow":["GET"]}}],"collection":[{"href":"https:\/\/www.africa-press.net\/cameroun\/wp-json\/wp\/v2\/posts"}],"about":[{"href":"https:\/\/www.africa-press.net\/cameroun\/wp-json\/wp\/v2\/types\/post"}],"author":[{"embeddable":true,"href":"https:\/\/www.africa-press.net\/cameroun\/wp-json\/wp\/v2\/users\/82"}],"replies":[{"embeddable":true,"href":"https:\/\/www.africa-press.net\/cameroun\/wp-json\/wp\/v2\/comments?post=2643"}],"version-history":[{"count":0,"href":"https:\/\/www.africa-press.net\/cameroun\/wp-json\/wp\/v2\/posts\/2643\/revisions"}],"wp:featuredmedia":[{"embeddable":true,"href":"https:\/\/www.africa-press.net\/cameroun\/wp-json\/wp\/v2\/media\/2642"}],"wp:attachment":[{"href":"https:\/\/www.africa-press.net\/cameroun\/wp-json\/wp\/v2\/media?parent=2643"}],"wp:term":[{"taxonomy":"category","embeddable":true,"href":"https:\/\/www.africa-press.net\/cameroun\/wp-json\/wp\/v2\/categories?post=2643"},{"taxonomy":"post_tag","embeddable":true,"href":"https:\/\/www.africa-press.net\/cameroun\/wp-json\/wp\/v2\/tags?post=2643"}],"curies":[{"name":"wp","href":"https:\/\/api.w.org\/{rel}","templated":true}]}}