{"id":2655,"date":"2021-04-27T20:36:43","date_gmt":"2021-04-27T20:36:43","guid":{"rendered":"https:\/\/www.africa-press.net\/cameroun\/politique\/sucession-de-paul-biya-franck-menace-par-paul-motaze-jeune-afrique-balance-tout"},"modified":"2021-04-28T04:01:57","modified_gmt":"2021-04-28T04:01:57","slug":"sucession-de-paul-biya-franck-menace-par-paul-motaze-jeune-afrique-balance-tout","status":"publish","type":"post","link":"https:\/\/www.africa-press.net\/cameroun\/politique\/sucession-de-paul-biya-franck-menace-par-paul-motaze-jeune-afrique-balance-tout","title":{"rendered":"Sucession de Paul Biya: Franck menac\u00e9 par Paul Motaze, Jeune Afrique balance tout"},"content":{"rendered":"<p><span style=\"color: #ff6600\"><strong><a href=\"https:\/\/www.africa-press.net\/\">Africa-Press<\/a> &#8211; <a href=\"https:\/\/www.africa-press.net\/cameroun\">Cameroun<\/a>. <\/strong><\/span>Annonc\u00e9 comme favoris pour prendre la succession de son p\u00e8re, France Biya devrait composer avec plusieurs obstacles dont celle nomm\u00e9e Paul Motaze, son cousin.<\/p>\n<p>Franck Biya futur pr\u00e9sident du Cameroun, plusieurs camerounais y croient et militent pour. A 49 ans, le tr\u00e8s discret fils ain\u00e9 du pr\u00e9sident de la r\u00e9publique est pr\u00e9sent\u00e9 par l\u2019opinion comme le successeur l\u00e9gitime de son p\u00e8re.<br \/>\nS\u2019il d\u00e9cide d\u2019y aller, Franck Biya, qui ne s\u2019est toujours pas exprim\u00e9 sur la question devra se confronter \u00e0 certains hommes forts du r\u00e9gime de son p\u00e8re. Alors que Ferdinand Ngoh Ngoh, SGPR ne cache plus ses ambitions sans cesse grandissantes, Paul Louis Motaze lui aussi se pr\u00e9pare discr\u00e8tement \u00e0 joueur sa carte. Ministre des finances et cousins de Franck Biya, \u00ab forge depuis des ann\u00e9es des alliances dans le Grand Nord tout en soignant sa popularit\u00e9 dans le Sud \u00bb, r\u00e9v\u00e8le aujourd\u2019hui jeune Afrique. Selon cet \u00ab \u00e9miettement de l\u2019\u00e9lectorat r\u00e9sultant d\u2019une multiplicit\u00e9 de candidatures \u00bb fragilise fortement le fils de Paul Biya qui a un faible ancrage dans certaines r\u00e9gions du pays.<\/p>\n<p>Paul Motaz\u00e9 index\u00e9 dans une tentative de coup d\u2019Etat<\/p>\n<p>Dans une vid\u00e9o publi\u00e9e il y&rsquo;a quelques semaines, Hubert Ateba qui se disait victime d\u2019un empoisonnementaccusait le ministre de la finance de vouloir renverser le r\u00e9gime Biya.<\/p>\n<p>Le conseiller municipal de la commune d\u2019Elig-Mfomo accuse le ministre des finances d\u2019avoir commandit\u00e9 l\u2019empoisonnement de son fr\u00e8re et lui. Les deux fr\u00e8res auraient commis le p\u00e9ch\u00e9 de r\u00e9v\u00e9ler \u00e0 Paul Biya, les plans du ministre des finances qui souhaite prendre le pouvoir et venger sa tante assassin\u00e9e. L\u2019information aurait toujours selon Hubert Ateba fuit\u00e9 gr\u00e2ce \u00e0 un homosexuel \u00e0 qui Motaze en personne se serait confi\u00e9. C\u2019est celui-ci qui a tout racont\u00e9 au fr\u00e8re de Hubert At\u00e9ba. Plusieurs personnalit\u00e9s dont des hauts grad\u00e9s de l\u2019arm\u00e9e et des journalistes auraient collabor\u00e9 pour mettre le plan \u00e0 ex\u00e9cution \u00e0 entendre Franck Hubert Ateba.<\/p>\n<p>\u00ab C&rsquo;est monsieur Louis Paul Motaze qui a demand\u00e9 que nous soyons empoisonn\u00e9s. Et la personne qui s&rsquo;est occup\u00e9e de cette sale besogne s&rsquo;appelle le commissaire Bidja Didier. C&rsquo;est lui qui a d\u00e9cid\u00e9 de ma mort. Il a \u00e9t\u00e9 aid\u00e9 par un certain Lat\u00e9 Herv\u00e9. Ils ont lou\u00e9 pendant 3 jours un restaurant avec tout le buffet parce qu&rsquo;ils savaient qu&rsquo;il \u00e9tait probable que nous puissions arriver l\u00e0-bas (\u2026) Motaze veut prendre le pouvoir. Il dit que Paul Biya a tu\u00e9 son fr\u00e8re et sa tante et il veut se venger. Il s&rsquo;est confi\u00e9 \u00e0 un p\u00e9d\u00e9 et ce p\u00e9d\u00e9 a confi\u00e9 \u00e7a \u00e0 mon fr\u00e8re. Mon fr\u00e8re a inform\u00e9 monsieur Biya \u00bb, a d\u00e9clar\u00e9 Franck Hubert Ateba qui pr\u00e9cise qu\u2019\u00e0 l\u2019heure actuelle il ne peut pas passer deux heures de temps sans boire de l\u2019eau. D\u2019apr\u00e8s ses propos, seul l\u2019eau arrive pour le moment \u00e0 le maintenir en vie.<\/p>\n<p>Le Trafic d\u2019organes humains, un ph\u00e9nom\u00e8ne r\u00e9current au Cameroun<\/p>\n<p>Tout est parti de l\u2019arrestation et la condamnation de jeune m\u00e9decin Dr. Frabrice Oloua en 2020. Ce dernier \u00e9tait accus\u00e9 d\u2019abus de confiance et d\u2019escroquerie. La justice lui reprocherait d\u2019avoir soutir\u00e9 250 000 f cfa \u00e0 sa plaignante qui n\u2019\u00e9tait d\u2019ailleurs pas au proc\u00e8s et dont le nom n\u2019\u00e9tait pas sorti \u00e0 l\u2019audience. Saisi de l\u2019affaire, le journaliste Remy Ngono a men\u00e9 ses propres enqu\u00eates et les conclusions sont terrifiantes.<\/p>\n<p>Selon Remy Ngono, le jeune docteur Frabrice Oloua fraichement revenu du Canada apr\u00e8s ses \u00e9tudes a \u00e9t\u00e9 recrut\u00e9 \u00e0 l\u2019h\u00f4pital central de Yaound\u00e9 apr\u00e8s avoir fait des stages dans d\u2019autres h\u00f4pitaux du Cameroun. C\u2019est \u00e0 l\u2019H\u00f4pital central de Yaound\u00e9 qu\u2019un de ses coll\u00e8gues lui aurait propos\u00e9 un trafic d\u2019organe, pratique habituelle dans ce centre hospitalier selon le journaliste. Les malheurs du jeune docteur ont commenc\u00e9 depuis qu\u2019il a d\u00e9clin\u00e9 cette offre plut\u00f4t bizarre.<\/p>\n<p>Remy Ngono saisit l\u2019occasion pour d\u00e9tailler la cha\u00eene du trafic d\u2019organes humain \u00e0 l\u2019h\u00f4pital central de Yaound\u00e9.<\/p>\n<p>\u00ab Le trafic des organes g\u00e9nitaux se passent entre 21h et minuit. \u00c7a vient de la direction. La direction r\u00e9percute \u00e7a au major g\u00e9n\u00e9ral et le major g\u00e9n\u00e9ral s&rsquo;appelle Ndjana Germain. Rien ne peut se passer sans lui.<br \/>\nA 21h, il y a la rel\u00e8ve. Le m\u00e9decin du jour doit partir. Quand il part, c&rsquo;est l\u00e0 qu&rsquo;arrive l&rsquo;\u00e9quipe des trafiquants d&rsquo;organes humains et particuli\u00e8rement des organes g\u00e9nitaux. Chez les hommes, il s&rsquo;agit du sexe, chez la femme, on prend tout l&rsquo;ut\u00e9rus. La seule partie qu&rsquo;on ne prend pas c&rsquo;est le rectum. On pr\u00e9l\u00e8ve \u00e9galement les seins. On met \u00e7a dans les glaci\u00e8res et ils appellent \u00e7a le courrier. Le courrier est r\u00e9cup\u00e9r\u00e9 par la personne qui a command\u00e9 entre 23 h et minuit. Les enqu\u00eates que j&rsquo;ai men\u00e9es, c&rsquo;est aupr\u00e8s des m\u00e9decins eux-m\u00eames. Ils m&rsquo;ont tout dit. Pour le faire on se sert d&rsquo;un gyn\u00e9cologue, un chirurgien et dans ce service c&rsquo;est Kouna Joseph qui est le chirurgien \u00bb, confie Remy Ngono.<\/p>\n","protected":false},"excerpt":{"rendered":"<p>Africa-Press &#8211; Cameroun. Annonc\u00e9 comme favoris pour prendre la succession de son p\u00e8re, France Biya devrait composer avec plusieurs obstacles dont celle nomm\u00e9e Paul Motaze, son cousin. Franck Biya futur pr\u00e9sident du Cameroun, plusieurs camerounais y croient et militent pour. A 49 ans, le tr\u00e8s discret fils ain\u00e9 du pr\u00e9sident de la r\u00e9publique est pr\u00e9sent\u00e9 [&hellip;]<\/p>\n","protected":false},"author":82,"featured_media":2653,"comment_status":"open","ping_status":"closed","sticky":false,"template":"","format":"standard","meta":{"footnotes":""},"categories":[11,2,10],"tags":[36,50,49],"class_list":["post-2655","post","type-post","status-publish","format-standard","has-post-thumbnail","hentry","category-homepage-french","category-politique","category-toutes-les-actualites","tag-africa-press","tag-africa-press-cameroun","tag-cameroun"],"yoast_head":"<!-- This site is optimized with the Yoast SEO Premium plugin v26.1 (Yoast SEO v27.0) - https:\/\/yoast.com\/product\/yoast-seo-premium-wordpress\/ -->\n<title>Sucession de Paul Biya: Franck menac\u00e9 par Paul Motaze, Jeune Afrique balance tout - Cameroun<\/title>\n<meta name=\"description\" content=\"Annonc\u00e9 comme favoris pour prendre la succession de son p\u00e8re, France Biya devrait composer avec plusieurs obstacles dont ...\" \/>\n<meta name=\"robots\" content=\"index, follow, max-snippet:-1, max-image-preview:large, max-video-preview:-1\" \/>\n<link rel=\"canonical\" href=\"https:\/\/www.africa-press.net\/cameroun\/politique\/sucession-de-paul-biya-franck-menace-par-paul-motaze-jeune-afrique-balance-tout\" \/>\n<meta property=\"og:locale\" content=\"fr_FR\" \/>\n<meta property=\"og:type\" content=\"article\" \/>\n<meta property=\"og:title\" content=\"Sucession de Paul Biya: Franck menac\u00e9 par Paul Motaze, Jeune Afrique balance tout\" \/>\n<meta property=\"og:description\" content=\"Annonc\u00e9 comme favoris pour prendre la succession de son p\u00e8re, France Biya devrait composer avec plusieurs obstacles dont ...\" \/>\n<meta property=\"og:url\" content=\"https:\/\/www.africa-press.net\/cameroun\/politique\/sucession-de-paul-biya-franck-menace-par-paul-motaze-jeune-afrique-balance-tout\" \/>\n<meta property=\"og:site_name\" content=\"Cameroun\" \/>\n<meta property=\"article:published_time\" content=\"2021-04-27T20:36:43+00:00\" \/>\n<meta property=\"article:modified_time\" content=\"2021-04-28T04:01:57+00:00\" \/>\n<meta property=\"og:image\" content=\"https:\/\/static.africa-press.net\/cameroun\/sites\/57\/2021\/04\/img-6088de1c88922.jpg\" \/>\n\t<meta property=\"og:image:width\" content=\"1080\" \/>\n\t<meta property=\"og:image:height\" content=\"567\" \/>\n\t<meta property=\"og:image:type\" content=\"image\/jpeg\" \/>\n<meta name=\"author\" content=\"cfeditorfr\" \/>\n<meta name=\"twitter:card\" content=\"summary_large_image\" \/>\n<meta name=\"twitter:label1\" content=\"\u00c9crit par\" \/>\n\t<meta name=\"twitter:data1\" content=\"cfeditorfr\" \/>\n\t<meta name=\"twitter:label2\" content=\"Dur\u00e9e de lecture estim\u00e9e\" \/>\n\t<meta name=\"twitter:data2\" content=\"4 minutes\" \/>\n<script type=\"application\/ld+json\" class=\"yoast-schema-graph\">{\"@context\":\"https:\/\/schema.org\",\"@graph\":[{\"@type\":\"Article\",\"@id\":\"https:\/\/www.africa-press.net\/cameroun\/politique\/sucession-de-paul-biya-franck-menace-par-paul-motaze-jeune-afrique-balance-tout#article\",\"isPartOf\":{\"@id\":\"https:\/\/www.africa-press.net\/cameroun\/politique\/sucession-de-paul-biya-franck-menace-par-paul-motaze-jeune-afrique-balance-tout\"},\"author\":{\"name\":\"cfeditorfr\",\"@id\":\"https:\/\/www.africa-press.net\/cameroun\/#\/schema\/person\/2b1cf3cd81a31e3cd26889ca66d677f1\"},\"headline\":\"Sucession de Paul Biya: Franck menac\u00e9 par Paul Motaze, Jeune Afrique balance tout\",\"datePublished\":\"2021-04-27T20:36:43+00:00\",\"dateModified\":\"2021-04-28T04:01:57+00:00\",\"mainEntityOfPage\":{\"@id\":\"https:\/\/www.africa-press.net\/cameroun\/politique\/sucession-de-paul-biya-franck-menace-par-paul-motaze-jeune-afrique-balance-tout\"},\"wordCount\":927,\"commentCount\":0,\"image\":{\"@id\":\"https:\/\/www.africa-press.net\/cameroun\/politique\/sucession-de-paul-biya-franck-menace-par-paul-motaze-jeune-afrique-balance-tout#primaryimage\"},\"thumbnailUrl\":\"https:\/\/static.africa-press.net\/cameroun\/sites\/57\/2021\/04\/img-6088de1c88922.jpg\",\"keywords\":[\"Africa Press\",\"Africa Press-Cameroun\",\"Cameroun\"],\"articleSection\":[\"homepage-french\",\"Politique\",\"Toutes les actualit\u00e9s\"],\"inLanguage\":\"fr-FR\",\"potentialAction\":[{\"@type\":\"CommentAction\",\"name\":\"Comment\",\"target\":[\"https:\/\/www.africa-press.net\/cameroun\/politique\/sucession-de-paul-biya-franck-menace-par-paul-motaze-jeune-afrique-balance-tout#respond\"]}]},{\"@type\":\"WebPage\",\"@id\":\"https:\/\/www.africa-press.net\/cameroun\/politique\/sucession-de-paul-biya-franck-menace-par-paul-motaze-jeune-afrique-balance-tout\",\"url\":\"https:\/\/www.africa-press.net\/cameroun\/politique\/sucession-de-paul-biya-franck-menace-par-paul-motaze-jeune-afrique-balance-tout\",\"name\":\"Sucession de Paul Biya: Franck menac\u00e9 par Paul Motaze, Jeune Afrique balance tout - Cameroun\",\"isPartOf\":{\"@id\":\"https:\/\/www.africa-press.net\/cameroun\/#website\"},\"primaryImageOfPage\":{\"@id\":\"https:\/\/www.africa-press.net\/cameroun\/politique\/sucession-de-paul-biya-franck-menace-par-paul-motaze-jeune-afrique-balance-tout#primaryimage\"},\"image\":{\"@id\":\"https:\/\/www.africa-press.net\/cameroun\/politique\/sucession-de-paul-biya-franck-menace-par-paul-motaze-jeune-afrique-balance-tout#primaryimage\"},\"thumbnailUrl\":\"https:\/\/static.africa-press.net\/cameroun\/sites\/57\/2021\/04\/img-6088de1c88922.jpg\",\"datePublished\":\"2021-04-27T20:36:43+00:00\",\"dateModified\":\"2021-04-28T04:01:57+00:00\",\"author\":{\"@id\":\"https:\/\/www.africa-press.net\/cameroun\/#\/schema\/person\/2b1cf3cd81a31e3cd26889ca66d677f1\"},\"description\":\"Annonc\u00e9 comme favoris pour prendre la succession de son p\u00e8re, France Biya devrait composer avec plusieurs obstacles dont ...\",\"breadcrumb\":{\"@id\":\"https:\/\/www.africa-press.net\/cameroun\/politique\/sucession-de-paul-biya-franck-menace-par-paul-motaze-jeune-afrique-balance-tout#breadcrumb\"},\"inLanguage\":\"fr-FR\",\"potentialAction\":[{\"@type\":\"ReadAction\",\"target\":[\"https:\/\/www.africa-press.net\/cameroun\/politique\/sucession-de-paul-biya-franck-menace-par-paul-motaze-jeune-afrique-balance-tout\"]}]},{\"@type\":\"ImageObject\",\"inLanguage\":\"fr-FR\",\"@id\":\"https:\/\/www.africa-press.net\/cameroun\/politique\/sucession-de-paul-biya-franck-menace-par-paul-motaze-jeune-afrique-balance-tout#primaryimage\",\"url\":\"https:\/\/static.africa-press.net\/cameroun\/sites\/57\/2021\/04\/img-6088de1c88922.jpg\",\"contentUrl\":\"https:\/\/static.africa-press.net\/cameroun\/sites\/57\/2021\/04\/img-6088de1c88922.jpg\",\"width\":1080,\"height\":567,\"caption\":\"Sucession de Paul Biya: Franck menac\u00e9 par Paul Motaze, Jeune Afrique balance tout\"},{\"@type\":\"BreadcrumbList\",\"@id\":\"https:\/\/www.africa-press.net\/cameroun\/politique\/sucession-de-paul-biya-franck-menace-par-paul-motaze-jeune-afrique-balance-tout#breadcrumb\",\"itemListElement\":[{\"@type\":\"ListItem\",\"position\":1,\"name\":\"Accueil\",\"item\":\"https:\/\/www.africa-press.net\/cameroun\/\"},{\"@type\":\"ListItem\",\"position\":2,\"name\":\"Sucession de Paul Biya: Franck menac\u00e9 par Paul Motaze, Jeune Afrique balance tout\"}]},{\"@type\":\"WebSite\",\"@id\":\"https:\/\/www.africa-press.net\/cameroun\/#website\",\"url\":\"https:\/\/www.africa-press.net\/cameroun\/\",\"name\":\"Cameroun\",\"description\":\"Just another Africa News Agency Sites site\",\"potentialAction\":[{\"@type\":\"SearchAction\",\"target\":{\"@type\":\"EntryPoint\",\"urlTemplate\":\"https:\/\/www.africa-press.net\/cameroun\/?s={search_term_string}\"},\"query-input\":{\"@type\":\"PropertyValueSpecification\",\"valueRequired\":true,\"valueName\":\"search_term_string\"}}],\"inLanguage\":\"fr-FR\"},{\"@type\":\"Person\",\"@id\":\"https:\/\/www.africa-press.net\/cameroun\/#\/schema\/person\/2b1cf3cd81a31e3cd26889ca66d677f1\",\"name\":\"cfeditorfr\"}]}<\/script>\n<!-- \/ Yoast SEO Premium plugin. -->","yoast_head_json":{"title":"Sucession de Paul Biya: Franck menac\u00e9 par Paul Motaze, Jeune Afrique balance tout - Cameroun","description":"Annonc\u00e9 comme favoris pour prendre la succession de son p\u00e8re, France Biya devrait composer avec plusieurs obstacles dont ...","robots":{"index":"index","follow":"follow","max-snippet":"max-snippet:-1","max-image-preview":"max-image-preview:large","max-video-preview":"max-video-preview:-1"},"canonical":"https:\/\/www.africa-press.net\/cameroun\/politique\/sucession-de-paul-biya-franck-menace-par-paul-motaze-jeune-afrique-balance-tout","og_locale":"fr_FR","og_type":"article","og_title":"Sucession de Paul Biya: Franck menac\u00e9 par Paul Motaze, Jeune Afrique balance tout","og_description":"Annonc\u00e9 comme favoris pour prendre la succession de son p\u00e8re, France Biya devrait composer avec plusieurs obstacles dont ...","og_url":"https:\/\/www.africa-press.net\/cameroun\/politique\/sucession-de-paul-biya-franck-menace-par-paul-motaze-jeune-afrique-balance-tout","og_site_name":"Cameroun","article_published_time":"2021-04-27T20:36:43+00:00","article_modified_time":"2021-04-28T04:01:57+00:00","og_image":[{"width":1080,"height":567,"url":"https:\/\/static.africa-press.net\/cameroun\/sites\/57\/2021\/04\/img-6088de1c88922.jpg","type":"image\/jpeg"}],"author":"cfeditorfr","twitter_card":"summary_large_image","twitter_misc":{"\u00c9crit par":"cfeditorfr","Dur\u00e9e de lecture estim\u00e9e":"4 minutes"},"schema":{"@context":"https:\/\/schema.org","@graph":[{"@type":"Article","@id":"https:\/\/www.africa-press.net\/cameroun\/politique\/sucession-de-paul-biya-franck-menace-par-paul-motaze-jeune-afrique-balance-tout#article","isPartOf":{"@id":"https:\/\/www.africa-press.net\/cameroun\/politique\/sucession-de-paul-biya-franck-menace-par-paul-motaze-jeune-afrique-balance-tout"},"author":{"name":"cfeditorfr","@id":"https:\/\/www.africa-press.net\/cameroun\/#\/schema\/person\/2b1cf3cd81a31e3cd26889ca66d677f1"},"headline":"Sucession de Paul Biya: Franck menac\u00e9 par Paul Motaze, Jeune Afrique balance tout","datePublished":"2021-04-27T20:36:43+00:00","dateModified":"2021-04-28T04:01:57+00:00","mainEntityOfPage":{"@id":"https:\/\/www.africa-press.net\/cameroun\/politique\/sucession-de-paul-biya-franck-menace-par-paul-motaze-jeune-afrique-balance-tout"},"wordCount":927,"commentCount":0,"image":{"@id":"https:\/\/www.africa-press.net\/cameroun\/politique\/sucession-de-paul-biya-franck-menace-par-paul-motaze-jeune-afrique-balance-tout#primaryimage"},"thumbnailUrl":"https:\/\/static.africa-press.net\/cameroun\/sites\/57\/2021\/04\/img-6088de1c88922.jpg","keywords":["Africa Press","Africa Press-Cameroun","Cameroun"],"articleSection":["homepage-french","Politique","Toutes les actualit\u00e9s"],"inLanguage":"fr-FR","potentialAction":[{"@type":"CommentAction","name":"Comment","target":["https:\/\/www.africa-press.net\/cameroun\/politique\/sucession-de-paul-biya-franck-menace-par-paul-motaze-jeune-afrique-balance-tout#respond"]}]},{"@type":"WebPage","@id":"https:\/\/www.africa-press.net\/cameroun\/politique\/sucession-de-paul-biya-franck-menace-par-paul-motaze-jeune-afrique-balance-tout","url":"https:\/\/www.africa-press.net\/cameroun\/politique\/sucession-de-paul-biya-franck-menace-par-paul-motaze-jeune-afrique-balance-tout","name":"Sucession de Paul Biya: Franck menac\u00e9 par Paul Motaze, Jeune Afrique balance tout - Cameroun","isPartOf":{"@id":"https:\/\/www.africa-press.net\/cameroun\/#website"},"primaryImageOfPage":{"@id":"https:\/\/www.africa-press.net\/cameroun\/politique\/sucession-de-paul-biya-franck-menace-par-paul-motaze-jeune-afrique-balance-tout#primaryimage"},"image":{"@id":"https:\/\/www.africa-press.net\/cameroun\/politique\/sucession-de-paul-biya-franck-menace-par-paul-motaze-jeune-afrique-balance-tout#primaryimage"},"thumbnailUrl":"https:\/\/static.africa-press.net\/cameroun\/sites\/57\/2021\/04\/img-6088de1c88922.jpg","datePublished":"2021-04-27T20:36:43+00:00","dateModified":"2021-04-28T04:01:57+00:00","author":{"@id":"https:\/\/www.africa-press.net\/cameroun\/#\/schema\/person\/2b1cf3cd81a31e3cd26889ca66d677f1"},"description":"Annonc\u00e9 comme favoris pour prendre la succession de son p\u00e8re, France Biya devrait composer avec plusieurs obstacles dont ...","breadcrumb":{"@id":"https:\/\/www.africa-press.net\/cameroun\/politique\/sucession-de-paul-biya-franck-menace-par-paul-motaze-jeune-afrique-balance-tout#breadcrumb"},"inLanguage":"fr-FR","potentialAction":[{"@type":"ReadAction","target":["https:\/\/www.africa-press.net\/cameroun\/politique\/sucession-de-paul-biya-franck-menace-par-paul-motaze-jeune-afrique-balance-tout"]}]},{"@type":"ImageObject","inLanguage":"fr-FR","@id":"https:\/\/www.africa-press.net\/cameroun\/politique\/sucession-de-paul-biya-franck-menace-par-paul-motaze-jeune-afrique-balance-tout#primaryimage","url":"https:\/\/static.africa-press.net\/cameroun\/sites\/57\/2021\/04\/img-6088de1c88922.jpg","contentUrl":"https:\/\/static.africa-press.net\/cameroun\/sites\/57\/2021\/04\/img-6088de1c88922.jpg","width":1080,"height":567,"caption":"Sucession de Paul Biya: Franck menac\u00e9 par Paul Motaze, Jeune Afrique balance tout"},{"@type":"BreadcrumbList","@id":"https:\/\/www.africa-press.net\/cameroun\/politique\/sucession-de-paul-biya-franck-menace-par-paul-motaze-jeune-afrique-balance-tout#breadcrumb","itemListElement":[{"@type":"ListItem","position":1,"name":"Accueil","item":"https:\/\/www.africa-press.net\/cameroun\/"},{"@type":"ListItem","position":2,"name":"Sucession de Paul Biya: Franck menac\u00e9 par Paul Motaze, Jeune Afrique balance tout"}]},{"@type":"WebSite","@id":"https:\/\/www.africa-press.net\/cameroun\/#website","url":"https:\/\/www.africa-press.net\/cameroun\/","name":"Cameroun","description":"Just another Africa News Agency Sites site","potentialAction":[{"@type":"SearchAction","target":{"@type":"EntryPoint","urlTemplate":"https:\/\/www.africa-press.net\/cameroun\/?s={search_term_string}"},"query-input":{"@type":"PropertyValueSpecification","valueRequired":true,"valueName":"search_term_string"}}],"inLanguage":"fr-FR"},{"@type":"Person","@id":"https:\/\/www.africa-press.net\/cameroun\/#\/schema\/person\/2b1cf3cd81a31e3cd26889ca66d677f1","name":"cfeditorfr"}]}},"_links":{"self":[{"href":"https:\/\/www.africa-press.net\/cameroun\/wp-json\/wp\/v2\/posts\/2655","targetHints":{"allow":["GET"]}}],"collection":[{"href":"https:\/\/www.africa-press.net\/cameroun\/wp-json\/wp\/v2\/posts"}],"about":[{"href":"https:\/\/www.africa-press.net\/cameroun\/wp-json\/wp\/v2\/types\/post"}],"author":[{"embeddable":true,"href":"https:\/\/www.africa-press.net\/cameroun\/wp-json\/wp\/v2\/users\/82"}],"replies":[{"embeddable":true,"href":"https:\/\/www.africa-press.net\/cameroun\/wp-json\/wp\/v2\/comments?post=2655"}],"version-history":[{"count":0,"href":"https:\/\/www.africa-press.net\/cameroun\/wp-json\/wp\/v2\/posts\/2655\/revisions"}],"wp:featuredmedia":[{"embeddable":true,"href":"https:\/\/www.africa-press.net\/cameroun\/wp-json\/wp\/v2\/media\/2653"}],"wp:attachment":[{"href":"https:\/\/www.africa-press.net\/cameroun\/wp-json\/wp\/v2\/media?parent=2655"}],"wp:term":[{"taxonomy":"category","embeddable":true,"href":"https:\/\/www.africa-press.net\/cameroun\/wp-json\/wp\/v2\/categories?post=2655"},{"taxonomy":"post_tag","embeddable":true,"href":"https:\/\/www.africa-press.net\/cameroun\/wp-json\/wp\/v2\/tags?post=2655"}],"curies":[{"name":"wp","href":"https:\/\/api.w.org\/{rel}","templated":true}]}}