{"id":2658,"date":"2021-04-27T20:46:18","date_gmt":"2021-04-27T20:46:18","guid":{"rendered":"https:\/\/www.africa-press.net\/cameroun\/politique\/justice-le-grand-mall-de-douala-place-sous-administration-provisoire"},"modified":"2021-04-28T04:02:31","modified_gmt":"2021-04-28T04:02:31","slug":"justice-le-grand-mall-de-douala-place-sous-administration-provisoire","status":"publish","type":"post","link":"https:\/\/www.africa-press.net\/cameroun\/politique\/justice-le-grand-mall-de-douala-place-sous-administration-provisoire","title":{"rendered":"Justice\u00a0: le Grand Mall de Douala plac\u00e9 sous administration provisoire"},"content":{"rendered":"<p><span style=\"color: #ff6600\"><strong><a href=\"https:\/\/www.africa-press.net\/\">Africa-Press<\/a> &#8211; <a href=\"https:\/\/www.africa-press.net\/cameroun\">Cameroun<\/a>. <\/strong><\/span>A peine ouvert, le Grand Mall de Douala traverse une zone de turbulence. La soci\u00e9t\u00e9 Civile Immobili\u00e8re CRAFT Developpement appartenant \u00e0 l&rsquo;homme d&rsquo;affaires camerounais Kamdem Mathiurin est plac\u00e9e sous administration provisoire sur d\u00e9cision de justice. L&rsquo;information a \u00e9t\u00e9 rendu publique par le journal officiel.<\/p>\n<p>\u00ab Le public est inform\u00e9 que par jugement civil N\u00b0 200\/CIV rendu le 20 mars 2021 par le tribunal de grande instance du Wouri \u00e0 Douala, statuant en chambre civile, en premier ressort, en formation coll\u00e9giale et \u00e0 l\u2019unanimit\u00e9, la soci\u00e9t\u00e9 civile immobili\u00e8re Craft development ayant pour g\u00e9rant Jidjouc Kamdem Mathurina \u00e9t\u00e9 mise sous adminisration provisoire et Ngoua-Elembe Hiob, expert judiciaire agr\u00e9e a \u00e9t\u00e9 d\u00e9sign\u00e9 administrateur provisoire \u00bb.<\/p>\n<p>La soci\u00e9t\u00e9 susmentionn\u00e9e serait en conflit avec Tchumtchouo Val\u00e8re dont la requ\u00eate \u00e0 \u00e9t\u00e9 partiellement re\u00e7ue par la chambre civile du tribunal de grande instance du Wouri \u00e0 Douala.<\/p>\n<p>L&rsquo;administrateur provisoire percevra la somme de 2 millions de francs CFA comme r\u00e9mun\u00e9ration mensuelle \u00e0 la charge de la soci\u00e9t\u00e9 Civile Immobili\u00e8re CRAFT d\u00e9veloppement.<\/p>\n<p>Mathurin KAMDEM le promoteur du Grand Mall de Douala a \u00e9t\u00e9 d\u00e9cor\u00e9 d\u00e9but d\u00e9cembre 2020 par le premier ministre Dion Ngute, lors de \u00ab la seconde ouverture officielle \u00bb du g\u00e9ant centre commercial qui fait la fiert\u00e9 de tout un continent. Cet \u00e9v\u00e8nement festif et cette reconnaissance officielle de Mathurin KAMDEM cachent mal les plans de certains cadres du r\u00e9gime qui ont planifi\u00e9 depuis plusieurs semaines l\u2019arrestation de l\u2019entrepreneur.<\/p>\n<p>Selon Remy Ngono, la justice camerounaise est mise \u00e0 contribution pour enfermer Mathurin KAMDEM. Il serait accus\u00e9 d\u2019avoir vol\u00e9 les parcelles sur lesquelles il a fait construire le Grand Mall. Il lui est \u00e9galement reproch\u00e9 de tromper son partenaire avec qui il travaillait sur le projet. Chose curieuse, Remy Ngono, indique que les juges r\u00e9clament plus d\u2019un milliard \u00e0 Mathurin KAMDEM pour clore le dossier.<\/p>\n<p>Comment le r\u00e9gime a tent\u00e9 de noyer le projet depuis 10 ans<\/p>\n<p>Remy Ngono a r\u00e9pondu ce 19 d\u00e9cembre 2020 au rendez-vous avec ses milliers d\u2019abonn\u00e9s sur Facebook et Youtube. Le journaliste et lanceur d\u2019alerte a saisi l\u2019occasion pour r\u00e9v\u00e9ler aux Camerounais, les difficult\u00e9s rencontr\u00e9es par Mathurin KAMDEM, le promoteur du Grand Mall de Douala. Certains membres du gouvernement et certains Beti avaient man\u0153uvr\u00e9 depuis presque une d\u00e9cennie pour emp\u00eacher les r\u00e9alisations de ce grand entrepreneur. D\u2019apr\u00e8s Remy Ngono, le projet initial port\u00e9 par Mathurin KAMDEM \u00e9tait \u00ab une ville moderne \u00bb qui devrait voir le jour dans une banlieue de Yaound\u00e9.<\/p>\n<p>Le projet \u00e9tait alors port\u00e9 \u00e0 l\u2019\u00e9poque par Alain Foka (journaliste chez RFI) et Mathurin KAMDEM. Apr\u00e8s avoir pay\u00e9 les terrains et d\u00e9dommag\u00e9 les riverains, ils ont \u00e9t\u00e9 surpris d\u2019apprendre \u00e0 la derni\u00e8re minute que les riverains refusent de vendre leurs parcelles. Un membre du gouvernement selon Remy Ngono, leur aurait promis que des investisseurs Sud-africains voulaient payer ces m\u00eames parcelles 10 fois plus cher. D\u00e9\u00e7us, ils retournent en Europe avec les investisseurs qui avaient effectu\u00e9 le d\u00e9placement sur le Cameroun. Plus tard, Mathurin KAMDEM croise Paul Biya en Europe et lui pr\u00e9sente un nouveau projet, celui de la cr\u00e9ation d\u2019un nouvel a\u00e9roport \u00e0 Limb\u00e9.<\/p>\n<p>\u00ab\u00a0Paul Biya l&rsquo;\u00e9coute, le f\u00e9licite et dit ok, j&rsquo;accepte, venez avec le projet. Ils arrivent au Cameroun, ils veulent commencer les travaux. Les autochtones disent non. Ils ont tout bloqu\u00e9. Tous les ministres voulaient leurs parts\u00a0\u00bb, raconte Remy Ngono.<\/p>\n<p>Mathurin KAMDEM ne baisse pas pour autant les bras. Il d\u00e9cide alors de r\u00e9aliser cette fois-ci \u00e0 Douala, le projet du Grand Mall. Une fois de plus sur le terrain, les riverains refusent de lui c\u00e9der leurs parcelles. Il est oblig\u00e9 de se retourner vers les habitants de la zone a\u00e9roportuaires qui ont eux accepter collaborer avec lui. L\u2019entrepreneur camerounais n\u2019est pas au bout de ses peines, apr\u00e8s avoir sign\u00e9 avec le gouvernement un accord visant \u00e0 l\u2019exon\u00e9rer des frais de douanes, il fut surpris d\u2019apprendre que les mat\u00e9riaux de construction import\u00e9s sont bloqu\u00e9s au port de Douala. Le directeur g\u00e9n\u00e9ral du port exige le d\u00e9douanement des mat\u00e9riaux. Toutes les tentatives pour le convaincre \u00e0 changer d\u2019avis furent vaines. Mathurin KAMDEM et les investisseurs ont \u00e9t\u00e9 oblig\u00e9s de payer la douane.<\/p>\n<p>Une fois les travaux r\u00e9alis\u00e9s, la soci\u00e9t\u00e9 des A\u00e9roports du Cameroun, sort de l\u2019ombre pr\u00e9textant que le Mall est construit sur sa propri\u00e9t\u00e9. Malgr\u00e9 la d\u00e9coration qu\u2019il a re\u00e7u Mathurin KAMDEM n\u2019est pas \u00e0 l\u2019abri des coups bas. Les espace pr\u00e9vus pour construire deux grands hotels en face du Grand Mall sont en train d\u2019\u00eatre c\u00e9d\u00e9s aux particuliers qui y construisent des habitations.<\/p>\n","protected":false},"excerpt":{"rendered":"<p>Africa-Press &#8211; Cameroun. A peine ouvert, le Grand Mall de Douala traverse une zone de turbulence. La soci\u00e9t\u00e9 Civile Immobili\u00e8re CRAFT Developpement appartenant \u00e0 l&rsquo;homme d&rsquo;affaires camerounais Kamdem Mathiurin est plac\u00e9e sous administration provisoire sur d\u00e9cision de justice. L&rsquo;information a \u00e9t\u00e9 rendu publique par le journal officiel. \u00ab Le public est inform\u00e9 que par jugement [&hellip;]<\/p>\n","protected":false},"author":82,"featured_media":2657,"comment_status":"open","ping_status":"closed","sticky":false,"template":"","format":"standard","meta":{"footnotes":""},"categories":[11,2,10],"tags":[36,50,49],"class_list":["post-2658","post","type-post","status-publish","format-standard","has-post-thumbnail","hentry","category-homepage-french","category-politique","category-toutes-les-actualites","tag-africa-press","tag-africa-press-cameroun","tag-cameroun"],"yoast_head":"<!-- This site is optimized with the Yoast SEO Premium plugin v26.1 (Yoast SEO v27.0) - https:\/\/yoast.com\/product\/yoast-seo-premium-wordpress\/ -->\n<title>Justice\u00a0: le Grand Mall de Douala plac\u00e9 sous administration provisoire - Cameroun<\/title>\n<meta name=\"description\" content=\"A peine ouvert, le Grand Mall de Douala traverse une zone de turbulence. La soci\u00e9t\u00e9 Civile Immobili\u00e8re CRAFT Developpeme ...\" \/>\n<meta name=\"robots\" content=\"index, follow, max-snippet:-1, max-image-preview:large, max-video-preview:-1\" \/>\n<link rel=\"canonical\" href=\"https:\/\/www.africa-press.net\/cameroun\/politique\/justice-le-grand-mall-de-douala-place-sous-administration-provisoire\" \/>\n<meta property=\"og:locale\" content=\"fr_FR\" \/>\n<meta property=\"og:type\" content=\"article\" \/>\n<meta property=\"og:title\" content=\"Justice\u00a0: le Grand Mall de Douala plac\u00e9 sous administration provisoire\" \/>\n<meta property=\"og:description\" content=\"A peine ouvert, le Grand Mall de Douala traverse une zone de turbulence. La soci\u00e9t\u00e9 Civile Immobili\u00e8re CRAFT Developpeme ...\" \/>\n<meta property=\"og:url\" content=\"https:\/\/www.africa-press.net\/cameroun\/politique\/justice-le-grand-mall-de-douala-place-sous-administration-provisoire\" \/>\n<meta property=\"og:site_name\" content=\"Cameroun\" \/>\n<meta property=\"article:published_time\" content=\"2021-04-27T20:46:18+00:00\" \/>\n<meta property=\"article:modified_time\" content=\"2021-04-28T04:02:31+00:00\" \/>\n<meta property=\"og:image\" content=\"https:\/\/static.africa-press.net\/cameroun\/sites\/57\/2021\/04\/img-6088de4171f76.jpg\" \/>\n\t<meta property=\"og:image:width\" content=\"720\" \/>\n\t<meta property=\"og:image:height\" content=\"483\" \/>\n\t<meta property=\"og:image:type\" content=\"image\/jpeg\" \/>\n<meta name=\"author\" content=\"cfeditorfr\" \/>\n<meta name=\"twitter:card\" content=\"summary_large_image\" \/>\n<meta name=\"twitter:label1\" content=\"\u00c9crit par\" \/>\n\t<meta name=\"twitter:data1\" content=\"cfeditorfr\" \/>\n\t<meta name=\"twitter:label2\" content=\"Dur\u00e9e de lecture estim\u00e9e\" \/>\n\t<meta name=\"twitter:data2\" content=\"4 minutes\" \/>\n<script type=\"application\/ld+json\" class=\"yoast-schema-graph\">{\"@context\":\"https:\/\/schema.org\",\"@graph\":[{\"@type\":\"Article\",\"@id\":\"https:\/\/www.africa-press.net\/cameroun\/politique\/justice-le-grand-mall-de-douala-place-sous-administration-provisoire#article\",\"isPartOf\":{\"@id\":\"https:\/\/www.africa-press.net\/cameroun\/politique\/justice-le-grand-mall-de-douala-place-sous-administration-provisoire\"},\"author\":{\"name\":\"cfeditorfr\",\"@id\":\"https:\/\/www.africa-press.net\/cameroun\/#\/schema\/person\/2b1cf3cd81a31e3cd26889ca66d677f1\"},\"headline\":\"Justice\u00a0: le Grand Mall de Douala plac\u00e9 sous administration provisoire\",\"datePublished\":\"2021-04-27T20:46:18+00:00\",\"dateModified\":\"2021-04-28T04:02:31+00:00\",\"mainEntityOfPage\":{\"@id\":\"https:\/\/www.africa-press.net\/cameroun\/politique\/justice-le-grand-mall-de-douala-place-sous-administration-provisoire\"},\"wordCount\":826,\"commentCount\":0,\"image\":{\"@id\":\"https:\/\/www.africa-press.net\/cameroun\/politique\/justice-le-grand-mall-de-douala-place-sous-administration-provisoire#primaryimage\"},\"thumbnailUrl\":\"https:\/\/static.africa-press.net\/cameroun\/sites\/57\/2021\/04\/img-6088de4171f76.jpg\",\"keywords\":[\"Africa Press\",\"Africa Press-Cameroun\",\"Cameroun\"],\"articleSection\":[\"homepage-french\",\"Politique\",\"Toutes les actualit\u00e9s\"],\"inLanguage\":\"fr-FR\",\"potentialAction\":[{\"@type\":\"CommentAction\",\"name\":\"Comment\",\"target\":[\"https:\/\/www.africa-press.net\/cameroun\/politique\/justice-le-grand-mall-de-douala-place-sous-administration-provisoire#respond\"]}]},{\"@type\":\"WebPage\",\"@id\":\"https:\/\/www.africa-press.net\/cameroun\/politique\/justice-le-grand-mall-de-douala-place-sous-administration-provisoire\",\"url\":\"https:\/\/www.africa-press.net\/cameroun\/politique\/justice-le-grand-mall-de-douala-place-sous-administration-provisoire\",\"name\":\"Justice\u00a0: le Grand Mall de Douala plac\u00e9 sous administration provisoire - Cameroun\",\"isPartOf\":{\"@id\":\"https:\/\/www.africa-press.net\/cameroun\/#website\"},\"primaryImageOfPage\":{\"@id\":\"https:\/\/www.africa-press.net\/cameroun\/politique\/justice-le-grand-mall-de-douala-place-sous-administration-provisoire#primaryimage\"},\"image\":{\"@id\":\"https:\/\/www.africa-press.net\/cameroun\/politique\/justice-le-grand-mall-de-douala-place-sous-administration-provisoire#primaryimage\"},\"thumbnailUrl\":\"https:\/\/static.africa-press.net\/cameroun\/sites\/57\/2021\/04\/img-6088de4171f76.jpg\",\"datePublished\":\"2021-04-27T20:46:18+00:00\",\"dateModified\":\"2021-04-28T04:02:31+00:00\",\"author\":{\"@id\":\"https:\/\/www.africa-press.net\/cameroun\/#\/schema\/person\/2b1cf3cd81a31e3cd26889ca66d677f1\"},\"description\":\"A peine ouvert, le Grand Mall de Douala traverse une zone de turbulence. La soci\u00e9t\u00e9 Civile Immobili\u00e8re CRAFT Developpeme ...\",\"breadcrumb\":{\"@id\":\"https:\/\/www.africa-press.net\/cameroun\/politique\/justice-le-grand-mall-de-douala-place-sous-administration-provisoire#breadcrumb\"},\"inLanguage\":\"fr-FR\",\"potentialAction\":[{\"@type\":\"ReadAction\",\"target\":[\"https:\/\/www.africa-press.net\/cameroun\/politique\/justice-le-grand-mall-de-douala-place-sous-administration-provisoire\"]}]},{\"@type\":\"ImageObject\",\"inLanguage\":\"fr-FR\",\"@id\":\"https:\/\/www.africa-press.net\/cameroun\/politique\/justice-le-grand-mall-de-douala-place-sous-administration-provisoire#primaryimage\",\"url\":\"https:\/\/static.africa-press.net\/cameroun\/sites\/57\/2021\/04\/img-6088de4171f76.jpg\",\"contentUrl\":\"https:\/\/static.africa-press.net\/cameroun\/sites\/57\/2021\/04\/img-6088de4171f76.jpg\",\"width\":720,\"height\":483,\"caption\":\"Justice\u00a0: le Grand Mall de Douala plac\u00e9 sous administration provisoire\"},{\"@type\":\"BreadcrumbList\",\"@id\":\"https:\/\/www.africa-press.net\/cameroun\/politique\/justice-le-grand-mall-de-douala-place-sous-administration-provisoire#breadcrumb\",\"itemListElement\":[{\"@type\":\"ListItem\",\"position\":1,\"name\":\"Accueil\",\"item\":\"https:\/\/www.africa-press.net\/cameroun\/\"},{\"@type\":\"ListItem\",\"position\":2,\"name\":\"Justice\u00a0: le Grand Mall de Douala plac\u00e9 sous administration provisoire\"}]},{\"@type\":\"WebSite\",\"@id\":\"https:\/\/www.africa-press.net\/cameroun\/#website\",\"url\":\"https:\/\/www.africa-press.net\/cameroun\/\",\"name\":\"Cameroun\",\"description\":\"Just another Africa News Agency Sites site\",\"potentialAction\":[{\"@type\":\"SearchAction\",\"target\":{\"@type\":\"EntryPoint\",\"urlTemplate\":\"https:\/\/www.africa-press.net\/cameroun\/?s={search_term_string}\"},\"query-input\":{\"@type\":\"PropertyValueSpecification\",\"valueRequired\":true,\"valueName\":\"search_term_string\"}}],\"inLanguage\":\"fr-FR\"},{\"@type\":\"Person\",\"@id\":\"https:\/\/www.africa-press.net\/cameroun\/#\/schema\/person\/2b1cf3cd81a31e3cd26889ca66d677f1\",\"name\":\"cfeditorfr\"}]}<\/script>\n<!-- \/ Yoast SEO Premium plugin. -->","yoast_head_json":{"title":"Justice\u00a0: le Grand Mall de Douala plac\u00e9 sous administration provisoire - Cameroun","description":"A peine ouvert, le Grand Mall de Douala traverse une zone de turbulence. La soci\u00e9t\u00e9 Civile Immobili\u00e8re CRAFT Developpeme ...","robots":{"index":"index","follow":"follow","max-snippet":"max-snippet:-1","max-image-preview":"max-image-preview:large","max-video-preview":"max-video-preview:-1"},"canonical":"https:\/\/www.africa-press.net\/cameroun\/politique\/justice-le-grand-mall-de-douala-place-sous-administration-provisoire","og_locale":"fr_FR","og_type":"article","og_title":"Justice\u00a0: le Grand Mall de Douala plac\u00e9 sous administration provisoire","og_description":"A peine ouvert, le Grand Mall de Douala traverse une zone de turbulence. La soci\u00e9t\u00e9 Civile Immobili\u00e8re CRAFT Developpeme ...","og_url":"https:\/\/www.africa-press.net\/cameroun\/politique\/justice-le-grand-mall-de-douala-place-sous-administration-provisoire","og_site_name":"Cameroun","article_published_time":"2021-04-27T20:46:18+00:00","article_modified_time":"2021-04-28T04:02:31+00:00","og_image":[{"width":720,"height":483,"url":"https:\/\/static.africa-press.net\/cameroun\/sites\/57\/2021\/04\/img-6088de4171f76.jpg","type":"image\/jpeg"}],"author":"cfeditorfr","twitter_card":"summary_large_image","twitter_misc":{"\u00c9crit par":"cfeditorfr","Dur\u00e9e de lecture estim\u00e9e":"4 minutes"},"schema":{"@context":"https:\/\/schema.org","@graph":[{"@type":"Article","@id":"https:\/\/www.africa-press.net\/cameroun\/politique\/justice-le-grand-mall-de-douala-place-sous-administration-provisoire#article","isPartOf":{"@id":"https:\/\/www.africa-press.net\/cameroun\/politique\/justice-le-grand-mall-de-douala-place-sous-administration-provisoire"},"author":{"name":"cfeditorfr","@id":"https:\/\/www.africa-press.net\/cameroun\/#\/schema\/person\/2b1cf3cd81a31e3cd26889ca66d677f1"},"headline":"Justice\u00a0: le Grand Mall de Douala plac\u00e9 sous administration provisoire","datePublished":"2021-04-27T20:46:18+00:00","dateModified":"2021-04-28T04:02:31+00:00","mainEntityOfPage":{"@id":"https:\/\/www.africa-press.net\/cameroun\/politique\/justice-le-grand-mall-de-douala-place-sous-administration-provisoire"},"wordCount":826,"commentCount":0,"image":{"@id":"https:\/\/www.africa-press.net\/cameroun\/politique\/justice-le-grand-mall-de-douala-place-sous-administration-provisoire#primaryimage"},"thumbnailUrl":"https:\/\/static.africa-press.net\/cameroun\/sites\/57\/2021\/04\/img-6088de4171f76.jpg","keywords":["Africa Press","Africa Press-Cameroun","Cameroun"],"articleSection":["homepage-french","Politique","Toutes les actualit\u00e9s"],"inLanguage":"fr-FR","potentialAction":[{"@type":"CommentAction","name":"Comment","target":["https:\/\/www.africa-press.net\/cameroun\/politique\/justice-le-grand-mall-de-douala-place-sous-administration-provisoire#respond"]}]},{"@type":"WebPage","@id":"https:\/\/www.africa-press.net\/cameroun\/politique\/justice-le-grand-mall-de-douala-place-sous-administration-provisoire","url":"https:\/\/www.africa-press.net\/cameroun\/politique\/justice-le-grand-mall-de-douala-place-sous-administration-provisoire","name":"Justice\u00a0: le Grand Mall de Douala plac\u00e9 sous administration provisoire - Cameroun","isPartOf":{"@id":"https:\/\/www.africa-press.net\/cameroun\/#website"},"primaryImageOfPage":{"@id":"https:\/\/www.africa-press.net\/cameroun\/politique\/justice-le-grand-mall-de-douala-place-sous-administration-provisoire#primaryimage"},"image":{"@id":"https:\/\/www.africa-press.net\/cameroun\/politique\/justice-le-grand-mall-de-douala-place-sous-administration-provisoire#primaryimage"},"thumbnailUrl":"https:\/\/static.africa-press.net\/cameroun\/sites\/57\/2021\/04\/img-6088de4171f76.jpg","datePublished":"2021-04-27T20:46:18+00:00","dateModified":"2021-04-28T04:02:31+00:00","author":{"@id":"https:\/\/www.africa-press.net\/cameroun\/#\/schema\/person\/2b1cf3cd81a31e3cd26889ca66d677f1"},"description":"A peine ouvert, le Grand Mall de Douala traverse une zone de turbulence. La soci\u00e9t\u00e9 Civile Immobili\u00e8re CRAFT Developpeme ...","breadcrumb":{"@id":"https:\/\/www.africa-press.net\/cameroun\/politique\/justice-le-grand-mall-de-douala-place-sous-administration-provisoire#breadcrumb"},"inLanguage":"fr-FR","potentialAction":[{"@type":"ReadAction","target":["https:\/\/www.africa-press.net\/cameroun\/politique\/justice-le-grand-mall-de-douala-place-sous-administration-provisoire"]}]},{"@type":"ImageObject","inLanguage":"fr-FR","@id":"https:\/\/www.africa-press.net\/cameroun\/politique\/justice-le-grand-mall-de-douala-place-sous-administration-provisoire#primaryimage","url":"https:\/\/static.africa-press.net\/cameroun\/sites\/57\/2021\/04\/img-6088de4171f76.jpg","contentUrl":"https:\/\/static.africa-press.net\/cameroun\/sites\/57\/2021\/04\/img-6088de4171f76.jpg","width":720,"height":483,"caption":"Justice\u00a0: le Grand Mall de Douala plac\u00e9 sous administration provisoire"},{"@type":"BreadcrumbList","@id":"https:\/\/www.africa-press.net\/cameroun\/politique\/justice-le-grand-mall-de-douala-place-sous-administration-provisoire#breadcrumb","itemListElement":[{"@type":"ListItem","position":1,"name":"Accueil","item":"https:\/\/www.africa-press.net\/cameroun\/"},{"@type":"ListItem","position":2,"name":"Justice\u00a0: le Grand Mall de Douala plac\u00e9 sous administration provisoire"}]},{"@type":"WebSite","@id":"https:\/\/www.africa-press.net\/cameroun\/#website","url":"https:\/\/www.africa-press.net\/cameroun\/","name":"Cameroun","description":"Just another Africa News Agency Sites site","potentialAction":[{"@type":"SearchAction","target":{"@type":"EntryPoint","urlTemplate":"https:\/\/www.africa-press.net\/cameroun\/?s={search_term_string}"},"query-input":{"@type":"PropertyValueSpecification","valueRequired":true,"valueName":"search_term_string"}}],"inLanguage":"fr-FR"},{"@type":"Person","@id":"https:\/\/www.africa-press.net\/cameroun\/#\/schema\/person\/2b1cf3cd81a31e3cd26889ca66d677f1","name":"cfeditorfr"}]}},"_links":{"self":[{"href":"https:\/\/www.africa-press.net\/cameroun\/wp-json\/wp\/v2\/posts\/2658","targetHints":{"allow":["GET"]}}],"collection":[{"href":"https:\/\/www.africa-press.net\/cameroun\/wp-json\/wp\/v2\/posts"}],"about":[{"href":"https:\/\/www.africa-press.net\/cameroun\/wp-json\/wp\/v2\/types\/post"}],"author":[{"embeddable":true,"href":"https:\/\/www.africa-press.net\/cameroun\/wp-json\/wp\/v2\/users\/82"}],"replies":[{"embeddable":true,"href":"https:\/\/www.africa-press.net\/cameroun\/wp-json\/wp\/v2\/comments?post=2658"}],"version-history":[{"count":0,"href":"https:\/\/www.africa-press.net\/cameroun\/wp-json\/wp\/v2\/posts\/2658\/revisions"}],"wp:featuredmedia":[{"embeddable":true,"href":"https:\/\/www.africa-press.net\/cameroun\/wp-json\/wp\/v2\/media\/2657"}],"wp:attachment":[{"href":"https:\/\/www.africa-press.net\/cameroun\/wp-json\/wp\/v2\/media?parent=2658"}],"wp:term":[{"taxonomy":"category","embeddable":true,"href":"https:\/\/www.africa-press.net\/cameroun\/wp-json\/wp\/v2\/categories?post=2658"},{"taxonomy":"post_tag","embeddable":true,"href":"https:\/\/www.africa-press.net\/cameroun\/wp-json\/wp\/v2\/tags?post=2658"}],"curies":[{"name":"wp","href":"https:\/\/api.w.org\/{rel}","templated":true}]}}