{"id":2664,"date":"2021-04-27T21:01:27","date_gmt":"2021-04-27T21:01:27","guid":{"rendered":"https:\/\/www.africa-press.net\/cameroun\/politique\/buea-voici-comment-la-deputee-emilia-lifaka-a-perdu-son-combat-face-au-covid-19"},"modified":"2021-04-28T04:03:41","modified_gmt":"2021-04-28T04:03:41","slug":"buea-voici-comment-la-deputee-emilia-lifaka-a-perdu-son-combat-face-au-covid-19","status":"publish","type":"post","link":"https:\/\/www.africa-press.net\/cameroun\/politique\/buea-voici-comment-la-deputee-emilia-lifaka-a-perdu-son-combat-face-au-covid-19","title":{"rendered":"Bu\u00e9a:  voici comment la d\u00e9put\u00e9e Emilia Lifaka a perdu son combat face au covid-19"},"content":{"rendered":"<p><span style=\"color: #ff6600\"><strong><a href=\"https:\/\/www.africa-press.net\/\">Africa-Press<\/a> &#8211; <a href=\"https:\/\/www.africa-press.net\/cameroun\">Cameroun<\/a>. <\/strong><\/span>On pourrait penser que le r\u00f4le d&rsquo;un l\u00e9gislateur est plus que de simplement l\u00e9gif\u00e9rer. Dans les soci\u00e9t\u00e9s civilis\u00e9es, un v\u00e9ritable l\u00e9gislateur est cens\u00e9 \u00eatre un mod\u00e8le.<\/p>\n<p>Mais Emilia Lifaka, qui \u00e9tait l\u00e9gislatrice depuis des ann\u00e9es, n&rsquo;\u00e9tait pas un mod\u00e8le en ce qui concerne la pand\u00e9mie COVID-19 qui a tu\u00e9 des millions de personnes dans le monde.<\/p>\n<p>Mme Lifaka a r\u00e9ussi \u00e0 importer les variantes sud-africaines et britanniques du virus dans la r\u00e9gion du sud-ouest du Cameroun par imprudence et irresponsabilit\u00e9.<\/p>\n<p>L&rsquo;honorable avait quitt\u00e9 Yaound\u00e9 avec des sympt\u00f4mes \u00e9vidents du virus insidieux pour le Sud-Ouest.<\/p>\n<p>\u00c0 Yaound\u00e9, elle avait d\u00e9velopp\u00e9 de la fi\u00e8vre, de la fatigue et des courbatures, mais elle a d\u00e9cid\u00e9 de retourner \u00e0 Buea pour organiser une grande f\u00eate d&rsquo;anniversaire, avec de nombreux invit\u00e9s venant de nombreux pays africains.<\/p>\n<p>\u00c0 une \u00e9poque o\u00f9 le COVID-19 \u00e9tablit les r\u00e8gles et joue r\u00e9ellement \u00e0 Dieu, Lifaka aurait d\u00fb savoir que lorsque certains sympt\u00f4mes se manifestaient, la victime devrait imm\u00e9diatement recevoir des soins m\u00e9dicaux et se rendre au centre de test COVID-19 pour confirmer ou infirmer ses craintes.<\/p>\n<p>Mais elle s&rsquo;est plut\u00f4t dirig\u00e9e vers Buea et a conclu que ses maux de t\u00eate et sa fatigue n&rsquo;\u00e9taient que des sympt\u00f4mes d&rsquo;une situation de sant\u00e9 normale qui dispara\u00eetrait avec des m\u00e9dicaments ordinaires.<\/p>\n<p>Apr\u00e8s quelques jours de repos, elle a poursuivi ses plans pour organiser sa f\u00eate d&rsquo;anniversaire \u00e0 laquelle assistaient principalement des femmes de taille qui avaient en effet fait de manger et de boire imprudemment le but de leur \u00eatre.<\/p>\n<p>Depuis que les humains ont appris \u00e0 v\u00e9rifier certains des sympt\u00f4mes du COVID-19, le virus a \u00e9galement appris \u00e0 muter et \u00e0 se d\u00e9guiser une fois qu&rsquo;il prend possession de la voie respiratoire de la victime.<\/p>\n<p>La f\u00eate d&rsquo;anniversaire de Lifaka a attir\u00e9 beaucoup de monde. Pour de nombreuses personnes, c&rsquo;\u00e9tait un symbole de statut et de nombreux invit\u00e9s \u00e0 la f\u00eate avaient \u00e9t\u00e9 entendus se vanter qu&rsquo;ils \u00e9taient les rares et ceux qui comptaient vraiment.<\/p>\n<p>Quelques jours apr\u00e8s l&rsquo;\u00e9v\u00e9nement des super-\u00e9pandeurs continentaux, Emilia Lifaka Monjowa est tomb\u00e9e malade \u00e0 nouveau. Une fois de plus, elle a mis son probl\u00e8me de sant\u00e9 sur le compte de la fatigue en raison de l&rsquo;abus d&rsquo;alcool qui a eu lieu \u00e0 la f\u00eate.<\/p>\n<p>Son parti n&rsquo;\u00e9tait pas cens\u00e9 avoir lieu. Elle-m\u00eame \u00e9tait une colonie de maladies et le virus a un os sp\u00e9cial \u00e0 choisir chez les personnes de taille, en particulier celles qui sont ob\u00e8ses morbides comme elle.<\/p>\n<p>Tromp\u00e9e par sa fausse id\u00e9e de la fatigue, Lifaka pensa qu&rsquo;un bon repos et un sommeil profond pourraient l&rsquo;aider \u00e0 r\u00e9cup\u00e9rer facilement. Elle ignorait parfaitement que le virus avait pris le contr\u00f4le de ses poumons et qu&rsquo;il cherchait \u00e0 d\u00e9clencher une crise cardiaque.<\/p>\n<p>C&rsquo;est jusqu&rsquo;\u00e0 ce qu&rsquo;elle commence \u00e0 souffrir d&rsquo;essoufflement et de douleurs aigu\u00ebs qu&rsquo;Emilia Lifaka a estim\u00e9 qu&rsquo;il \u00e9tait n\u00e9cessaire qu&rsquo;elle se rende \u00e0 l&rsquo;h\u00f4pital r\u00e9gional de Buea.<\/p>\n<p>Son voyage \u00e0 l&rsquo;h\u00f4pital \u00e9tait malheureusement un aller simple pour la morgue de l&rsquo;h\u00f4pital r\u00e9gional de Buea.<\/p>\n<p>Coronavirus est connu pour prendre la vie d&rsquo;un homme apr\u00e8s minuit, et c&rsquo;est \u00e0 ce moment-l\u00e0 que la d\u00e9put\u00e9e Emilia Lifaka Monjowa est d\u00e9c\u00e9d\u00e9e.<\/p>\n<p>Quelques partisans de la sienne ont d\u00e9cid\u00e9 que son corps serait amen\u00e9 \u00e0 son palais afin que les personnes en deuil puissent se pr\u00e9senter et pleurer, mais ce plan est tomb\u00e9 \u00e0 plat sur son visage.<\/p>\n<p>Elle aurait peut-\u00eatre attir\u00e9 une foule de son vivant, mais elle ne comprenait pas que la foule venait chaque fois qu&rsquo;elle avait un \u00e9v\u00e9nement \u00e0 cause de la faim et du besoin de se sentir importante. A cette occasion, personne ne s&rsquo;est rendu chez elle malgr\u00e9 les appels de ses partisans.<\/p>\n<p>Emilia Lifaka \u00e9tait d\u00e9c\u00e9d\u00e9e du COVID-19 et personne ne voulait vraiment la suivre dans un monde o\u00f9 l&rsquo;on ne sait pas grand-chose. Elle a peut-\u00eatre \u00e9t\u00e9 une oratrice ici sur terre, mais personne ne sait si elle en sera une dans le monde au-del\u00e0.<\/p>\n<p>Elle n&rsquo;\u00e9tait utile que de son vivant. La foule \u00e0 Buea a simplement dit \u00e0 ses quelques partisans qu&rsquo;elle comptait seulement de son vivant.<\/p>\n<p>Son imprudence doit \u00eatre condamn\u00e9e. Cela en a laiss\u00e9 beaucoup dans les pens\u00e9es. Ceux qui sont sortis de la r\u00e9gion et du pays ont continu\u00e9 \u00e0 r\u00e9pandre les variantes dangereuses qu&rsquo;elle a apport\u00e9es dans la r\u00e9gion du Sud-Ouest.<\/p>\n<p>Elle n&rsquo;a pas \u00e9cout\u00e9. Surtout, elle ne comprenait pas qu&rsquo;elle faisait partie de ce groupe vuln\u00e9rable auquel il fallait vraiment faire attention. \u00c0 62 ans, elle savait que si elle \u00e9tait prise dans une bataille contre le virus, elle n&rsquo;avait en fait aucune chance. Elle \u00e9tait diab\u00e9tique morbide, ob\u00e8se chronique et avait une longue histoire de probl\u00e8mes cardiaques et respiratoires.<\/p>\n<p>Bien qu&rsquo;il soit douloureux de la perdre, il ne faut pas oublier qu&rsquo;elle a fait de mauvais choix et de mauvaises d\u00e9cisions. Que son \u00e2me repose en paix!<\/p>\n","protected":false},"excerpt":{"rendered":"<p>Africa-Press &#8211; Cameroun. On pourrait penser que le r\u00f4le d&rsquo;un l\u00e9gislateur est plus que de simplement l\u00e9gif\u00e9rer. Dans les soci\u00e9t\u00e9s civilis\u00e9es, un v\u00e9ritable l\u00e9gislateur est cens\u00e9 \u00eatre un mod\u00e8le. Mais Emilia Lifaka, qui \u00e9tait l\u00e9gislatrice depuis des ann\u00e9es, n&rsquo;\u00e9tait pas un mod\u00e8le en ce qui concerne la pand\u00e9mie COVID-19 qui a tu\u00e9 des millions de [&hellip;]<\/p>\n","protected":false},"author":82,"featured_media":2663,"comment_status":"open","ping_status":"closed","sticky":false,"template":"","format":"standard","meta":{"footnotes":""},"categories":[11,2,10],"tags":[36,50,49],"class_list":["post-2664","post","type-post","status-publish","format-standard","has-post-thumbnail","hentry","category-homepage-french","category-politique","category-toutes-les-actualites","tag-africa-press","tag-africa-press-cameroun","tag-cameroun"],"yoast_head":"<!-- This site is optimized with the Yoast SEO Premium plugin v26.1 (Yoast SEO v27.0) - https:\/\/yoast.com\/product\/yoast-seo-premium-wordpress\/ -->\n<title>Bu\u00e9a: voici comment la d\u00e9put\u00e9e Emilia Lifaka a perdu son combat face au covid-19 - Cameroun<\/title>\n<meta name=\"description\" content=\"On pourrait penser que le r\u00f4le d&#039;un l\u00e9gislateur est plus que de simplement l\u00e9gif\u00e9rer. Dans les soci\u00e9t\u00e9s civilis\u00e9es, un v ...\" \/>\n<meta name=\"robots\" content=\"index, follow, max-snippet:-1, max-image-preview:large, max-video-preview:-1\" \/>\n<link rel=\"canonical\" href=\"https:\/\/www.africa-press.net\/cameroun\/politique\/buea-voici-comment-la-deputee-emilia-lifaka-a-perdu-son-combat-face-au-covid-19\" \/>\n<meta property=\"og:locale\" content=\"fr_FR\" \/>\n<meta property=\"og:type\" content=\"article\" \/>\n<meta property=\"og:title\" content=\"Bu\u00e9a: voici comment la d\u00e9put\u00e9e Emilia Lifaka a perdu son combat face au covid-19\" \/>\n<meta property=\"og:description\" content=\"On pourrait penser que le r\u00f4le d&#039;un l\u00e9gislateur est plus que de simplement l\u00e9gif\u00e9rer. Dans les soci\u00e9t\u00e9s civilis\u00e9es, un v ...\" \/>\n<meta property=\"og:url\" content=\"https:\/\/www.africa-press.net\/cameroun\/politique\/buea-voici-comment-la-deputee-emilia-lifaka-a-perdu-son-combat-face-au-covid-19\" \/>\n<meta property=\"og:site_name\" content=\"Cameroun\" \/>\n<meta property=\"article:published_time\" content=\"2021-04-27T21:01:27+00:00\" \/>\n<meta property=\"article:modified_time\" content=\"2021-04-28T04:03:41+00:00\" \/>\n<meta property=\"og:image\" content=\"https:\/\/static.africa-press.net\/cameroun\/sites\/57\/2021\/04\/img-6088de84700e6.jpg\" \/>\n\t<meta property=\"og:image:width\" content=\"720\" \/>\n\t<meta property=\"og:image:height\" content=\"404\" \/>\n\t<meta property=\"og:image:type\" content=\"image\/jpeg\" \/>\n<meta name=\"author\" content=\"cfeditorfr\" \/>\n<meta name=\"twitter:card\" content=\"summary_large_image\" \/>\n<meta name=\"twitter:label1\" content=\"\u00c9crit par\" \/>\n\t<meta name=\"twitter:data1\" content=\"cfeditorfr\" \/>\n\t<meta name=\"twitter:label2\" content=\"Dur\u00e9e de lecture estim\u00e9e\" \/>\n\t<meta name=\"twitter:data2\" content=\"4 minutes\" \/>\n<script type=\"application\/ld+json\" class=\"yoast-schema-graph\">{\"@context\":\"https:\/\/schema.org\",\"@graph\":[{\"@type\":\"Article\",\"@id\":\"https:\/\/www.africa-press.net\/cameroun\/politique\/buea-voici-comment-la-deputee-emilia-lifaka-a-perdu-son-combat-face-au-covid-19#article\",\"isPartOf\":{\"@id\":\"https:\/\/www.africa-press.net\/cameroun\/politique\/buea-voici-comment-la-deputee-emilia-lifaka-a-perdu-son-combat-face-au-covid-19\"},\"author\":{\"name\":\"cfeditorfr\",\"@id\":\"https:\/\/www.africa-press.net\/cameroun\/#\/schema\/person\/2b1cf3cd81a31e3cd26889ca66d677f1\"},\"headline\":\"Bu\u00e9a: voici comment la d\u00e9put\u00e9e Emilia Lifaka a perdu son combat face au covid-19\",\"datePublished\":\"2021-04-27T21:01:27+00:00\",\"dateModified\":\"2021-04-28T04:03:41+00:00\",\"mainEntityOfPage\":{\"@id\":\"https:\/\/www.africa-press.net\/cameroun\/politique\/buea-voici-comment-la-deputee-emilia-lifaka-a-perdu-son-combat-face-au-covid-19\"},\"wordCount\":919,\"commentCount\":0,\"image\":{\"@id\":\"https:\/\/www.africa-press.net\/cameroun\/politique\/buea-voici-comment-la-deputee-emilia-lifaka-a-perdu-son-combat-face-au-covid-19#primaryimage\"},\"thumbnailUrl\":\"https:\/\/static.africa-press.net\/cameroun\/sites\/57\/2021\/04\/img-6088de84700e6.jpg\",\"keywords\":[\"Africa Press\",\"Africa Press-Cameroun\",\"Cameroun\"],\"articleSection\":[\"homepage-french\",\"Politique\",\"Toutes les actualit\u00e9s\"],\"inLanguage\":\"fr-FR\",\"potentialAction\":[{\"@type\":\"CommentAction\",\"name\":\"Comment\",\"target\":[\"https:\/\/www.africa-press.net\/cameroun\/politique\/buea-voici-comment-la-deputee-emilia-lifaka-a-perdu-son-combat-face-au-covid-19#respond\"]}]},{\"@type\":\"WebPage\",\"@id\":\"https:\/\/www.africa-press.net\/cameroun\/politique\/buea-voici-comment-la-deputee-emilia-lifaka-a-perdu-son-combat-face-au-covid-19\",\"url\":\"https:\/\/www.africa-press.net\/cameroun\/politique\/buea-voici-comment-la-deputee-emilia-lifaka-a-perdu-son-combat-face-au-covid-19\",\"name\":\"Bu\u00e9a: voici comment la d\u00e9put\u00e9e Emilia Lifaka a perdu son combat face au covid-19 - Cameroun\",\"isPartOf\":{\"@id\":\"https:\/\/www.africa-press.net\/cameroun\/#website\"},\"primaryImageOfPage\":{\"@id\":\"https:\/\/www.africa-press.net\/cameroun\/politique\/buea-voici-comment-la-deputee-emilia-lifaka-a-perdu-son-combat-face-au-covid-19#primaryimage\"},\"image\":{\"@id\":\"https:\/\/www.africa-press.net\/cameroun\/politique\/buea-voici-comment-la-deputee-emilia-lifaka-a-perdu-son-combat-face-au-covid-19#primaryimage\"},\"thumbnailUrl\":\"https:\/\/static.africa-press.net\/cameroun\/sites\/57\/2021\/04\/img-6088de84700e6.jpg\",\"datePublished\":\"2021-04-27T21:01:27+00:00\",\"dateModified\":\"2021-04-28T04:03:41+00:00\",\"author\":{\"@id\":\"https:\/\/www.africa-press.net\/cameroun\/#\/schema\/person\/2b1cf3cd81a31e3cd26889ca66d677f1\"},\"description\":\"On pourrait penser que le r\u00f4le d'un l\u00e9gislateur est plus que de simplement l\u00e9gif\u00e9rer. Dans les soci\u00e9t\u00e9s civilis\u00e9es, un v ...\",\"breadcrumb\":{\"@id\":\"https:\/\/www.africa-press.net\/cameroun\/politique\/buea-voici-comment-la-deputee-emilia-lifaka-a-perdu-son-combat-face-au-covid-19#breadcrumb\"},\"inLanguage\":\"fr-FR\",\"potentialAction\":[{\"@type\":\"ReadAction\",\"target\":[\"https:\/\/www.africa-press.net\/cameroun\/politique\/buea-voici-comment-la-deputee-emilia-lifaka-a-perdu-son-combat-face-au-covid-19\"]}]},{\"@type\":\"ImageObject\",\"inLanguage\":\"fr-FR\",\"@id\":\"https:\/\/www.africa-press.net\/cameroun\/politique\/buea-voici-comment-la-deputee-emilia-lifaka-a-perdu-son-combat-face-au-covid-19#primaryimage\",\"url\":\"https:\/\/static.africa-press.net\/cameroun\/sites\/57\/2021\/04\/img-6088de84700e6.jpg\",\"contentUrl\":\"https:\/\/static.africa-press.net\/cameroun\/sites\/57\/2021\/04\/img-6088de84700e6.jpg\",\"width\":720,\"height\":404,\"caption\":\"Bu\u00e9a: voici comment la d\u00e9put\u00e9e Emilia Lifaka a perdu son combat face au covid-19\"},{\"@type\":\"BreadcrumbList\",\"@id\":\"https:\/\/www.africa-press.net\/cameroun\/politique\/buea-voici-comment-la-deputee-emilia-lifaka-a-perdu-son-combat-face-au-covid-19#breadcrumb\",\"itemListElement\":[{\"@type\":\"ListItem\",\"position\":1,\"name\":\"Accueil\",\"item\":\"https:\/\/www.africa-press.net\/cameroun\/\"},{\"@type\":\"ListItem\",\"position\":2,\"name\":\"Bu\u00e9a: voici comment la d\u00e9put\u00e9e Emilia Lifaka a perdu son combat face au covid-19\"}]},{\"@type\":\"WebSite\",\"@id\":\"https:\/\/www.africa-press.net\/cameroun\/#website\",\"url\":\"https:\/\/www.africa-press.net\/cameroun\/\",\"name\":\"Cameroun\",\"description\":\"Just another Africa News Agency Sites site\",\"potentialAction\":[{\"@type\":\"SearchAction\",\"target\":{\"@type\":\"EntryPoint\",\"urlTemplate\":\"https:\/\/www.africa-press.net\/cameroun\/?s={search_term_string}\"},\"query-input\":{\"@type\":\"PropertyValueSpecification\",\"valueRequired\":true,\"valueName\":\"search_term_string\"}}],\"inLanguage\":\"fr-FR\"},{\"@type\":\"Person\",\"@id\":\"https:\/\/www.africa-press.net\/cameroun\/#\/schema\/person\/2b1cf3cd81a31e3cd26889ca66d677f1\",\"name\":\"cfeditorfr\"}]}<\/script>\n<!-- \/ Yoast SEO Premium plugin. -->","yoast_head_json":{"title":"Bu\u00e9a: voici comment la d\u00e9put\u00e9e Emilia Lifaka a perdu son combat face au covid-19 - Cameroun","description":"On pourrait penser que le r\u00f4le d'un l\u00e9gislateur est plus que de simplement l\u00e9gif\u00e9rer. Dans les soci\u00e9t\u00e9s civilis\u00e9es, un v ...","robots":{"index":"index","follow":"follow","max-snippet":"max-snippet:-1","max-image-preview":"max-image-preview:large","max-video-preview":"max-video-preview:-1"},"canonical":"https:\/\/www.africa-press.net\/cameroun\/politique\/buea-voici-comment-la-deputee-emilia-lifaka-a-perdu-son-combat-face-au-covid-19","og_locale":"fr_FR","og_type":"article","og_title":"Bu\u00e9a: voici comment la d\u00e9put\u00e9e Emilia Lifaka a perdu son combat face au covid-19","og_description":"On pourrait penser que le r\u00f4le d'un l\u00e9gislateur est plus que de simplement l\u00e9gif\u00e9rer. Dans les soci\u00e9t\u00e9s civilis\u00e9es, un v ...","og_url":"https:\/\/www.africa-press.net\/cameroun\/politique\/buea-voici-comment-la-deputee-emilia-lifaka-a-perdu-son-combat-face-au-covid-19","og_site_name":"Cameroun","article_published_time":"2021-04-27T21:01:27+00:00","article_modified_time":"2021-04-28T04:03:41+00:00","og_image":[{"width":720,"height":404,"url":"https:\/\/static.africa-press.net\/cameroun\/sites\/57\/2021\/04\/img-6088de84700e6.jpg","type":"image\/jpeg"}],"author":"cfeditorfr","twitter_card":"summary_large_image","twitter_misc":{"\u00c9crit par":"cfeditorfr","Dur\u00e9e de lecture estim\u00e9e":"4 minutes"},"schema":{"@context":"https:\/\/schema.org","@graph":[{"@type":"Article","@id":"https:\/\/www.africa-press.net\/cameroun\/politique\/buea-voici-comment-la-deputee-emilia-lifaka-a-perdu-son-combat-face-au-covid-19#article","isPartOf":{"@id":"https:\/\/www.africa-press.net\/cameroun\/politique\/buea-voici-comment-la-deputee-emilia-lifaka-a-perdu-son-combat-face-au-covid-19"},"author":{"name":"cfeditorfr","@id":"https:\/\/www.africa-press.net\/cameroun\/#\/schema\/person\/2b1cf3cd81a31e3cd26889ca66d677f1"},"headline":"Bu\u00e9a: voici comment la d\u00e9put\u00e9e Emilia Lifaka a perdu son combat face au covid-19","datePublished":"2021-04-27T21:01:27+00:00","dateModified":"2021-04-28T04:03:41+00:00","mainEntityOfPage":{"@id":"https:\/\/www.africa-press.net\/cameroun\/politique\/buea-voici-comment-la-deputee-emilia-lifaka-a-perdu-son-combat-face-au-covid-19"},"wordCount":919,"commentCount":0,"image":{"@id":"https:\/\/www.africa-press.net\/cameroun\/politique\/buea-voici-comment-la-deputee-emilia-lifaka-a-perdu-son-combat-face-au-covid-19#primaryimage"},"thumbnailUrl":"https:\/\/static.africa-press.net\/cameroun\/sites\/57\/2021\/04\/img-6088de84700e6.jpg","keywords":["Africa Press","Africa Press-Cameroun","Cameroun"],"articleSection":["homepage-french","Politique","Toutes les actualit\u00e9s"],"inLanguage":"fr-FR","potentialAction":[{"@type":"CommentAction","name":"Comment","target":["https:\/\/www.africa-press.net\/cameroun\/politique\/buea-voici-comment-la-deputee-emilia-lifaka-a-perdu-son-combat-face-au-covid-19#respond"]}]},{"@type":"WebPage","@id":"https:\/\/www.africa-press.net\/cameroun\/politique\/buea-voici-comment-la-deputee-emilia-lifaka-a-perdu-son-combat-face-au-covid-19","url":"https:\/\/www.africa-press.net\/cameroun\/politique\/buea-voici-comment-la-deputee-emilia-lifaka-a-perdu-son-combat-face-au-covid-19","name":"Bu\u00e9a: voici comment la d\u00e9put\u00e9e Emilia Lifaka a perdu son combat face au covid-19 - Cameroun","isPartOf":{"@id":"https:\/\/www.africa-press.net\/cameroun\/#website"},"primaryImageOfPage":{"@id":"https:\/\/www.africa-press.net\/cameroun\/politique\/buea-voici-comment-la-deputee-emilia-lifaka-a-perdu-son-combat-face-au-covid-19#primaryimage"},"image":{"@id":"https:\/\/www.africa-press.net\/cameroun\/politique\/buea-voici-comment-la-deputee-emilia-lifaka-a-perdu-son-combat-face-au-covid-19#primaryimage"},"thumbnailUrl":"https:\/\/static.africa-press.net\/cameroun\/sites\/57\/2021\/04\/img-6088de84700e6.jpg","datePublished":"2021-04-27T21:01:27+00:00","dateModified":"2021-04-28T04:03:41+00:00","author":{"@id":"https:\/\/www.africa-press.net\/cameroun\/#\/schema\/person\/2b1cf3cd81a31e3cd26889ca66d677f1"},"description":"On pourrait penser que le r\u00f4le d'un l\u00e9gislateur est plus que de simplement l\u00e9gif\u00e9rer. Dans les soci\u00e9t\u00e9s civilis\u00e9es, un v ...","breadcrumb":{"@id":"https:\/\/www.africa-press.net\/cameroun\/politique\/buea-voici-comment-la-deputee-emilia-lifaka-a-perdu-son-combat-face-au-covid-19#breadcrumb"},"inLanguage":"fr-FR","potentialAction":[{"@type":"ReadAction","target":["https:\/\/www.africa-press.net\/cameroun\/politique\/buea-voici-comment-la-deputee-emilia-lifaka-a-perdu-son-combat-face-au-covid-19"]}]},{"@type":"ImageObject","inLanguage":"fr-FR","@id":"https:\/\/www.africa-press.net\/cameroun\/politique\/buea-voici-comment-la-deputee-emilia-lifaka-a-perdu-son-combat-face-au-covid-19#primaryimage","url":"https:\/\/static.africa-press.net\/cameroun\/sites\/57\/2021\/04\/img-6088de84700e6.jpg","contentUrl":"https:\/\/static.africa-press.net\/cameroun\/sites\/57\/2021\/04\/img-6088de84700e6.jpg","width":720,"height":404,"caption":"Bu\u00e9a: voici comment la d\u00e9put\u00e9e Emilia Lifaka a perdu son combat face au covid-19"},{"@type":"BreadcrumbList","@id":"https:\/\/www.africa-press.net\/cameroun\/politique\/buea-voici-comment-la-deputee-emilia-lifaka-a-perdu-son-combat-face-au-covid-19#breadcrumb","itemListElement":[{"@type":"ListItem","position":1,"name":"Accueil","item":"https:\/\/www.africa-press.net\/cameroun\/"},{"@type":"ListItem","position":2,"name":"Bu\u00e9a: voici comment la d\u00e9put\u00e9e Emilia Lifaka a perdu son combat face au covid-19"}]},{"@type":"WebSite","@id":"https:\/\/www.africa-press.net\/cameroun\/#website","url":"https:\/\/www.africa-press.net\/cameroun\/","name":"Cameroun","description":"Just another Africa News Agency Sites site","potentialAction":[{"@type":"SearchAction","target":{"@type":"EntryPoint","urlTemplate":"https:\/\/www.africa-press.net\/cameroun\/?s={search_term_string}"},"query-input":{"@type":"PropertyValueSpecification","valueRequired":true,"valueName":"search_term_string"}}],"inLanguage":"fr-FR"},{"@type":"Person","@id":"https:\/\/www.africa-press.net\/cameroun\/#\/schema\/person\/2b1cf3cd81a31e3cd26889ca66d677f1","name":"cfeditorfr"}]}},"_links":{"self":[{"href":"https:\/\/www.africa-press.net\/cameroun\/wp-json\/wp\/v2\/posts\/2664","targetHints":{"allow":["GET"]}}],"collection":[{"href":"https:\/\/www.africa-press.net\/cameroun\/wp-json\/wp\/v2\/posts"}],"about":[{"href":"https:\/\/www.africa-press.net\/cameroun\/wp-json\/wp\/v2\/types\/post"}],"author":[{"embeddable":true,"href":"https:\/\/www.africa-press.net\/cameroun\/wp-json\/wp\/v2\/users\/82"}],"replies":[{"embeddable":true,"href":"https:\/\/www.africa-press.net\/cameroun\/wp-json\/wp\/v2\/comments?post=2664"}],"version-history":[{"count":0,"href":"https:\/\/www.africa-press.net\/cameroun\/wp-json\/wp\/v2\/posts\/2664\/revisions"}],"wp:featuredmedia":[{"embeddable":true,"href":"https:\/\/www.africa-press.net\/cameroun\/wp-json\/wp\/v2\/media\/2663"}],"wp:attachment":[{"href":"https:\/\/www.africa-press.net\/cameroun\/wp-json\/wp\/v2\/media?parent=2664"}],"wp:term":[{"taxonomy":"category","embeddable":true,"href":"https:\/\/www.africa-press.net\/cameroun\/wp-json\/wp\/v2\/categories?post=2664"},{"taxonomy":"post_tag","embeddable":true,"href":"https:\/\/www.africa-press.net\/cameroun\/wp-json\/wp\/v2\/tags?post=2664"}],"curies":[{"name":"wp","href":"https:\/\/api.w.org\/{rel}","templated":true}]}}