{"id":26702,"date":"2022-09-05T18:44:03","date_gmt":"2022-09-05T18:44:03","guid":{"rendered":"https:\/\/www.africa-press.net\/cameroun\/politique\/annee-scolaire-2022-2023-3000-nouveaux-instituteurs-a-recruter"},"modified":"2022-09-05T18:44:21","modified_gmt":"2022-09-05T18:44:21","slug":"annee-scolaire-2022-2023-3000-nouveaux-instituteurs-a-recruter","status":"publish","type":"post","link":"https:\/\/www.africa-press.net\/cameroun\/toutes-les-actualites\/annee-scolaire-2022-2023-3000-nouveaux-instituteurs-a-recruter","title":{"rendered":"Ann\u00e9e scolaire 2022-2023: 3000 nouveaux instituteurs \u00e0 recruter"},"content":{"rendered":"<p><span style=\"color: #ff6600\"><strong>Africa-Press &#8211; Cameroun. <\/strong><\/span>La rentr\u00e9e scolaire est effective depuis ce 05 septembre 2022. Selon Laurent Serge Etoundi Ngoa, ministre de l\u2019Education de base (Minedub), c\u2019est 3 000 nouveaux enseignants du primaire qui seront recrut\u00e9s pendant cette ann\u00e9e scolaire.<\/p>\n<p>\u00ab <b>Nous recrutons afin que le Cameroun atteigne les quotas fix\u00e9s par l\u2019Unesco (l&rsquo;Organisation des Nations Unies pour l&rsquo;\u00e9ducation, la science et la culture). Notamment trois ma\u00eetres et le directeur, donc quatre enseignants, dans chaque \u00e9cole de 100 \u00e9l\u00e8ves. Nous recrutons massivement depuis pr\u00e8s de quatre ans pour essayer de respecter ce ratio \u00bb <\/b>a expliqu\u00e9 le membre du gouvernement, dans les colonnes du quotidien gouvernemental Cameroon Tribune du 29 ao\u00fbt dernier.<\/p>\n<p>Selon le Minedub, les femmes constituent plus de 66% des effectifs au minist\u00e8re de l\u2019Education de base. \u00ab <b>Au recrutement, elles sont c\u00e9libataires et jeunes. Le maintien en poste de ces dames est tr\u00e8s al\u00e9atoire. Si une femme se marie et fait des enfants, nous n\u2019allons pas nous opposer au regroupement familial. Mais lorsque ces cas deviennent redondants, c\u2019est un probl\u00e8me. Cons\u00e9quence, nous retrouvons r\u00e9guli\u00e8rement dans les m\u00e9tropoles, ces institutions qui sont en sureffectif. Maintenant, est-ce qu\u2019on va discriminer quand on recrute ? <\/b>\u00bb d\u00e9plore le ministre.<\/p>\n<p>Pour m\u00e9moire, la carte scolaire du Cameroun r\u00e9cemment pr\u00e9sent\u00e9e par Emmanuel Sadi, ministre de la Communication (Mincom) et porte-parole du gouvernement montre plus de 14 000 \u00e9tablissements publics et pr\u00e8s de 8 000 \u00e9tablissements primaires priv\u00e9s, soit au total plus de 22 000 \u00e9tablissements dans ces diff\u00e9rents degr\u00e9s d\u2019enseignement.<\/p>\n<p>Pour ce qui est des enseignements secondaires (enseignements secondaires g\u00e9n\u00e9ral et technique), on d\u00e9nombre en 2021, 2 153 \u00e9tablissements publics et 1 120 coll\u00e8ges priv\u00e9s, soit au total 3 273 \u00e9tablissements dans le secondaire.<\/p>\n<p><b>Jean Daniel Obama<\/b><\/p>\n<p><strong>Pour plus d&rsquo;informations et d&rsquo;analyses sur la <a href=\"https:\/\/www.africa-press.net\/cameroun\">Cameroun<\/a>, suivez <a href=\"https:\/\/www.africa-press.net\/\">Africa-Press<\/a><\/strong><\/p>\n","protected":false},"excerpt":{"rendered":"<p>Africa-Press &#8211; Cameroun. La rentr\u00e9e scolaire est effective depuis ce 05 septembre 2022. Selon Laurent Serge Etoundi Ngoa, ministre de l\u2019Education de base (Minedub), c\u2019est 3 000 nouveaux enseignants du primaire qui seront recrut\u00e9s pendant cette ann\u00e9e scolaire. \u00ab Nous recrutons afin que le Cameroun atteigne les quotas fix\u00e9s par l\u2019Unesco (l&rsquo;Organisation des Nations Unies [&hellip;]<\/p>\n","protected":false},"author":82,"featured_media":26701,"comment_status":"open","ping_status":"closed","sticky":false,"template":"","format":"standard","meta":{"footnotes":""},"categories":[21,11,10],"tags":[36,50,49],"class_list":["post-26702","post","type-post","status-publish","format-standard","has-post-thumbnail","hentry","category-communaute","category-homepage-french","category-toutes-les-actualites","tag-africa-press","tag-africa-press-cameroun","tag-cameroun"],"yoast_head":"<!-- This site is optimized with the Yoast SEO Premium plugin v26.1 (Yoast SEO v27.0) - https:\/\/yoast.com\/product\/yoast-seo-premium-wordpress\/ -->\n<title>Ann\u00e9e scolaire 2022-2023: 3000 nouveaux instituteurs \u00e0 recruter - Cameroun<\/title>\n<meta name=\"description\" content=\"La rentr\u00e9e scolaire est effective depuis ce 05 septembre 2022. Selon Laurent Serge Etoundi Ngoa, ministre de l\u2019Education ...\" \/>\n<meta name=\"robots\" content=\"index, follow, max-snippet:-1, max-image-preview:large, max-video-preview:-1\" \/>\n<link rel=\"canonical\" href=\"https:\/\/www.africa-press.net\/cameroun\/toutes-les-actualites\/annee-scolaire-2022-2023-3000-nouveaux-instituteurs-a-recruter\" \/>\n<meta property=\"og:locale\" content=\"fr_FR\" \/>\n<meta property=\"og:type\" content=\"article\" \/>\n<meta property=\"og:title\" content=\"Ann\u00e9e scolaire 2022-2023: 3000 nouveaux instituteurs \u00e0 recruter\" \/>\n<meta property=\"og:description\" content=\"La rentr\u00e9e scolaire est effective depuis ce 05 septembre 2022. Selon Laurent Serge Etoundi Ngoa, ministre de l\u2019Education ...\" \/>\n<meta property=\"og:url\" content=\"https:\/\/www.africa-press.net\/cameroun\/toutes-les-actualites\/annee-scolaire-2022-2023-3000-nouveaux-instituteurs-a-recruter\" \/>\n<meta property=\"og:site_name\" content=\"Cameroun\" \/>\n<meta property=\"article:published_time\" content=\"2022-09-05T18:44:03+00:00\" \/>\n<meta property=\"article:modified_time\" content=\"2022-09-05T18:44:21+00:00\" \/>\n<meta property=\"og:image\" content=\"https:\/\/static.africa-press.net\/cameroun\/sites\/57\/2022\/09\/img-63164368f38c5.jpg\" \/>\n\t<meta property=\"og:image:width\" content=\"800\" \/>\n\t<meta property=\"og:image:height\" content=\"514\" \/>\n\t<meta property=\"og:image:type\" content=\"image\/jpeg\" \/>\n<meta name=\"author\" content=\"cfeditorfr\" \/>\n<meta name=\"twitter:card\" content=\"summary_large_image\" \/>\n<meta name=\"twitter:label1\" content=\"\u00c9crit par\" \/>\n\t<meta name=\"twitter:data1\" content=\"cfeditorfr\" \/>\n\t<meta name=\"twitter:label2\" content=\"Dur\u00e9e de lecture estim\u00e9e\" \/>\n\t<meta name=\"twitter:data2\" content=\"2 minutes\" \/>\n<script type=\"application\/ld+json\" class=\"yoast-schema-graph\">{\"@context\":\"https:\/\/schema.org\",\"@graph\":[{\"@type\":\"Article\",\"@id\":\"https:\/\/www.africa-press.net\/cameroun\/toutes-les-actualites\/annee-scolaire-2022-2023-3000-nouveaux-instituteurs-a-recruter#article\",\"isPartOf\":{\"@id\":\"https:\/\/www.africa-press.net\/cameroun\/toutes-les-actualites\/annee-scolaire-2022-2023-3000-nouveaux-instituteurs-a-recruter\"},\"author\":{\"name\":\"cfeditorfr\",\"@id\":\"https:\/\/www.africa-press.net\/cameroun\/#\/schema\/person\/2b1cf3cd81a31e3cd26889ca66d677f1\"},\"headline\":\"Ann\u00e9e scolaire 2022-2023: 3000 nouveaux instituteurs \u00e0 recruter\",\"datePublished\":\"2022-09-05T18:44:03+00:00\",\"dateModified\":\"2022-09-05T18:44:21+00:00\",\"mainEntityOfPage\":{\"@id\":\"https:\/\/www.africa-press.net\/cameroun\/toutes-les-actualites\/annee-scolaire-2022-2023-3000-nouveaux-instituteurs-a-recruter\"},\"wordCount\":318,\"commentCount\":0,\"image\":{\"@id\":\"https:\/\/www.africa-press.net\/cameroun\/toutes-les-actualites\/annee-scolaire-2022-2023-3000-nouveaux-instituteurs-a-recruter#primaryimage\"},\"thumbnailUrl\":\"https:\/\/static.africa-press.net\/cameroun\/sites\/57\/2022\/09\/img-63164368f38c5.jpg\",\"keywords\":[\"Africa Press\",\"Africa Press-Cameroun\",\"Cameroun\"],\"articleSection\":[\"Communaut\u00e9\",\"homepage-french\",\"Toutes les actualit\u00e9s\"],\"inLanguage\":\"fr-FR\",\"potentialAction\":[{\"@type\":\"CommentAction\",\"name\":\"Comment\",\"target\":[\"https:\/\/www.africa-press.net\/cameroun\/toutes-les-actualites\/annee-scolaire-2022-2023-3000-nouveaux-instituteurs-a-recruter#respond\"]}]},{\"@type\":\"WebPage\",\"@id\":\"https:\/\/www.africa-press.net\/cameroun\/toutes-les-actualites\/annee-scolaire-2022-2023-3000-nouveaux-instituteurs-a-recruter\",\"url\":\"https:\/\/www.africa-press.net\/cameroun\/toutes-les-actualites\/annee-scolaire-2022-2023-3000-nouveaux-instituteurs-a-recruter\",\"name\":\"Ann\u00e9e scolaire 2022-2023: 3000 nouveaux instituteurs \u00e0 recruter - Cameroun\",\"isPartOf\":{\"@id\":\"https:\/\/www.africa-press.net\/cameroun\/#website\"},\"primaryImageOfPage\":{\"@id\":\"https:\/\/www.africa-press.net\/cameroun\/toutes-les-actualites\/annee-scolaire-2022-2023-3000-nouveaux-instituteurs-a-recruter#primaryimage\"},\"image\":{\"@id\":\"https:\/\/www.africa-press.net\/cameroun\/toutes-les-actualites\/annee-scolaire-2022-2023-3000-nouveaux-instituteurs-a-recruter#primaryimage\"},\"thumbnailUrl\":\"https:\/\/static.africa-press.net\/cameroun\/sites\/57\/2022\/09\/img-63164368f38c5.jpg\",\"datePublished\":\"2022-09-05T18:44:03+00:00\",\"dateModified\":\"2022-09-05T18:44:21+00:00\",\"author\":{\"@id\":\"https:\/\/www.africa-press.net\/cameroun\/#\/schema\/person\/2b1cf3cd81a31e3cd26889ca66d677f1\"},\"description\":\"La rentr\u00e9e scolaire est effective depuis ce 05 septembre 2022. Selon Laurent Serge Etoundi Ngoa, ministre de l\u2019Education ...\",\"breadcrumb\":{\"@id\":\"https:\/\/www.africa-press.net\/cameroun\/toutes-les-actualites\/annee-scolaire-2022-2023-3000-nouveaux-instituteurs-a-recruter#breadcrumb\"},\"inLanguage\":\"fr-FR\",\"potentialAction\":[{\"@type\":\"ReadAction\",\"target\":[\"https:\/\/www.africa-press.net\/cameroun\/toutes-les-actualites\/annee-scolaire-2022-2023-3000-nouveaux-instituteurs-a-recruter\"]}]},{\"@type\":\"ImageObject\",\"inLanguage\":\"fr-FR\",\"@id\":\"https:\/\/www.africa-press.net\/cameroun\/toutes-les-actualites\/annee-scolaire-2022-2023-3000-nouveaux-instituteurs-a-recruter#primaryimage\",\"url\":\"https:\/\/static.africa-press.net\/cameroun\/sites\/57\/2022\/09\/img-63164368f38c5.jpg\",\"contentUrl\":\"https:\/\/static.africa-press.net\/cameroun\/sites\/57\/2022\/09\/img-63164368f38c5.jpg\",\"width\":800,\"height\":514,\"caption\":\"Ann\u00e9e scolaire 2022-2023: 3000 nouveaux instituteurs \u00e0 recruter\"},{\"@type\":\"BreadcrumbList\",\"@id\":\"https:\/\/www.africa-press.net\/cameroun\/toutes-les-actualites\/annee-scolaire-2022-2023-3000-nouveaux-instituteurs-a-recruter#breadcrumb\",\"itemListElement\":[{\"@type\":\"ListItem\",\"position\":1,\"name\":\"Accueil\",\"item\":\"https:\/\/www.africa-press.net\/cameroun\/\"},{\"@type\":\"ListItem\",\"position\":2,\"name\":\"Ann\u00e9e scolaire 2022-2023: 3000 nouveaux instituteurs \u00e0 recruter\"}]},{\"@type\":\"WebSite\",\"@id\":\"https:\/\/www.africa-press.net\/cameroun\/#website\",\"url\":\"https:\/\/www.africa-press.net\/cameroun\/\",\"name\":\"Cameroun\",\"description\":\"Just another Africa News Agency Sites site\",\"potentialAction\":[{\"@type\":\"SearchAction\",\"target\":{\"@type\":\"EntryPoint\",\"urlTemplate\":\"https:\/\/www.africa-press.net\/cameroun\/?s={search_term_string}\"},\"query-input\":{\"@type\":\"PropertyValueSpecification\",\"valueRequired\":true,\"valueName\":\"search_term_string\"}}],\"inLanguage\":\"fr-FR\"},{\"@type\":\"Person\",\"@id\":\"https:\/\/www.africa-press.net\/cameroun\/#\/schema\/person\/2b1cf3cd81a31e3cd26889ca66d677f1\",\"name\":\"cfeditorfr\"}]}<\/script>\n<!-- \/ Yoast SEO Premium plugin. -->","yoast_head_json":{"title":"Ann\u00e9e scolaire 2022-2023: 3000 nouveaux instituteurs \u00e0 recruter - Cameroun","description":"La rentr\u00e9e scolaire est effective depuis ce 05 septembre 2022. Selon Laurent Serge Etoundi Ngoa, ministre de l\u2019Education ...","robots":{"index":"index","follow":"follow","max-snippet":"max-snippet:-1","max-image-preview":"max-image-preview:large","max-video-preview":"max-video-preview:-1"},"canonical":"https:\/\/www.africa-press.net\/cameroun\/toutes-les-actualites\/annee-scolaire-2022-2023-3000-nouveaux-instituteurs-a-recruter","og_locale":"fr_FR","og_type":"article","og_title":"Ann\u00e9e scolaire 2022-2023: 3000 nouveaux instituteurs \u00e0 recruter","og_description":"La rentr\u00e9e scolaire est effective depuis ce 05 septembre 2022. Selon Laurent Serge Etoundi Ngoa, ministre de l\u2019Education ...","og_url":"https:\/\/www.africa-press.net\/cameroun\/toutes-les-actualites\/annee-scolaire-2022-2023-3000-nouveaux-instituteurs-a-recruter","og_site_name":"Cameroun","article_published_time":"2022-09-05T18:44:03+00:00","article_modified_time":"2022-09-05T18:44:21+00:00","og_image":[{"width":800,"height":514,"url":"https:\/\/static.africa-press.net\/cameroun\/sites\/57\/2022\/09\/img-63164368f38c5.jpg","type":"image\/jpeg"}],"author":"cfeditorfr","twitter_card":"summary_large_image","twitter_misc":{"\u00c9crit par":"cfeditorfr","Dur\u00e9e de lecture estim\u00e9e":"2 minutes"},"schema":{"@context":"https:\/\/schema.org","@graph":[{"@type":"Article","@id":"https:\/\/www.africa-press.net\/cameroun\/toutes-les-actualites\/annee-scolaire-2022-2023-3000-nouveaux-instituteurs-a-recruter#article","isPartOf":{"@id":"https:\/\/www.africa-press.net\/cameroun\/toutes-les-actualites\/annee-scolaire-2022-2023-3000-nouveaux-instituteurs-a-recruter"},"author":{"name":"cfeditorfr","@id":"https:\/\/www.africa-press.net\/cameroun\/#\/schema\/person\/2b1cf3cd81a31e3cd26889ca66d677f1"},"headline":"Ann\u00e9e scolaire 2022-2023: 3000 nouveaux instituteurs \u00e0 recruter","datePublished":"2022-09-05T18:44:03+00:00","dateModified":"2022-09-05T18:44:21+00:00","mainEntityOfPage":{"@id":"https:\/\/www.africa-press.net\/cameroun\/toutes-les-actualites\/annee-scolaire-2022-2023-3000-nouveaux-instituteurs-a-recruter"},"wordCount":318,"commentCount":0,"image":{"@id":"https:\/\/www.africa-press.net\/cameroun\/toutes-les-actualites\/annee-scolaire-2022-2023-3000-nouveaux-instituteurs-a-recruter#primaryimage"},"thumbnailUrl":"https:\/\/static.africa-press.net\/cameroun\/sites\/57\/2022\/09\/img-63164368f38c5.jpg","keywords":["Africa Press","Africa Press-Cameroun","Cameroun"],"articleSection":["Communaut\u00e9","homepage-french","Toutes les actualit\u00e9s"],"inLanguage":"fr-FR","potentialAction":[{"@type":"CommentAction","name":"Comment","target":["https:\/\/www.africa-press.net\/cameroun\/toutes-les-actualites\/annee-scolaire-2022-2023-3000-nouveaux-instituteurs-a-recruter#respond"]}]},{"@type":"WebPage","@id":"https:\/\/www.africa-press.net\/cameroun\/toutes-les-actualites\/annee-scolaire-2022-2023-3000-nouveaux-instituteurs-a-recruter","url":"https:\/\/www.africa-press.net\/cameroun\/toutes-les-actualites\/annee-scolaire-2022-2023-3000-nouveaux-instituteurs-a-recruter","name":"Ann\u00e9e scolaire 2022-2023: 3000 nouveaux instituteurs \u00e0 recruter - Cameroun","isPartOf":{"@id":"https:\/\/www.africa-press.net\/cameroun\/#website"},"primaryImageOfPage":{"@id":"https:\/\/www.africa-press.net\/cameroun\/toutes-les-actualites\/annee-scolaire-2022-2023-3000-nouveaux-instituteurs-a-recruter#primaryimage"},"image":{"@id":"https:\/\/www.africa-press.net\/cameroun\/toutes-les-actualites\/annee-scolaire-2022-2023-3000-nouveaux-instituteurs-a-recruter#primaryimage"},"thumbnailUrl":"https:\/\/static.africa-press.net\/cameroun\/sites\/57\/2022\/09\/img-63164368f38c5.jpg","datePublished":"2022-09-05T18:44:03+00:00","dateModified":"2022-09-05T18:44:21+00:00","author":{"@id":"https:\/\/www.africa-press.net\/cameroun\/#\/schema\/person\/2b1cf3cd81a31e3cd26889ca66d677f1"},"description":"La rentr\u00e9e scolaire est effective depuis ce 05 septembre 2022. Selon Laurent Serge Etoundi Ngoa, ministre de l\u2019Education ...","breadcrumb":{"@id":"https:\/\/www.africa-press.net\/cameroun\/toutes-les-actualites\/annee-scolaire-2022-2023-3000-nouveaux-instituteurs-a-recruter#breadcrumb"},"inLanguage":"fr-FR","potentialAction":[{"@type":"ReadAction","target":["https:\/\/www.africa-press.net\/cameroun\/toutes-les-actualites\/annee-scolaire-2022-2023-3000-nouveaux-instituteurs-a-recruter"]}]},{"@type":"ImageObject","inLanguage":"fr-FR","@id":"https:\/\/www.africa-press.net\/cameroun\/toutes-les-actualites\/annee-scolaire-2022-2023-3000-nouveaux-instituteurs-a-recruter#primaryimage","url":"https:\/\/static.africa-press.net\/cameroun\/sites\/57\/2022\/09\/img-63164368f38c5.jpg","contentUrl":"https:\/\/static.africa-press.net\/cameroun\/sites\/57\/2022\/09\/img-63164368f38c5.jpg","width":800,"height":514,"caption":"Ann\u00e9e scolaire 2022-2023: 3000 nouveaux instituteurs \u00e0 recruter"},{"@type":"BreadcrumbList","@id":"https:\/\/www.africa-press.net\/cameroun\/toutes-les-actualites\/annee-scolaire-2022-2023-3000-nouveaux-instituteurs-a-recruter#breadcrumb","itemListElement":[{"@type":"ListItem","position":1,"name":"Accueil","item":"https:\/\/www.africa-press.net\/cameroun\/"},{"@type":"ListItem","position":2,"name":"Ann\u00e9e scolaire 2022-2023: 3000 nouveaux instituteurs \u00e0 recruter"}]},{"@type":"WebSite","@id":"https:\/\/www.africa-press.net\/cameroun\/#website","url":"https:\/\/www.africa-press.net\/cameroun\/","name":"Cameroun","description":"Just another Africa News Agency Sites site","potentialAction":[{"@type":"SearchAction","target":{"@type":"EntryPoint","urlTemplate":"https:\/\/www.africa-press.net\/cameroun\/?s={search_term_string}"},"query-input":{"@type":"PropertyValueSpecification","valueRequired":true,"valueName":"search_term_string"}}],"inLanguage":"fr-FR"},{"@type":"Person","@id":"https:\/\/www.africa-press.net\/cameroun\/#\/schema\/person\/2b1cf3cd81a31e3cd26889ca66d677f1","name":"cfeditorfr"}]}},"_links":{"self":[{"href":"https:\/\/www.africa-press.net\/cameroun\/wp-json\/wp\/v2\/posts\/26702","targetHints":{"allow":["GET"]}}],"collection":[{"href":"https:\/\/www.africa-press.net\/cameroun\/wp-json\/wp\/v2\/posts"}],"about":[{"href":"https:\/\/www.africa-press.net\/cameroun\/wp-json\/wp\/v2\/types\/post"}],"author":[{"embeddable":true,"href":"https:\/\/www.africa-press.net\/cameroun\/wp-json\/wp\/v2\/users\/82"}],"replies":[{"embeddable":true,"href":"https:\/\/www.africa-press.net\/cameroun\/wp-json\/wp\/v2\/comments?post=26702"}],"version-history":[{"count":0,"href":"https:\/\/www.africa-press.net\/cameroun\/wp-json\/wp\/v2\/posts\/26702\/revisions"}],"wp:featuredmedia":[{"embeddable":true,"href":"https:\/\/www.africa-press.net\/cameroun\/wp-json\/wp\/v2\/media\/26701"}],"wp:attachment":[{"href":"https:\/\/www.africa-press.net\/cameroun\/wp-json\/wp\/v2\/media?parent=26702"}],"wp:term":[{"taxonomy":"category","embeddable":true,"href":"https:\/\/www.africa-press.net\/cameroun\/wp-json\/wp\/v2\/categories?post=26702"},{"taxonomy":"post_tag","embeddable":true,"href":"https:\/\/www.africa-press.net\/cameroun\/wp-json\/wp\/v2\/tags?post=26702"}],"curies":[{"name":"wp","href":"https:\/\/api.w.org\/{rel}","templated":true}]}}