{"id":26705,"date":"2022-09-05T15:56:38","date_gmt":"2022-09-05T15:56:38","guid":{"rendered":"https:\/\/www.africa-press.net\/cameroun\/politique\/cameroun-meyomessala-va-accueillir-pour-la-premiere-fois-larrivee-de-la-22eme-edition-du-grand-prix-cycliste-international-chantal-biya"},"modified":"2022-09-05T18:44:52","modified_gmt":"2022-09-05T18:44:52","slug":"cameroun-meyomessala-va-accueillir-pour-la-premiere-fois-larrivee-de-la-22eme-edition-du-grand-prix-cycliste-international-chantal-biya","status":"publish","type":"post","link":"https:\/\/www.africa-press.net\/cameroun\/sports\/cameroun-meyomessala-va-accueillir-pour-la-premiere-fois-larrivee-de-la-22eme-edition-du-grand-prix-cycliste-international-chantal-biya","title":{"rendered":"Cameroun: Meyomessala va accueillir pour la premi\u00e8re fois, l\u2019arriv\u00e9e de la 22\u00e8me \u00e9dition du Grand prix cycliste international Chantal Biya"},"content":{"rendered":"<p><span style=\"color: #ff6600\"><strong>Africa-Press &#8211; Cameroun. <\/strong><\/span>La f\u00e9d\u00e9ration nationale de cyclisme (Fecacyclisme), a r\u00e9cemment publi\u00e9 le parcours (601 km) du prochain Grand prix cycliste international Chantal Biya, pr\u00e9vu du 03 au 08 octobre 2022. Selon le calendrier de la f\u00e9d\u00e9ration, les villes de Yaound\u00e9 (Centre), Ebolowa (Sud) et Sangm\u00e9lima (Sud) vont h\u00e9berger les coureurs.<\/p>\n<p>Comme innovation de cette 22\u00e8me \u00e9dition du Grand prix cycliste international Chantal Biya, la ville de Meyomessala (r\u00e9gion du Sud), va accueillir l\u2019arriv\u00e9e finale de la course, pour la premi\u00e8re fois, outre l\u2019arriv\u00e9e d\u2019\u00e9tape dans la ville de Ngomedzap, commune situ\u00e9e dans la r\u00e9gion du Centre, d\u00e9partement du Nyong-et-So\u2019o, \u00e0 78 km de la ville de Mbalmayo.<\/p>\n<p>La Fecacyclisme informe \u00e9galement qu\u2019un crit\u00e9rium sera organis\u00e9 dans les art\u00e8res de la ville de Garoua, sur une distance de 99.2 km. La journ\u00e9e du mardi 04 octobre sera consacr\u00e9e au repos et au transbordement de Garoua pour la capitale camerounaise Yaound\u00e9. La deuxi\u00e8me \u00e9tape suivra le 05 octobre, sur l\u2019axe Yaound\u00e9-Ngomedzap (86.9 km).<\/p>\n<p>Sur une distance de 161.4 km, la 3\u00e8me \u00e9tape sera parcourue entre Yaound\u00e9-Ebolowa-Nkolandom. La 4\u00e8me \u00e9tape prendra le relais le vendredi 07 octobre 2022, sur la distance Ebolowa-Mengong-Sangmelima, en plus d\u2019un circuit dans les art\u00e8res de Sangm\u00e9lima (114 km).<\/p>\n<p>La course prendra fin \u00e0 la place des f\u00eates de Meyomessala, avec la 5\u00e8me \u00e9tape (Sangm\u00e9lima-Zo\u00e9t\u00e9l\u00e9-Meyomessala) pr\u00e9vue le samedi 08 octobre. Cr\u00e9\u00e9 en 2001, le Grand Prix Cycliste International Chantal Biya est une comp\u00e9tition cycliste organis\u00e9e chaque ann\u00e9e au Cameroun et fait partie de l\u2019Union cycliste internationale (UCI) Africa Tour depuis 2006.<\/p>\n<p><b>Jean Daniel Obama<\/b><\/p>\n<p><strong>Pour plus d&rsquo;informations et d&rsquo;analyses sur la <a href=\"https:\/\/www.africa-press.net\/cameroun\">Cameroun<\/a>, suivez <a href=\"https:\/\/www.africa-press.net\/\">Africa-Press<\/a><\/strong><\/p>\n","protected":false},"excerpt":{"rendered":"<p>Africa-Press &#8211; Cameroun. La f\u00e9d\u00e9ration nationale de cyclisme (Fecacyclisme), a r\u00e9cemment publi\u00e9 le parcours (601 km) du prochain Grand prix cycliste international Chantal Biya, pr\u00e9vu du 03 au 08 octobre 2022. Selon le calendrier de la f\u00e9d\u00e9ration, les villes de Yaound\u00e9 (Centre), Ebolowa (Sud) et Sangm\u00e9lima (Sud) vont h\u00e9berger les coureurs. Comme innovation de cette [&hellip;]<\/p>\n","protected":false},"author":82,"featured_media":26704,"comment_status":"open","ping_status":"closed","sticky":false,"template":"","format":"standard","meta":{"footnotes":""},"categories":[11,6,10],"tags":[36,50,49],"class_list":["post-26705","post","type-post","status-publish","format-standard","has-post-thumbnail","hentry","category-homepage-french","category-sports","category-toutes-les-actualites","tag-africa-press","tag-africa-press-cameroun","tag-cameroun"],"yoast_head":"<!-- This site is optimized with the Yoast SEO Premium plugin v26.1 (Yoast SEO v27.0) - https:\/\/yoast.com\/product\/yoast-seo-premium-wordpress\/ -->\n<title>Cameroun: Meyomessala va accueillir pour la premi\u00e8re fois, l\u2019arriv\u00e9e de la 22\u00e8me \u00e9dition du Grand prix cycliste international Chantal Biya - Cameroun<\/title>\n<meta name=\"description\" content=\"La f\u00e9d\u00e9ration nationale de cyclisme (Fecacyclisme), a r\u00e9cemment publi\u00e9 le parcours (601 km) du prochain Grand prix cycli ...\" \/>\n<meta name=\"robots\" content=\"index, follow, max-snippet:-1, max-image-preview:large, max-video-preview:-1\" \/>\n<link rel=\"canonical\" href=\"https:\/\/www.africa-press.net\/cameroun\/sports\/cameroun-meyomessala-va-accueillir-pour-la-premiere-fois-larrivee-de-la-22eme-edition-du-grand-prix-cycliste-international-chantal-biya\" \/>\n<meta property=\"og:locale\" content=\"fr_FR\" \/>\n<meta property=\"og:type\" content=\"article\" \/>\n<meta property=\"og:title\" content=\"Cameroun: Meyomessala va accueillir pour la premi\u00e8re fois, l\u2019arriv\u00e9e de la 22\u00e8me \u00e9dition du Grand prix cycliste international Chantal Biya\" \/>\n<meta property=\"og:description\" content=\"La f\u00e9d\u00e9ration nationale de cyclisme (Fecacyclisme), a r\u00e9cemment publi\u00e9 le parcours (601 km) du prochain Grand prix cycli ...\" \/>\n<meta property=\"og:url\" content=\"https:\/\/www.africa-press.net\/cameroun\/sports\/cameroun-meyomessala-va-accueillir-pour-la-premiere-fois-larrivee-de-la-22eme-edition-du-grand-prix-cycliste-international-chantal-biya\" \/>\n<meta property=\"og:site_name\" content=\"Cameroun\" \/>\n<meta property=\"article:published_time\" content=\"2022-09-05T15:56:38+00:00\" \/>\n<meta property=\"article:modified_time\" content=\"2022-09-05T18:44:52+00:00\" \/>\n<meta property=\"og:image\" content=\"https:\/\/static.africa-press.net\/cameroun\/sites\/57\/2022\/09\/img-6316438f06716.jpg\" \/>\n\t<meta property=\"og:image:width\" content=\"800\" \/>\n\t<meta property=\"og:image:height\" content=\"443\" \/>\n\t<meta property=\"og:image:type\" content=\"image\/jpeg\" \/>\n<meta name=\"author\" content=\"cfeditorfr\" \/>\n<meta name=\"twitter:card\" content=\"summary_large_image\" \/>\n<meta name=\"twitter:label1\" content=\"\u00c9crit par\" \/>\n\t<meta name=\"twitter:data1\" content=\"cfeditorfr\" \/>\n\t<meta name=\"twitter:label2\" content=\"Dur\u00e9e de lecture estim\u00e9e\" \/>\n\t<meta name=\"twitter:data2\" content=\"2 minutes\" \/>\n<script type=\"application\/ld+json\" class=\"yoast-schema-graph\">{\"@context\":\"https:\/\/schema.org\",\"@graph\":[{\"@type\":\"Article\",\"@id\":\"https:\/\/www.africa-press.net\/cameroun\/sports\/cameroun-meyomessala-va-accueillir-pour-la-premiere-fois-larrivee-de-la-22eme-edition-du-grand-prix-cycliste-international-chantal-biya#article\",\"isPartOf\":{\"@id\":\"https:\/\/www.africa-press.net\/cameroun\/sports\/cameroun-meyomessala-va-accueillir-pour-la-premiere-fois-larrivee-de-la-22eme-edition-du-grand-prix-cycliste-international-chantal-biya\"},\"author\":{\"name\":\"cfeditorfr\",\"@id\":\"https:\/\/www.africa-press.net\/cameroun\/#\/schema\/person\/2b1cf3cd81a31e3cd26889ca66d677f1\"},\"headline\":\"Cameroun: Meyomessala va accueillir pour la premi\u00e8re fois, l\u2019arriv\u00e9e de la 22\u00e8me \u00e9dition du Grand prix cycliste international Chantal Biya\",\"datePublished\":\"2022-09-05T15:56:38+00:00\",\"dateModified\":\"2022-09-05T18:44:52+00:00\",\"mainEntityOfPage\":{\"@id\":\"https:\/\/www.africa-press.net\/cameroun\/sports\/cameroun-meyomessala-va-accueillir-pour-la-premiere-fois-larrivee-de-la-22eme-edition-du-grand-prix-cycliste-international-chantal-biya\"},\"wordCount\":314,\"commentCount\":0,\"image\":{\"@id\":\"https:\/\/www.africa-press.net\/cameroun\/sports\/cameroun-meyomessala-va-accueillir-pour-la-premiere-fois-larrivee-de-la-22eme-edition-du-grand-prix-cycliste-international-chantal-biya#primaryimage\"},\"thumbnailUrl\":\"https:\/\/static.africa-press.net\/cameroun\/sites\/57\/2022\/09\/img-6316438f06716.jpg\",\"keywords\":[\"Africa Press\",\"Africa Press-Cameroun\",\"Cameroun\"],\"articleSection\":[\"homepage-french\",\"Sports\",\"Toutes les actualit\u00e9s\"],\"inLanguage\":\"fr-FR\",\"potentialAction\":[{\"@type\":\"CommentAction\",\"name\":\"Comment\",\"target\":[\"https:\/\/www.africa-press.net\/cameroun\/sports\/cameroun-meyomessala-va-accueillir-pour-la-premiere-fois-larrivee-de-la-22eme-edition-du-grand-prix-cycliste-international-chantal-biya#respond\"]}]},{\"@type\":\"WebPage\",\"@id\":\"https:\/\/www.africa-press.net\/cameroun\/sports\/cameroun-meyomessala-va-accueillir-pour-la-premiere-fois-larrivee-de-la-22eme-edition-du-grand-prix-cycliste-international-chantal-biya\",\"url\":\"https:\/\/www.africa-press.net\/cameroun\/sports\/cameroun-meyomessala-va-accueillir-pour-la-premiere-fois-larrivee-de-la-22eme-edition-du-grand-prix-cycliste-international-chantal-biya\",\"name\":\"Cameroun: Meyomessala va accueillir pour la premi\u00e8re fois, l\u2019arriv\u00e9e de la 22\u00e8me \u00e9dition du Grand prix cycliste international Chantal Biya - Cameroun\",\"isPartOf\":{\"@id\":\"https:\/\/www.africa-press.net\/cameroun\/#website\"},\"primaryImageOfPage\":{\"@id\":\"https:\/\/www.africa-press.net\/cameroun\/sports\/cameroun-meyomessala-va-accueillir-pour-la-premiere-fois-larrivee-de-la-22eme-edition-du-grand-prix-cycliste-international-chantal-biya#primaryimage\"},\"image\":{\"@id\":\"https:\/\/www.africa-press.net\/cameroun\/sports\/cameroun-meyomessala-va-accueillir-pour-la-premiere-fois-larrivee-de-la-22eme-edition-du-grand-prix-cycliste-international-chantal-biya#primaryimage\"},\"thumbnailUrl\":\"https:\/\/static.africa-press.net\/cameroun\/sites\/57\/2022\/09\/img-6316438f06716.jpg\",\"datePublished\":\"2022-09-05T15:56:38+00:00\",\"dateModified\":\"2022-09-05T18:44:52+00:00\",\"author\":{\"@id\":\"https:\/\/www.africa-press.net\/cameroun\/#\/schema\/person\/2b1cf3cd81a31e3cd26889ca66d677f1\"},\"description\":\"La f\u00e9d\u00e9ration nationale de cyclisme (Fecacyclisme), a r\u00e9cemment publi\u00e9 le parcours (601 km) du prochain Grand prix cycli ...\",\"breadcrumb\":{\"@id\":\"https:\/\/www.africa-press.net\/cameroun\/sports\/cameroun-meyomessala-va-accueillir-pour-la-premiere-fois-larrivee-de-la-22eme-edition-du-grand-prix-cycliste-international-chantal-biya#breadcrumb\"},\"inLanguage\":\"fr-FR\",\"potentialAction\":[{\"@type\":\"ReadAction\",\"target\":[\"https:\/\/www.africa-press.net\/cameroun\/sports\/cameroun-meyomessala-va-accueillir-pour-la-premiere-fois-larrivee-de-la-22eme-edition-du-grand-prix-cycliste-international-chantal-biya\"]}]},{\"@type\":\"ImageObject\",\"inLanguage\":\"fr-FR\",\"@id\":\"https:\/\/www.africa-press.net\/cameroun\/sports\/cameroun-meyomessala-va-accueillir-pour-la-premiere-fois-larrivee-de-la-22eme-edition-du-grand-prix-cycliste-international-chantal-biya#primaryimage\",\"url\":\"https:\/\/static.africa-press.net\/cameroun\/sites\/57\/2022\/09\/img-6316438f06716.jpg\",\"contentUrl\":\"https:\/\/static.africa-press.net\/cameroun\/sites\/57\/2022\/09\/img-6316438f06716.jpg\",\"width\":800,\"height\":443,\"caption\":\"Cameroun: Meyomessala va accueillir pour la premi\u00e8re fois, l\u2019arriv\u00e9e de la 22\u00e8me \u00e9dition du Grand prix cycliste international Chantal Biya\"},{\"@type\":\"BreadcrumbList\",\"@id\":\"https:\/\/www.africa-press.net\/cameroun\/sports\/cameroun-meyomessala-va-accueillir-pour-la-premiere-fois-larrivee-de-la-22eme-edition-du-grand-prix-cycliste-international-chantal-biya#breadcrumb\",\"itemListElement\":[{\"@type\":\"ListItem\",\"position\":1,\"name\":\"Accueil\",\"item\":\"https:\/\/www.africa-press.net\/cameroun\/\"},{\"@type\":\"ListItem\",\"position\":2,\"name\":\"Cameroun: Meyomessala va accueillir pour la premi\u00e8re fois, l\u2019arriv\u00e9e de la 22\u00e8me \u00e9dition du Grand prix cycliste international Chantal Biya\"}]},{\"@type\":\"WebSite\",\"@id\":\"https:\/\/www.africa-press.net\/cameroun\/#website\",\"url\":\"https:\/\/www.africa-press.net\/cameroun\/\",\"name\":\"Cameroun\",\"description\":\"Just another Africa News Agency Sites site\",\"potentialAction\":[{\"@type\":\"SearchAction\",\"target\":{\"@type\":\"EntryPoint\",\"urlTemplate\":\"https:\/\/www.africa-press.net\/cameroun\/?s={search_term_string}\"},\"query-input\":{\"@type\":\"PropertyValueSpecification\",\"valueRequired\":true,\"valueName\":\"search_term_string\"}}],\"inLanguage\":\"fr-FR\"},{\"@type\":\"Person\",\"@id\":\"https:\/\/www.africa-press.net\/cameroun\/#\/schema\/person\/2b1cf3cd81a31e3cd26889ca66d677f1\",\"name\":\"cfeditorfr\"}]}<\/script>\n<!-- \/ Yoast SEO Premium plugin. -->","yoast_head_json":{"title":"Cameroun: Meyomessala va accueillir pour la premi\u00e8re fois, l\u2019arriv\u00e9e de la 22\u00e8me \u00e9dition du Grand prix cycliste international Chantal Biya - Cameroun","description":"La f\u00e9d\u00e9ration nationale de cyclisme (Fecacyclisme), a r\u00e9cemment publi\u00e9 le parcours (601 km) du prochain Grand prix cycli ...","robots":{"index":"index","follow":"follow","max-snippet":"max-snippet:-1","max-image-preview":"max-image-preview:large","max-video-preview":"max-video-preview:-1"},"canonical":"https:\/\/www.africa-press.net\/cameroun\/sports\/cameroun-meyomessala-va-accueillir-pour-la-premiere-fois-larrivee-de-la-22eme-edition-du-grand-prix-cycliste-international-chantal-biya","og_locale":"fr_FR","og_type":"article","og_title":"Cameroun: Meyomessala va accueillir pour la premi\u00e8re fois, l\u2019arriv\u00e9e de la 22\u00e8me \u00e9dition du Grand prix cycliste international Chantal Biya","og_description":"La f\u00e9d\u00e9ration nationale de cyclisme (Fecacyclisme), a r\u00e9cemment publi\u00e9 le parcours (601 km) du prochain Grand prix cycli ...","og_url":"https:\/\/www.africa-press.net\/cameroun\/sports\/cameroun-meyomessala-va-accueillir-pour-la-premiere-fois-larrivee-de-la-22eme-edition-du-grand-prix-cycliste-international-chantal-biya","og_site_name":"Cameroun","article_published_time":"2022-09-05T15:56:38+00:00","article_modified_time":"2022-09-05T18:44:52+00:00","og_image":[{"width":800,"height":443,"url":"https:\/\/static.africa-press.net\/cameroun\/sites\/57\/2022\/09\/img-6316438f06716.jpg","type":"image\/jpeg"}],"author":"cfeditorfr","twitter_card":"summary_large_image","twitter_misc":{"\u00c9crit par":"cfeditorfr","Dur\u00e9e de lecture estim\u00e9e":"2 minutes"},"schema":{"@context":"https:\/\/schema.org","@graph":[{"@type":"Article","@id":"https:\/\/www.africa-press.net\/cameroun\/sports\/cameroun-meyomessala-va-accueillir-pour-la-premiere-fois-larrivee-de-la-22eme-edition-du-grand-prix-cycliste-international-chantal-biya#article","isPartOf":{"@id":"https:\/\/www.africa-press.net\/cameroun\/sports\/cameroun-meyomessala-va-accueillir-pour-la-premiere-fois-larrivee-de-la-22eme-edition-du-grand-prix-cycliste-international-chantal-biya"},"author":{"name":"cfeditorfr","@id":"https:\/\/www.africa-press.net\/cameroun\/#\/schema\/person\/2b1cf3cd81a31e3cd26889ca66d677f1"},"headline":"Cameroun: Meyomessala va accueillir pour la premi\u00e8re fois, l\u2019arriv\u00e9e de la 22\u00e8me \u00e9dition du Grand prix cycliste international Chantal Biya","datePublished":"2022-09-05T15:56:38+00:00","dateModified":"2022-09-05T18:44:52+00:00","mainEntityOfPage":{"@id":"https:\/\/www.africa-press.net\/cameroun\/sports\/cameroun-meyomessala-va-accueillir-pour-la-premiere-fois-larrivee-de-la-22eme-edition-du-grand-prix-cycliste-international-chantal-biya"},"wordCount":314,"commentCount":0,"image":{"@id":"https:\/\/www.africa-press.net\/cameroun\/sports\/cameroun-meyomessala-va-accueillir-pour-la-premiere-fois-larrivee-de-la-22eme-edition-du-grand-prix-cycliste-international-chantal-biya#primaryimage"},"thumbnailUrl":"https:\/\/static.africa-press.net\/cameroun\/sites\/57\/2022\/09\/img-6316438f06716.jpg","keywords":["Africa Press","Africa Press-Cameroun","Cameroun"],"articleSection":["homepage-french","Sports","Toutes les actualit\u00e9s"],"inLanguage":"fr-FR","potentialAction":[{"@type":"CommentAction","name":"Comment","target":["https:\/\/www.africa-press.net\/cameroun\/sports\/cameroun-meyomessala-va-accueillir-pour-la-premiere-fois-larrivee-de-la-22eme-edition-du-grand-prix-cycliste-international-chantal-biya#respond"]}]},{"@type":"WebPage","@id":"https:\/\/www.africa-press.net\/cameroun\/sports\/cameroun-meyomessala-va-accueillir-pour-la-premiere-fois-larrivee-de-la-22eme-edition-du-grand-prix-cycliste-international-chantal-biya","url":"https:\/\/www.africa-press.net\/cameroun\/sports\/cameroun-meyomessala-va-accueillir-pour-la-premiere-fois-larrivee-de-la-22eme-edition-du-grand-prix-cycliste-international-chantal-biya","name":"Cameroun: Meyomessala va accueillir pour la premi\u00e8re fois, l\u2019arriv\u00e9e de la 22\u00e8me \u00e9dition du Grand prix cycliste international Chantal Biya - Cameroun","isPartOf":{"@id":"https:\/\/www.africa-press.net\/cameroun\/#website"},"primaryImageOfPage":{"@id":"https:\/\/www.africa-press.net\/cameroun\/sports\/cameroun-meyomessala-va-accueillir-pour-la-premiere-fois-larrivee-de-la-22eme-edition-du-grand-prix-cycliste-international-chantal-biya#primaryimage"},"image":{"@id":"https:\/\/www.africa-press.net\/cameroun\/sports\/cameroun-meyomessala-va-accueillir-pour-la-premiere-fois-larrivee-de-la-22eme-edition-du-grand-prix-cycliste-international-chantal-biya#primaryimage"},"thumbnailUrl":"https:\/\/static.africa-press.net\/cameroun\/sites\/57\/2022\/09\/img-6316438f06716.jpg","datePublished":"2022-09-05T15:56:38+00:00","dateModified":"2022-09-05T18:44:52+00:00","author":{"@id":"https:\/\/www.africa-press.net\/cameroun\/#\/schema\/person\/2b1cf3cd81a31e3cd26889ca66d677f1"},"description":"La f\u00e9d\u00e9ration nationale de cyclisme (Fecacyclisme), a r\u00e9cemment publi\u00e9 le parcours (601 km) du prochain Grand prix cycli ...","breadcrumb":{"@id":"https:\/\/www.africa-press.net\/cameroun\/sports\/cameroun-meyomessala-va-accueillir-pour-la-premiere-fois-larrivee-de-la-22eme-edition-du-grand-prix-cycliste-international-chantal-biya#breadcrumb"},"inLanguage":"fr-FR","potentialAction":[{"@type":"ReadAction","target":["https:\/\/www.africa-press.net\/cameroun\/sports\/cameroun-meyomessala-va-accueillir-pour-la-premiere-fois-larrivee-de-la-22eme-edition-du-grand-prix-cycliste-international-chantal-biya"]}]},{"@type":"ImageObject","inLanguage":"fr-FR","@id":"https:\/\/www.africa-press.net\/cameroun\/sports\/cameroun-meyomessala-va-accueillir-pour-la-premiere-fois-larrivee-de-la-22eme-edition-du-grand-prix-cycliste-international-chantal-biya#primaryimage","url":"https:\/\/static.africa-press.net\/cameroun\/sites\/57\/2022\/09\/img-6316438f06716.jpg","contentUrl":"https:\/\/static.africa-press.net\/cameroun\/sites\/57\/2022\/09\/img-6316438f06716.jpg","width":800,"height":443,"caption":"Cameroun: Meyomessala va accueillir pour la premi\u00e8re fois, l\u2019arriv\u00e9e de la 22\u00e8me \u00e9dition du Grand prix cycliste international Chantal Biya"},{"@type":"BreadcrumbList","@id":"https:\/\/www.africa-press.net\/cameroun\/sports\/cameroun-meyomessala-va-accueillir-pour-la-premiere-fois-larrivee-de-la-22eme-edition-du-grand-prix-cycliste-international-chantal-biya#breadcrumb","itemListElement":[{"@type":"ListItem","position":1,"name":"Accueil","item":"https:\/\/www.africa-press.net\/cameroun\/"},{"@type":"ListItem","position":2,"name":"Cameroun: Meyomessala va accueillir pour la premi\u00e8re fois, l\u2019arriv\u00e9e de la 22\u00e8me \u00e9dition du Grand prix cycliste international Chantal Biya"}]},{"@type":"WebSite","@id":"https:\/\/www.africa-press.net\/cameroun\/#website","url":"https:\/\/www.africa-press.net\/cameroun\/","name":"Cameroun","description":"Just another Africa News Agency Sites site","potentialAction":[{"@type":"SearchAction","target":{"@type":"EntryPoint","urlTemplate":"https:\/\/www.africa-press.net\/cameroun\/?s={search_term_string}"},"query-input":{"@type":"PropertyValueSpecification","valueRequired":true,"valueName":"search_term_string"}}],"inLanguage":"fr-FR"},{"@type":"Person","@id":"https:\/\/www.africa-press.net\/cameroun\/#\/schema\/person\/2b1cf3cd81a31e3cd26889ca66d677f1","name":"cfeditorfr"}]}},"_links":{"self":[{"href":"https:\/\/www.africa-press.net\/cameroun\/wp-json\/wp\/v2\/posts\/26705","targetHints":{"allow":["GET"]}}],"collection":[{"href":"https:\/\/www.africa-press.net\/cameroun\/wp-json\/wp\/v2\/posts"}],"about":[{"href":"https:\/\/www.africa-press.net\/cameroun\/wp-json\/wp\/v2\/types\/post"}],"author":[{"embeddable":true,"href":"https:\/\/www.africa-press.net\/cameroun\/wp-json\/wp\/v2\/users\/82"}],"replies":[{"embeddable":true,"href":"https:\/\/www.africa-press.net\/cameroun\/wp-json\/wp\/v2\/comments?post=26705"}],"version-history":[{"count":0,"href":"https:\/\/www.africa-press.net\/cameroun\/wp-json\/wp\/v2\/posts\/26705\/revisions"}],"wp:featuredmedia":[{"embeddable":true,"href":"https:\/\/www.africa-press.net\/cameroun\/wp-json\/wp\/v2\/media\/26704"}],"wp:attachment":[{"href":"https:\/\/www.africa-press.net\/cameroun\/wp-json\/wp\/v2\/media?parent=26705"}],"wp:term":[{"taxonomy":"category","embeddable":true,"href":"https:\/\/www.africa-press.net\/cameroun\/wp-json\/wp\/v2\/categories?post=26705"},{"taxonomy":"post_tag","embeddable":true,"href":"https:\/\/www.africa-press.net\/cameroun\/wp-json\/wp\/v2\/tags?post=26705"}],"curies":[{"name":"wp","href":"https:\/\/api.w.org\/{rel}","templated":true}]}}