{"id":26717,"date":"2022-09-05T16:26:01","date_gmt":"2022-09-05T16:26:01","guid":{"rendered":"https:\/\/www.africa-press.net\/cameroun\/politique\/cameroun-le-mediateur-universel-interpelle-la-conac-sur-les-abus-dun-delegue-regional"},"modified":"2022-09-05T18:47:21","modified_gmt":"2022-09-05T18:47:21","slug":"cameroun-le-mediateur-universel-interpelle-la-conac-sur-les-abus-dun-delegue-regional","status":"publish","type":"post","link":"https:\/\/www.africa-press.net\/cameroun\/dossiers\/cameroun-le-mediateur-universel-interpelle-la-conac-sur-les-abus-dun-delegue-regional","title":{"rendered":"Cameroun : le M\u00e9diateur universel interpelle la Conac sur les abus d\u2019un d\u00e9l\u00e9gu\u00e9 r\u00e9gional"},"content":{"rendered":"<p><span style=\"color: #ff6600\"><strong>Africa-Press &#8211; Cameroun. <\/strong><\/span><b>La requ\u00eate accuse le fonctionnaire de plusieurs abus sur les commer\u00e7ants dans le ville de Douala, r\u00e9gion du Littoral.<\/b><\/p>\n<p>Demande d\u2019ouverture d\u2019une enqu\u00eate contre les agissements du D\u00e9l\u00e9gu\u00e9 r\u00e9gional du commerce du Littoral : Extorsion des fonds, chantage, menaces, pressions et humiliation des commer\u00e7ants<\/p>\n<p>Monsieur le Pr\u00e9sident,<\/p>\n<p>J\u2019ai l\u2019honneur de vous informer, que j\u2019ai re\u00e7u de tr\u00e8s nombreuses plaintes de commer\u00e7ants de la ville de Douala et au-del\u00e0, qui mettent toutes en cause les pratiques de corruption et d\u2019extorsions des fonds d\u2019une gravit\u00e9 impensable de la part du d\u00e9l\u00e9gu\u00e9 r\u00e9gional du commerce du Littoral.<\/p>\n<p>En effet plus de des centaines de commer\u00e7ants sont astreints au versement annuellement, sans re\u00e7u, donc dans les caisses noires et pour son profit, de la somme d\u2019un million de Francs CFA annuellement \u00e0 ce fonctionnaire. Un r\u00e9seau de serviteurs subalternes s\u00e9vit pour les besoins de la cause, comme les mafias italiennes que l\u2019on voit dans les films.<\/p>\n<p>J\u2019en ai saisis promptement le ministre du commerce, mais il n\u2019y a aucun doute que cette pratique est connue dans la maison, et que par cons\u00e9quent une enqu\u00eate purement interne n\u2019aboutirait \u00e0 rien du tout.<\/p>\n<p>Parfaite consid\u00e9ration.\/.<\/p>\n<p><strong>Pour plus d&rsquo;informations et d&rsquo;analyses sur la <a href=\"https:\/\/www.africa-press.net\/cameroun\">Cameroun<\/a>, suivez <a href=\"https:\/\/www.africa-press.net\/\">Africa-Press<\/a><\/strong><\/p>\n","protected":false},"excerpt":{"rendered":"<p>Africa-Press &#8211; Cameroun. La requ\u00eate accuse le fonctionnaire de plusieurs abus sur les commer\u00e7ants dans le ville de Douala, r\u00e9gion du Littoral. Demande d\u2019ouverture d\u2019une enqu\u00eate contre les agissements du D\u00e9l\u00e9gu\u00e9 r\u00e9gional du commerce du Littoral : Extorsion des fonds, chantage, menaces, pressions et humiliation des commer\u00e7ants Monsieur le Pr\u00e9sident, J\u2019ai l\u2019honneur de vous informer, [&hellip;]<\/p>\n","protected":false},"author":82,"featured_media":26716,"comment_status":"open","ping_status":"closed","sticky":false,"template":"","format":"standard","meta":{"footnotes":""},"categories":[7,11,10],"tags":[36,50,49],"class_list":["post-26717","post","type-post","status-publish","format-standard","has-post-thumbnail","hentry","category-dossiers","category-homepage-french","category-toutes-les-actualites","tag-africa-press","tag-africa-press-cameroun","tag-cameroun"],"yoast_head":"<!-- This site is optimized with the Yoast SEO Premium plugin v26.1 (Yoast SEO v27.0) - https:\/\/yoast.com\/product\/yoast-seo-premium-wordpress\/ -->\n<title>Cameroun : le M\u00e9diateur universel interpelle la Conac sur les abus d\u2019un d\u00e9l\u00e9gu\u00e9 r\u00e9gional - Cameroun<\/title>\n<meta name=\"description\" content=\"La requ\u00eate accuse le fonctionnaire de plusieurs abus sur les commer\u00e7ants dans le ville de Douala, r\u00e9gion du Littoral. ...\" \/>\n<meta name=\"robots\" content=\"index, follow, max-snippet:-1, max-image-preview:large, max-video-preview:-1\" \/>\n<link rel=\"canonical\" href=\"https:\/\/www.africa-press.net\/cameroun\/dossiers\/cameroun-le-mediateur-universel-interpelle-la-conac-sur-les-abus-dun-delegue-regional\" \/>\n<meta property=\"og:locale\" content=\"fr_FR\" \/>\n<meta property=\"og:type\" content=\"article\" \/>\n<meta property=\"og:title\" content=\"Cameroun : le M\u00e9diateur universel interpelle la Conac sur les abus d\u2019un d\u00e9l\u00e9gu\u00e9 r\u00e9gional\" \/>\n<meta property=\"og:description\" content=\"La requ\u00eate accuse le fonctionnaire de plusieurs abus sur les commer\u00e7ants dans le ville de Douala, r\u00e9gion du Littoral. ...\" \/>\n<meta property=\"og:url\" content=\"https:\/\/www.africa-press.net\/cameroun\/dossiers\/cameroun-le-mediateur-universel-interpelle-la-conac-sur-les-abus-dun-delegue-regional\" \/>\n<meta property=\"og:site_name\" content=\"Cameroun\" \/>\n<meta property=\"article:published_time\" content=\"2022-09-05T16:26:01+00:00\" \/>\n<meta property=\"article:modified_time\" content=\"2022-09-05T18:47:21+00:00\" \/>\n<meta property=\"og:image\" content=\"https:\/\/static.africa-press.net\/cameroun\/sites\/57\/2022\/09\/img-6316441a4b2b7.jpg\" \/>\n\t<meta property=\"og:image:width\" content=\"1300\" \/>\n\t<meta property=\"og:image:height\" content=\"730\" \/>\n\t<meta property=\"og:image:type\" content=\"image\/jpeg\" \/>\n<meta name=\"author\" content=\"cfeditorfr\" \/>\n<meta name=\"twitter:card\" content=\"summary_large_image\" \/>\n<meta name=\"twitter:label1\" content=\"\u00c9crit par\" \/>\n\t<meta name=\"twitter:data1\" content=\"cfeditorfr\" \/>\n\t<meta name=\"twitter:label2\" content=\"Dur\u00e9e de lecture estim\u00e9e\" \/>\n\t<meta name=\"twitter:data2\" content=\"2 minutes\" \/>\n<script type=\"application\/ld+json\" class=\"yoast-schema-graph\">{\"@context\":\"https:\/\/schema.org\",\"@graph\":[{\"@type\":\"Article\",\"@id\":\"https:\/\/www.africa-press.net\/cameroun\/dossiers\/cameroun-le-mediateur-universel-interpelle-la-conac-sur-les-abus-dun-delegue-regional#article\",\"isPartOf\":{\"@id\":\"https:\/\/www.africa-press.net\/cameroun\/dossiers\/cameroun-le-mediateur-universel-interpelle-la-conac-sur-les-abus-dun-delegue-regional\"},\"author\":{\"name\":\"cfeditorfr\",\"@id\":\"https:\/\/www.africa-press.net\/cameroun\/#\/schema\/person\/2b1cf3cd81a31e3cd26889ca66d677f1\"},\"headline\":\"Cameroun : le M\u00e9diateur universel interpelle la Conac sur les abus d\u2019un d\u00e9l\u00e9gu\u00e9 r\u00e9gional\",\"datePublished\":\"2022-09-05T16:26:01+00:00\",\"dateModified\":\"2022-09-05T18:47:21+00:00\",\"mainEntityOfPage\":{\"@id\":\"https:\/\/www.africa-press.net\/cameroun\/dossiers\/cameroun-le-mediateur-universel-interpelle-la-conac-sur-les-abus-dun-delegue-regional\"},\"wordCount\":253,\"commentCount\":0,\"image\":{\"@id\":\"https:\/\/www.africa-press.net\/cameroun\/dossiers\/cameroun-le-mediateur-universel-interpelle-la-conac-sur-les-abus-dun-delegue-regional#primaryimage\"},\"thumbnailUrl\":\"https:\/\/static.africa-press.net\/cameroun\/sites\/57\/2022\/09\/img-6316441a4b2b7.jpg\",\"keywords\":[\"Africa Press\",\"Africa Press-Cameroun\",\"Cameroun\"],\"articleSection\":[\"Dossiers\",\"homepage-french\",\"Toutes les actualit\u00e9s\"],\"inLanguage\":\"fr-FR\",\"potentialAction\":[{\"@type\":\"CommentAction\",\"name\":\"Comment\",\"target\":[\"https:\/\/www.africa-press.net\/cameroun\/dossiers\/cameroun-le-mediateur-universel-interpelle-la-conac-sur-les-abus-dun-delegue-regional#respond\"]}]},{\"@type\":\"WebPage\",\"@id\":\"https:\/\/www.africa-press.net\/cameroun\/dossiers\/cameroun-le-mediateur-universel-interpelle-la-conac-sur-les-abus-dun-delegue-regional\",\"url\":\"https:\/\/www.africa-press.net\/cameroun\/dossiers\/cameroun-le-mediateur-universel-interpelle-la-conac-sur-les-abus-dun-delegue-regional\",\"name\":\"Cameroun : le M\u00e9diateur universel interpelle la Conac sur les abus d\u2019un d\u00e9l\u00e9gu\u00e9 r\u00e9gional - Cameroun\",\"isPartOf\":{\"@id\":\"https:\/\/www.africa-press.net\/cameroun\/#website\"},\"primaryImageOfPage\":{\"@id\":\"https:\/\/www.africa-press.net\/cameroun\/dossiers\/cameroun-le-mediateur-universel-interpelle-la-conac-sur-les-abus-dun-delegue-regional#primaryimage\"},\"image\":{\"@id\":\"https:\/\/www.africa-press.net\/cameroun\/dossiers\/cameroun-le-mediateur-universel-interpelle-la-conac-sur-les-abus-dun-delegue-regional#primaryimage\"},\"thumbnailUrl\":\"https:\/\/static.africa-press.net\/cameroun\/sites\/57\/2022\/09\/img-6316441a4b2b7.jpg\",\"datePublished\":\"2022-09-05T16:26:01+00:00\",\"dateModified\":\"2022-09-05T18:47:21+00:00\",\"author\":{\"@id\":\"https:\/\/www.africa-press.net\/cameroun\/#\/schema\/person\/2b1cf3cd81a31e3cd26889ca66d677f1\"},\"description\":\"La requ\u00eate accuse le fonctionnaire de plusieurs abus sur les commer\u00e7ants dans le ville de Douala, r\u00e9gion du Littoral. ...\",\"breadcrumb\":{\"@id\":\"https:\/\/www.africa-press.net\/cameroun\/dossiers\/cameroun-le-mediateur-universel-interpelle-la-conac-sur-les-abus-dun-delegue-regional#breadcrumb\"},\"inLanguage\":\"fr-FR\",\"potentialAction\":[{\"@type\":\"ReadAction\",\"target\":[\"https:\/\/www.africa-press.net\/cameroun\/dossiers\/cameroun-le-mediateur-universel-interpelle-la-conac-sur-les-abus-dun-delegue-regional\"]}]},{\"@type\":\"ImageObject\",\"inLanguage\":\"fr-FR\",\"@id\":\"https:\/\/www.africa-press.net\/cameroun\/dossiers\/cameroun-le-mediateur-universel-interpelle-la-conac-sur-les-abus-dun-delegue-regional#primaryimage\",\"url\":\"https:\/\/static.africa-press.net\/cameroun\/sites\/57\/2022\/09\/img-6316441a4b2b7.jpg\",\"contentUrl\":\"https:\/\/static.africa-press.net\/cameroun\/sites\/57\/2022\/09\/img-6316441a4b2b7.jpg\",\"width\":1300,\"height\":730,\"caption\":\"Cameroun : le M\u00e9diateur universel interpelle la Conac sur les abus d\u2019un d\u00e9l\u00e9gu\u00e9 r\u00e9gional\"},{\"@type\":\"BreadcrumbList\",\"@id\":\"https:\/\/www.africa-press.net\/cameroun\/dossiers\/cameroun-le-mediateur-universel-interpelle-la-conac-sur-les-abus-dun-delegue-regional#breadcrumb\",\"itemListElement\":[{\"@type\":\"ListItem\",\"position\":1,\"name\":\"Accueil\",\"item\":\"https:\/\/www.africa-press.net\/cameroun\/\"},{\"@type\":\"ListItem\",\"position\":2,\"name\":\"Cameroun : le M\u00e9diateur universel interpelle la Conac sur les abus d\u2019un d\u00e9l\u00e9gu\u00e9 r\u00e9gional\"}]},{\"@type\":\"WebSite\",\"@id\":\"https:\/\/www.africa-press.net\/cameroun\/#website\",\"url\":\"https:\/\/www.africa-press.net\/cameroun\/\",\"name\":\"Cameroun\",\"description\":\"Just another Africa News Agency Sites site\",\"potentialAction\":[{\"@type\":\"SearchAction\",\"target\":{\"@type\":\"EntryPoint\",\"urlTemplate\":\"https:\/\/www.africa-press.net\/cameroun\/?s={search_term_string}\"},\"query-input\":{\"@type\":\"PropertyValueSpecification\",\"valueRequired\":true,\"valueName\":\"search_term_string\"}}],\"inLanguage\":\"fr-FR\"},{\"@type\":\"Person\",\"@id\":\"https:\/\/www.africa-press.net\/cameroun\/#\/schema\/person\/2b1cf3cd81a31e3cd26889ca66d677f1\",\"name\":\"cfeditorfr\"}]}<\/script>\n<!-- \/ Yoast SEO Premium plugin. -->","yoast_head_json":{"title":"Cameroun : le M\u00e9diateur universel interpelle la Conac sur les abus d\u2019un d\u00e9l\u00e9gu\u00e9 r\u00e9gional - Cameroun","description":"La requ\u00eate accuse le fonctionnaire de plusieurs abus sur les commer\u00e7ants dans le ville de Douala, r\u00e9gion du Littoral. ...","robots":{"index":"index","follow":"follow","max-snippet":"max-snippet:-1","max-image-preview":"max-image-preview:large","max-video-preview":"max-video-preview:-1"},"canonical":"https:\/\/www.africa-press.net\/cameroun\/dossiers\/cameroun-le-mediateur-universel-interpelle-la-conac-sur-les-abus-dun-delegue-regional","og_locale":"fr_FR","og_type":"article","og_title":"Cameroun : le M\u00e9diateur universel interpelle la Conac sur les abus d\u2019un d\u00e9l\u00e9gu\u00e9 r\u00e9gional","og_description":"La requ\u00eate accuse le fonctionnaire de plusieurs abus sur les commer\u00e7ants dans le ville de Douala, r\u00e9gion du Littoral. ...","og_url":"https:\/\/www.africa-press.net\/cameroun\/dossiers\/cameroun-le-mediateur-universel-interpelle-la-conac-sur-les-abus-dun-delegue-regional","og_site_name":"Cameroun","article_published_time":"2022-09-05T16:26:01+00:00","article_modified_time":"2022-09-05T18:47:21+00:00","og_image":[{"width":1300,"height":730,"url":"https:\/\/static.africa-press.net\/cameroun\/sites\/57\/2022\/09\/img-6316441a4b2b7.jpg","type":"image\/jpeg"}],"author":"cfeditorfr","twitter_card":"summary_large_image","twitter_misc":{"\u00c9crit par":"cfeditorfr","Dur\u00e9e de lecture estim\u00e9e":"2 minutes"},"schema":{"@context":"https:\/\/schema.org","@graph":[{"@type":"Article","@id":"https:\/\/www.africa-press.net\/cameroun\/dossiers\/cameroun-le-mediateur-universel-interpelle-la-conac-sur-les-abus-dun-delegue-regional#article","isPartOf":{"@id":"https:\/\/www.africa-press.net\/cameroun\/dossiers\/cameroun-le-mediateur-universel-interpelle-la-conac-sur-les-abus-dun-delegue-regional"},"author":{"name":"cfeditorfr","@id":"https:\/\/www.africa-press.net\/cameroun\/#\/schema\/person\/2b1cf3cd81a31e3cd26889ca66d677f1"},"headline":"Cameroun : le M\u00e9diateur universel interpelle la Conac sur les abus d\u2019un d\u00e9l\u00e9gu\u00e9 r\u00e9gional","datePublished":"2022-09-05T16:26:01+00:00","dateModified":"2022-09-05T18:47:21+00:00","mainEntityOfPage":{"@id":"https:\/\/www.africa-press.net\/cameroun\/dossiers\/cameroun-le-mediateur-universel-interpelle-la-conac-sur-les-abus-dun-delegue-regional"},"wordCount":253,"commentCount":0,"image":{"@id":"https:\/\/www.africa-press.net\/cameroun\/dossiers\/cameroun-le-mediateur-universel-interpelle-la-conac-sur-les-abus-dun-delegue-regional#primaryimage"},"thumbnailUrl":"https:\/\/static.africa-press.net\/cameroun\/sites\/57\/2022\/09\/img-6316441a4b2b7.jpg","keywords":["Africa Press","Africa Press-Cameroun","Cameroun"],"articleSection":["Dossiers","homepage-french","Toutes les actualit\u00e9s"],"inLanguage":"fr-FR","potentialAction":[{"@type":"CommentAction","name":"Comment","target":["https:\/\/www.africa-press.net\/cameroun\/dossiers\/cameroun-le-mediateur-universel-interpelle-la-conac-sur-les-abus-dun-delegue-regional#respond"]}]},{"@type":"WebPage","@id":"https:\/\/www.africa-press.net\/cameroun\/dossiers\/cameroun-le-mediateur-universel-interpelle-la-conac-sur-les-abus-dun-delegue-regional","url":"https:\/\/www.africa-press.net\/cameroun\/dossiers\/cameroun-le-mediateur-universel-interpelle-la-conac-sur-les-abus-dun-delegue-regional","name":"Cameroun : le M\u00e9diateur universel interpelle la Conac sur les abus d\u2019un d\u00e9l\u00e9gu\u00e9 r\u00e9gional - Cameroun","isPartOf":{"@id":"https:\/\/www.africa-press.net\/cameroun\/#website"},"primaryImageOfPage":{"@id":"https:\/\/www.africa-press.net\/cameroun\/dossiers\/cameroun-le-mediateur-universel-interpelle-la-conac-sur-les-abus-dun-delegue-regional#primaryimage"},"image":{"@id":"https:\/\/www.africa-press.net\/cameroun\/dossiers\/cameroun-le-mediateur-universel-interpelle-la-conac-sur-les-abus-dun-delegue-regional#primaryimage"},"thumbnailUrl":"https:\/\/static.africa-press.net\/cameroun\/sites\/57\/2022\/09\/img-6316441a4b2b7.jpg","datePublished":"2022-09-05T16:26:01+00:00","dateModified":"2022-09-05T18:47:21+00:00","author":{"@id":"https:\/\/www.africa-press.net\/cameroun\/#\/schema\/person\/2b1cf3cd81a31e3cd26889ca66d677f1"},"description":"La requ\u00eate accuse le fonctionnaire de plusieurs abus sur les commer\u00e7ants dans le ville de Douala, r\u00e9gion du Littoral. ...","breadcrumb":{"@id":"https:\/\/www.africa-press.net\/cameroun\/dossiers\/cameroun-le-mediateur-universel-interpelle-la-conac-sur-les-abus-dun-delegue-regional#breadcrumb"},"inLanguage":"fr-FR","potentialAction":[{"@type":"ReadAction","target":["https:\/\/www.africa-press.net\/cameroun\/dossiers\/cameroun-le-mediateur-universel-interpelle-la-conac-sur-les-abus-dun-delegue-regional"]}]},{"@type":"ImageObject","inLanguage":"fr-FR","@id":"https:\/\/www.africa-press.net\/cameroun\/dossiers\/cameroun-le-mediateur-universel-interpelle-la-conac-sur-les-abus-dun-delegue-regional#primaryimage","url":"https:\/\/static.africa-press.net\/cameroun\/sites\/57\/2022\/09\/img-6316441a4b2b7.jpg","contentUrl":"https:\/\/static.africa-press.net\/cameroun\/sites\/57\/2022\/09\/img-6316441a4b2b7.jpg","width":1300,"height":730,"caption":"Cameroun : le M\u00e9diateur universel interpelle la Conac sur les abus d\u2019un d\u00e9l\u00e9gu\u00e9 r\u00e9gional"},{"@type":"BreadcrumbList","@id":"https:\/\/www.africa-press.net\/cameroun\/dossiers\/cameroun-le-mediateur-universel-interpelle-la-conac-sur-les-abus-dun-delegue-regional#breadcrumb","itemListElement":[{"@type":"ListItem","position":1,"name":"Accueil","item":"https:\/\/www.africa-press.net\/cameroun\/"},{"@type":"ListItem","position":2,"name":"Cameroun : le M\u00e9diateur universel interpelle la Conac sur les abus d\u2019un d\u00e9l\u00e9gu\u00e9 r\u00e9gional"}]},{"@type":"WebSite","@id":"https:\/\/www.africa-press.net\/cameroun\/#website","url":"https:\/\/www.africa-press.net\/cameroun\/","name":"Cameroun","description":"Just another Africa News Agency Sites site","potentialAction":[{"@type":"SearchAction","target":{"@type":"EntryPoint","urlTemplate":"https:\/\/www.africa-press.net\/cameroun\/?s={search_term_string}"},"query-input":{"@type":"PropertyValueSpecification","valueRequired":true,"valueName":"search_term_string"}}],"inLanguage":"fr-FR"},{"@type":"Person","@id":"https:\/\/www.africa-press.net\/cameroun\/#\/schema\/person\/2b1cf3cd81a31e3cd26889ca66d677f1","name":"cfeditorfr"}]}},"_links":{"self":[{"href":"https:\/\/www.africa-press.net\/cameroun\/wp-json\/wp\/v2\/posts\/26717","targetHints":{"allow":["GET"]}}],"collection":[{"href":"https:\/\/www.africa-press.net\/cameroun\/wp-json\/wp\/v2\/posts"}],"about":[{"href":"https:\/\/www.africa-press.net\/cameroun\/wp-json\/wp\/v2\/types\/post"}],"author":[{"embeddable":true,"href":"https:\/\/www.africa-press.net\/cameroun\/wp-json\/wp\/v2\/users\/82"}],"replies":[{"embeddable":true,"href":"https:\/\/www.africa-press.net\/cameroun\/wp-json\/wp\/v2\/comments?post=26717"}],"version-history":[{"count":0,"href":"https:\/\/www.africa-press.net\/cameroun\/wp-json\/wp\/v2\/posts\/26717\/revisions"}],"wp:featuredmedia":[{"embeddable":true,"href":"https:\/\/www.africa-press.net\/cameroun\/wp-json\/wp\/v2\/media\/26716"}],"wp:attachment":[{"href":"https:\/\/www.africa-press.net\/cameroun\/wp-json\/wp\/v2\/media?parent=26717"}],"wp:term":[{"taxonomy":"category","embeddable":true,"href":"https:\/\/www.africa-press.net\/cameroun\/wp-json\/wp\/v2\/categories?post=26717"},{"taxonomy":"post_tag","embeddable":true,"href":"https:\/\/www.africa-press.net\/cameroun\/wp-json\/wp\/v2\/tags?post=26717"}],"curies":[{"name":"wp","href":"https:\/\/api.w.org\/{rel}","templated":true}]}}