{"id":26723,"date":"2022-09-05T16:38:10","date_gmt":"2022-09-05T16:38:10","guid":{"rendered":"https:\/\/www.africa-press.net\/cameroun\/politique\/cameroun-des-casses-annoncees-au-marche-nkoabang"},"modified":"2022-09-05T18:48:24","modified_gmt":"2022-09-05T18:48:24","slug":"cameroun-des-casses-annoncees-au-marche-nkoabang","status":"publish","type":"post","link":"https:\/\/www.africa-press.net\/cameroun\/economie\/cameroun-des-casses-annoncees-au-marche-nkoabang","title":{"rendered":"Cameroun\u00a0: des casses annonc\u00e9es au march\u00e9 Nkoabang"},"content":{"rendered":"<p><span style=\"color: #ff6600\"><strong>Africa-Press &#8211; Cameroun. <\/strong><\/span>L\u2019injonction a \u00e9t\u00e9 donn\u00e9e par Jean Fran\u00e7ois Ondigui Owona, maire de la commune d\u2019arrondissement de Nkolafamba, dans un communiqu\u00e9 r\u00e9cemment publi\u00e9.<\/p>\n<p>Une note du 2 septembre 2022 du pr\u00e9fet du d\u00e9partement de la Mefou-et-Afamba au maire de la commune de Nkol-Afamba donne cette information.<\/p>\n<p>Dans ce document, l\u2019autorit\u00e9 administrative dit : \u00ab <b>faisant suite aux conclusions de la s\u00e9ance de travail du 31 ao\u00fbt 2022 pr\u00e9sid\u00e9e par le gouverneur de la r\u00e9gion du Centre, vous invite \u00e0 d\u00e9guerpir des sites que vous occupez dans un d\u00e9lai de 7 jours, qui sont la cause av\u00e9r\u00e9e d\u2019engorgement du carrefour Nkoabang<\/b> \u00bb peut-on lire dans le communiqu\u00e9 publi\u00e9 par Jean Fran\u00e7ois Ondigui Owona, maire de la commune d\u2019arrondissement de Nkolafamba, dans le d\u00e9partement de la Mefou-et-Afamba.<\/p>\n<p>En effet, ledit communiqu\u00e9 concerne : les commer\u00e7ants, vendeurs, revendeuses (Bayam-Sallam), occupant les emprises publiques, outre les propri\u00e9taires des constructions et immeubles install\u00e9s sur la voie publique ou sous les installations \u00e9lectriques. La sommation de l\u2019\u00e9dile de la municipalit\u00e9 de Nkolafamba s\u2019adresse \u00e9galement aux occupants et exploitants des march\u00e9s \u00ab <b>ill\u00e9gaux<\/b> \u00bb sur la zone concern\u00e9e.<\/p>\n<p>La sortie Est de la ville de Yaound\u00e9 se situe sur l\u2019important corridor Douala-Bangui et Douala-Ndjamena. C\u2019est par le carrefour Nkoabang que transitent toutes les marchandises en direction de la fronti\u00e8re avec la R\u00e9publique centrafricaine et le Tchad. Or, l\u2019encombrement des emprises de la voie publique cr\u00e9e des bouchons qui freinent le trafic \u00e0 toute heure. D\u2019o\u00f9 les r\u00e9actions des autorit\u00e9s pour fluidifier cet axe strat\u00e9gique.<\/p>\n<p><strong>Pour plus d&rsquo;informations et d&rsquo;analyses sur la <a href=\"https:\/\/www.africa-press.net\/cameroun\">Cameroun<\/a>, suivez <a href=\"https:\/\/www.africa-press.net\/\">Africa-Press<\/a><\/strong><\/p>\n","protected":false},"excerpt":{"rendered":"<p>Africa-Press &#8211; Cameroun. L\u2019injonction a \u00e9t\u00e9 donn\u00e9e par Jean Fran\u00e7ois Ondigui Owona, maire de la commune d\u2019arrondissement de Nkolafamba, dans un communiqu\u00e9 r\u00e9cemment publi\u00e9. Une note du 2 septembre 2022 du pr\u00e9fet du d\u00e9partement de la Mefou-et-Afamba au maire de la commune de Nkol-Afamba donne cette information. Dans ce document, l\u2019autorit\u00e9 administrative dit : \u00ab [&hellip;]<\/p>\n","protected":false},"author":82,"featured_media":26722,"comment_status":"open","ping_status":"closed","sticky":false,"template":"","format":"standard","meta":{"footnotes":""},"categories":[3,11,10],"tags":[36,50,49],"class_list":["post-26723","post","type-post","status-publish","format-standard","has-post-thumbnail","hentry","category-economie","category-homepage-french","category-toutes-les-actualites","tag-africa-press","tag-africa-press-cameroun","tag-cameroun"],"yoast_head":"<!-- This site is optimized with the Yoast SEO Premium plugin v26.1 (Yoast SEO v27.0) - https:\/\/yoast.com\/product\/yoast-seo-premium-wordpress\/ -->\n<title>Cameroun\u00a0: des casses annonc\u00e9es au march\u00e9 Nkoabang - Cameroun<\/title>\n<meta name=\"description\" content=\"L\u2019injonction a \u00e9t\u00e9 donn\u00e9e par Jean Fran\u00e7ois Ondigui Owona, maire de la commune d\u2019arrondissement de Nkolafamba, dans un c ...\" \/>\n<meta name=\"robots\" content=\"index, follow, max-snippet:-1, max-image-preview:large, max-video-preview:-1\" \/>\n<link rel=\"canonical\" href=\"https:\/\/www.africa-press.net\/cameroun\/economie\/cameroun-des-casses-annoncees-au-marche-nkoabang\" \/>\n<meta property=\"og:locale\" content=\"fr_FR\" \/>\n<meta property=\"og:type\" content=\"article\" \/>\n<meta property=\"og:title\" content=\"Cameroun\u00a0: des casses annonc\u00e9es au march\u00e9 Nkoabang\" \/>\n<meta property=\"og:description\" content=\"L\u2019injonction a \u00e9t\u00e9 donn\u00e9e par Jean Fran\u00e7ois Ondigui Owona, maire de la commune d\u2019arrondissement de Nkolafamba, dans un c ...\" \/>\n<meta property=\"og:url\" content=\"https:\/\/www.africa-press.net\/cameroun\/economie\/cameroun-des-casses-annoncees-au-marche-nkoabang\" \/>\n<meta property=\"og:site_name\" content=\"Cameroun\" \/>\n<meta property=\"article:published_time\" content=\"2022-09-05T16:38:10+00:00\" \/>\n<meta property=\"article:modified_time\" content=\"2022-09-05T18:48:24+00:00\" \/>\n<meta property=\"og:image\" content=\"https:\/\/static.africa-press.net\/cameroun\/sites\/57\/2022\/09\/img-6316446152d7f.jpg\" \/>\n\t<meta property=\"og:image:width\" content=\"900\" \/>\n\t<meta property=\"og:image:height\" content=\"600\" \/>\n\t<meta property=\"og:image:type\" content=\"image\/jpeg\" \/>\n<meta name=\"author\" content=\"cfeditorfr\" \/>\n<meta name=\"twitter:card\" content=\"summary_large_image\" \/>\n<meta name=\"twitter:label1\" content=\"\u00c9crit par\" \/>\n\t<meta name=\"twitter:data1\" content=\"cfeditorfr\" \/>\n\t<meta name=\"twitter:label2\" content=\"Dur\u00e9e de lecture estim\u00e9e\" \/>\n\t<meta name=\"twitter:data2\" content=\"2 minutes\" \/>\n<script type=\"application\/ld+json\" class=\"yoast-schema-graph\">{\"@context\":\"https:\/\/schema.org\",\"@graph\":[{\"@type\":\"Article\",\"@id\":\"https:\/\/www.africa-press.net\/cameroun\/economie\/cameroun-des-casses-annoncees-au-marche-nkoabang#article\",\"isPartOf\":{\"@id\":\"https:\/\/www.africa-press.net\/cameroun\/economie\/cameroun-des-casses-annoncees-au-marche-nkoabang\"},\"author\":{\"name\":\"cfeditorfr\",\"@id\":\"https:\/\/www.africa-press.net\/cameroun\/#\/schema\/person\/2b1cf3cd81a31e3cd26889ca66d677f1\"},\"headline\":\"Cameroun\u00a0: des casses annonc\u00e9es au march\u00e9 Nkoabang\",\"datePublished\":\"2022-09-05T16:38:10+00:00\",\"dateModified\":\"2022-09-05T18:48:24+00:00\",\"mainEntityOfPage\":{\"@id\":\"https:\/\/www.africa-press.net\/cameroun\/economie\/cameroun-des-casses-annoncees-au-marche-nkoabang\"},\"wordCount\":294,\"commentCount\":0,\"image\":{\"@id\":\"https:\/\/www.africa-press.net\/cameroun\/economie\/cameroun-des-casses-annoncees-au-marche-nkoabang#primaryimage\"},\"thumbnailUrl\":\"https:\/\/static.africa-press.net\/cameroun\/sites\/57\/2022\/09\/img-6316446152d7f.jpg\",\"keywords\":[\"Africa Press\",\"Africa Press-Cameroun\",\"Cameroun\"],\"articleSection\":[\"\u00c9conomie\",\"homepage-french\",\"Toutes les actualit\u00e9s\"],\"inLanguage\":\"fr-FR\",\"potentialAction\":[{\"@type\":\"CommentAction\",\"name\":\"Comment\",\"target\":[\"https:\/\/www.africa-press.net\/cameroun\/economie\/cameroun-des-casses-annoncees-au-marche-nkoabang#respond\"]}]},{\"@type\":\"WebPage\",\"@id\":\"https:\/\/www.africa-press.net\/cameroun\/economie\/cameroun-des-casses-annoncees-au-marche-nkoabang\",\"url\":\"https:\/\/www.africa-press.net\/cameroun\/economie\/cameroun-des-casses-annoncees-au-marche-nkoabang\",\"name\":\"Cameroun\u00a0: des casses annonc\u00e9es au march\u00e9 Nkoabang - Cameroun\",\"isPartOf\":{\"@id\":\"https:\/\/www.africa-press.net\/cameroun\/#website\"},\"primaryImageOfPage\":{\"@id\":\"https:\/\/www.africa-press.net\/cameroun\/economie\/cameroun-des-casses-annoncees-au-marche-nkoabang#primaryimage\"},\"image\":{\"@id\":\"https:\/\/www.africa-press.net\/cameroun\/economie\/cameroun-des-casses-annoncees-au-marche-nkoabang#primaryimage\"},\"thumbnailUrl\":\"https:\/\/static.africa-press.net\/cameroun\/sites\/57\/2022\/09\/img-6316446152d7f.jpg\",\"datePublished\":\"2022-09-05T16:38:10+00:00\",\"dateModified\":\"2022-09-05T18:48:24+00:00\",\"author\":{\"@id\":\"https:\/\/www.africa-press.net\/cameroun\/#\/schema\/person\/2b1cf3cd81a31e3cd26889ca66d677f1\"},\"description\":\"L\u2019injonction a \u00e9t\u00e9 donn\u00e9e par Jean Fran\u00e7ois Ondigui Owona, maire de la commune d\u2019arrondissement de Nkolafamba, dans un c ...\",\"breadcrumb\":{\"@id\":\"https:\/\/www.africa-press.net\/cameroun\/economie\/cameroun-des-casses-annoncees-au-marche-nkoabang#breadcrumb\"},\"inLanguage\":\"fr-FR\",\"potentialAction\":[{\"@type\":\"ReadAction\",\"target\":[\"https:\/\/www.africa-press.net\/cameroun\/economie\/cameroun-des-casses-annoncees-au-marche-nkoabang\"]}]},{\"@type\":\"ImageObject\",\"inLanguage\":\"fr-FR\",\"@id\":\"https:\/\/www.africa-press.net\/cameroun\/economie\/cameroun-des-casses-annoncees-au-marche-nkoabang#primaryimage\",\"url\":\"https:\/\/static.africa-press.net\/cameroun\/sites\/57\/2022\/09\/img-6316446152d7f.jpg\",\"contentUrl\":\"https:\/\/static.africa-press.net\/cameroun\/sites\/57\/2022\/09\/img-6316446152d7f.jpg\",\"width\":900,\"height\":600,\"caption\":\"Cameroun\u00a0: des casses annonc\u00e9es au march\u00e9 Nkoabang\"},{\"@type\":\"BreadcrumbList\",\"@id\":\"https:\/\/www.africa-press.net\/cameroun\/economie\/cameroun-des-casses-annoncees-au-marche-nkoabang#breadcrumb\",\"itemListElement\":[{\"@type\":\"ListItem\",\"position\":1,\"name\":\"Accueil\",\"item\":\"https:\/\/www.africa-press.net\/cameroun\/\"},{\"@type\":\"ListItem\",\"position\":2,\"name\":\"Cameroun\u00a0: des casses annonc\u00e9es au march\u00e9 Nkoabang\"}]},{\"@type\":\"WebSite\",\"@id\":\"https:\/\/www.africa-press.net\/cameroun\/#website\",\"url\":\"https:\/\/www.africa-press.net\/cameroun\/\",\"name\":\"Cameroun\",\"description\":\"Just another Africa News Agency Sites site\",\"potentialAction\":[{\"@type\":\"SearchAction\",\"target\":{\"@type\":\"EntryPoint\",\"urlTemplate\":\"https:\/\/www.africa-press.net\/cameroun\/?s={search_term_string}\"},\"query-input\":{\"@type\":\"PropertyValueSpecification\",\"valueRequired\":true,\"valueName\":\"search_term_string\"}}],\"inLanguage\":\"fr-FR\"},{\"@type\":\"Person\",\"@id\":\"https:\/\/www.africa-press.net\/cameroun\/#\/schema\/person\/2b1cf3cd81a31e3cd26889ca66d677f1\",\"name\":\"cfeditorfr\"}]}<\/script>\n<!-- \/ Yoast SEO Premium plugin. -->","yoast_head_json":{"title":"Cameroun\u00a0: des casses annonc\u00e9es au march\u00e9 Nkoabang - Cameroun","description":"L\u2019injonction a \u00e9t\u00e9 donn\u00e9e par Jean Fran\u00e7ois Ondigui Owona, maire de la commune d\u2019arrondissement de Nkolafamba, dans un c ...","robots":{"index":"index","follow":"follow","max-snippet":"max-snippet:-1","max-image-preview":"max-image-preview:large","max-video-preview":"max-video-preview:-1"},"canonical":"https:\/\/www.africa-press.net\/cameroun\/economie\/cameroun-des-casses-annoncees-au-marche-nkoabang","og_locale":"fr_FR","og_type":"article","og_title":"Cameroun\u00a0: des casses annonc\u00e9es au march\u00e9 Nkoabang","og_description":"L\u2019injonction a \u00e9t\u00e9 donn\u00e9e par Jean Fran\u00e7ois Ondigui Owona, maire de la commune d\u2019arrondissement de Nkolafamba, dans un c ...","og_url":"https:\/\/www.africa-press.net\/cameroun\/economie\/cameroun-des-casses-annoncees-au-marche-nkoabang","og_site_name":"Cameroun","article_published_time":"2022-09-05T16:38:10+00:00","article_modified_time":"2022-09-05T18:48:24+00:00","og_image":[{"width":900,"height":600,"url":"https:\/\/static.africa-press.net\/cameroun\/sites\/57\/2022\/09\/img-6316446152d7f.jpg","type":"image\/jpeg"}],"author":"cfeditorfr","twitter_card":"summary_large_image","twitter_misc":{"\u00c9crit par":"cfeditorfr","Dur\u00e9e de lecture estim\u00e9e":"2 minutes"},"schema":{"@context":"https:\/\/schema.org","@graph":[{"@type":"Article","@id":"https:\/\/www.africa-press.net\/cameroun\/economie\/cameroun-des-casses-annoncees-au-marche-nkoabang#article","isPartOf":{"@id":"https:\/\/www.africa-press.net\/cameroun\/economie\/cameroun-des-casses-annoncees-au-marche-nkoabang"},"author":{"name":"cfeditorfr","@id":"https:\/\/www.africa-press.net\/cameroun\/#\/schema\/person\/2b1cf3cd81a31e3cd26889ca66d677f1"},"headline":"Cameroun\u00a0: des casses annonc\u00e9es au march\u00e9 Nkoabang","datePublished":"2022-09-05T16:38:10+00:00","dateModified":"2022-09-05T18:48:24+00:00","mainEntityOfPage":{"@id":"https:\/\/www.africa-press.net\/cameroun\/economie\/cameroun-des-casses-annoncees-au-marche-nkoabang"},"wordCount":294,"commentCount":0,"image":{"@id":"https:\/\/www.africa-press.net\/cameroun\/economie\/cameroun-des-casses-annoncees-au-marche-nkoabang#primaryimage"},"thumbnailUrl":"https:\/\/static.africa-press.net\/cameroun\/sites\/57\/2022\/09\/img-6316446152d7f.jpg","keywords":["Africa Press","Africa Press-Cameroun","Cameroun"],"articleSection":["\u00c9conomie","homepage-french","Toutes les actualit\u00e9s"],"inLanguage":"fr-FR","potentialAction":[{"@type":"CommentAction","name":"Comment","target":["https:\/\/www.africa-press.net\/cameroun\/economie\/cameroun-des-casses-annoncees-au-marche-nkoabang#respond"]}]},{"@type":"WebPage","@id":"https:\/\/www.africa-press.net\/cameroun\/economie\/cameroun-des-casses-annoncees-au-marche-nkoabang","url":"https:\/\/www.africa-press.net\/cameroun\/economie\/cameroun-des-casses-annoncees-au-marche-nkoabang","name":"Cameroun\u00a0: des casses annonc\u00e9es au march\u00e9 Nkoabang - Cameroun","isPartOf":{"@id":"https:\/\/www.africa-press.net\/cameroun\/#website"},"primaryImageOfPage":{"@id":"https:\/\/www.africa-press.net\/cameroun\/economie\/cameroun-des-casses-annoncees-au-marche-nkoabang#primaryimage"},"image":{"@id":"https:\/\/www.africa-press.net\/cameroun\/economie\/cameroun-des-casses-annoncees-au-marche-nkoabang#primaryimage"},"thumbnailUrl":"https:\/\/static.africa-press.net\/cameroun\/sites\/57\/2022\/09\/img-6316446152d7f.jpg","datePublished":"2022-09-05T16:38:10+00:00","dateModified":"2022-09-05T18:48:24+00:00","author":{"@id":"https:\/\/www.africa-press.net\/cameroun\/#\/schema\/person\/2b1cf3cd81a31e3cd26889ca66d677f1"},"description":"L\u2019injonction a \u00e9t\u00e9 donn\u00e9e par Jean Fran\u00e7ois Ondigui Owona, maire de la commune d\u2019arrondissement de Nkolafamba, dans un c ...","breadcrumb":{"@id":"https:\/\/www.africa-press.net\/cameroun\/economie\/cameroun-des-casses-annoncees-au-marche-nkoabang#breadcrumb"},"inLanguage":"fr-FR","potentialAction":[{"@type":"ReadAction","target":["https:\/\/www.africa-press.net\/cameroun\/economie\/cameroun-des-casses-annoncees-au-marche-nkoabang"]}]},{"@type":"ImageObject","inLanguage":"fr-FR","@id":"https:\/\/www.africa-press.net\/cameroun\/economie\/cameroun-des-casses-annoncees-au-marche-nkoabang#primaryimage","url":"https:\/\/static.africa-press.net\/cameroun\/sites\/57\/2022\/09\/img-6316446152d7f.jpg","contentUrl":"https:\/\/static.africa-press.net\/cameroun\/sites\/57\/2022\/09\/img-6316446152d7f.jpg","width":900,"height":600,"caption":"Cameroun\u00a0: des casses annonc\u00e9es au march\u00e9 Nkoabang"},{"@type":"BreadcrumbList","@id":"https:\/\/www.africa-press.net\/cameroun\/economie\/cameroun-des-casses-annoncees-au-marche-nkoabang#breadcrumb","itemListElement":[{"@type":"ListItem","position":1,"name":"Accueil","item":"https:\/\/www.africa-press.net\/cameroun\/"},{"@type":"ListItem","position":2,"name":"Cameroun\u00a0: des casses annonc\u00e9es au march\u00e9 Nkoabang"}]},{"@type":"WebSite","@id":"https:\/\/www.africa-press.net\/cameroun\/#website","url":"https:\/\/www.africa-press.net\/cameroun\/","name":"Cameroun","description":"Just another Africa News Agency Sites site","potentialAction":[{"@type":"SearchAction","target":{"@type":"EntryPoint","urlTemplate":"https:\/\/www.africa-press.net\/cameroun\/?s={search_term_string}"},"query-input":{"@type":"PropertyValueSpecification","valueRequired":true,"valueName":"search_term_string"}}],"inLanguage":"fr-FR"},{"@type":"Person","@id":"https:\/\/www.africa-press.net\/cameroun\/#\/schema\/person\/2b1cf3cd81a31e3cd26889ca66d677f1","name":"cfeditorfr"}]}},"_links":{"self":[{"href":"https:\/\/www.africa-press.net\/cameroun\/wp-json\/wp\/v2\/posts\/26723","targetHints":{"allow":["GET"]}}],"collection":[{"href":"https:\/\/www.africa-press.net\/cameroun\/wp-json\/wp\/v2\/posts"}],"about":[{"href":"https:\/\/www.africa-press.net\/cameroun\/wp-json\/wp\/v2\/types\/post"}],"author":[{"embeddable":true,"href":"https:\/\/www.africa-press.net\/cameroun\/wp-json\/wp\/v2\/users\/82"}],"replies":[{"embeddable":true,"href":"https:\/\/www.africa-press.net\/cameroun\/wp-json\/wp\/v2\/comments?post=26723"}],"version-history":[{"count":0,"href":"https:\/\/www.africa-press.net\/cameroun\/wp-json\/wp\/v2\/posts\/26723\/revisions"}],"wp:featuredmedia":[{"embeddable":true,"href":"https:\/\/www.africa-press.net\/cameroun\/wp-json\/wp\/v2\/media\/26722"}],"wp:attachment":[{"href":"https:\/\/www.africa-press.net\/cameroun\/wp-json\/wp\/v2\/media?parent=26723"}],"wp:term":[{"taxonomy":"category","embeddable":true,"href":"https:\/\/www.africa-press.net\/cameroun\/wp-json\/wp\/v2\/categories?post=26723"},{"taxonomy":"post_tag","embeddable":true,"href":"https:\/\/www.africa-press.net\/cameroun\/wp-json\/wp\/v2\/tags?post=26723"}],"curies":[{"name":"wp","href":"https:\/\/api.w.org\/{rel}","templated":true}]}}