{"id":26732,"date":"2022-09-05T17:00:48","date_gmt":"2022-09-05T17:00:48","guid":{"rendered":"https:\/\/www.africa-press.net\/cameroun\/politique\/cameroun-une-ligne-telephonique-dorientation-scolaire-ouvert-aux-eleves-et-parents"},"modified":"2022-09-05T18:50:02","modified_gmt":"2022-09-05T18:50:02","slug":"cameroun-une-ligne-telephonique-dorientation-scolaire-ouvert-aux-eleves-et-parents","status":"publish","type":"post","link":"https:\/\/www.africa-press.net\/cameroun\/toutes-les-actualites\/cameroun-une-ligne-telephonique-dorientation-scolaire-ouvert-aux-eleves-et-parents","title":{"rendered":"Cameroun : une ligne t\u00e9l\u00e9phonique d\u2019orientation scolaire ouvert aux \u00e9l\u00e8ves et parents"},"content":{"rendered":"<p><span style=\"color: #ff6600\"><strong>Africa-Press &#8211; Cameroun. <\/strong><\/span>Le ministre des Enseignements secondaires Pauline Nalova Lyonga a proc\u00e9d\u00e9 ce 5 septembre 2022 au lancement officiel de ce canal.<\/p>\n<p>All\u00f4 ! All\u00f4 ! Besoin de conseils pour l\u2019orientation scolaire\u2026 C\u2019est d\u00e9sormais possible au Cameroun. A l\u2019occasion de la <b>rentr\u00e9e scolaire du 5 septembre 2022<\/b>, le ministre des Enseignements secondaires a officiellement lanc\u00e9 la ligne verte d\u00e9di\u00e9e \u00e0 l\u2019orientation scolaire. Le <b>242 237 000<\/b> est le contact que les parents et les \u00e9l\u00e8ves et tout autre membre de la communaut\u00e9 \u00e9ducative peuvent composer en cas de n\u00e9cessit\u00e9 relevant des Enseignements secondaires.<\/p>\n<p>A l\u2019autre bout du fil, des conseillers d\u2019orientation sont en attente. Leur travail, recevoir les t\u00e9l\u00e9-visiteurs et apporter des r\u00e9ponses \u00e0 leurs pr\u00e9occupations. Au cas o\u00f9 les sollicitations s\u2019av\u00e8rent \u00eatre au-dessus de leurs capacit\u00e9s, les t\u00e9l\u00e9conseillers renvoient les usagers vers les sp\u00e9cialistes multisectoriels.<\/p>\n<p>Pr\u00e9sent\u00e9 comme l\u2019innovation de l\u2019ann\u00e9e scolaire 2022-2023, le call center vise un objectif pr\u00e9cis. Il s\u2019agit de la poursuite de la digitalisation des enseignements. Le <b>centre d\u2019appels<\/b> permet aussi d\u2019acc\u00e9l\u00e9rer le processus d\u2019orientation scolaire.<\/p>\n<p>Dans son propos relatif \u00e0 la rentr\u00e9e scolaire ce lundi par visioconf\u00e9rence, le ministre des Enseignements secondaires a lanc\u00e9 un appel. Celui de demander \u00e0 la grande famille de l\u2019\u00e9ducation d\u2019utiliser le num\u00e9ro vert d\u00e9j\u00e0 ouvert. Cela participe de la mise \u0153uvre de la digitalisation des enseignements et de la transformation des obstacles en opportunit\u00e9s.<\/p>\n<p><strong>Pour plus d&rsquo;informations et d&rsquo;analyses sur la <a href=\"https:\/\/www.africa-press.net\/cameroun\">Cameroun<\/a>, suivez <a href=\"https:\/\/www.africa-press.net\/\">Africa-Press<\/a><\/strong><\/p>\n","protected":false},"excerpt":{"rendered":"<p>Africa-Press &#8211; Cameroun. Le ministre des Enseignements secondaires Pauline Nalova Lyonga a proc\u00e9d\u00e9 ce 5 septembre 2022 au lancement officiel de ce canal. All\u00f4 ! All\u00f4 ! Besoin de conseils pour l\u2019orientation scolaire\u2026 C\u2019est d\u00e9sormais possible au Cameroun. A l\u2019occasion de la rentr\u00e9e scolaire du 5 septembre 2022, le ministre des Enseignements secondaires a officiellement [&hellip;]<\/p>\n","protected":false},"author":82,"featured_media":26731,"comment_status":"open","ping_status":"closed","sticky":false,"template":"","format":"standard","meta":{"footnotes":""},"categories":[21,11,10],"tags":[36,50,49],"class_list":["post-26732","post","type-post","status-publish","format-standard","has-post-thumbnail","hentry","category-communaute","category-homepage-french","category-toutes-les-actualites","tag-africa-press","tag-africa-press-cameroun","tag-cameroun"],"yoast_head":"<!-- This site is optimized with the Yoast SEO Premium plugin v26.1 (Yoast SEO v27.0) - https:\/\/yoast.com\/product\/yoast-seo-premium-wordpress\/ -->\n<title>Cameroun : une ligne t\u00e9l\u00e9phonique d\u2019orientation scolaire ouvert aux \u00e9l\u00e8ves et parents - Cameroun<\/title>\n<meta name=\"description\" content=\"Le ministre des Enseignements secondaires Pauline Nalova Lyonga a proc\u00e9d\u00e9 ce 5 septembre 2022 au lancement officiel de c ...\" \/>\n<meta name=\"robots\" content=\"index, follow, max-snippet:-1, max-image-preview:large, max-video-preview:-1\" \/>\n<link rel=\"canonical\" href=\"https:\/\/www.africa-press.net\/cameroun\/toutes-les-actualites\/cameroun-une-ligne-telephonique-dorientation-scolaire-ouvert-aux-eleves-et-parents\" \/>\n<meta property=\"og:locale\" content=\"fr_FR\" \/>\n<meta property=\"og:type\" content=\"article\" \/>\n<meta property=\"og:title\" content=\"Cameroun : une ligne t\u00e9l\u00e9phonique d\u2019orientation scolaire ouvert aux \u00e9l\u00e8ves et parents\" \/>\n<meta property=\"og:description\" content=\"Le ministre des Enseignements secondaires Pauline Nalova Lyonga a proc\u00e9d\u00e9 ce 5 septembre 2022 au lancement officiel de c ...\" \/>\n<meta property=\"og:url\" content=\"https:\/\/www.africa-press.net\/cameroun\/toutes-les-actualites\/cameroun-une-ligne-telephonique-dorientation-scolaire-ouvert-aux-eleves-et-parents\" \/>\n<meta property=\"og:site_name\" content=\"Cameroun\" \/>\n<meta property=\"article:published_time\" content=\"2022-09-05T17:00:48+00:00\" \/>\n<meta property=\"article:modified_time\" content=\"2022-09-05T18:50:02+00:00\" \/>\n<meta property=\"og:image\" content=\"https:\/\/static.africa-press.net\/cameroun\/sites\/57\/2022\/09\/img-631644c4c205c.jpg\" \/>\n\t<meta property=\"og:image:width\" content=\"720\" \/>\n\t<meta property=\"og:image:height\" content=\"419\" \/>\n\t<meta property=\"og:image:type\" content=\"image\/jpeg\" \/>\n<meta name=\"author\" content=\"cfeditorfr\" \/>\n<meta name=\"twitter:card\" content=\"summary_large_image\" \/>\n<meta name=\"twitter:label1\" content=\"\u00c9crit par\" \/>\n\t<meta name=\"twitter:data1\" content=\"cfeditorfr\" \/>\n\t<meta name=\"twitter:label2\" content=\"Dur\u00e9e de lecture estim\u00e9e\" \/>\n\t<meta name=\"twitter:data2\" content=\"2 minutes\" \/>\n<script type=\"application\/ld+json\" class=\"yoast-schema-graph\">{\"@context\":\"https:\/\/schema.org\",\"@graph\":[{\"@type\":\"Article\",\"@id\":\"https:\/\/www.africa-press.net\/cameroun\/toutes-les-actualites\/cameroun-une-ligne-telephonique-dorientation-scolaire-ouvert-aux-eleves-et-parents#article\",\"isPartOf\":{\"@id\":\"https:\/\/www.africa-press.net\/cameroun\/toutes-les-actualites\/cameroun-une-ligne-telephonique-dorientation-scolaire-ouvert-aux-eleves-et-parents\"},\"author\":{\"name\":\"cfeditorfr\",\"@id\":\"https:\/\/www.africa-press.net\/cameroun\/#\/schema\/person\/2b1cf3cd81a31e3cd26889ca66d677f1\"},\"headline\":\"Cameroun : une ligne t\u00e9l\u00e9phonique d\u2019orientation scolaire ouvert aux \u00e9l\u00e8ves et parents\",\"datePublished\":\"2022-09-05T17:00:48+00:00\",\"dateModified\":\"2022-09-05T18:50:02+00:00\",\"mainEntityOfPage\":{\"@id\":\"https:\/\/www.africa-press.net\/cameroun\/toutes-les-actualites\/cameroun-une-ligne-telephonique-dorientation-scolaire-ouvert-aux-eleves-et-parents\"},\"wordCount\":281,\"commentCount\":0,\"image\":{\"@id\":\"https:\/\/www.africa-press.net\/cameroun\/toutes-les-actualites\/cameroun-une-ligne-telephonique-dorientation-scolaire-ouvert-aux-eleves-et-parents#primaryimage\"},\"thumbnailUrl\":\"https:\/\/static.africa-press.net\/cameroun\/sites\/57\/2022\/09\/img-631644c4c205c.jpg\",\"keywords\":[\"Africa Press\",\"Africa Press-Cameroun\",\"Cameroun\"],\"articleSection\":[\"Communaut\u00e9\",\"homepage-french\",\"Toutes les actualit\u00e9s\"],\"inLanguage\":\"fr-FR\",\"potentialAction\":[{\"@type\":\"CommentAction\",\"name\":\"Comment\",\"target\":[\"https:\/\/www.africa-press.net\/cameroun\/toutes-les-actualites\/cameroun-une-ligne-telephonique-dorientation-scolaire-ouvert-aux-eleves-et-parents#respond\"]}]},{\"@type\":\"WebPage\",\"@id\":\"https:\/\/www.africa-press.net\/cameroun\/toutes-les-actualites\/cameroun-une-ligne-telephonique-dorientation-scolaire-ouvert-aux-eleves-et-parents\",\"url\":\"https:\/\/www.africa-press.net\/cameroun\/toutes-les-actualites\/cameroun-une-ligne-telephonique-dorientation-scolaire-ouvert-aux-eleves-et-parents\",\"name\":\"Cameroun : une ligne t\u00e9l\u00e9phonique d\u2019orientation scolaire ouvert aux \u00e9l\u00e8ves et parents - Cameroun\",\"isPartOf\":{\"@id\":\"https:\/\/www.africa-press.net\/cameroun\/#website\"},\"primaryImageOfPage\":{\"@id\":\"https:\/\/www.africa-press.net\/cameroun\/toutes-les-actualites\/cameroun-une-ligne-telephonique-dorientation-scolaire-ouvert-aux-eleves-et-parents#primaryimage\"},\"image\":{\"@id\":\"https:\/\/www.africa-press.net\/cameroun\/toutes-les-actualites\/cameroun-une-ligne-telephonique-dorientation-scolaire-ouvert-aux-eleves-et-parents#primaryimage\"},\"thumbnailUrl\":\"https:\/\/static.africa-press.net\/cameroun\/sites\/57\/2022\/09\/img-631644c4c205c.jpg\",\"datePublished\":\"2022-09-05T17:00:48+00:00\",\"dateModified\":\"2022-09-05T18:50:02+00:00\",\"author\":{\"@id\":\"https:\/\/www.africa-press.net\/cameroun\/#\/schema\/person\/2b1cf3cd81a31e3cd26889ca66d677f1\"},\"description\":\"Le ministre des Enseignements secondaires Pauline Nalova Lyonga a proc\u00e9d\u00e9 ce 5 septembre 2022 au lancement officiel de c ...\",\"breadcrumb\":{\"@id\":\"https:\/\/www.africa-press.net\/cameroun\/toutes-les-actualites\/cameroun-une-ligne-telephonique-dorientation-scolaire-ouvert-aux-eleves-et-parents#breadcrumb\"},\"inLanguage\":\"fr-FR\",\"potentialAction\":[{\"@type\":\"ReadAction\",\"target\":[\"https:\/\/www.africa-press.net\/cameroun\/toutes-les-actualites\/cameroun-une-ligne-telephonique-dorientation-scolaire-ouvert-aux-eleves-et-parents\"]}]},{\"@type\":\"ImageObject\",\"inLanguage\":\"fr-FR\",\"@id\":\"https:\/\/www.africa-press.net\/cameroun\/toutes-les-actualites\/cameroun-une-ligne-telephonique-dorientation-scolaire-ouvert-aux-eleves-et-parents#primaryimage\",\"url\":\"https:\/\/static.africa-press.net\/cameroun\/sites\/57\/2022\/09\/img-631644c4c205c.jpg\",\"contentUrl\":\"https:\/\/static.africa-press.net\/cameroun\/sites\/57\/2022\/09\/img-631644c4c205c.jpg\",\"width\":720,\"height\":419,\"caption\":\"Cameroun : une ligne t\u00e9l\u00e9phonique d\u2019orientation scolaire ouvert aux \u00e9l\u00e8ves et parents\"},{\"@type\":\"BreadcrumbList\",\"@id\":\"https:\/\/www.africa-press.net\/cameroun\/toutes-les-actualites\/cameroun-une-ligne-telephonique-dorientation-scolaire-ouvert-aux-eleves-et-parents#breadcrumb\",\"itemListElement\":[{\"@type\":\"ListItem\",\"position\":1,\"name\":\"Accueil\",\"item\":\"https:\/\/www.africa-press.net\/cameroun\/\"},{\"@type\":\"ListItem\",\"position\":2,\"name\":\"Cameroun : une ligne t\u00e9l\u00e9phonique d\u2019orientation scolaire ouvert aux \u00e9l\u00e8ves et parents\"}]},{\"@type\":\"WebSite\",\"@id\":\"https:\/\/www.africa-press.net\/cameroun\/#website\",\"url\":\"https:\/\/www.africa-press.net\/cameroun\/\",\"name\":\"Cameroun\",\"description\":\"Just another Africa News Agency Sites site\",\"potentialAction\":[{\"@type\":\"SearchAction\",\"target\":{\"@type\":\"EntryPoint\",\"urlTemplate\":\"https:\/\/www.africa-press.net\/cameroun\/?s={search_term_string}\"},\"query-input\":{\"@type\":\"PropertyValueSpecification\",\"valueRequired\":true,\"valueName\":\"search_term_string\"}}],\"inLanguage\":\"fr-FR\"},{\"@type\":\"Person\",\"@id\":\"https:\/\/www.africa-press.net\/cameroun\/#\/schema\/person\/2b1cf3cd81a31e3cd26889ca66d677f1\",\"name\":\"cfeditorfr\"}]}<\/script>\n<!-- \/ Yoast SEO Premium plugin. -->","yoast_head_json":{"title":"Cameroun : une ligne t\u00e9l\u00e9phonique d\u2019orientation scolaire ouvert aux \u00e9l\u00e8ves et parents - Cameroun","description":"Le ministre des Enseignements secondaires Pauline Nalova Lyonga a proc\u00e9d\u00e9 ce 5 septembre 2022 au lancement officiel de c ...","robots":{"index":"index","follow":"follow","max-snippet":"max-snippet:-1","max-image-preview":"max-image-preview:large","max-video-preview":"max-video-preview:-1"},"canonical":"https:\/\/www.africa-press.net\/cameroun\/toutes-les-actualites\/cameroun-une-ligne-telephonique-dorientation-scolaire-ouvert-aux-eleves-et-parents","og_locale":"fr_FR","og_type":"article","og_title":"Cameroun : une ligne t\u00e9l\u00e9phonique d\u2019orientation scolaire ouvert aux \u00e9l\u00e8ves et parents","og_description":"Le ministre des Enseignements secondaires Pauline Nalova Lyonga a proc\u00e9d\u00e9 ce 5 septembre 2022 au lancement officiel de c ...","og_url":"https:\/\/www.africa-press.net\/cameroun\/toutes-les-actualites\/cameroun-une-ligne-telephonique-dorientation-scolaire-ouvert-aux-eleves-et-parents","og_site_name":"Cameroun","article_published_time":"2022-09-05T17:00:48+00:00","article_modified_time":"2022-09-05T18:50:02+00:00","og_image":[{"width":720,"height":419,"url":"https:\/\/static.africa-press.net\/cameroun\/sites\/57\/2022\/09\/img-631644c4c205c.jpg","type":"image\/jpeg"}],"author":"cfeditorfr","twitter_card":"summary_large_image","twitter_misc":{"\u00c9crit par":"cfeditorfr","Dur\u00e9e de lecture estim\u00e9e":"2 minutes"},"schema":{"@context":"https:\/\/schema.org","@graph":[{"@type":"Article","@id":"https:\/\/www.africa-press.net\/cameroun\/toutes-les-actualites\/cameroun-une-ligne-telephonique-dorientation-scolaire-ouvert-aux-eleves-et-parents#article","isPartOf":{"@id":"https:\/\/www.africa-press.net\/cameroun\/toutes-les-actualites\/cameroun-une-ligne-telephonique-dorientation-scolaire-ouvert-aux-eleves-et-parents"},"author":{"name":"cfeditorfr","@id":"https:\/\/www.africa-press.net\/cameroun\/#\/schema\/person\/2b1cf3cd81a31e3cd26889ca66d677f1"},"headline":"Cameroun : une ligne t\u00e9l\u00e9phonique d\u2019orientation scolaire ouvert aux \u00e9l\u00e8ves et parents","datePublished":"2022-09-05T17:00:48+00:00","dateModified":"2022-09-05T18:50:02+00:00","mainEntityOfPage":{"@id":"https:\/\/www.africa-press.net\/cameroun\/toutes-les-actualites\/cameroun-une-ligne-telephonique-dorientation-scolaire-ouvert-aux-eleves-et-parents"},"wordCount":281,"commentCount":0,"image":{"@id":"https:\/\/www.africa-press.net\/cameroun\/toutes-les-actualites\/cameroun-une-ligne-telephonique-dorientation-scolaire-ouvert-aux-eleves-et-parents#primaryimage"},"thumbnailUrl":"https:\/\/static.africa-press.net\/cameroun\/sites\/57\/2022\/09\/img-631644c4c205c.jpg","keywords":["Africa Press","Africa Press-Cameroun","Cameroun"],"articleSection":["Communaut\u00e9","homepage-french","Toutes les actualit\u00e9s"],"inLanguage":"fr-FR","potentialAction":[{"@type":"CommentAction","name":"Comment","target":["https:\/\/www.africa-press.net\/cameroun\/toutes-les-actualites\/cameroun-une-ligne-telephonique-dorientation-scolaire-ouvert-aux-eleves-et-parents#respond"]}]},{"@type":"WebPage","@id":"https:\/\/www.africa-press.net\/cameroun\/toutes-les-actualites\/cameroun-une-ligne-telephonique-dorientation-scolaire-ouvert-aux-eleves-et-parents","url":"https:\/\/www.africa-press.net\/cameroun\/toutes-les-actualites\/cameroun-une-ligne-telephonique-dorientation-scolaire-ouvert-aux-eleves-et-parents","name":"Cameroun : une ligne t\u00e9l\u00e9phonique d\u2019orientation scolaire ouvert aux \u00e9l\u00e8ves et parents - Cameroun","isPartOf":{"@id":"https:\/\/www.africa-press.net\/cameroun\/#website"},"primaryImageOfPage":{"@id":"https:\/\/www.africa-press.net\/cameroun\/toutes-les-actualites\/cameroun-une-ligne-telephonique-dorientation-scolaire-ouvert-aux-eleves-et-parents#primaryimage"},"image":{"@id":"https:\/\/www.africa-press.net\/cameroun\/toutes-les-actualites\/cameroun-une-ligne-telephonique-dorientation-scolaire-ouvert-aux-eleves-et-parents#primaryimage"},"thumbnailUrl":"https:\/\/static.africa-press.net\/cameroun\/sites\/57\/2022\/09\/img-631644c4c205c.jpg","datePublished":"2022-09-05T17:00:48+00:00","dateModified":"2022-09-05T18:50:02+00:00","author":{"@id":"https:\/\/www.africa-press.net\/cameroun\/#\/schema\/person\/2b1cf3cd81a31e3cd26889ca66d677f1"},"description":"Le ministre des Enseignements secondaires Pauline Nalova Lyonga a proc\u00e9d\u00e9 ce 5 septembre 2022 au lancement officiel de c ...","breadcrumb":{"@id":"https:\/\/www.africa-press.net\/cameroun\/toutes-les-actualites\/cameroun-une-ligne-telephonique-dorientation-scolaire-ouvert-aux-eleves-et-parents#breadcrumb"},"inLanguage":"fr-FR","potentialAction":[{"@type":"ReadAction","target":["https:\/\/www.africa-press.net\/cameroun\/toutes-les-actualites\/cameroun-une-ligne-telephonique-dorientation-scolaire-ouvert-aux-eleves-et-parents"]}]},{"@type":"ImageObject","inLanguage":"fr-FR","@id":"https:\/\/www.africa-press.net\/cameroun\/toutes-les-actualites\/cameroun-une-ligne-telephonique-dorientation-scolaire-ouvert-aux-eleves-et-parents#primaryimage","url":"https:\/\/static.africa-press.net\/cameroun\/sites\/57\/2022\/09\/img-631644c4c205c.jpg","contentUrl":"https:\/\/static.africa-press.net\/cameroun\/sites\/57\/2022\/09\/img-631644c4c205c.jpg","width":720,"height":419,"caption":"Cameroun : une ligne t\u00e9l\u00e9phonique d\u2019orientation scolaire ouvert aux \u00e9l\u00e8ves et parents"},{"@type":"BreadcrumbList","@id":"https:\/\/www.africa-press.net\/cameroun\/toutes-les-actualites\/cameroun-une-ligne-telephonique-dorientation-scolaire-ouvert-aux-eleves-et-parents#breadcrumb","itemListElement":[{"@type":"ListItem","position":1,"name":"Accueil","item":"https:\/\/www.africa-press.net\/cameroun\/"},{"@type":"ListItem","position":2,"name":"Cameroun : une ligne t\u00e9l\u00e9phonique d\u2019orientation scolaire ouvert aux \u00e9l\u00e8ves et parents"}]},{"@type":"WebSite","@id":"https:\/\/www.africa-press.net\/cameroun\/#website","url":"https:\/\/www.africa-press.net\/cameroun\/","name":"Cameroun","description":"Just another Africa News Agency Sites site","potentialAction":[{"@type":"SearchAction","target":{"@type":"EntryPoint","urlTemplate":"https:\/\/www.africa-press.net\/cameroun\/?s={search_term_string}"},"query-input":{"@type":"PropertyValueSpecification","valueRequired":true,"valueName":"search_term_string"}}],"inLanguage":"fr-FR"},{"@type":"Person","@id":"https:\/\/www.africa-press.net\/cameroun\/#\/schema\/person\/2b1cf3cd81a31e3cd26889ca66d677f1","name":"cfeditorfr"}]}},"_links":{"self":[{"href":"https:\/\/www.africa-press.net\/cameroun\/wp-json\/wp\/v2\/posts\/26732","targetHints":{"allow":["GET"]}}],"collection":[{"href":"https:\/\/www.africa-press.net\/cameroun\/wp-json\/wp\/v2\/posts"}],"about":[{"href":"https:\/\/www.africa-press.net\/cameroun\/wp-json\/wp\/v2\/types\/post"}],"author":[{"embeddable":true,"href":"https:\/\/www.africa-press.net\/cameroun\/wp-json\/wp\/v2\/users\/82"}],"replies":[{"embeddable":true,"href":"https:\/\/www.africa-press.net\/cameroun\/wp-json\/wp\/v2\/comments?post=26732"}],"version-history":[{"count":0,"href":"https:\/\/www.africa-press.net\/cameroun\/wp-json\/wp\/v2\/posts\/26732\/revisions"}],"wp:featuredmedia":[{"embeddable":true,"href":"https:\/\/www.africa-press.net\/cameroun\/wp-json\/wp\/v2\/media\/26731"}],"wp:attachment":[{"href":"https:\/\/www.africa-press.net\/cameroun\/wp-json\/wp\/v2\/media?parent=26732"}],"wp:term":[{"taxonomy":"category","embeddable":true,"href":"https:\/\/www.africa-press.net\/cameroun\/wp-json\/wp\/v2\/categories?post=26732"},{"taxonomy":"post_tag","embeddable":true,"href":"https:\/\/www.africa-press.net\/cameroun\/wp-json\/wp\/v2\/tags?post=26732"}],"curies":[{"name":"wp","href":"https:\/\/api.w.org\/{rel}","templated":true}]}}