{"id":26776,"date":"2022-09-06T12:34:05","date_gmt":"2022-09-06T12:34:05","guid":{"rendered":"https:\/\/www.africa-press.net\/cameroun\/politique\/cameroun-des-investisseurs-nigerians-sinteressent-au-port-autonome-de-kribi-2"},"modified":"2022-09-06T15:25:34","modified_gmt":"2022-09-06T15:25:34","slug":"cameroun-des-investisseurs-nigerians-sinteressent-au-port-autonome-de-kribi-2","status":"publish","type":"post","link":"https:\/\/www.africa-press.net\/cameroun\/economie\/cameroun-des-investisseurs-nigerians-sinteressent-au-port-autonome-de-kribi-2","title":{"rendered":"Cameroun: Des investisseurs nig\u00e9rians s\u2019int\u00e9ressent au port autonome de Kribi"},"content":{"rendered":"<p><span style=\"color: #ff6600\"><strong>Africa-Press &#8211; Cameroun. <\/strong><\/span>Patrice Melom, directeur g\u00e9n\u00e9ral du Port autonome de Kribi (PAK) situ\u00e9 dans la r\u00e9gion du Sud Cameroun, a r\u00e9cemment re\u00e7u des op\u00e9rateurs \u00e9conomiques nig\u00e9rians. Le groupement d\u2019entrepreneurs conduit par Agha Albert Ngwana a selon Cameroon Business Today du 31 ao\u00fbt 2022signifi\u00e9 \u00e0 l\u2019\u00e9quipe manag\u00e9riale du PAK, sa volont\u00e9 de nouer des partenariats avec l\u2019entreprise portuaire.<\/p>\n<p>Ces hommes d\u2019affaires op\u00e8rent pour le compte de l\u2019AFTEL, un groupement d\u2019entreprises qui exerce dans la production et la transformation de la banane-plantain au Nig\u00e9ria et investit par ailleurs dans divers projets sur le continent africain.<\/p>\n<p>L\u2019objectif pour ces partenaires du PAK, est de pouvoir implanter des entreprises dans la zone industrialo-portuaire, des unit\u00e9s sp\u00e9cialis\u00e9es dans le secteur agroindustriel notamment. Une convention lie d\u00e9sormais l\u2019AFTEL \u00e0 l\u2019Association nationale des producteurs de la fili\u00e8re banane-plantain du Cameroun depuis quelques semaines.<\/p>\n<p>Pour m\u00e9moire, L\u2019Association nationale des acteurs de la fili\u00e8re banane-plantain du Cameroun (FNPC) et le groupe nig\u00e9rian AFTEL, sp\u00e9cialis\u00e9 dans le m\u00eame domaine ont r\u00e9cemment pr\u00e9sent\u00e9 leur partenariat au minist\u00e8re en charge de l\u2019Agriculture et du d\u00e9veloppement rural (Minader).<\/p>\n<p>En qu\u00eate de soutien, les deux partenaires ont pr\u00e9sent\u00e9 leur ambition pour la fili\u00e8re banane-plantain locale. Il est question de produire 2,5 millions de tonnes de banane-plantain par campagne agricole, de cr\u00e9er 100 000 emplois directs et indirects, de former 500 producteurs et de construire 5 incubateurs dans les r\u00e9gions du Centre, de l\u2019Est, du Littoral, du Sud et du Sud-Ouest.<\/p>\n<p>Pour ce faire, la s\u00e9curisation de 100 000 ha de terre arables a \u00e9t\u00e9 sollicit\u00e9e. Alors que le calendrier de ces activit\u00e9s n\u2019a pas encore \u00e9t\u00e9 d\u00e9voil\u00e9, la partie nig\u00e9riane assure qu\u2019elle ach\u00e8tera la production locale et l\u2019ouvrira au march\u00e9 international.<\/p>\n<p><b>Jean Daniel Obama<\/b><\/p>\n<p><strong>Pour plus d&rsquo;informations et d&rsquo;analyses sur la <a href=\"https:\/\/www.africa-press.net\/cameroun\">Cameroun<\/a>, suivez <a href=\"https:\/\/www.africa-press.net\/\">Africa-Press<\/a><\/strong><\/p>\n","protected":false},"excerpt":{"rendered":"<p>Africa-Press &#8211; Cameroun. Patrice Melom, directeur g\u00e9n\u00e9ral du Port autonome de Kribi (PAK) situ\u00e9 dans la r\u00e9gion du Sud Cameroun, a r\u00e9cemment re\u00e7u des op\u00e9rateurs \u00e9conomiques nig\u00e9rians. Le groupement d\u2019entrepreneurs conduit par Agha Albert Ngwana a selon Cameroon Business Today du 31 ao\u00fbt 2022signifi\u00e9 \u00e0 l\u2019\u00e9quipe manag\u00e9riale du PAK, sa volont\u00e9 de nouer des partenariats [&hellip;]<\/p>\n","protected":false},"author":82,"featured_media":26775,"comment_status":"open","ping_status":"closed","sticky":false,"template":"","format":"standard","meta":{"footnotes":""},"categories":[3,11,10],"tags":[36,50,49],"class_list":["post-26776","post","type-post","status-publish","format-standard","has-post-thumbnail","hentry","category-economie","category-homepage-french","category-toutes-les-actualites","tag-africa-press","tag-africa-press-cameroun","tag-cameroun"],"yoast_head":"<!-- This site is optimized with the Yoast SEO Premium plugin v26.1 (Yoast SEO v27.0) - https:\/\/yoast.com\/product\/yoast-seo-premium-wordpress\/ -->\n<title>Cameroun: Des investisseurs nig\u00e9rians s\u2019int\u00e9ressent au port autonome de Kribi - Cameroun<\/title>\n<meta name=\"description\" content=\"Patrice Melom, directeur g\u00e9n\u00e9ral du Port autonome de Kribi (PAK) situ\u00e9 dans la r\u00e9gion du Sud Cameroun, a r\u00e9cemment re\u00e7u ...\" \/>\n<meta name=\"robots\" content=\"index, follow, max-snippet:-1, max-image-preview:large, max-video-preview:-1\" \/>\n<link rel=\"canonical\" href=\"https:\/\/www.africa-press.net\/cameroun\/economie\/cameroun-des-investisseurs-nigerians-sinteressent-au-port-autonome-de-kribi-2\" \/>\n<meta property=\"og:locale\" content=\"fr_FR\" \/>\n<meta property=\"og:type\" content=\"article\" \/>\n<meta property=\"og:title\" content=\"Cameroun: Des investisseurs nig\u00e9rians s\u2019int\u00e9ressent au port autonome de Kribi\" \/>\n<meta property=\"og:description\" content=\"Patrice Melom, directeur g\u00e9n\u00e9ral du Port autonome de Kribi (PAK) situ\u00e9 dans la r\u00e9gion du Sud Cameroun, a r\u00e9cemment re\u00e7u ...\" \/>\n<meta property=\"og:url\" content=\"https:\/\/www.africa-press.net\/cameroun\/economie\/cameroun-des-investisseurs-nigerians-sinteressent-au-port-autonome-de-kribi-2\" \/>\n<meta property=\"og:site_name\" content=\"Cameroun\" \/>\n<meta property=\"article:published_time\" content=\"2022-09-06T12:34:05+00:00\" \/>\n<meta property=\"article:modified_time\" content=\"2022-09-06T15:25:34+00:00\" \/>\n<meta property=\"og:image\" content=\"https:\/\/static.africa-press.net\/cameroun\/sites\/57\/2022\/09\/img-631766435c2a7.jpg\" \/>\n\t<meta property=\"og:image:width\" content=\"800\" \/>\n\t<meta property=\"og:image:height\" content=\"532\" \/>\n\t<meta property=\"og:image:type\" content=\"image\/jpeg\" \/>\n<meta name=\"author\" content=\"cfeditorfr\" \/>\n<meta name=\"twitter:card\" content=\"summary_large_image\" \/>\n<meta name=\"twitter:label1\" content=\"\u00c9crit par\" \/>\n\t<meta name=\"twitter:data1\" content=\"cfeditorfr\" \/>\n\t<meta name=\"twitter:label2\" content=\"Dur\u00e9e de lecture estim\u00e9e\" \/>\n\t<meta name=\"twitter:data2\" content=\"2 minutes\" \/>\n<script type=\"application\/ld+json\" class=\"yoast-schema-graph\">{\"@context\":\"https:\/\/schema.org\",\"@graph\":[{\"@type\":\"Article\",\"@id\":\"https:\/\/www.africa-press.net\/cameroun\/economie\/cameroun-des-investisseurs-nigerians-sinteressent-au-port-autonome-de-kribi-2#article\",\"isPartOf\":{\"@id\":\"https:\/\/www.africa-press.net\/cameroun\/economie\/cameroun-des-investisseurs-nigerians-sinteressent-au-port-autonome-de-kribi-2\"},\"author\":{\"name\":\"cfeditorfr\",\"@id\":\"https:\/\/www.africa-press.net\/cameroun\/#\/schema\/person\/2b1cf3cd81a31e3cd26889ca66d677f1\"},\"headline\":\"Cameroun: Des investisseurs nig\u00e9rians s\u2019int\u00e9ressent au port autonome de Kribi\",\"datePublished\":\"2022-09-06T12:34:05+00:00\",\"dateModified\":\"2022-09-06T15:25:34+00:00\",\"mainEntityOfPage\":{\"@id\":\"https:\/\/www.africa-press.net\/cameroun\/economie\/cameroun-des-investisseurs-nigerians-sinteressent-au-port-autonome-de-kribi-2\"},\"wordCount\":347,\"commentCount\":0,\"image\":{\"@id\":\"https:\/\/www.africa-press.net\/cameroun\/economie\/cameroun-des-investisseurs-nigerians-sinteressent-au-port-autonome-de-kribi-2#primaryimage\"},\"thumbnailUrl\":\"https:\/\/static.africa-press.net\/cameroun\/sites\/57\/2022\/09\/img-631766435c2a7.jpg\",\"keywords\":[\"Africa Press\",\"Africa Press-Cameroun\",\"Cameroun\"],\"articleSection\":[\"\u00c9conomie\",\"homepage-french\",\"Toutes les actualit\u00e9s\"],\"inLanguage\":\"fr-FR\",\"potentialAction\":[{\"@type\":\"CommentAction\",\"name\":\"Comment\",\"target\":[\"https:\/\/www.africa-press.net\/cameroun\/economie\/cameroun-des-investisseurs-nigerians-sinteressent-au-port-autonome-de-kribi-2#respond\"]}]},{\"@type\":\"WebPage\",\"@id\":\"https:\/\/www.africa-press.net\/cameroun\/economie\/cameroun-des-investisseurs-nigerians-sinteressent-au-port-autonome-de-kribi-2\",\"url\":\"https:\/\/www.africa-press.net\/cameroun\/economie\/cameroun-des-investisseurs-nigerians-sinteressent-au-port-autonome-de-kribi-2\",\"name\":\"Cameroun: Des investisseurs nig\u00e9rians s\u2019int\u00e9ressent au port autonome de Kribi - Cameroun\",\"isPartOf\":{\"@id\":\"https:\/\/www.africa-press.net\/cameroun\/#website\"},\"primaryImageOfPage\":{\"@id\":\"https:\/\/www.africa-press.net\/cameroun\/economie\/cameroun-des-investisseurs-nigerians-sinteressent-au-port-autonome-de-kribi-2#primaryimage\"},\"image\":{\"@id\":\"https:\/\/www.africa-press.net\/cameroun\/economie\/cameroun-des-investisseurs-nigerians-sinteressent-au-port-autonome-de-kribi-2#primaryimage\"},\"thumbnailUrl\":\"https:\/\/static.africa-press.net\/cameroun\/sites\/57\/2022\/09\/img-631766435c2a7.jpg\",\"datePublished\":\"2022-09-06T12:34:05+00:00\",\"dateModified\":\"2022-09-06T15:25:34+00:00\",\"author\":{\"@id\":\"https:\/\/www.africa-press.net\/cameroun\/#\/schema\/person\/2b1cf3cd81a31e3cd26889ca66d677f1\"},\"description\":\"Patrice Melom, directeur g\u00e9n\u00e9ral du Port autonome de Kribi (PAK) situ\u00e9 dans la r\u00e9gion du Sud Cameroun, a r\u00e9cemment re\u00e7u ...\",\"breadcrumb\":{\"@id\":\"https:\/\/www.africa-press.net\/cameroun\/economie\/cameroun-des-investisseurs-nigerians-sinteressent-au-port-autonome-de-kribi-2#breadcrumb\"},\"inLanguage\":\"fr-FR\",\"potentialAction\":[{\"@type\":\"ReadAction\",\"target\":[\"https:\/\/www.africa-press.net\/cameroun\/economie\/cameroun-des-investisseurs-nigerians-sinteressent-au-port-autonome-de-kribi-2\"]}]},{\"@type\":\"ImageObject\",\"inLanguage\":\"fr-FR\",\"@id\":\"https:\/\/www.africa-press.net\/cameroun\/economie\/cameroun-des-investisseurs-nigerians-sinteressent-au-port-autonome-de-kribi-2#primaryimage\",\"url\":\"https:\/\/static.africa-press.net\/cameroun\/sites\/57\/2022\/09\/img-631766435c2a7.jpg\",\"contentUrl\":\"https:\/\/static.africa-press.net\/cameroun\/sites\/57\/2022\/09\/img-631766435c2a7.jpg\",\"width\":800,\"height\":532,\"caption\":\"Cameroun: Des investisseurs nig\u00e9rians s\u2019int\u00e9ressent au port autonome de Kribi\"},{\"@type\":\"BreadcrumbList\",\"@id\":\"https:\/\/www.africa-press.net\/cameroun\/economie\/cameroun-des-investisseurs-nigerians-sinteressent-au-port-autonome-de-kribi-2#breadcrumb\",\"itemListElement\":[{\"@type\":\"ListItem\",\"position\":1,\"name\":\"Accueil\",\"item\":\"https:\/\/www.africa-press.net\/cameroun\/\"},{\"@type\":\"ListItem\",\"position\":2,\"name\":\"Cameroun: Des investisseurs nig\u00e9rians s\u2019int\u00e9ressent au port autonome de Kribi\"}]},{\"@type\":\"WebSite\",\"@id\":\"https:\/\/www.africa-press.net\/cameroun\/#website\",\"url\":\"https:\/\/www.africa-press.net\/cameroun\/\",\"name\":\"Cameroun\",\"description\":\"Just another Africa News Agency Sites site\",\"potentialAction\":[{\"@type\":\"SearchAction\",\"target\":{\"@type\":\"EntryPoint\",\"urlTemplate\":\"https:\/\/www.africa-press.net\/cameroun\/?s={search_term_string}\"},\"query-input\":{\"@type\":\"PropertyValueSpecification\",\"valueRequired\":true,\"valueName\":\"search_term_string\"}}],\"inLanguage\":\"fr-FR\"},{\"@type\":\"Person\",\"@id\":\"https:\/\/www.africa-press.net\/cameroun\/#\/schema\/person\/2b1cf3cd81a31e3cd26889ca66d677f1\",\"name\":\"cfeditorfr\"}]}<\/script>\n<!-- \/ Yoast SEO Premium plugin. -->","yoast_head_json":{"title":"Cameroun: Des investisseurs nig\u00e9rians s\u2019int\u00e9ressent au port autonome de Kribi - Cameroun","description":"Patrice Melom, directeur g\u00e9n\u00e9ral du Port autonome de Kribi (PAK) situ\u00e9 dans la r\u00e9gion du Sud Cameroun, a r\u00e9cemment re\u00e7u ...","robots":{"index":"index","follow":"follow","max-snippet":"max-snippet:-1","max-image-preview":"max-image-preview:large","max-video-preview":"max-video-preview:-1"},"canonical":"https:\/\/www.africa-press.net\/cameroun\/economie\/cameroun-des-investisseurs-nigerians-sinteressent-au-port-autonome-de-kribi-2","og_locale":"fr_FR","og_type":"article","og_title":"Cameroun: Des investisseurs nig\u00e9rians s\u2019int\u00e9ressent au port autonome de Kribi","og_description":"Patrice Melom, directeur g\u00e9n\u00e9ral du Port autonome de Kribi (PAK) situ\u00e9 dans la r\u00e9gion du Sud Cameroun, a r\u00e9cemment re\u00e7u ...","og_url":"https:\/\/www.africa-press.net\/cameroun\/economie\/cameroun-des-investisseurs-nigerians-sinteressent-au-port-autonome-de-kribi-2","og_site_name":"Cameroun","article_published_time":"2022-09-06T12:34:05+00:00","article_modified_time":"2022-09-06T15:25:34+00:00","og_image":[{"width":800,"height":532,"url":"https:\/\/static.africa-press.net\/cameroun\/sites\/57\/2022\/09\/img-631766435c2a7.jpg","type":"image\/jpeg"}],"author":"cfeditorfr","twitter_card":"summary_large_image","twitter_misc":{"\u00c9crit par":"cfeditorfr","Dur\u00e9e de lecture estim\u00e9e":"2 minutes"},"schema":{"@context":"https:\/\/schema.org","@graph":[{"@type":"Article","@id":"https:\/\/www.africa-press.net\/cameroun\/economie\/cameroun-des-investisseurs-nigerians-sinteressent-au-port-autonome-de-kribi-2#article","isPartOf":{"@id":"https:\/\/www.africa-press.net\/cameroun\/economie\/cameroun-des-investisseurs-nigerians-sinteressent-au-port-autonome-de-kribi-2"},"author":{"name":"cfeditorfr","@id":"https:\/\/www.africa-press.net\/cameroun\/#\/schema\/person\/2b1cf3cd81a31e3cd26889ca66d677f1"},"headline":"Cameroun: Des investisseurs nig\u00e9rians s\u2019int\u00e9ressent au port autonome de Kribi","datePublished":"2022-09-06T12:34:05+00:00","dateModified":"2022-09-06T15:25:34+00:00","mainEntityOfPage":{"@id":"https:\/\/www.africa-press.net\/cameroun\/economie\/cameroun-des-investisseurs-nigerians-sinteressent-au-port-autonome-de-kribi-2"},"wordCount":347,"commentCount":0,"image":{"@id":"https:\/\/www.africa-press.net\/cameroun\/economie\/cameroun-des-investisseurs-nigerians-sinteressent-au-port-autonome-de-kribi-2#primaryimage"},"thumbnailUrl":"https:\/\/static.africa-press.net\/cameroun\/sites\/57\/2022\/09\/img-631766435c2a7.jpg","keywords":["Africa Press","Africa Press-Cameroun","Cameroun"],"articleSection":["\u00c9conomie","homepage-french","Toutes les actualit\u00e9s"],"inLanguage":"fr-FR","potentialAction":[{"@type":"CommentAction","name":"Comment","target":["https:\/\/www.africa-press.net\/cameroun\/economie\/cameroun-des-investisseurs-nigerians-sinteressent-au-port-autonome-de-kribi-2#respond"]}]},{"@type":"WebPage","@id":"https:\/\/www.africa-press.net\/cameroun\/economie\/cameroun-des-investisseurs-nigerians-sinteressent-au-port-autonome-de-kribi-2","url":"https:\/\/www.africa-press.net\/cameroun\/economie\/cameroun-des-investisseurs-nigerians-sinteressent-au-port-autonome-de-kribi-2","name":"Cameroun: Des investisseurs nig\u00e9rians s\u2019int\u00e9ressent au port autonome de Kribi - Cameroun","isPartOf":{"@id":"https:\/\/www.africa-press.net\/cameroun\/#website"},"primaryImageOfPage":{"@id":"https:\/\/www.africa-press.net\/cameroun\/economie\/cameroun-des-investisseurs-nigerians-sinteressent-au-port-autonome-de-kribi-2#primaryimage"},"image":{"@id":"https:\/\/www.africa-press.net\/cameroun\/economie\/cameroun-des-investisseurs-nigerians-sinteressent-au-port-autonome-de-kribi-2#primaryimage"},"thumbnailUrl":"https:\/\/static.africa-press.net\/cameroun\/sites\/57\/2022\/09\/img-631766435c2a7.jpg","datePublished":"2022-09-06T12:34:05+00:00","dateModified":"2022-09-06T15:25:34+00:00","author":{"@id":"https:\/\/www.africa-press.net\/cameroun\/#\/schema\/person\/2b1cf3cd81a31e3cd26889ca66d677f1"},"description":"Patrice Melom, directeur g\u00e9n\u00e9ral du Port autonome de Kribi (PAK) situ\u00e9 dans la r\u00e9gion du Sud Cameroun, a r\u00e9cemment re\u00e7u ...","breadcrumb":{"@id":"https:\/\/www.africa-press.net\/cameroun\/economie\/cameroun-des-investisseurs-nigerians-sinteressent-au-port-autonome-de-kribi-2#breadcrumb"},"inLanguage":"fr-FR","potentialAction":[{"@type":"ReadAction","target":["https:\/\/www.africa-press.net\/cameroun\/economie\/cameroun-des-investisseurs-nigerians-sinteressent-au-port-autonome-de-kribi-2"]}]},{"@type":"ImageObject","inLanguage":"fr-FR","@id":"https:\/\/www.africa-press.net\/cameroun\/economie\/cameroun-des-investisseurs-nigerians-sinteressent-au-port-autonome-de-kribi-2#primaryimage","url":"https:\/\/static.africa-press.net\/cameroun\/sites\/57\/2022\/09\/img-631766435c2a7.jpg","contentUrl":"https:\/\/static.africa-press.net\/cameroun\/sites\/57\/2022\/09\/img-631766435c2a7.jpg","width":800,"height":532,"caption":"Cameroun: Des investisseurs nig\u00e9rians s\u2019int\u00e9ressent au port autonome de Kribi"},{"@type":"BreadcrumbList","@id":"https:\/\/www.africa-press.net\/cameroun\/economie\/cameroun-des-investisseurs-nigerians-sinteressent-au-port-autonome-de-kribi-2#breadcrumb","itemListElement":[{"@type":"ListItem","position":1,"name":"Accueil","item":"https:\/\/www.africa-press.net\/cameroun\/"},{"@type":"ListItem","position":2,"name":"Cameroun: Des investisseurs nig\u00e9rians s\u2019int\u00e9ressent au port autonome de Kribi"}]},{"@type":"WebSite","@id":"https:\/\/www.africa-press.net\/cameroun\/#website","url":"https:\/\/www.africa-press.net\/cameroun\/","name":"Cameroun","description":"Just another Africa News Agency Sites site","potentialAction":[{"@type":"SearchAction","target":{"@type":"EntryPoint","urlTemplate":"https:\/\/www.africa-press.net\/cameroun\/?s={search_term_string}"},"query-input":{"@type":"PropertyValueSpecification","valueRequired":true,"valueName":"search_term_string"}}],"inLanguage":"fr-FR"},{"@type":"Person","@id":"https:\/\/www.africa-press.net\/cameroun\/#\/schema\/person\/2b1cf3cd81a31e3cd26889ca66d677f1","name":"cfeditorfr"}]}},"_links":{"self":[{"href":"https:\/\/www.africa-press.net\/cameroun\/wp-json\/wp\/v2\/posts\/26776","targetHints":{"allow":["GET"]}}],"collection":[{"href":"https:\/\/www.africa-press.net\/cameroun\/wp-json\/wp\/v2\/posts"}],"about":[{"href":"https:\/\/www.africa-press.net\/cameroun\/wp-json\/wp\/v2\/types\/post"}],"author":[{"embeddable":true,"href":"https:\/\/www.africa-press.net\/cameroun\/wp-json\/wp\/v2\/users\/82"}],"replies":[{"embeddable":true,"href":"https:\/\/www.africa-press.net\/cameroun\/wp-json\/wp\/v2\/comments?post=26776"}],"version-history":[{"count":0,"href":"https:\/\/www.africa-press.net\/cameroun\/wp-json\/wp\/v2\/posts\/26776\/revisions"}],"wp:featuredmedia":[{"embeddable":true,"href":"https:\/\/www.africa-press.net\/cameroun\/wp-json\/wp\/v2\/media\/26775"}],"wp:attachment":[{"href":"https:\/\/www.africa-press.net\/cameroun\/wp-json\/wp\/v2\/media?parent=26776"}],"wp:term":[{"taxonomy":"category","embeddable":true,"href":"https:\/\/www.africa-press.net\/cameroun\/wp-json\/wp\/v2\/categories?post=26776"},{"taxonomy":"post_tag","embeddable":true,"href":"https:\/\/www.africa-press.net\/cameroun\/wp-json\/wp\/v2\/tags?post=26776"}],"curies":[{"name":"wp","href":"https:\/\/api.w.org\/{rel}","templated":true}]}}