{"id":26779,"date":"2022-09-06T12:41:56","date_gmt":"2022-09-06T12:41:56","guid":{"rendered":"https:\/\/www.africa-press.net\/cameroun\/politique\/hommage-albert-kouinche-depute-rdpc-le-president-fotso-victor-est-un-immortel-video"},"modified":"2022-09-06T18:21:29","modified_gmt":"2022-09-06T18:21:29","slug":"hommage-albert-kouinche-depute-rdpc-le-president-fotso-victor-est-un-immortel-video","status":"publish","type":"post","link":"https:\/\/www.africa-press.net\/cameroun\/politique\/hommage-albert-kouinche-depute-rdpc-le-president-fotso-victor-est-un-immortel-video","title":{"rendered":"Hommage\/Albert Kouinche (d\u00e9put\u00e9 RDPC): \u00abLe pr\u00e9sident Fotso (Victor) est un immortel\u00bb (vid\u00e9o)"},"content":{"rendered":"<p><span style=\"color: #ff6600\"><strong>Africa-Press &#8211; Cameroun. <\/strong><\/span>Dans une interview accord\u00e9e \u00e0 nos confr\u00e8res de la Cameroon Radio Television CRTV) et publi\u00e9e dans la soir\u00e9e du lundi 5 septembre 2022, le d\u00e9put\u00e9 Albert Kouinche a rendu un hommage m\u00e9rit\u00e9 au patriarche Victor Fotso, d\u00e9c\u00e9d\u00e9 le 20 mars 2020. C\u2019\u00e9tait \u00e0 l\u2019occasion d\u2019une d\u00e9localisation des plateaux de la CRTV \u00e0 la chefferie Bandjoun (Ouest), en guise d\u2019hommage \u00e0 l\u2019ancien maire de cette localit\u00e9.<\/p>\n<p>Pour le pr\u00e9sident directeur g\u00e9n\u00e9ral de Express Union, il est un \u00eatre \u00e0 canoniser en raison de l\u2019immensit\u00e9 de ses r\u00e9alisations au sein de sa communaut\u00e9 et bien au-del\u00e0. \u00ab <b>Le pr\u00e9sident Fotso, c\u2019\u00e9tait un grand patriarche. J\u2019allais dire, un immortel. Tout ceci gr\u00e2ce \u00e0 ses \u0153uvres<\/b> \u00bb, a d\u00e9clar\u00e9 le d\u00e9put\u00e9 du Rassemblement D\u00e9mocratique du Peuple Camerounais (RDPC), avant de poursuivre : \u00ab <b>Il a pleinement contribu\u00e9 \u00e0 la construction de la chefferie. Au-del\u00e0 de la chefferie, le pr\u00e9sident Fotso a beaucoup fait pour notre village. Des infrastructures scolaires, routi\u00e8res, religieuses\u2026 Il a particip\u00e9 \u00e0 la formation et l\u2019accompagnement de plusieurs fils et filles Bandjoun, et j\u2019en suis l\u2019un des b\u00e9n\u00e9ficiaires. Il a fait beaucoup pour Bandjoun, pour son Koung-khi, et pour le Cameroun<\/b> \u00bb.<\/p>\n<p>La localit\u00e9 de Bandjoun doit tout ou presque \u00e0 cet ancien homme d\u2019affaires et grand ami du chef de l\u2019Etat Paul Biya. Il a contribu\u00e9 au d\u00e9senclavement de son village et en a fait l\u2019une des cit\u00e9s les plus pittoresques de la r\u00e9gion de l\u2019Ouest. Il a b\u00e2ti des \u00e9glises, des \u00e9coles, des routes, un stade qui porte d\u2019ailleurs son nom, et a \u00e9t\u00e9 le noyau central de l\u2019\u00e9mancipation de nombreux autres hommes d\u2019affaires de la localit\u00e9.<\/p>\n<p><strong>Pour plus d&rsquo;informations et d&rsquo;analyses sur la <a href=\"https:\/\/www.africa-press.net\/cameroun\">Cameroun<\/a>, suivez <a href=\"https:\/\/www.africa-press.net\/\">Africa-Press<\/a><\/strong><\/p>\n","protected":false},"excerpt":{"rendered":"<p>Africa-Press &#8211; Cameroun. Dans une interview accord\u00e9e \u00e0 nos confr\u00e8res de la Cameroon Radio Television CRTV) et publi\u00e9e dans la soir\u00e9e du lundi 5 septembre 2022, le d\u00e9put\u00e9 Albert Kouinche a rendu un hommage m\u00e9rit\u00e9 au patriarche Victor Fotso, d\u00e9c\u00e9d\u00e9 le 20 mars 2020. C\u2019\u00e9tait \u00e0 l\u2019occasion d\u2019une d\u00e9localisation des plateaux de la CRTV \u00e0 [&hellip;]<\/p>\n","protected":false},"author":82,"featured_media":26778,"comment_status":"open","ping_status":"closed","sticky":false,"template":"","format":"standard","meta":{"footnotes":""},"categories":[11,2,10],"tags":[36,50,49],"class_list":["post-26779","post","type-post","status-publish","format-standard","has-post-thumbnail","hentry","category-homepage-french","category-politique","category-toutes-les-actualites","tag-africa-press","tag-africa-press-cameroun","tag-cameroun"],"yoast_head":"<!-- This site is optimized with the Yoast SEO Premium plugin v26.1 (Yoast SEO v27.0) - https:\/\/yoast.com\/product\/yoast-seo-premium-wordpress\/ -->\n<title>Hommage\/Albert Kouinche (d\u00e9put\u00e9 RDPC): \u00abLe pr\u00e9sident Fotso (Victor) est un immortel\u00bb (vid\u00e9o) - Cameroun<\/title>\n<meta name=\"description\" content=\"Dans une interview accord\u00e9e \u00e0 nos confr\u00e8res de la Cameroon Radio Television CRTV) et publi\u00e9e dans la soir\u00e9e du lundi 5 s ...\" \/>\n<meta name=\"robots\" content=\"index, follow, max-snippet:-1, max-image-preview:large, max-video-preview:-1\" \/>\n<link rel=\"canonical\" href=\"https:\/\/www.africa-press.net\/cameroun\/politique\/hommage-albert-kouinche-depute-rdpc-le-president-fotso-victor-est-un-immortel-video\" \/>\n<meta property=\"og:locale\" content=\"fr_FR\" \/>\n<meta property=\"og:type\" content=\"article\" \/>\n<meta property=\"og:title\" content=\"Hommage\/Albert Kouinche (d\u00e9put\u00e9 RDPC): \u00abLe pr\u00e9sident Fotso (Victor) est un immortel\u00bb (vid\u00e9o)\" \/>\n<meta property=\"og:description\" content=\"Dans une interview accord\u00e9e \u00e0 nos confr\u00e8res de la Cameroon Radio Television CRTV) et publi\u00e9e dans la soir\u00e9e du lundi 5 s ...\" \/>\n<meta property=\"og:url\" content=\"https:\/\/www.africa-press.net\/cameroun\/politique\/hommage-albert-kouinche-depute-rdpc-le-president-fotso-victor-est-un-immortel-video\" \/>\n<meta property=\"og:site_name\" content=\"Cameroun\" \/>\n<meta property=\"article:published_time\" content=\"2022-09-06T12:41:56+00:00\" \/>\n<meta property=\"article:modified_time\" content=\"2022-09-06T18:21:29+00:00\" \/>\n<meta property=\"og:image\" content=\"https:\/\/static.africa-press.net\/cameroun\/sites\/57\/2022\/09\/img-631766771c957.jpg\" \/>\n\t<meta property=\"og:image:width\" content=\"800\" \/>\n\t<meta property=\"og:image:height\" content=\"540\" \/>\n\t<meta property=\"og:image:type\" content=\"image\/jpeg\" \/>\n<meta name=\"author\" content=\"cfeditorfr\" \/>\n<meta name=\"twitter:card\" content=\"summary_large_image\" \/>\n<meta name=\"twitter:label1\" content=\"\u00c9crit par\" \/>\n\t<meta name=\"twitter:data1\" content=\"cfeditorfr\" \/>\n\t<meta name=\"twitter:label2\" content=\"Dur\u00e9e de lecture estim\u00e9e\" \/>\n\t<meta name=\"twitter:data2\" content=\"2 minutes\" \/>\n<script type=\"application\/ld+json\" class=\"yoast-schema-graph\">{\"@context\":\"https:\/\/schema.org\",\"@graph\":[{\"@type\":\"Article\",\"@id\":\"https:\/\/www.africa-press.net\/cameroun\/politique\/hommage-albert-kouinche-depute-rdpc-le-president-fotso-victor-est-un-immortel-video#article\",\"isPartOf\":{\"@id\":\"https:\/\/www.africa-press.net\/cameroun\/politique\/hommage-albert-kouinche-depute-rdpc-le-president-fotso-victor-est-un-immortel-video\"},\"author\":{\"name\":\"cfeditorfr\",\"@id\":\"https:\/\/www.africa-press.net\/cameroun\/#\/schema\/person\/2b1cf3cd81a31e3cd26889ca66d677f1\"},\"headline\":\"Hommage\/Albert Kouinche (d\u00e9put\u00e9 RDPC): \u00abLe pr\u00e9sident Fotso (Victor) est un immortel\u00bb (vid\u00e9o)\",\"datePublished\":\"2022-09-06T12:41:56+00:00\",\"dateModified\":\"2022-09-06T18:21:29+00:00\",\"mainEntityOfPage\":{\"@id\":\"https:\/\/www.africa-press.net\/cameroun\/politique\/hommage-albert-kouinche-depute-rdpc-le-president-fotso-victor-est-un-immortel-video\"},\"wordCount\":325,\"commentCount\":0,\"image\":{\"@id\":\"https:\/\/www.africa-press.net\/cameroun\/politique\/hommage-albert-kouinche-depute-rdpc-le-president-fotso-victor-est-un-immortel-video#primaryimage\"},\"thumbnailUrl\":\"https:\/\/static.africa-press.net\/cameroun\/sites\/57\/2022\/09\/img-631766771c957.jpg\",\"keywords\":[\"Africa Press\",\"Africa Press-Cameroun\",\"Cameroun\"],\"articleSection\":[\"homepage-french\",\"Politique\",\"Toutes les actualit\u00e9s\"],\"inLanguage\":\"fr-FR\",\"potentialAction\":[{\"@type\":\"CommentAction\",\"name\":\"Comment\",\"target\":[\"https:\/\/www.africa-press.net\/cameroun\/politique\/hommage-albert-kouinche-depute-rdpc-le-president-fotso-victor-est-un-immortel-video#respond\"]}]},{\"@type\":\"WebPage\",\"@id\":\"https:\/\/www.africa-press.net\/cameroun\/politique\/hommage-albert-kouinche-depute-rdpc-le-president-fotso-victor-est-un-immortel-video\",\"url\":\"https:\/\/www.africa-press.net\/cameroun\/politique\/hommage-albert-kouinche-depute-rdpc-le-president-fotso-victor-est-un-immortel-video\",\"name\":\"Hommage\/Albert Kouinche (d\u00e9put\u00e9 RDPC): \u00abLe pr\u00e9sident Fotso (Victor) est un immortel\u00bb (vid\u00e9o) - Cameroun\",\"isPartOf\":{\"@id\":\"https:\/\/www.africa-press.net\/cameroun\/#website\"},\"primaryImageOfPage\":{\"@id\":\"https:\/\/www.africa-press.net\/cameroun\/politique\/hommage-albert-kouinche-depute-rdpc-le-president-fotso-victor-est-un-immortel-video#primaryimage\"},\"image\":{\"@id\":\"https:\/\/www.africa-press.net\/cameroun\/politique\/hommage-albert-kouinche-depute-rdpc-le-president-fotso-victor-est-un-immortel-video#primaryimage\"},\"thumbnailUrl\":\"https:\/\/static.africa-press.net\/cameroun\/sites\/57\/2022\/09\/img-631766771c957.jpg\",\"datePublished\":\"2022-09-06T12:41:56+00:00\",\"dateModified\":\"2022-09-06T18:21:29+00:00\",\"author\":{\"@id\":\"https:\/\/www.africa-press.net\/cameroun\/#\/schema\/person\/2b1cf3cd81a31e3cd26889ca66d677f1\"},\"description\":\"Dans une interview accord\u00e9e \u00e0 nos confr\u00e8res de la Cameroon Radio Television CRTV) et publi\u00e9e dans la soir\u00e9e du lundi 5 s ...\",\"breadcrumb\":{\"@id\":\"https:\/\/www.africa-press.net\/cameroun\/politique\/hommage-albert-kouinche-depute-rdpc-le-president-fotso-victor-est-un-immortel-video#breadcrumb\"},\"inLanguage\":\"fr-FR\",\"potentialAction\":[{\"@type\":\"ReadAction\",\"target\":[\"https:\/\/www.africa-press.net\/cameroun\/politique\/hommage-albert-kouinche-depute-rdpc-le-president-fotso-victor-est-un-immortel-video\"]}]},{\"@type\":\"ImageObject\",\"inLanguage\":\"fr-FR\",\"@id\":\"https:\/\/www.africa-press.net\/cameroun\/politique\/hommage-albert-kouinche-depute-rdpc-le-president-fotso-victor-est-un-immortel-video#primaryimage\",\"url\":\"https:\/\/static.africa-press.net\/cameroun\/sites\/57\/2022\/09\/img-631766771c957.jpg\",\"contentUrl\":\"https:\/\/static.africa-press.net\/cameroun\/sites\/57\/2022\/09\/img-631766771c957.jpg\",\"width\":800,\"height\":540,\"caption\":\"Hommage\/Albert Kouinche (d\u00e9put\u00e9 RDPC): \u00abLe pr\u00e9sident Fotso (Victor) est un immortel\u00bb (vid\u00e9o)\"},{\"@type\":\"BreadcrumbList\",\"@id\":\"https:\/\/www.africa-press.net\/cameroun\/politique\/hommage-albert-kouinche-depute-rdpc-le-president-fotso-victor-est-un-immortel-video#breadcrumb\",\"itemListElement\":[{\"@type\":\"ListItem\",\"position\":1,\"name\":\"Accueil\",\"item\":\"https:\/\/www.africa-press.net\/cameroun\/\"},{\"@type\":\"ListItem\",\"position\":2,\"name\":\"Hommage\/Albert Kouinche (d\u00e9put\u00e9 RDPC): \u00abLe pr\u00e9sident Fotso (Victor) est un immortel\u00bb (vid\u00e9o)\"}]},{\"@type\":\"WebSite\",\"@id\":\"https:\/\/www.africa-press.net\/cameroun\/#website\",\"url\":\"https:\/\/www.africa-press.net\/cameroun\/\",\"name\":\"Cameroun\",\"description\":\"Just another Africa News Agency Sites site\",\"potentialAction\":[{\"@type\":\"SearchAction\",\"target\":{\"@type\":\"EntryPoint\",\"urlTemplate\":\"https:\/\/www.africa-press.net\/cameroun\/?s={search_term_string}\"},\"query-input\":{\"@type\":\"PropertyValueSpecification\",\"valueRequired\":true,\"valueName\":\"search_term_string\"}}],\"inLanguage\":\"fr-FR\"},{\"@type\":\"Person\",\"@id\":\"https:\/\/www.africa-press.net\/cameroun\/#\/schema\/person\/2b1cf3cd81a31e3cd26889ca66d677f1\",\"name\":\"cfeditorfr\"}]}<\/script>\n<!-- \/ Yoast SEO Premium plugin. -->","yoast_head_json":{"title":"Hommage\/Albert Kouinche (d\u00e9put\u00e9 RDPC): \u00abLe pr\u00e9sident Fotso (Victor) est un immortel\u00bb (vid\u00e9o) - Cameroun","description":"Dans une interview accord\u00e9e \u00e0 nos confr\u00e8res de la Cameroon Radio Television CRTV) et publi\u00e9e dans la soir\u00e9e du lundi 5 s ...","robots":{"index":"index","follow":"follow","max-snippet":"max-snippet:-1","max-image-preview":"max-image-preview:large","max-video-preview":"max-video-preview:-1"},"canonical":"https:\/\/www.africa-press.net\/cameroun\/politique\/hommage-albert-kouinche-depute-rdpc-le-president-fotso-victor-est-un-immortel-video","og_locale":"fr_FR","og_type":"article","og_title":"Hommage\/Albert Kouinche (d\u00e9put\u00e9 RDPC): \u00abLe pr\u00e9sident Fotso (Victor) est un immortel\u00bb (vid\u00e9o)","og_description":"Dans une interview accord\u00e9e \u00e0 nos confr\u00e8res de la Cameroon Radio Television CRTV) et publi\u00e9e dans la soir\u00e9e du lundi 5 s ...","og_url":"https:\/\/www.africa-press.net\/cameroun\/politique\/hommage-albert-kouinche-depute-rdpc-le-president-fotso-victor-est-un-immortel-video","og_site_name":"Cameroun","article_published_time":"2022-09-06T12:41:56+00:00","article_modified_time":"2022-09-06T18:21:29+00:00","og_image":[{"width":800,"height":540,"url":"https:\/\/static.africa-press.net\/cameroun\/sites\/57\/2022\/09\/img-631766771c957.jpg","type":"image\/jpeg"}],"author":"cfeditorfr","twitter_card":"summary_large_image","twitter_misc":{"\u00c9crit par":"cfeditorfr","Dur\u00e9e de lecture estim\u00e9e":"2 minutes"},"schema":{"@context":"https:\/\/schema.org","@graph":[{"@type":"Article","@id":"https:\/\/www.africa-press.net\/cameroun\/politique\/hommage-albert-kouinche-depute-rdpc-le-president-fotso-victor-est-un-immortel-video#article","isPartOf":{"@id":"https:\/\/www.africa-press.net\/cameroun\/politique\/hommage-albert-kouinche-depute-rdpc-le-president-fotso-victor-est-un-immortel-video"},"author":{"name":"cfeditorfr","@id":"https:\/\/www.africa-press.net\/cameroun\/#\/schema\/person\/2b1cf3cd81a31e3cd26889ca66d677f1"},"headline":"Hommage\/Albert Kouinche (d\u00e9put\u00e9 RDPC): \u00abLe pr\u00e9sident Fotso (Victor) est un immortel\u00bb (vid\u00e9o)","datePublished":"2022-09-06T12:41:56+00:00","dateModified":"2022-09-06T18:21:29+00:00","mainEntityOfPage":{"@id":"https:\/\/www.africa-press.net\/cameroun\/politique\/hommage-albert-kouinche-depute-rdpc-le-president-fotso-victor-est-un-immortel-video"},"wordCount":325,"commentCount":0,"image":{"@id":"https:\/\/www.africa-press.net\/cameroun\/politique\/hommage-albert-kouinche-depute-rdpc-le-president-fotso-victor-est-un-immortel-video#primaryimage"},"thumbnailUrl":"https:\/\/static.africa-press.net\/cameroun\/sites\/57\/2022\/09\/img-631766771c957.jpg","keywords":["Africa Press","Africa Press-Cameroun","Cameroun"],"articleSection":["homepage-french","Politique","Toutes les actualit\u00e9s"],"inLanguage":"fr-FR","potentialAction":[{"@type":"CommentAction","name":"Comment","target":["https:\/\/www.africa-press.net\/cameroun\/politique\/hommage-albert-kouinche-depute-rdpc-le-president-fotso-victor-est-un-immortel-video#respond"]}]},{"@type":"WebPage","@id":"https:\/\/www.africa-press.net\/cameroun\/politique\/hommage-albert-kouinche-depute-rdpc-le-president-fotso-victor-est-un-immortel-video","url":"https:\/\/www.africa-press.net\/cameroun\/politique\/hommage-albert-kouinche-depute-rdpc-le-president-fotso-victor-est-un-immortel-video","name":"Hommage\/Albert Kouinche (d\u00e9put\u00e9 RDPC): \u00abLe pr\u00e9sident Fotso (Victor) est un immortel\u00bb (vid\u00e9o) - Cameroun","isPartOf":{"@id":"https:\/\/www.africa-press.net\/cameroun\/#website"},"primaryImageOfPage":{"@id":"https:\/\/www.africa-press.net\/cameroun\/politique\/hommage-albert-kouinche-depute-rdpc-le-president-fotso-victor-est-un-immortel-video#primaryimage"},"image":{"@id":"https:\/\/www.africa-press.net\/cameroun\/politique\/hommage-albert-kouinche-depute-rdpc-le-president-fotso-victor-est-un-immortel-video#primaryimage"},"thumbnailUrl":"https:\/\/static.africa-press.net\/cameroun\/sites\/57\/2022\/09\/img-631766771c957.jpg","datePublished":"2022-09-06T12:41:56+00:00","dateModified":"2022-09-06T18:21:29+00:00","author":{"@id":"https:\/\/www.africa-press.net\/cameroun\/#\/schema\/person\/2b1cf3cd81a31e3cd26889ca66d677f1"},"description":"Dans une interview accord\u00e9e \u00e0 nos confr\u00e8res de la Cameroon Radio Television CRTV) et publi\u00e9e dans la soir\u00e9e du lundi 5 s ...","breadcrumb":{"@id":"https:\/\/www.africa-press.net\/cameroun\/politique\/hommage-albert-kouinche-depute-rdpc-le-president-fotso-victor-est-un-immortel-video#breadcrumb"},"inLanguage":"fr-FR","potentialAction":[{"@type":"ReadAction","target":["https:\/\/www.africa-press.net\/cameroun\/politique\/hommage-albert-kouinche-depute-rdpc-le-president-fotso-victor-est-un-immortel-video"]}]},{"@type":"ImageObject","inLanguage":"fr-FR","@id":"https:\/\/www.africa-press.net\/cameroun\/politique\/hommage-albert-kouinche-depute-rdpc-le-president-fotso-victor-est-un-immortel-video#primaryimage","url":"https:\/\/static.africa-press.net\/cameroun\/sites\/57\/2022\/09\/img-631766771c957.jpg","contentUrl":"https:\/\/static.africa-press.net\/cameroun\/sites\/57\/2022\/09\/img-631766771c957.jpg","width":800,"height":540,"caption":"Hommage\/Albert Kouinche (d\u00e9put\u00e9 RDPC): \u00abLe pr\u00e9sident Fotso (Victor) est un immortel\u00bb (vid\u00e9o)"},{"@type":"BreadcrumbList","@id":"https:\/\/www.africa-press.net\/cameroun\/politique\/hommage-albert-kouinche-depute-rdpc-le-president-fotso-victor-est-un-immortel-video#breadcrumb","itemListElement":[{"@type":"ListItem","position":1,"name":"Accueil","item":"https:\/\/www.africa-press.net\/cameroun\/"},{"@type":"ListItem","position":2,"name":"Hommage\/Albert Kouinche (d\u00e9put\u00e9 RDPC): \u00abLe pr\u00e9sident Fotso (Victor) est un immortel\u00bb (vid\u00e9o)"}]},{"@type":"WebSite","@id":"https:\/\/www.africa-press.net\/cameroun\/#website","url":"https:\/\/www.africa-press.net\/cameroun\/","name":"Cameroun","description":"Just another Africa News Agency Sites site","potentialAction":[{"@type":"SearchAction","target":{"@type":"EntryPoint","urlTemplate":"https:\/\/www.africa-press.net\/cameroun\/?s={search_term_string}"},"query-input":{"@type":"PropertyValueSpecification","valueRequired":true,"valueName":"search_term_string"}}],"inLanguage":"fr-FR"},{"@type":"Person","@id":"https:\/\/www.africa-press.net\/cameroun\/#\/schema\/person\/2b1cf3cd81a31e3cd26889ca66d677f1","name":"cfeditorfr"}]}},"_links":{"self":[{"href":"https:\/\/www.africa-press.net\/cameroun\/wp-json\/wp\/v2\/posts\/26779","targetHints":{"allow":["GET"]}}],"collection":[{"href":"https:\/\/www.africa-press.net\/cameroun\/wp-json\/wp\/v2\/posts"}],"about":[{"href":"https:\/\/www.africa-press.net\/cameroun\/wp-json\/wp\/v2\/types\/post"}],"author":[{"embeddable":true,"href":"https:\/\/www.africa-press.net\/cameroun\/wp-json\/wp\/v2\/users\/82"}],"replies":[{"embeddable":true,"href":"https:\/\/www.africa-press.net\/cameroun\/wp-json\/wp\/v2\/comments?post=26779"}],"version-history":[{"count":0,"href":"https:\/\/www.africa-press.net\/cameroun\/wp-json\/wp\/v2\/posts\/26779\/revisions"}],"wp:featuredmedia":[{"embeddable":true,"href":"https:\/\/www.africa-press.net\/cameroun\/wp-json\/wp\/v2\/media\/26778"}],"wp:attachment":[{"href":"https:\/\/www.africa-press.net\/cameroun\/wp-json\/wp\/v2\/media?parent=26779"}],"wp:term":[{"taxonomy":"category","embeddable":true,"href":"https:\/\/www.africa-press.net\/cameroun\/wp-json\/wp\/v2\/categories?post=26779"},{"taxonomy":"post_tag","embeddable":true,"href":"https:\/\/www.africa-press.net\/cameroun\/wp-json\/wp\/v2\/tags?post=26779"}],"curies":[{"name":"wp","href":"https:\/\/api.w.org\/{rel}","templated":true}]}}