{"id":26788,"date":"2022-09-06T13:04:21","date_gmt":"2022-09-06T13:04:21","guid":{"rendered":"https:\/\/www.africa-press.net\/cameroun\/politique\/crise-anglophone-le-prefet-du-departement-du-ndian-region-du-sud-ouest-revendique-un-tres-grand-succes-contre-les-villes-mortes-initiees-parles-secessionnistes"},"modified":"2022-09-06T15:28:46","modified_gmt":"2022-09-06T15:28:46","slug":"crise-anglophone-le-prefet-du-departement-du-ndian-region-du-sud-ouest-revendique-un-tres-grand-succes-contre-les-villes-mortes-initiees-parles-secessionnistes","status":"publish","type":"post","link":"https:\/\/www.africa-press.net\/cameroun\/toutes-les-actualites\/crise-anglophone-le-prefet-du-departement-du-ndian-region-du-sud-ouest-revendique-un-tres-grand-succes-contre-les-villes-mortes-initiees-parles-secessionnistes","title":{"rendered":"Crise anglophone: Le pr\u00e9fet du d\u00e9partement du Ndian (r\u00e9gion du Sud-Ouest) revendique \u00abun tr\u00e8s grand succ\u00e8s\u00bb contre les  \u00abvilles mortes\u00bb initi\u00e9es parles s\u00e9cessionnistes"},"content":{"rendered":"<p><span style=\"color: #ff6600\"><strong>Africa-Press &#8211; Cameroun. <\/strong><\/span>A Mundemba (d\u00e9partement du Ndian, r\u00e9gion du Sud-Ouest), la rentr\u00e9e scolaire a eu lieu. Du moins si l\u2019on sen tient \u00e0 ce qui est dit dans un reportage de la CRTV-Radio le 5 Septembre 2022. L\u2019on y apprend qu\u2019\u00e0 l\u2019\u00e9cole publique bilingue d\u2019application de Manja, les cours ont commenc\u00e9. Des \u00e9l\u00e8ves issus d\u2019une soixantaine d\u2019\u00e9cole de zones victimes de l\u2019ins\u00e9curit\u00e9 sont regroup\u00e9s ici. La CRTV indique que le pr\u00e9fet du Ndian, Gilbert Guibai Baldena a constat\u00e9 avec satisfaction le d\u00e9marrage des cours.<\/p>\n<p><b>\u00ab En d\u00e9pit du fait qu\u2019il n\u2019y a pas suffisamment l\u2018\u00e9l\u00e8ves, nous avons trouv\u00e9 le staff administratif, les enseignants. A tous ceux qui sont rest\u00e9s \u00e0 la maison, l\u2019\u00e9cole a effectivement commenc\u00e9 ce jour \u00bb<\/b>, entend-on le chef de terre d\u00e9clarer. Il assure que les mots d\u2019ordre de \u00ab villes mortes \u00bb impos\u00e9 par les combattants s\u00e9paratistes ne sont plus observ\u00e9s \u00e0 Mundemba. <b>\u00ab Par rapport au ph\u00e9nom\u00e8ne des villes mortes, nous avons remport\u00e9 un tr\u00e8s grand succ\u00e8s. Nus invitons les parents \u00e0 envoyer tous les lundis les enfants \u00e0 l\u2019\u00e9cole. Ils n\u2019ont peur absolument de rien parce que toutes les mesures de s\u00e9curit\u00e9 ont \u00e9t\u00e9 prises. Ce n\u2019est pas que Mundemba. Dans la p\u00e9ninsule, \u00e0 Ekondo-Titi, les m\u00eames mesures sont prises \u00bb<\/b>, souligne le pr\u00e9fet<b>. <\/b><\/p>\n<p>La localit\u00e9 de Mundemba a longtemps \u00e9t\u00e9 le th\u00e9\u00e2tre d\u2019incidents violents li\u00e9s \u00e0 la guerre que les groupes arm\u00e9s s\u00e9paratistes favorables \u00e0 l\u2019ind\u00e9pendance des r\u00e9gions du Nord-Ouest et du Sud-Ouest m\u00e8nent aux forces arm\u00e9es camerounaises. Le dernier \u00e9v\u00e9nement tragique r\u00e9pertori\u00e9 eu lieu le 30 Ao\u00fbt 2021. Deux militaires avaient \u00e9t\u00e9 trouv\u00e9 la mort dans une embuscade tendue par ind\u00e9pendantistes.<\/p>\n<p><strong>Pour plus d&rsquo;informations et d&rsquo;analyses sur la <a href=\"https:\/\/www.africa-press.net\/cameroun\">Cameroun<\/a>, suivez <a href=\"https:\/\/www.africa-press.net\/\">Africa-Press<\/a><\/strong><\/p>\n","protected":false},"excerpt":{"rendered":"<p>Africa-Press &#8211; Cameroun. A Mundemba (d\u00e9partement du Ndian, r\u00e9gion du Sud-Ouest), la rentr\u00e9e scolaire a eu lieu. Du moins si l\u2019on sen tient \u00e0 ce qui est dit dans un reportage de la CRTV-Radio le 5 Septembre 2022. L\u2019on y apprend qu\u2019\u00e0 l\u2019\u00e9cole publique bilingue d\u2019application de Manja, les cours ont commenc\u00e9. Des \u00e9l\u00e8ves issus [&hellip;]<\/p>\n","protected":false},"author":82,"featured_media":26787,"comment_status":"open","ping_status":"closed","sticky":false,"template":"","format":"standard","meta":{"footnotes":""},"categories":[21,11,10],"tags":[36,50,49],"class_list":["post-26788","post","type-post","status-publish","format-standard","has-post-thumbnail","hentry","category-communaute","category-homepage-french","category-toutes-les-actualites","tag-africa-press","tag-africa-press-cameroun","tag-cameroun"],"yoast_head":"<!-- This site is optimized with the Yoast SEO Premium plugin v26.1 (Yoast SEO v27.0) - https:\/\/yoast.com\/product\/yoast-seo-premium-wordpress\/ -->\n<title>Crise anglophone: Le pr\u00e9fet du d\u00e9partement du Ndian (r\u00e9gion du Sud-Ouest) revendique \u00abun tr\u00e8s grand succ\u00e8s\u00bb contre les \u00abvilles mortes\u00bb initi\u00e9es parles s\u00e9cessionnistes - Cameroun<\/title>\n<meta name=\"description\" content=\"A Mundemba (d\u00e9partement du Ndian, r\u00e9gion du Sud-Ouest), la rentr\u00e9e scolaire a eu lieu. Du moins si l\u2019on sen tient \u00e0 ce q ...\" \/>\n<meta name=\"robots\" content=\"index, follow, max-snippet:-1, max-image-preview:large, max-video-preview:-1\" \/>\n<link rel=\"canonical\" href=\"https:\/\/www.africa-press.net\/cameroun\/toutes-les-actualites\/crise-anglophone-le-prefet-du-departement-du-ndian-region-du-sud-ouest-revendique-un-tres-grand-succes-contre-les-villes-mortes-initiees-parles-secessionnistes\" \/>\n<meta property=\"og:locale\" content=\"fr_FR\" \/>\n<meta property=\"og:type\" content=\"article\" \/>\n<meta property=\"og:title\" content=\"Crise anglophone: Le pr\u00e9fet du d\u00e9partement du Ndian (r\u00e9gion du Sud-Ouest) revendique \u00abun tr\u00e8s grand succ\u00e8s\u00bb contre les \u00abvilles mortes\u00bb initi\u00e9es parles s\u00e9cessionnistes\" \/>\n<meta property=\"og:description\" content=\"A Mundemba (d\u00e9partement du Ndian, r\u00e9gion du Sud-Ouest), la rentr\u00e9e scolaire a eu lieu. Du moins si l\u2019on sen tient \u00e0 ce q ...\" \/>\n<meta property=\"og:url\" content=\"https:\/\/www.africa-press.net\/cameroun\/toutes-les-actualites\/crise-anglophone-le-prefet-du-departement-du-ndian-region-du-sud-ouest-revendique-un-tres-grand-succes-contre-les-villes-mortes-initiees-parles-secessionnistes\" \/>\n<meta property=\"og:site_name\" content=\"Cameroun\" \/>\n<meta property=\"article:published_time\" content=\"2022-09-06T13:04:21+00:00\" \/>\n<meta property=\"article:modified_time\" content=\"2022-09-06T15:28:46+00:00\" \/>\n<meta property=\"og:image\" content=\"https:\/\/static.africa-press.net\/cameroun\/sites\/57\/2022\/09\/img-631767086d487.jpg\" \/>\n\t<meta property=\"og:image:width\" content=\"800\" \/>\n\t<meta property=\"og:image:height\" content=\"649\" \/>\n\t<meta property=\"og:image:type\" content=\"image\/jpeg\" \/>\n<meta name=\"author\" content=\"cfeditorfr\" \/>\n<meta name=\"twitter:card\" content=\"summary_large_image\" \/>\n<meta name=\"twitter:label1\" content=\"\u00c9crit par\" \/>\n\t<meta name=\"twitter:data1\" content=\"cfeditorfr\" \/>\n\t<meta name=\"twitter:label2\" content=\"Dur\u00e9e de lecture estim\u00e9e\" \/>\n\t<meta name=\"twitter:data2\" content=\"2 minutes\" \/>\n<script type=\"application\/ld+json\" class=\"yoast-schema-graph\">{\"@context\":\"https:\/\/schema.org\",\"@graph\":[{\"@type\":\"Article\",\"@id\":\"https:\/\/www.africa-press.net\/cameroun\/toutes-les-actualites\/crise-anglophone-le-prefet-du-departement-du-ndian-region-du-sud-ouest-revendique-un-tres-grand-succes-contre-les-villes-mortes-initiees-parles-secessionnistes#article\",\"isPartOf\":{\"@id\":\"https:\/\/www.africa-press.net\/cameroun\/toutes-les-actualites\/crise-anglophone-le-prefet-du-departement-du-ndian-region-du-sud-ouest-revendique-un-tres-grand-succes-contre-les-villes-mortes-initiees-parles-secessionnistes\"},\"author\":{\"name\":\"cfeditorfr\",\"@id\":\"https:\/\/www.africa-press.net\/cameroun\/#\/schema\/person\/2b1cf3cd81a31e3cd26889ca66d677f1\"},\"headline\":\"Crise anglophone: Le pr\u00e9fet du d\u00e9partement du Ndian (r\u00e9gion du Sud-Ouest) revendique \u00abun tr\u00e8s grand succ\u00e8s\u00bb contre les \u00abvilles mortes\u00bb initi\u00e9es parles s\u00e9cessionnistes\",\"datePublished\":\"2022-09-06T13:04:21+00:00\",\"dateModified\":\"2022-09-06T15:28:46+00:00\",\"mainEntityOfPage\":{\"@id\":\"https:\/\/www.africa-press.net\/cameroun\/toutes-les-actualites\/crise-anglophone-le-prefet-du-departement-du-ndian-region-du-sud-ouest-revendique-un-tres-grand-succes-contre-les-villes-mortes-initiees-parles-secessionnistes\"},\"wordCount\":345,\"commentCount\":0,\"image\":{\"@id\":\"https:\/\/www.africa-press.net\/cameroun\/toutes-les-actualites\/crise-anglophone-le-prefet-du-departement-du-ndian-region-du-sud-ouest-revendique-un-tres-grand-succes-contre-les-villes-mortes-initiees-parles-secessionnistes#primaryimage\"},\"thumbnailUrl\":\"https:\/\/static.africa-press.net\/cameroun\/sites\/57\/2022\/09\/img-631767086d487.jpg\",\"keywords\":[\"Africa Press\",\"Africa Press-Cameroun\",\"Cameroun\"],\"articleSection\":[\"Communaut\u00e9\",\"homepage-french\",\"Toutes les actualit\u00e9s\"],\"inLanguage\":\"fr-FR\",\"potentialAction\":[{\"@type\":\"CommentAction\",\"name\":\"Comment\",\"target\":[\"https:\/\/www.africa-press.net\/cameroun\/toutes-les-actualites\/crise-anglophone-le-prefet-du-departement-du-ndian-region-du-sud-ouest-revendique-un-tres-grand-succes-contre-les-villes-mortes-initiees-parles-secessionnistes#respond\"]}]},{\"@type\":\"WebPage\",\"@id\":\"https:\/\/www.africa-press.net\/cameroun\/toutes-les-actualites\/crise-anglophone-le-prefet-du-departement-du-ndian-region-du-sud-ouest-revendique-un-tres-grand-succes-contre-les-villes-mortes-initiees-parles-secessionnistes\",\"url\":\"https:\/\/www.africa-press.net\/cameroun\/toutes-les-actualites\/crise-anglophone-le-prefet-du-departement-du-ndian-region-du-sud-ouest-revendique-un-tres-grand-succes-contre-les-villes-mortes-initiees-parles-secessionnistes\",\"name\":\"Crise anglophone: Le pr\u00e9fet du d\u00e9partement du Ndian (r\u00e9gion du Sud-Ouest) revendique \u00abun tr\u00e8s grand succ\u00e8s\u00bb contre les \u00abvilles mortes\u00bb initi\u00e9es parles s\u00e9cessionnistes - Cameroun\",\"isPartOf\":{\"@id\":\"https:\/\/www.africa-press.net\/cameroun\/#website\"},\"primaryImageOfPage\":{\"@id\":\"https:\/\/www.africa-press.net\/cameroun\/toutes-les-actualites\/crise-anglophone-le-prefet-du-departement-du-ndian-region-du-sud-ouest-revendique-un-tres-grand-succes-contre-les-villes-mortes-initiees-parles-secessionnistes#primaryimage\"},\"image\":{\"@id\":\"https:\/\/www.africa-press.net\/cameroun\/toutes-les-actualites\/crise-anglophone-le-prefet-du-departement-du-ndian-region-du-sud-ouest-revendique-un-tres-grand-succes-contre-les-villes-mortes-initiees-parles-secessionnistes#primaryimage\"},\"thumbnailUrl\":\"https:\/\/static.africa-press.net\/cameroun\/sites\/57\/2022\/09\/img-631767086d487.jpg\",\"datePublished\":\"2022-09-06T13:04:21+00:00\",\"dateModified\":\"2022-09-06T15:28:46+00:00\",\"author\":{\"@id\":\"https:\/\/www.africa-press.net\/cameroun\/#\/schema\/person\/2b1cf3cd81a31e3cd26889ca66d677f1\"},\"description\":\"A Mundemba (d\u00e9partement du Ndian, r\u00e9gion du Sud-Ouest), la rentr\u00e9e scolaire a eu lieu. Du moins si l\u2019on sen tient \u00e0 ce q ...\",\"breadcrumb\":{\"@id\":\"https:\/\/www.africa-press.net\/cameroun\/toutes-les-actualites\/crise-anglophone-le-prefet-du-departement-du-ndian-region-du-sud-ouest-revendique-un-tres-grand-succes-contre-les-villes-mortes-initiees-parles-secessionnistes#breadcrumb\"},\"inLanguage\":\"fr-FR\",\"potentialAction\":[{\"@type\":\"ReadAction\",\"target\":[\"https:\/\/www.africa-press.net\/cameroun\/toutes-les-actualites\/crise-anglophone-le-prefet-du-departement-du-ndian-region-du-sud-ouest-revendique-un-tres-grand-succes-contre-les-villes-mortes-initiees-parles-secessionnistes\"]}]},{\"@type\":\"ImageObject\",\"inLanguage\":\"fr-FR\",\"@id\":\"https:\/\/www.africa-press.net\/cameroun\/toutes-les-actualites\/crise-anglophone-le-prefet-du-departement-du-ndian-region-du-sud-ouest-revendique-un-tres-grand-succes-contre-les-villes-mortes-initiees-parles-secessionnistes#primaryimage\",\"url\":\"https:\/\/static.africa-press.net\/cameroun\/sites\/57\/2022\/09\/img-631767086d487.jpg\",\"contentUrl\":\"https:\/\/static.africa-press.net\/cameroun\/sites\/57\/2022\/09\/img-631767086d487.jpg\",\"width\":800,\"height\":649,\"caption\":\"Crise anglophone: Le pr\u00e9fet du d\u00e9partement du Ndian (r\u00e9gion du Sud-Ouest) revendique \u00abun tr\u00e8s grand succ\u00e8s\u00bb contre les \u00abvilles mortes\u00bb initi\u00e9es parles s\u00e9cessionnistes\"},{\"@type\":\"BreadcrumbList\",\"@id\":\"https:\/\/www.africa-press.net\/cameroun\/toutes-les-actualites\/crise-anglophone-le-prefet-du-departement-du-ndian-region-du-sud-ouest-revendique-un-tres-grand-succes-contre-les-villes-mortes-initiees-parles-secessionnistes#breadcrumb\",\"itemListElement\":[{\"@type\":\"ListItem\",\"position\":1,\"name\":\"Accueil\",\"item\":\"https:\/\/www.africa-press.net\/cameroun\/\"},{\"@type\":\"ListItem\",\"position\":2,\"name\":\"Crise anglophone: Le pr\u00e9fet du d\u00e9partement du Ndian (r\u00e9gion du Sud-Ouest) revendique \u00abun tr\u00e8s grand succ\u00e8s\u00bb contre les \u00abvilles mortes\u00bb initi\u00e9es parles s\u00e9cessionnistes\"}]},{\"@type\":\"WebSite\",\"@id\":\"https:\/\/www.africa-press.net\/cameroun\/#website\",\"url\":\"https:\/\/www.africa-press.net\/cameroun\/\",\"name\":\"Cameroun\",\"description\":\"Just another Africa News Agency Sites site\",\"potentialAction\":[{\"@type\":\"SearchAction\",\"target\":{\"@type\":\"EntryPoint\",\"urlTemplate\":\"https:\/\/www.africa-press.net\/cameroun\/?s={search_term_string}\"},\"query-input\":{\"@type\":\"PropertyValueSpecification\",\"valueRequired\":true,\"valueName\":\"search_term_string\"}}],\"inLanguage\":\"fr-FR\"},{\"@type\":\"Person\",\"@id\":\"https:\/\/www.africa-press.net\/cameroun\/#\/schema\/person\/2b1cf3cd81a31e3cd26889ca66d677f1\",\"name\":\"cfeditorfr\"}]}<\/script>\n<!-- \/ Yoast SEO Premium plugin. -->","yoast_head_json":{"title":"Crise anglophone: Le pr\u00e9fet du d\u00e9partement du Ndian (r\u00e9gion du Sud-Ouest) revendique \u00abun tr\u00e8s grand succ\u00e8s\u00bb contre les \u00abvilles mortes\u00bb initi\u00e9es parles s\u00e9cessionnistes - Cameroun","description":"A Mundemba (d\u00e9partement du Ndian, r\u00e9gion du Sud-Ouest), la rentr\u00e9e scolaire a eu lieu. Du moins si l\u2019on sen tient \u00e0 ce q ...","robots":{"index":"index","follow":"follow","max-snippet":"max-snippet:-1","max-image-preview":"max-image-preview:large","max-video-preview":"max-video-preview:-1"},"canonical":"https:\/\/www.africa-press.net\/cameroun\/toutes-les-actualites\/crise-anglophone-le-prefet-du-departement-du-ndian-region-du-sud-ouest-revendique-un-tres-grand-succes-contre-les-villes-mortes-initiees-parles-secessionnistes","og_locale":"fr_FR","og_type":"article","og_title":"Crise anglophone: Le pr\u00e9fet du d\u00e9partement du Ndian (r\u00e9gion du Sud-Ouest) revendique \u00abun tr\u00e8s grand succ\u00e8s\u00bb contre les \u00abvilles mortes\u00bb initi\u00e9es parles s\u00e9cessionnistes","og_description":"A Mundemba (d\u00e9partement du Ndian, r\u00e9gion du Sud-Ouest), la rentr\u00e9e scolaire a eu lieu. Du moins si l\u2019on sen tient \u00e0 ce q ...","og_url":"https:\/\/www.africa-press.net\/cameroun\/toutes-les-actualites\/crise-anglophone-le-prefet-du-departement-du-ndian-region-du-sud-ouest-revendique-un-tres-grand-succes-contre-les-villes-mortes-initiees-parles-secessionnistes","og_site_name":"Cameroun","article_published_time":"2022-09-06T13:04:21+00:00","article_modified_time":"2022-09-06T15:28:46+00:00","og_image":[{"width":800,"height":649,"url":"https:\/\/static.africa-press.net\/cameroun\/sites\/57\/2022\/09\/img-631767086d487.jpg","type":"image\/jpeg"}],"author":"cfeditorfr","twitter_card":"summary_large_image","twitter_misc":{"\u00c9crit par":"cfeditorfr","Dur\u00e9e de lecture estim\u00e9e":"2 minutes"},"schema":{"@context":"https:\/\/schema.org","@graph":[{"@type":"Article","@id":"https:\/\/www.africa-press.net\/cameroun\/toutes-les-actualites\/crise-anglophone-le-prefet-du-departement-du-ndian-region-du-sud-ouest-revendique-un-tres-grand-succes-contre-les-villes-mortes-initiees-parles-secessionnistes#article","isPartOf":{"@id":"https:\/\/www.africa-press.net\/cameroun\/toutes-les-actualites\/crise-anglophone-le-prefet-du-departement-du-ndian-region-du-sud-ouest-revendique-un-tres-grand-succes-contre-les-villes-mortes-initiees-parles-secessionnistes"},"author":{"name":"cfeditorfr","@id":"https:\/\/www.africa-press.net\/cameroun\/#\/schema\/person\/2b1cf3cd81a31e3cd26889ca66d677f1"},"headline":"Crise anglophone: Le pr\u00e9fet du d\u00e9partement du Ndian (r\u00e9gion du Sud-Ouest) revendique \u00abun tr\u00e8s grand succ\u00e8s\u00bb contre les \u00abvilles mortes\u00bb initi\u00e9es parles s\u00e9cessionnistes","datePublished":"2022-09-06T13:04:21+00:00","dateModified":"2022-09-06T15:28:46+00:00","mainEntityOfPage":{"@id":"https:\/\/www.africa-press.net\/cameroun\/toutes-les-actualites\/crise-anglophone-le-prefet-du-departement-du-ndian-region-du-sud-ouest-revendique-un-tres-grand-succes-contre-les-villes-mortes-initiees-parles-secessionnistes"},"wordCount":345,"commentCount":0,"image":{"@id":"https:\/\/www.africa-press.net\/cameroun\/toutes-les-actualites\/crise-anglophone-le-prefet-du-departement-du-ndian-region-du-sud-ouest-revendique-un-tres-grand-succes-contre-les-villes-mortes-initiees-parles-secessionnistes#primaryimage"},"thumbnailUrl":"https:\/\/static.africa-press.net\/cameroun\/sites\/57\/2022\/09\/img-631767086d487.jpg","keywords":["Africa Press","Africa Press-Cameroun","Cameroun"],"articleSection":["Communaut\u00e9","homepage-french","Toutes les actualit\u00e9s"],"inLanguage":"fr-FR","potentialAction":[{"@type":"CommentAction","name":"Comment","target":["https:\/\/www.africa-press.net\/cameroun\/toutes-les-actualites\/crise-anglophone-le-prefet-du-departement-du-ndian-region-du-sud-ouest-revendique-un-tres-grand-succes-contre-les-villes-mortes-initiees-parles-secessionnistes#respond"]}]},{"@type":"WebPage","@id":"https:\/\/www.africa-press.net\/cameroun\/toutes-les-actualites\/crise-anglophone-le-prefet-du-departement-du-ndian-region-du-sud-ouest-revendique-un-tres-grand-succes-contre-les-villes-mortes-initiees-parles-secessionnistes","url":"https:\/\/www.africa-press.net\/cameroun\/toutes-les-actualites\/crise-anglophone-le-prefet-du-departement-du-ndian-region-du-sud-ouest-revendique-un-tres-grand-succes-contre-les-villes-mortes-initiees-parles-secessionnistes","name":"Crise anglophone: Le pr\u00e9fet du d\u00e9partement du Ndian (r\u00e9gion du Sud-Ouest) revendique \u00abun tr\u00e8s grand succ\u00e8s\u00bb contre les \u00abvilles mortes\u00bb initi\u00e9es parles s\u00e9cessionnistes - Cameroun","isPartOf":{"@id":"https:\/\/www.africa-press.net\/cameroun\/#website"},"primaryImageOfPage":{"@id":"https:\/\/www.africa-press.net\/cameroun\/toutes-les-actualites\/crise-anglophone-le-prefet-du-departement-du-ndian-region-du-sud-ouest-revendique-un-tres-grand-succes-contre-les-villes-mortes-initiees-parles-secessionnistes#primaryimage"},"image":{"@id":"https:\/\/www.africa-press.net\/cameroun\/toutes-les-actualites\/crise-anglophone-le-prefet-du-departement-du-ndian-region-du-sud-ouest-revendique-un-tres-grand-succes-contre-les-villes-mortes-initiees-parles-secessionnistes#primaryimage"},"thumbnailUrl":"https:\/\/static.africa-press.net\/cameroun\/sites\/57\/2022\/09\/img-631767086d487.jpg","datePublished":"2022-09-06T13:04:21+00:00","dateModified":"2022-09-06T15:28:46+00:00","author":{"@id":"https:\/\/www.africa-press.net\/cameroun\/#\/schema\/person\/2b1cf3cd81a31e3cd26889ca66d677f1"},"description":"A Mundemba (d\u00e9partement du Ndian, r\u00e9gion du Sud-Ouest), la rentr\u00e9e scolaire a eu lieu. Du moins si l\u2019on sen tient \u00e0 ce q ...","breadcrumb":{"@id":"https:\/\/www.africa-press.net\/cameroun\/toutes-les-actualites\/crise-anglophone-le-prefet-du-departement-du-ndian-region-du-sud-ouest-revendique-un-tres-grand-succes-contre-les-villes-mortes-initiees-parles-secessionnistes#breadcrumb"},"inLanguage":"fr-FR","potentialAction":[{"@type":"ReadAction","target":["https:\/\/www.africa-press.net\/cameroun\/toutes-les-actualites\/crise-anglophone-le-prefet-du-departement-du-ndian-region-du-sud-ouest-revendique-un-tres-grand-succes-contre-les-villes-mortes-initiees-parles-secessionnistes"]}]},{"@type":"ImageObject","inLanguage":"fr-FR","@id":"https:\/\/www.africa-press.net\/cameroun\/toutes-les-actualites\/crise-anglophone-le-prefet-du-departement-du-ndian-region-du-sud-ouest-revendique-un-tres-grand-succes-contre-les-villes-mortes-initiees-parles-secessionnistes#primaryimage","url":"https:\/\/static.africa-press.net\/cameroun\/sites\/57\/2022\/09\/img-631767086d487.jpg","contentUrl":"https:\/\/static.africa-press.net\/cameroun\/sites\/57\/2022\/09\/img-631767086d487.jpg","width":800,"height":649,"caption":"Crise anglophone: Le pr\u00e9fet du d\u00e9partement du Ndian (r\u00e9gion du Sud-Ouest) revendique \u00abun tr\u00e8s grand succ\u00e8s\u00bb contre les \u00abvilles mortes\u00bb initi\u00e9es parles s\u00e9cessionnistes"},{"@type":"BreadcrumbList","@id":"https:\/\/www.africa-press.net\/cameroun\/toutes-les-actualites\/crise-anglophone-le-prefet-du-departement-du-ndian-region-du-sud-ouest-revendique-un-tres-grand-succes-contre-les-villes-mortes-initiees-parles-secessionnistes#breadcrumb","itemListElement":[{"@type":"ListItem","position":1,"name":"Accueil","item":"https:\/\/www.africa-press.net\/cameroun\/"},{"@type":"ListItem","position":2,"name":"Crise anglophone: Le pr\u00e9fet du d\u00e9partement du Ndian (r\u00e9gion du Sud-Ouest) revendique \u00abun tr\u00e8s grand succ\u00e8s\u00bb contre les \u00abvilles mortes\u00bb initi\u00e9es parles s\u00e9cessionnistes"}]},{"@type":"WebSite","@id":"https:\/\/www.africa-press.net\/cameroun\/#website","url":"https:\/\/www.africa-press.net\/cameroun\/","name":"Cameroun","description":"Just another Africa News Agency Sites site","potentialAction":[{"@type":"SearchAction","target":{"@type":"EntryPoint","urlTemplate":"https:\/\/www.africa-press.net\/cameroun\/?s={search_term_string}"},"query-input":{"@type":"PropertyValueSpecification","valueRequired":true,"valueName":"search_term_string"}}],"inLanguage":"fr-FR"},{"@type":"Person","@id":"https:\/\/www.africa-press.net\/cameroun\/#\/schema\/person\/2b1cf3cd81a31e3cd26889ca66d677f1","name":"cfeditorfr"}]}},"_links":{"self":[{"href":"https:\/\/www.africa-press.net\/cameroun\/wp-json\/wp\/v2\/posts\/26788","targetHints":{"allow":["GET"]}}],"collection":[{"href":"https:\/\/www.africa-press.net\/cameroun\/wp-json\/wp\/v2\/posts"}],"about":[{"href":"https:\/\/www.africa-press.net\/cameroun\/wp-json\/wp\/v2\/types\/post"}],"author":[{"embeddable":true,"href":"https:\/\/www.africa-press.net\/cameroun\/wp-json\/wp\/v2\/users\/82"}],"replies":[{"embeddable":true,"href":"https:\/\/www.africa-press.net\/cameroun\/wp-json\/wp\/v2\/comments?post=26788"}],"version-history":[{"count":0,"href":"https:\/\/www.africa-press.net\/cameroun\/wp-json\/wp\/v2\/posts\/26788\/revisions"}],"wp:featuredmedia":[{"embeddable":true,"href":"https:\/\/www.africa-press.net\/cameroun\/wp-json\/wp\/v2\/media\/26787"}],"wp:attachment":[{"href":"https:\/\/www.africa-press.net\/cameroun\/wp-json\/wp\/v2\/media?parent=26788"}],"wp:term":[{"taxonomy":"category","embeddable":true,"href":"https:\/\/www.africa-press.net\/cameroun\/wp-json\/wp\/v2\/categories?post=26788"},{"taxonomy":"post_tag","embeddable":true,"href":"https:\/\/www.africa-press.net\/cameroun\/wp-json\/wp\/v2\/tags?post=26788"}],"curies":[{"name":"wp","href":"https:\/\/api.w.org\/{rel}","templated":true}]}}