{"id":26794,"date":"2022-09-06T13:21:48","date_gmt":"2022-09-06T13:21:48","guid":{"rendered":"https:\/\/www.africa-press.net\/cameroun\/politique\/cameroun-13-milliards-de-f-pour-desenclaver-les-bassins-agricoles-dans-le-septentrion"},"modified":"2022-09-06T15:30:10","modified_gmt":"2022-09-06T15:30:10","slug":"cameroun-13-milliards-de-f-pour-desenclaver-les-bassins-agricoles-dans-le-septentrion","status":"publish","type":"post","link":"https:\/\/www.africa-press.net\/cameroun\/economie\/cameroun-13-milliards-de-f-pour-desenclaver-les-bassins-agricoles-dans-le-septentrion","title":{"rendered":"Cameroun\u00a0: 13 milliards de F pour d\u00e9senclaver les bassins agricoles dans le septentrion"},"content":{"rendered":"<p><span style=\"color: #ff6600\"><strong>Africa-Press &#8211; Cameroun. <\/strong><\/span><b>La premi\u00e8re r\u00e9union en vue de la r\u00e9alisation du projet de D\u00e9veloppement rural des r\u00e9gions du Nord et de l\u2019Adamaoua, a eu lieu le 1er septembre dernier \u00e0 Yaound\u00e9.<\/b><\/p>\n<p>13 milliards de FCFA vont \u00eatre d\u00e9ploy\u00e9s \u00e0 la construction des routes desservant les bassins de production des r\u00e9gions du Nord et de l\u2019Adamaoua, dans la partie septentrionale du Cameroun. L\u2019information a \u00e9t\u00e9 r\u00e9v\u00e9l\u00e9e le 1er septembre 2022 \u00e0 Yaound\u00e9, par le ministre de l\u2019Agriculture, Gabriel Mbairobe.<\/p>\n<p>C\u2019\u00e9tait \u00e0 l\u2019occasion de la premi\u00e8re session du comit\u00e9 de pilotage du \u00ab\u2009<b>Projet de d\u00e9veloppement rural du Nord et de l\u2019Adamaoua, infrastructures I et II\u2009<\/b>\u00bb. Ce nouveau projet, explique le ministre Mbairobe, \u00ab\u2009<b>entre en droite ligne de la Strat\u00e9gie nationale de d\u00e9veloppement (SND20-30) et permettra de faire passer le taux des routes rurales de 5,9% \u00e0 20%<\/b>\u2009\u00bb.<\/p>\n<p>Aussi, ajoute-t-il, le projet de d\u00e9veloppement des routes rurales dans les deux r\u00e9gions sus-\u00e9voqu\u00e9es, \u00ab <b>va cr\u00e9er la richesse en milieu rural et des emplois pour les populations vuln\u00e9rables que sont les jeunes et des femmes<\/b> \u00bb.<\/p>\n<p>Lanc\u00e9 au mois d\u2019ao\u00fbt 2021, le projet vise \u00e0 d\u00e9senclaver les bassins de productions, du Nord et de l\u2019Adamaoua, pour permettre aux populations b\u00e9n\u00e9ficiaires d\u2019acheminer facilement leurs produits sur le march\u00e9.<\/p>\n<p>\u00ab <b>L\u2019am\u00e9lioration attendue des diff\u00e9rentes actions \u00e0 mener se traduira essentiellement par la facilitation de l\u2019acc\u00e8s aux exploitations et aux march\u00e9s environnants dans les grands bassins de production de la Benou\u00e9, du Mayo Rey, de Mb\u00e9 et de Wassand\u00e9<\/b> \u00bb, explique Robert Samlaina Daptangou, coordonnateur du projet dans Cameroon-Tribune, \u00e9dition du 2 septembre 2022.<\/p>\n<p><strong>Pour plus d&rsquo;informations et d&rsquo;analyses sur la <a href=\"https:\/\/www.africa-press.net\/cameroun\">Cameroun<\/a>, suivez <a href=\"https:\/\/www.africa-press.net\/\">Africa-Press<\/a><\/strong><\/p>\n","protected":false},"excerpt":{"rendered":"<p>Africa-Press &#8211; Cameroun. La premi\u00e8re r\u00e9union en vue de la r\u00e9alisation du projet de D\u00e9veloppement rural des r\u00e9gions du Nord et de l\u2019Adamaoua, a eu lieu le 1er septembre dernier \u00e0 Yaound\u00e9. 13 milliards de FCFA vont \u00eatre d\u00e9ploy\u00e9s \u00e0 la construction des routes desservant les bassins de production des r\u00e9gions du Nord et de [&hellip;]<\/p>\n","protected":false},"author":82,"featured_media":26793,"comment_status":"open","ping_status":"closed","sticky":false,"template":"","format":"standard","meta":{"footnotes":""},"categories":[3,11,10],"tags":[36,50,49],"class_list":["post-26794","post","type-post","status-publish","format-standard","has-post-thumbnail","hentry","category-economie","category-homepage-french","category-toutes-les-actualites","tag-africa-press","tag-africa-press-cameroun","tag-cameroun"],"yoast_head":"<!-- This site is optimized with the Yoast SEO Premium plugin v26.1 (Yoast SEO v27.0) - https:\/\/yoast.com\/product\/yoast-seo-premium-wordpress\/ -->\n<title>Cameroun\u00a0: 13 milliards de F pour d\u00e9senclaver les bassins agricoles dans le septentrion - Cameroun<\/title>\n<meta name=\"description\" content=\"La premi\u00e8re r\u00e9union en vue de la r\u00e9alisation du projet de D\u00e9veloppement rural des r\u00e9gions du Nord et de l\u2019Adamaoua, a ...\" \/>\n<meta name=\"robots\" content=\"index, follow, max-snippet:-1, max-image-preview:large, max-video-preview:-1\" \/>\n<link rel=\"canonical\" href=\"https:\/\/www.africa-press.net\/cameroun\/economie\/cameroun-13-milliards-de-f-pour-desenclaver-les-bassins-agricoles-dans-le-septentrion\" \/>\n<meta property=\"og:locale\" content=\"fr_FR\" \/>\n<meta property=\"og:type\" content=\"article\" \/>\n<meta property=\"og:title\" content=\"Cameroun\u00a0: 13 milliards de F pour d\u00e9senclaver les bassins agricoles dans le septentrion\" \/>\n<meta property=\"og:description\" content=\"La premi\u00e8re r\u00e9union en vue de la r\u00e9alisation du projet de D\u00e9veloppement rural des r\u00e9gions du Nord et de l\u2019Adamaoua, a ...\" \/>\n<meta property=\"og:url\" content=\"https:\/\/www.africa-press.net\/cameroun\/economie\/cameroun-13-milliards-de-f-pour-desenclaver-les-bassins-agricoles-dans-le-septentrion\" \/>\n<meta property=\"og:site_name\" content=\"Cameroun\" \/>\n<meta property=\"article:published_time\" content=\"2022-09-06T13:21:48+00:00\" \/>\n<meta property=\"article:modified_time\" content=\"2022-09-06T15:30:10+00:00\" \/>\n<meta property=\"og:image\" content=\"https:\/\/static.africa-press.net\/cameroun\/sites\/57\/2022\/09\/img-6317675f88109.jpg\" \/>\n\t<meta property=\"og:image:width\" content=\"1080\" \/>\n\t<meta property=\"og:image:height\" content=\"809\" \/>\n\t<meta property=\"og:image:type\" content=\"image\/jpeg\" \/>\n<meta name=\"author\" content=\"cfeditorfr\" \/>\n<meta name=\"twitter:card\" content=\"summary_large_image\" \/>\n<meta name=\"twitter:label1\" content=\"\u00c9crit par\" \/>\n\t<meta name=\"twitter:data1\" content=\"cfeditorfr\" \/>\n\t<meta name=\"twitter:label2\" content=\"Dur\u00e9e de lecture estim\u00e9e\" \/>\n\t<meta name=\"twitter:data2\" content=\"2 minutes\" \/>\n<script type=\"application\/ld+json\" class=\"yoast-schema-graph\">{\"@context\":\"https:\/\/schema.org\",\"@graph\":[{\"@type\":\"Article\",\"@id\":\"https:\/\/www.africa-press.net\/cameroun\/economie\/cameroun-13-milliards-de-f-pour-desenclaver-les-bassins-agricoles-dans-le-septentrion#article\",\"isPartOf\":{\"@id\":\"https:\/\/www.africa-press.net\/cameroun\/economie\/cameroun-13-milliards-de-f-pour-desenclaver-les-bassins-agricoles-dans-le-septentrion\"},\"author\":{\"name\":\"cfeditorfr\",\"@id\":\"https:\/\/www.africa-press.net\/cameroun\/#\/schema\/person\/2b1cf3cd81a31e3cd26889ca66d677f1\"},\"headline\":\"Cameroun\u00a0: 13 milliards de F pour d\u00e9senclaver les bassins agricoles dans le septentrion\",\"datePublished\":\"2022-09-06T13:21:48+00:00\",\"dateModified\":\"2022-09-06T15:30:10+00:00\",\"mainEntityOfPage\":{\"@id\":\"https:\/\/www.africa-press.net\/cameroun\/economie\/cameroun-13-milliards-de-f-pour-desenclaver-les-bassins-agricoles-dans-le-septentrion\"},\"wordCount\":307,\"commentCount\":0,\"image\":{\"@id\":\"https:\/\/www.africa-press.net\/cameroun\/economie\/cameroun-13-milliards-de-f-pour-desenclaver-les-bassins-agricoles-dans-le-septentrion#primaryimage\"},\"thumbnailUrl\":\"https:\/\/static.africa-press.net\/cameroun\/sites\/57\/2022\/09\/img-6317675f88109.jpg\",\"keywords\":[\"Africa Press\",\"Africa Press-Cameroun\",\"Cameroun\"],\"articleSection\":[\"\u00c9conomie\",\"homepage-french\",\"Toutes les actualit\u00e9s\"],\"inLanguage\":\"fr-FR\",\"potentialAction\":[{\"@type\":\"CommentAction\",\"name\":\"Comment\",\"target\":[\"https:\/\/www.africa-press.net\/cameroun\/economie\/cameroun-13-milliards-de-f-pour-desenclaver-les-bassins-agricoles-dans-le-septentrion#respond\"]}]},{\"@type\":\"WebPage\",\"@id\":\"https:\/\/www.africa-press.net\/cameroun\/economie\/cameroun-13-milliards-de-f-pour-desenclaver-les-bassins-agricoles-dans-le-septentrion\",\"url\":\"https:\/\/www.africa-press.net\/cameroun\/economie\/cameroun-13-milliards-de-f-pour-desenclaver-les-bassins-agricoles-dans-le-septentrion\",\"name\":\"Cameroun\u00a0: 13 milliards de F pour d\u00e9senclaver les bassins agricoles dans le septentrion - Cameroun\",\"isPartOf\":{\"@id\":\"https:\/\/www.africa-press.net\/cameroun\/#website\"},\"primaryImageOfPage\":{\"@id\":\"https:\/\/www.africa-press.net\/cameroun\/economie\/cameroun-13-milliards-de-f-pour-desenclaver-les-bassins-agricoles-dans-le-septentrion#primaryimage\"},\"image\":{\"@id\":\"https:\/\/www.africa-press.net\/cameroun\/economie\/cameroun-13-milliards-de-f-pour-desenclaver-les-bassins-agricoles-dans-le-septentrion#primaryimage\"},\"thumbnailUrl\":\"https:\/\/static.africa-press.net\/cameroun\/sites\/57\/2022\/09\/img-6317675f88109.jpg\",\"datePublished\":\"2022-09-06T13:21:48+00:00\",\"dateModified\":\"2022-09-06T15:30:10+00:00\",\"author\":{\"@id\":\"https:\/\/www.africa-press.net\/cameroun\/#\/schema\/person\/2b1cf3cd81a31e3cd26889ca66d677f1\"},\"description\":\"La premi\u00e8re r\u00e9union en vue de la r\u00e9alisation du projet de D\u00e9veloppement rural des r\u00e9gions du Nord et de l\u2019Adamaoua, a ...\",\"breadcrumb\":{\"@id\":\"https:\/\/www.africa-press.net\/cameroun\/economie\/cameroun-13-milliards-de-f-pour-desenclaver-les-bassins-agricoles-dans-le-septentrion#breadcrumb\"},\"inLanguage\":\"fr-FR\",\"potentialAction\":[{\"@type\":\"ReadAction\",\"target\":[\"https:\/\/www.africa-press.net\/cameroun\/economie\/cameroun-13-milliards-de-f-pour-desenclaver-les-bassins-agricoles-dans-le-septentrion\"]}]},{\"@type\":\"ImageObject\",\"inLanguage\":\"fr-FR\",\"@id\":\"https:\/\/www.africa-press.net\/cameroun\/economie\/cameroun-13-milliards-de-f-pour-desenclaver-les-bassins-agricoles-dans-le-septentrion#primaryimage\",\"url\":\"https:\/\/static.africa-press.net\/cameroun\/sites\/57\/2022\/09\/img-6317675f88109.jpg\",\"contentUrl\":\"https:\/\/static.africa-press.net\/cameroun\/sites\/57\/2022\/09\/img-6317675f88109.jpg\",\"width\":1080,\"height\":809,\"caption\":\"Cameroun\u00a0: 13 milliards de F pour d\u00e9senclaver les bassins agricoles dans le septentrion\"},{\"@type\":\"BreadcrumbList\",\"@id\":\"https:\/\/www.africa-press.net\/cameroun\/economie\/cameroun-13-milliards-de-f-pour-desenclaver-les-bassins-agricoles-dans-le-septentrion#breadcrumb\",\"itemListElement\":[{\"@type\":\"ListItem\",\"position\":1,\"name\":\"Accueil\",\"item\":\"https:\/\/www.africa-press.net\/cameroun\/\"},{\"@type\":\"ListItem\",\"position\":2,\"name\":\"Cameroun\u00a0: 13 milliards de F pour d\u00e9senclaver les bassins agricoles dans le septentrion\"}]},{\"@type\":\"WebSite\",\"@id\":\"https:\/\/www.africa-press.net\/cameroun\/#website\",\"url\":\"https:\/\/www.africa-press.net\/cameroun\/\",\"name\":\"Cameroun\",\"description\":\"Just another Africa News Agency Sites site\",\"potentialAction\":[{\"@type\":\"SearchAction\",\"target\":{\"@type\":\"EntryPoint\",\"urlTemplate\":\"https:\/\/www.africa-press.net\/cameroun\/?s={search_term_string}\"},\"query-input\":{\"@type\":\"PropertyValueSpecification\",\"valueRequired\":true,\"valueName\":\"search_term_string\"}}],\"inLanguage\":\"fr-FR\"},{\"@type\":\"Person\",\"@id\":\"https:\/\/www.africa-press.net\/cameroun\/#\/schema\/person\/2b1cf3cd81a31e3cd26889ca66d677f1\",\"name\":\"cfeditorfr\"}]}<\/script>\n<!-- \/ Yoast SEO Premium plugin. -->","yoast_head_json":{"title":"Cameroun\u00a0: 13 milliards de F pour d\u00e9senclaver les bassins agricoles dans le septentrion - Cameroun","description":"La premi\u00e8re r\u00e9union en vue de la r\u00e9alisation du projet de D\u00e9veloppement rural des r\u00e9gions du Nord et de l\u2019Adamaoua, a ...","robots":{"index":"index","follow":"follow","max-snippet":"max-snippet:-1","max-image-preview":"max-image-preview:large","max-video-preview":"max-video-preview:-1"},"canonical":"https:\/\/www.africa-press.net\/cameroun\/economie\/cameroun-13-milliards-de-f-pour-desenclaver-les-bassins-agricoles-dans-le-septentrion","og_locale":"fr_FR","og_type":"article","og_title":"Cameroun\u00a0: 13 milliards de F pour d\u00e9senclaver les bassins agricoles dans le septentrion","og_description":"La premi\u00e8re r\u00e9union en vue de la r\u00e9alisation du projet de D\u00e9veloppement rural des r\u00e9gions du Nord et de l\u2019Adamaoua, a ...","og_url":"https:\/\/www.africa-press.net\/cameroun\/economie\/cameroun-13-milliards-de-f-pour-desenclaver-les-bassins-agricoles-dans-le-septentrion","og_site_name":"Cameroun","article_published_time":"2022-09-06T13:21:48+00:00","article_modified_time":"2022-09-06T15:30:10+00:00","og_image":[{"width":1080,"height":809,"url":"https:\/\/static.africa-press.net\/cameroun\/sites\/57\/2022\/09\/img-6317675f88109.jpg","type":"image\/jpeg"}],"author":"cfeditorfr","twitter_card":"summary_large_image","twitter_misc":{"\u00c9crit par":"cfeditorfr","Dur\u00e9e de lecture estim\u00e9e":"2 minutes"},"schema":{"@context":"https:\/\/schema.org","@graph":[{"@type":"Article","@id":"https:\/\/www.africa-press.net\/cameroun\/economie\/cameroun-13-milliards-de-f-pour-desenclaver-les-bassins-agricoles-dans-le-septentrion#article","isPartOf":{"@id":"https:\/\/www.africa-press.net\/cameroun\/economie\/cameroun-13-milliards-de-f-pour-desenclaver-les-bassins-agricoles-dans-le-septentrion"},"author":{"name":"cfeditorfr","@id":"https:\/\/www.africa-press.net\/cameroun\/#\/schema\/person\/2b1cf3cd81a31e3cd26889ca66d677f1"},"headline":"Cameroun\u00a0: 13 milliards de F pour d\u00e9senclaver les bassins agricoles dans le septentrion","datePublished":"2022-09-06T13:21:48+00:00","dateModified":"2022-09-06T15:30:10+00:00","mainEntityOfPage":{"@id":"https:\/\/www.africa-press.net\/cameroun\/economie\/cameroun-13-milliards-de-f-pour-desenclaver-les-bassins-agricoles-dans-le-septentrion"},"wordCount":307,"commentCount":0,"image":{"@id":"https:\/\/www.africa-press.net\/cameroun\/economie\/cameroun-13-milliards-de-f-pour-desenclaver-les-bassins-agricoles-dans-le-septentrion#primaryimage"},"thumbnailUrl":"https:\/\/static.africa-press.net\/cameroun\/sites\/57\/2022\/09\/img-6317675f88109.jpg","keywords":["Africa Press","Africa Press-Cameroun","Cameroun"],"articleSection":["\u00c9conomie","homepage-french","Toutes les actualit\u00e9s"],"inLanguage":"fr-FR","potentialAction":[{"@type":"CommentAction","name":"Comment","target":["https:\/\/www.africa-press.net\/cameroun\/economie\/cameroun-13-milliards-de-f-pour-desenclaver-les-bassins-agricoles-dans-le-septentrion#respond"]}]},{"@type":"WebPage","@id":"https:\/\/www.africa-press.net\/cameroun\/economie\/cameroun-13-milliards-de-f-pour-desenclaver-les-bassins-agricoles-dans-le-septentrion","url":"https:\/\/www.africa-press.net\/cameroun\/economie\/cameroun-13-milliards-de-f-pour-desenclaver-les-bassins-agricoles-dans-le-septentrion","name":"Cameroun\u00a0: 13 milliards de F pour d\u00e9senclaver les bassins agricoles dans le septentrion - Cameroun","isPartOf":{"@id":"https:\/\/www.africa-press.net\/cameroun\/#website"},"primaryImageOfPage":{"@id":"https:\/\/www.africa-press.net\/cameroun\/economie\/cameroun-13-milliards-de-f-pour-desenclaver-les-bassins-agricoles-dans-le-septentrion#primaryimage"},"image":{"@id":"https:\/\/www.africa-press.net\/cameroun\/economie\/cameroun-13-milliards-de-f-pour-desenclaver-les-bassins-agricoles-dans-le-septentrion#primaryimage"},"thumbnailUrl":"https:\/\/static.africa-press.net\/cameroun\/sites\/57\/2022\/09\/img-6317675f88109.jpg","datePublished":"2022-09-06T13:21:48+00:00","dateModified":"2022-09-06T15:30:10+00:00","author":{"@id":"https:\/\/www.africa-press.net\/cameroun\/#\/schema\/person\/2b1cf3cd81a31e3cd26889ca66d677f1"},"description":"La premi\u00e8re r\u00e9union en vue de la r\u00e9alisation du projet de D\u00e9veloppement rural des r\u00e9gions du Nord et de l\u2019Adamaoua, a ...","breadcrumb":{"@id":"https:\/\/www.africa-press.net\/cameroun\/economie\/cameroun-13-milliards-de-f-pour-desenclaver-les-bassins-agricoles-dans-le-septentrion#breadcrumb"},"inLanguage":"fr-FR","potentialAction":[{"@type":"ReadAction","target":["https:\/\/www.africa-press.net\/cameroun\/economie\/cameroun-13-milliards-de-f-pour-desenclaver-les-bassins-agricoles-dans-le-septentrion"]}]},{"@type":"ImageObject","inLanguage":"fr-FR","@id":"https:\/\/www.africa-press.net\/cameroun\/economie\/cameroun-13-milliards-de-f-pour-desenclaver-les-bassins-agricoles-dans-le-septentrion#primaryimage","url":"https:\/\/static.africa-press.net\/cameroun\/sites\/57\/2022\/09\/img-6317675f88109.jpg","contentUrl":"https:\/\/static.africa-press.net\/cameroun\/sites\/57\/2022\/09\/img-6317675f88109.jpg","width":1080,"height":809,"caption":"Cameroun\u00a0: 13 milliards de F pour d\u00e9senclaver les bassins agricoles dans le septentrion"},{"@type":"BreadcrumbList","@id":"https:\/\/www.africa-press.net\/cameroun\/economie\/cameroun-13-milliards-de-f-pour-desenclaver-les-bassins-agricoles-dans-le-septentrion#breadcrumb","itemListElement":[{"@type":"ListItem","position":1,"name":"Accueil","item":"https:\/\/www.africa-press.net\/cameroun\/"},{"@type":"ListItem","position":2,"name":"Cameroun\u00a0: 13 milliards de F pour d\u00e9senclaver les bassins agricoles dans le septentrion"}]},{"@type":"WebSite","@id":"https:\/\/www.africa-press.net\/cameroun\/#website","url":"https:\/\/www.africa-press.net\/cameroun\/","name":"Cameroun","description":"Just another Africa News Agency Sites site","potentialAction":[{"@type":"SearchAction","target":{"@type":"EntryPoint","urlTemplate":"https:\/\/www.africa-press.net\/cameroun\/?s={search_term_string}"},"query-input":{"@type":"PropertyValueSpecification","valueRequired":true,"valueName":"search_term_string"}}],"inLanguage":"fr-FR"},{"@type":"Person","@id":"https:\/\/www.africa-press.net\/cameroun\/#\/schema\/person\/2b1cf3cd81a31e3cd26889ca66d677f1","name":"cfeditorfr"}]}},"_links":{"self":[{"href":"https:\/\/www.africa-press.net\/cameroun\/wp-json\/wp\/v2\/posts\/26794","targetHints":{"allow":["GET"]}}],"collection":[{"href":"https:\/\/www.africa-press.net\/cameroun\/wp-json\/wp\/v2\/posts"}],"about":[{"href":"https:\/\/www.africa-press.net\/cameroun\/wp-json\/wp\/v2\/types\/post"}],"author":[{"embeddable":true,"href":"https:\/\/www.africa-press.net\/cameroun\/wp-json\/wp\/v2\/users\/82"}],"replies":[{"embeddable":true,"href":"https:\/\/www.africa-press.net\/cameroun\/wp-json\/wp\/v2\/comments?post=26794"}],"version-history":[{"count":0,"href":"https:\/\/www.africa-press.net\/cameroun\/wp-json\/wp\/v2\/posts\/26794\/revisions"}],"wp:featuredmedia":[{"embeddable":true,"href":"https:\/\/www.africa-press.net\/cameroun\/wp-json\/wp\/v2\/media\/26793"}],"wp:attachment":[{"href":"https:\/\/www.africa-press.net\/cameroun\/wp-json\/wp\/v2\/media?parent=26794"}],"wp:term":[{"taxonomy":"category","embeddable":true,"href":"https:\/\/www.africa-press.net\/cameroun\/wp-json\/wp\/v2\/categories?post=26794"},{"taxonomy":"post_tag","embeddable":true,"href":"https:\/\/www.africa-press.net\/cameroun\/wp-json\/wp\/v2\/tags?post=26794"}],"curies":[{"name":"wp","href":"https:\/\/api.w.org\/{rel}","templated":true}]}}