{"id":26797,"date":"2022-09-06T13:28:29","date_gmt":"2022-09-06T13:28:29","guid":{"rendered":"https:\/\/www.africa-press.net\/cameroun\/politique\/cameroun-regions-anglophones-rentree-scolaire-a-deux-vitesses"},"modified":"2022-09-06T15:30:52","modified_gmt":"2022-09-06T15:30:52","slug":"cameroun-regions-anglophones-rentree-scolaire-a-deux-vitesses","status":"publish","type":"post","link":"https:\/\/www.africa-press.net\/cameroun\/toutes-les-actualites\/cameroun-regions-anglophones-rentree-scolaire-a-deux-vitesses","title":{"rendered":"Cameroun-r\u00e9gions anglophones : rentr\u00e9e scolaire \u00e0 deux vitesses"},"content":{"rendered":"<p><span style=\"color: #ff6600\"><strong>Africa-Press &#8211; Cameroun. <\/strong><\/span><b>Tandis que dans la r\u00e9gion du Nord-Ouest \u00e9l\u00e8ves et enseignants n\u2019ont pas repris le chemin de l\u2019\u00e9cole, la rentr\u00e9e scolaire est effective dans les principales villes du Sud-Ouest.<\/b><\/p>\n<p>Les nouvelles venues des r\u00e9gions du Nord-Ouest et du Sud-Ouest le 5 septembre 2022 ne rassurent pas sur le d\u00e9but effectif des classes. Le premier jour de l\u2019<b>ann\u00e9e scolaire 2022-2023<\/b>, les \u00e9l\u00e8ves et les enseignants pour la grande majorit\u00e9 n\u2019ont pas pu reprendre le chemin de l\u2019\u00e9cole. De sources m\u00e9diatiques, ni en campagne ni dans les centres urbains, la r\u00e9gion du Nord-Ouest n\u2019a pas connu l\u2019effervescence de la rentr\u00e9e scolaire.<\/p>\n<p>Selon le correspondant de BBC Afrique dans cette r\u00e9gion, \u00ab <b>aucune \u00e9cole n\u2019a ouvert les portes ce lundi<\/b> \u00bb. Le concept de \u00ab ville morte \u00bb a bloqu\u00e9 le d\u00e9marrage du train de la reprise des classes. Comme chaque lundi depuis apr\u00e8s le d\u00e9but de la crise en 2016, les s\u00e9paratistes ont impos\u00e9 les \u00ab ghost town \u00bb. La rentr\u00e9e \u00e9tant un lundi, personne n\u2019a eu le courage braver le mot d\u2019ordre et d\u2019ouvrir les \u00e9tablissements scolaires. Une th\u00e8se que Rfi a aussi d\u00e9velopp\u00e9 au cours de ces \u00e9ditions d\u2019informations matinales consacr\u00e9es \u00e0 l\u2019Afrique ce 6 septembre.<\/p>\n<p>Dans la <b>r\u00e9gion du Sud-Ouest<\/b>, le gouvernement d\u00e9nombre 200 \u00e9tablissements du secondaire et 900 du primaire. Plusieurs \u00e9l\u00e8ves ont repris les classes dans les villes de Buea, Limbe et Tiko. Le gouverneur de la r\u00e9gion Bernard Okalia Bila\u00ef a fait le tour de quelques \u00e9tablissements scolaires. Il a constat\u00e9 avec joie l\u2019effectivit\u00e9 de la <b>rentr\u00e9e scolaire<\/b>. Cependant, la tendance n\u2019est pas la m\u00eame en campagne. Dans les zones recul\u00e9es des centres urbains, les \u00e9l\u00e8ves n\u2019ont pas renou\u00e9 avec les activit\u00e9s scolaires en raison de l\u2019ins\u00e9curit\u00e9.<\/p>\n<p>Dans les deux r\u00e9gions, les s\u00e9paratistes menacent les parents qui veulent inscrire leurs enfants \u00e0 l\u2019\u00e9cole. Une mani\u00e8re en \u0153uvre les menaces qu\u2019ils ont prof\u00e9r\u00e9es visant \u00e0 emp\u00eacher l\u2019ouverture des \u00e9tablissements scolaires et le d\u00e9roulement de l\u2019ann\u00e9e 2022-2023. Face \u00e0 ces mots d\u2019ordre, le gouvernement a tenu une r\u00e9union sp\u00e9ciale de s\u00e9curit\u00e9 \u00e0 la fin du mois d\u2019ao\u00fbt dernier \u00e0 Yaound\u00e9. Le ministre d\u00e9l\u00e9gu\u00e9 \u00e0 la pr\u00e9sence charg\u00e9 de la D\u00e9fense Joseph Beti Assomo a prescrit la vigilance et le renforcement du dispositif s\u00e9curitaire dans les zones en crise.<\/p>\n<p>Suite \u00e0 cette r\u00e9union, le pr\u00e9sident de la R\u00e9publique, chef supr\u00eame des arm\u00e9es, a autoris\u00e9 le d\u00e9ploiement des forces sp\u00e9ciales dans la zone anglophone.<\/p>\n<p><strong>Pour plus d&rsquo;informations et d&rsquo;analyses sur la <a href=\"https:\/\/www.africa-press.net\/cameroun\">Cameroun<\/a>, suivez <a href=\"https:\/\/www.africa-press.net\/\">Africa-Press<\/a><\/strong><\/p>\n","protected":false},"excerpt":{"rendered":"<p>Africa-Press &#8211; Cameroun. Tandis que dans la r\u00e9gion du Nord-Ouest \u00e9l\u00e8ves et enseignants n\u2019ont pas repris le chemin de l\u2019\u00e9cole, la rentr\u00e9e scolaire est effective dans les principales villes du Sud-Ouest. Les nouvelles venues des r\u00e9gions du Nord-Ouest et du Sud-Ouest le 5 septembre 2022 ne rassurent pas sur le d\u00e9but effectif des classes. Le [&hellip;]<\/p>\n","protected":false},"author":82,"featured_media":26796,"comment_status":"open","ping_status":"closed","sticky":false,"template":"","format":"standard","meta":{"footnotes":""},"categories":[21,11,10],"tags":[36,50,49],"class_list":["post-26797","post","type-post","status-publish","format-standard","has-post-thumbnail","hentry","category-communaute","category-homepage-french","category-toutes-les-actualites","tag-africa-press","tag-africa-press-cameroun","tag-cameroun"],"yoast_head":"<!-- This site is optimized with the Yoast SEO Premium plugin v26.1 (Yoast SEO v27.0) - https:\/\/yoast.com\/product\/yoast-seo-premium-wordpress\/ -->\n<title>Cameroun-r\u00e9gions anglophones : rentr\u00e9e scolaire \u00e0 deux vitesses - Cameroun<\/title>\n<meta name=\"description\" content=\"Tandis que dans la r\u00e9gion du Nord-Ouest \u00e9l\u00e8ves et enseignants n\u2019ont pas repris le chemin de l\u2019\u00e9cole, la rentr\u00e9e scola ...\" \/>\n<meta name=\"robots\" content=\"index, follow, max-snippet:-1, max-image-preview:large, max-video-preview:-1\" \/>\n<link rel=\"canonical\" href=\"https:\/\/www.africa-press.net\/cameroun\/toutes-les-actualites\/cameroun-regions-anglophones-rentree-scolaire-a-deux-vitesses\" \/>\n<meta property=\"og:locale\" content=\"fr_FR\" \/>\n<meta property=\"og:type\" content=\"article\" \/>\n<meta property=\"og:title\" content=\"Cameroun-r\u00e9gions anglophones : rentr\u00e9e scolaire \u00e0 deux vitesses\" \/>\n<meta property=\"og:description\" content=\"Tandis que dans la r\u00e9gion du Nord-Ouest \u00e9l\u00e8ves et enseignants n\u2019ont pas repris le chemin de l\u2019\u00e9cole, la rentr\u00e9e scola ...\" \/>\n<meta property=\"og:url\" content=\"https:\/\/www.africa-press.net\/cameroun\/toutes-les-actualites\/cameroun-regions-anglophones-rentree-scolaire-a-deux-vitesses\" \/>\n<meta property=\"og:site_name\" content=\"Cameroun\" \/>\n<meta property=\"article:published_time\" content=\"2022-09-06T13:28:29+00:00\" \/>\n<meta property=\"article:modified_time\" content=\"2022-09-06T15:30:52+00:00\" \/>\n<meta property=\"og:image\" content=\"https:\/\/static.africa-press.net\/cameroun\/sites\/57\/2022\/09\/img-63176787a643b.jpg\" \/>\n\t<meta property=\"og:image:width\" content=\"1080\" \/>\n\t<meta property=\"og:image:height\" content=\"810\" \/>\n\t<meta property=\"og:image:type\" content=\"image\/jpeg\" \/>\n<meta name=\"author\" content=\"cfeditorfr\" \/>\n<meta name=\"twitter:card\" content=\"summary_large_image\" \/>\n<meta name=\"twitter:label1\" content=\"\u00c9crit par\" \/>\n\t<meta name=\"twitter:data1\" content=\"cfeditorfr\" \/>\n\t<meta name=\"twitter:label2\" content=\"Dur\u00e9e de lecture estim\u00e9e\" \/>\n\t<meta name=\"twitter:data2\" content=\"3 minutes\" \/>\n<script type=\"application\/ld+json\" class=\"yoast-schema-graph\">{\"@context\":\"https:\/\/schema.org\",\"@graph\":[{\"@type\":\"Article\",\"@id\":\"https:\/\/www.africa-press.net\/cameroun\/toutes-les-actualites\/cameroun-regions-anglophones-rentree-scolaire-a-deux-vitesses#article\",\"isPartOf\":{\"@id\":\"https:\/\/www.africa-press.net\/cameroun\/toutes-les-actualites\/cameroun-regions-anglophones-rentree-scolaire-a-deux-vitesses\"},\"author\":{\"name\":\"cfeditorfr\",\"@id\":\"https:\/\/www.africa-press.net\/cameroun\/#\/schema\/person\/2b1cf3cd81a31e3cd26889ca66d677f1\"},\"headline\":\"Cameroun-r\u00e9gions anglophones : rentr\u00e9e scolaire \u00e0 deux vitesses\",\"datePublished\":\"2022-09-06T13:28:29+00:00\",\"dateModified\":\"2022-09-06T15:30:52+00:00\",\"mainEntityOfPage\":{\"@id\":\"https:\/\/www.africa-press.net\/cameroun\/toutes-les-actualites\/cameroun-regions-anglophones-rentree-scolaire-a-deux-vitesses\"},\"wordCount\":472,\"commentCount\":0,\"image\":{\"@id\":\"https:\/\/www.africa-press.net\/cameroun\/toutes-les-actualites\/cameroun-regions-anglophones-rentree-scolaire-a-deux-vitesses#primaryimage\"},\"thumbnailUrl\":\"https:\/\/static.africa-press.net\/cameroun\/sites\/57\/2022\/09\/img-63176787a643b.jpg\",\"keywords\":[\"Africa Press\",\"Africa Press-Cameroun\",\"Cameroun\"],\"articleSection\":[\"Communaut\u00e9\",\"homepage-french\",\"Toutes les actualit\u00e9s\"],\"inLanguage\":\"fr-FR\",\"potentialAction\":[{\"@type\":\"CommentAction\",\"name\":\"Comment\",\"target\":[\"https:\/\/www.africa-press.net\/cameroun\/toutes-les-actualites\/cameroun-regions-anglophones-rentree-scolaire-a-deux-vitesses#respond\"]}]},{\"@type\":\"WebPage\",\"@id\":\"https:\/\/www.africa-press.net\/cameroun\/toutes-les-actualites\/cameroun-regions-anglophones-rentree-scolaire-a-deux-vitesses\",\"url\":\"https:\/\/www.africa-press.net\/cameroun\/toutes-les-actualites\/cameroun-regions-anglophones-rentree-scolaire-a-deux-vitesses\",\"name\":\"Cameroun-r\u00e9gions anglophones : rentr\u00e9e scolaire \u00e0 deux vitesses - Cameroun\",\"isPartOf\":{\"@id\":\"https:\/\/www.africa-press.net\/cameroun\/#website\"},\"primaryImageOfPage\":{\"@id\":\"https:\/\/www.africa-press.net\/cameroun\/toutes-les-actualites\/cameroun-regions-anglophones-rentree-scolaire-a-deux-vitesses#primaryimage\"},\"image\":{\"@id\":\"https:\/\/www.africa-press.net\/cameroun\/toutes-les-actualites\/cameroun-regions-anglophones-rentree-scolaire-a-deux-vitesses#primaryimage\"},\"thumbnailUrl\":\"https:\/\/static.africa-press.net\/cameroun\/sites\/57\/2022\/09\/img-63176787a643b.jpg\",\"datePublished\":\"2022-09-06T13:28:29+00:00\",\"dateModified\":\"2022-09-06T15:30:52+00:00\",\"author\":{\"@id\":\"https:\/\/www.africa-press.net\/cameroun\/#\/schema\/person\/2b1cf3cd81a31e3cd26889ca66d677f1\"},\"description\":\"Tandis que dans la r\u00e9gion du Nord-Ouest \u00e9l\u00e8ves et enseignants n\u2019ont pas repris le chemin de l\u2019\u00e9cole, la rentr\u00e9e scola ...\",\"breadcrumb\":{\"@id\":\"https:\/\/www.africa-press.net\/cameroun\/toutes-les-actualites\/cameroun-regions-anglophones-rentree-scolaire-a-deux-vitesses#breadcrumb\"},\"inLanguage\":\"fr-FR\",\"potentialAction\":[{\"@type\":\"ReadAction\",\"target\":[\"https:\/\/www.africa-press.net\/cameroun\/toutes-les-actualites\/cameroun-regions-anglophones-rentree-scolaire-a-deux-vitesses\"]}]},{\"@type\":\"ImageObject\",\"inLanguage\":\"fr-FR\",\"@id\":\"https:\/\/www.africa-press.net\/cameroun\/toutes-les-actualites\/cameroun-regions-anglophones-rentree-scolaire-a-deux-vitesses#primaryimage\",\"url\":\"https:\/\/static.africa-press.net\/cameroun\/sites\/57\/2022\/09\/img-63176787a643b.jpg\",\"contentUrl\":\"https:\/\/static.africa-press.net\/cameroun\/sites\/57\/2022\/09\/img-63176787a643b.jpg\",\"width\":1080,\"height\":810,\"caption\":\"Cameroun-r\u00e9gions anglophones : rentr\u00e9e scolaire \u00e0 deux vitesses\"},{\"@type\":\"BreadcrumbList\",\"@id\":\"https:\/\/www.africa-press.net\/cameroun\/toutes-les-actualites\/cameroun-regions-anglophones-rentree-scolaire-a-deux-vitesses#breadcrumb\",\"itemListElement\":[{\"@type\":\"ListItem\",\"position\":1,\"name\":\"Accueil\",\"item\":\"https:\/\/www.africa-press.net\/cameroun\/\"},{\"@type\":\"ListItem\",\"position\":2,\"name\":\"Cameroun-r\u00e9gions anglophones : rentr\u00e9e scolaire \u00e0 deux vitesses\"}]},{\"@type\":\"WebSite\",\"@id\":\"https:\/\/www.africa-press.net\/cameroun\/#website\",\"url\":\"https:\/\/www.africa-press.net\/cameroun\/\",\"name\":\"Cameroun\",\"description\":\"Just another Africa News Agency Sites site\",\"potentialAction\":[{\"@type\":\"SearchAction\",\"target\":{\"@type\":\"EntryPoint\",\"urlTemplate\":\"https:\/\/www.africa-press.net\/cameroun\/?s={search_term_string}\"},\"query-input\":{\"@type\":\"PropertyValueSpecification\",\"valueRequired\":true,\"valueName\":\"search_term_string\"}}],\"inLanguage\":\"fr-FR\"},{\"@type\":\"Person\",\"@id\":\"https:\/\/www.africa-press.net\/cameroun\/#\/schema\/person\/2b1cf3cd81a31e3cd26889ca66d677f1\",\"name\":\"cfeditorfr\"}]}<\/script>\n<!-- \/ Yoast SEO Premium plugin. -->","yoast_head_json":{"title":"Cameroun-r\u00e9gions anglophones : rentr\u00e9e scolaire \u00e0 deux vitesses - Cameroun","description":"Tandis que dans la r\u00e9gion du Nord-Ouest \u00e9l\u00e8ves et enseignants n\u2019ont pas repris le chemin de l\u2019\u00e9cole, la rentr\u00e9e scola ...","robots":{"index":"index","follow":"follow","max-snippet":"max-snippet:-1","max-image-preview":"max-image-preview:large","max-video-preview":"max-video-preview:-1"},"canonical":"https:\/\/www.africa-press.net\/cameroun\/toutes-les-actualites\/cameroun-regions-anglophones-rentree-scolaire-a-deux-vitesses","og_locale":"fr_FR","og_type":"article","og_title":"Cameroun-r\u00e9gions anglophones : rentr\u00e9e scolaire \u00e0 deux vitesses","og_description":"Tandis que dans la r\u00e9gion du Nord-Ouest \u00e9l\u00e8ves et enseignants n\u2019ont pas repris le chemin de l\u2019\u00e9cole, la rentr\u00e9e scola ...","og_url":"https:\/\/www.africa-press.net\/cameroun\/toutes-les-actualites\/cameroun-regions-anglophones-rentree-scolaire-a-deux-vitesses","og_site_name":"Cameroun","article_published_time":"2022-09-06T13:28:29+00:00","article_modified_time":"2022-09-06T15:30:52+00:00","og_image":[{"width":1080,"height":810,"url":"https:\/\/static.africa-press.net\/cameroun\/sites\/57\/2022\/09\/img-63176787a643b.jpg","type":"image\/jpeg"}],"author":"cfeditorfr","twitter_card":"summary_large_image","twitter_misc":{"\u00c9crit par":"cfeditorfr","Dur\u00e9e de lecture estim\u00e9e":"3 minutes"},"schema":{"@context":"https:\/\/schema.org","@graph":[{"@type":"Article","@id":"https:\/\/www.africa-press.net\/cameroun\/toutes-les-actualites\/cameroun-regions-anglophones-rentree-scolaire-a-deux-vitesses#article","isPartOf":{"@id":"https:\/\/www.africa-press.net\/cameroun\/toutes-les-actualites\/cameroun-regions-anglophones-rentree-scolaire-a-deux-vitesses"},"author":{"name":"cfeditorfr","@id":"https:\/\/www.africa-press.net\/cameroun\/#\/schema\/person\/2b1cf3cd81a31e3cd26889ca66d677f1"},"headline":"Cameroun-r\u00e9gions anglophones : rentr\u00e9e scolaire \u00e0 deux vitesses","datePublished":"2022-09-06T13:28:29+00:00","dateModified":"2022-09-06T15:30:52+00:00","mainEntityOfPage":{"@id":"https:\/\/www.africa-press.net\/cameroun\/toutes-les-actualites\/cameroun-regions-anglophones-rentree-scolaire-a-deux-vitesses"},"wordCount":472,"commentCount":0,"image":{"@id":"https:\/\/www.africa-press.net\/cameroun\/toutes-les-actualites\/cameroun-regions-anglophones-rentree-scolaire-a-deux-vitesses#primaryimage"},"thumbnailUrl":"https:\/\/static.africa-press.net\/cameroun\/sites\/57\/2022\/09\/img-63176787a643b.jpg","keywords":["Africa Press","Africa Press-Cameroun","Cameroun"],"articleSection":["Communaut\u00e9","homepage-french","Toutes les actualit\u00e9s"],"inLanguage":"fr-FR","potentialAction":[{"@type":"CommentAction","name":"Comment","target":["https:\/\/www.africa-press.net\/cameroun\/toutes-les-actualites\/cameroun-regions-anglophones-rentree-scolaire-a-deux-vitesses#respond"]}]},{"@type":"WebPage","@id":"https:\/\/www.africa-press.net\/cameroun\/toutes-les-actualites\/cameroun-regions-anglophones-rentree-scolaire-a-deux-vitesses","url":"https:\/\/www.africa-press.net\/cameroun\/toutes-les-actualites\/cameroun-regions-anglophones-rentree-scolaire-a-deux-vitesses","name":"Cameroun-r\u00e9gions anglophones : rentr\u00e9e scolaire \u00e0 deux vitesses - Cameroun","isPartOf":{"@id":"https:\/\/www.africa-press.net\/cameroun\/#website"},"primaryImageOfPage":{"@id":"https:\/\/www.africa-press.net\/cameroun\/toutes-les-actualites\/cameroun-regions-anglophones-rentree-scolaire-a-deux-vitesses#primaryimage"},"image":{"@id":"https:\/\/www.africa-press.net\/cameroun\/toutes-les-actualites\/cameroun-regions-anglophones-rentree-scolaire-a-deux-vitesses#primaryimage"},"thumbnailUrl":"https:\/\/static.africa-press.net\/cameroun\/sites\/57\/2022\/09\/img-63176787a643b.jpg","datePublished":"2022-09-06T13:28:29+00:00","dateModified":"2022-09-06T15:30:52+00:00","author":{"@id":"https:\/\/www.africa-press.net\/cameroun\/#\/schema\/person\/2b1cf3cd81a31e3cd26889ca66d677f1"},"description":"Tandis que dans la r\u00e9gion du Nord-Ouest \u00e9l\u00e8ves et enseignants n\u2019ont pas repris le chemin de l\u2019\u00e9cole, la rentr\u00e9e scola ...","breadcrumb":{"@id":"https:\/\/www.africa-press.net\/cameroun\/toutes-les-actualites\/cameroun-regions-anglophones-rentree-scolaire-a-deux-vitesses#breadcrumb"},"inLanguage":"fr-FR","potentialAction":[{"@type":"ReadAction","target":["https:\/\/www.africa-press.net\/cameroun\/toutes-les-actualites\/cameroun-regions-anglophones-rentree-scolaire-a-deux-vitesses"]}]},{"@type":"ImageObject","inLanguage":"fr-FR","@id":"https:\/\/www.africa-press.net\/cameroun\/toutes-les-actualites\/cameroun-regions-anglophones-rentree-scolaire-a-deux-vitesses#primaryimage","url":"https:\/\/static.africa-press.net\/cameroun\/sites\/57\/2022\/09\/img-63176787a643b.jpg","contentUrl":"https:\/\/static.africa-press.net\/cameroun\/sites\/57\/2022\/09\/img-63176787a643b.jpg","width":1080,"height":810,"caption":"Cameroun-r\u00e9gions anglophones : rentr\u00e9e scolaire \u00e0 deux vitesses"},{"@type":"BreadcrumbList","@id":"https:\/\/www.africa-press.net\/cameroun\/toutes-les-actualites\/cameroun-regions-anglophones-rentree-scolaire-a-deux-vitesses#breadcrumb","itemListElement":[{"@type":"ListItem","position":1,"name":"Accueil","item":"https:\/\/www.africa-press.net\/cameroun\/"},{"@type":"ListItem","position":2,"name":"Cameroun-r\u00e9gions anglophones : rentr\u00e9e scolaire \u00e0 deux vitesses"}]},{"@type":"WebSite","@id":"https:\/\/www.africa-press.net\/cameroun\/#website","url":"https:\/\/www.africa-press.net\/cameroun\/","name":"Cameroun","description":"Just another Africa News Agency Sites site","potentialAction":[{"@type":"SearchAction","target":{"@type":"EntryPoint","urlTemplate":"https:\/\/www.africa-press.net\/cameroun\/?s={search_term_string}"},"query-input":{"@type":"PropertyValueSpecification","valueRequired":true,"valueName":"search_term_string"}}],"inLanguage":"fr-FR"},{"@type":"Person","@id":"https:\/\/www.africa-press.net\/cameroun\/#\/schema\/person\/2b1cf3cd81a31e3cd26889ca66d677f1","name":"cfeditorfr"}]}},"_links":{"self":[{"href":"https:\/\/www.africa-press.net\/cameroun\/wp-json\/wp\/v2\/posts\/26797","targetHints":{"allow":["GET"]}}],"collection":[{"href":"https:\/\/www.africa-press.net\/cameroun\/wp-json\/wp\/v2\/posts"}],"about":[{"href":"https:\/\/www.africa-press.net\/cameroun\/wp-json\/wp\/v2\/types\/post"}],"author":[{"embeddable":true,"href":"https:\/\/www.africa-press.net\/cameroun\/wp-json\/wp\/v2\/users\/82"}],"replies":[{"embeddable":true,"href":"https:\/\/www.africa-press.net\/cameroun\/wp-json\/wp\/v2\/comments?post=26797"}],"version-history":[{"count":0,"href":"https:\/\/www.africa-press.net\/cameroun\/wp-json\/wp\/v2\/posts\/26797\/revisions"}],"wp:featuredmedia":[{"embeddable":true,"href":"https:\/\/www.africa-press.net\/cameroun\/wp-json\/wp\/v2\/media\/26796"}],"wp:attachment":[{"href":"https:\/\/www.africa-press.net\/cameroun\/wp-json\/wp\/v2\/media?parent=26797"}],"wp:term":[{"taxonomy":"category","embeddable":true,"href":"https:\/\/www.africa-press.net\/cameroun\/wp-json\/wp\/v2\/categories?post=26797"},{"taxonomy":"post_tag","embeddable":true,"href":"https:\/\/www.africa-press.net\/cameroun\/wp-json\/wp\/v2\/tags?post=26797"}],"curies":[{"name":"wp","href":"https:\/\/api.w.org\/{rel}","templated":true}]}}