{"id":26801,"date":"2022-09-06T13:37:18","date_gmt":"2022-09-06T13:37:18","guid":{"rendered":"https:\/\/www.africa-press.net\/cameroun\/politique\/economie-ce-que-la-camerounaise-vera-songwe-laisse-a-la-cea"},"modified":"2022-09-06T15:31:39","modified_gmt":"2022-09-06T15:31:39","slug":"economie-ce-que-la-camerounaise-vera-songwe-laisse-a-la-cea","status":"publish","type":"post","link":"https:\/\/www.africa-press.net\/cameroun\/economie\/economie-ce-que-la-camerounaise-vera-songwe-laisse-a-la-cea","title":{"rendered":"Economie\u00a0:\u00a0 ce que la Camerounaise Vera Songwe laisse \u00e0 la CEA"},"content":{"rendered":"<p><span style=\"color: #ff6600\"><strong>Africa-Press &#8211; Cameroun. <\/strong><\/span>Depuis l\u2019annonce de sa d\u00e9mission, <b>Antonio Pedro (Secr\u00e9taire ex\u00e9cutif adjoint de la CEA charg\u00e9 de l\u2019appui aux programmes) est nomm\u00e9 Secr\u00e9taire ex\u00e9cutif par int\u00e9rim jusqu\u2019\u00e0 nouvel ordre.<\/b><\/p>\n<p>La Secr\u00e9taire g\u00e9n\u00e9rale adjointe de l\u2019ONU et Secr\u00e9taire ex\u00e9cutive de la Commission \u00e9conomique pour l\u2019Afrique (CEA), la Camerounaise Vera Songwe, quitte ses fonctions. Elle n\u2019y est plus officiellement depuis le 1er septembre 2022, apr\u00e8s cinq ann\u00e9es de service d\u00e9vou\u00e9 \u00e0 la CEA et \u00e0 ses \u00c9tats membres.<\/p>\n<p>Annon\u00e7ant sa d\u00e9cision de se retirer lors d\u2019une r\u00e9union-d\u00e9bat le 22 ao\u00fbt, Songwe a remerci\u00e9 le personnel de la CEA pour son esprit d\u2019\u00e9quipe et son soutien pendant son mandat.<\/p>\n<p>\u00ab <b>Ce fut un privil\u00e8ge de travailler avec vous et de servir l\u2019ensemble du syst\u00e8me des Nations Unies. Je ne saurais trop exprimer ma gratitude pour le soutien, les encouragements, les conseils, la patience et l\u2019amiti\u00e9 que j\u2019ai re\u00e7us de votre part tout au long de ces ann\u00e9es <\/b>\u00bb, a d\u00e9clar\u00e9 Songwe.<\/p>\n<p>Selon le communiqu\u00e9 publi\u00e9 par la CEA, Vera Songwe qui \u00e9tait \u00e0 la t\u00eate de cette organisation depuis 2017 est la 9e secr\u00e9taire ex\u00e9cutive. Elle avait en bandouli\u00e8re les id\u00e9es pour une Afrique prosp\u00e8re. Et elle avait \u00e0 son actif l\u2019initiative de la mise en \u0153uvre de la Zone de libre-\u00e9change continentale africaine.<\/p>\n<p>Parmi les projets qu\u2019elle a laiss\u00e9s en attente d\u2019ex\u00e9cution figurent ceux li\u00e9s \u00e0 l\u2019industrialisation de l\u2019Afrique, \u00e0 l\u2019impact des changements climatiques sur le d\u00e9veloppement, \u00e0 la r\u00e9silience de l\u2019Afrique face aux pand\u00e9mies comme la Covid-19 et \u00e0 la participation du secteur priv\u00e9.<\/p>\n<p>De m\u00eame, les probl\u00e9matiques li\u00e9es aux Objectifs de d\u00e9veloppement durable (ODD) et \u00e0 l\u2019autonomisation \u00e9conomique des jeunes et des femmes y font partie.<\/p>\n<p>Par ailleurs, entre autres projets r\u00e9alis\u00e9s figurent aussi la cr\u00e9ation, par elle, du centre num\u00e9rique d\u2019excellence, une source \u00e0 la demande du conseil technique des pays africains, destin\u00e9 \u00e0 l\u2019identification num\u00e9rique de leurs \u00e9conomies. A cela s\u2019ajoute la cr\u00e9ation du Fonds d\u2019appui au leadership de la femme africaine, qui constitue un fonds d\u2019impact d\u00e9velopp\u00e9 visant \u00e0 acc\u00e9l\u00e9rer la croissance des fonds g\u00e9r\u00e9s par des femmes en Afrique.<\/p>\n<p>Antonio Guterres avait nomm\u00e9 le 13 avril 2017 la Camerounaise au poste de secr\u00e9taire ex\u00e9cutive de la CEA, en remplacement du Bissau-Guin\u00e9en Carlos Lopes, d\u00e9missionnaire depuis le 31 octobre 2016. L\u2019\u00e9conomiste camerounaise, \u00e2g\u00e9e \u00e0 l\u2019\u00e9poque de 42 ans, avait \u00e9t\u00e9 choisie parmi 77 candidats. Vera Songwe avait quitt\u00e9 ainsi le groupe de la Banque mondiale qui l\u2019employait depuis 1998.<\/p>\n<p><strong>Pour plus d&rsquo;informations et d&rsquo;analyses sur la <a href=\"https:\/\/www.africa-press.net\/cameroun\">Cameroun<\/a>, suivez <a href=\"https:\/\/www.africa-press.net\/\">Africa-Press<\/a><\/strong><\/p>\n","protected":false},"excerpt":{"rendered":"<p>Africa-Press &#8211; Cameroun. Depuis l\u2019annonce de sa d\u00e9mission, Antonio Pedro (Secr\u00e9taire ex\u00e9cutif adjoint de la CEA charg\u00e9 de l\u2019appui aux programmes) est nomm\u00e9 Secr\u00e9taire ex\u00e9cutif par int\u00e9rim jusqu\u2019\u00e0 nouvel ordre. La Secr\u00e9taire g\u00e9n\u00e9rale adjointe de l\u2019ONU et Secr\u00e9taire ex\u00e9cutive de la Commission \u00e9conomique pour l\u2019Afrique (CEA), la Camerounaise Vera Songwe, quitte ses fonctions. Elle n\u2019y [&hellip;]<\/p>\n","protected":false},"author":82,"featured_media":26799,"comment_status":"open","ping_status":"closed","sticky":false,"template":"","format":"standard","meta":{"footnotes":""},"categories":[3,11,10],"tags":[36,50,49],"class_list":["post-26801","post","type-post","status-publish","format-standard","has-post-thumbnail","hentry","category-economie","category-homepage-french","category-toutes-les-actualites","tag-africa-press","tag-africa-press-cameroun","tag-cameroun"],"yoast_head":"<!-- This site is optimized with the Yoast SEO Premium plugin v26.1 (Yoast SEO v27.0) - https:\/\/yoast.com\/product\/yoast-seo-premium-wordpress\/ -->\n<title>Economie\u00a0:\u00a0 ce que la Camerounaise Vera Songwe laisse \u00e0 la CEA - Cameroun<\/title>\n<meta name=\"description\" content=\"Depuis l\u2019annonce de sa d\u00e9mission, Antonio Pedro (Secr\u00e9taire ex\u00e9cutif adjoint de la CEA charg\u00e9 de l\u2019appui aux programm ...\" \/>\n<meta name=\"robots\" content=\"index, follow, max-snippet:-1, max-image-preview:large, max-video-preview:-1\" \/>\n<link rel=\"canonical\" href=\"https:\/\/www.africa-press.net\/cameroun\/economie\/economie-ce-que-la-camerounaise-vera-songwe-laisse-a-la-cea\" \/>\n<meta property=\"og:locale\" content=\"fr_FR\" \/>\n<meta property=\"og:type\" content=\"article\" \/>\n<meta property=\"og:title\" content=\"Economie\u00a0:\u00a0 ce que la Camerounaise Vera Songwe laisse \u00e0 la CEA\" \/>\n<meta property=\"og:description\" content=\"Depuis l\u2019annonce de sa d\u00e9mission, Antonio Pedro (Secr\u00e9taire ex\u00e9cutif adjoint de la CEA charg\u00e9 de l\u2019appui aux programm ...\" \/>\n<meta property=\"og:url\" content=\"https:\/\/www.africa-press.net\/cameroun\/economie\/economie-ce-que-la-camerounaise-vera-songwe-laisse-a-la-cea\" \/>\n<meta property=\"og:site_name\" content=\"Cameroun\" \/>\n<meta property=\"article:published_time\" content=\"2022-09-06T13:37:18+00:00\" \/>\n<meta property=\"article:modified_time\" content=\"2022-09-06T15:31:39+00:00\" \/>\n<meta property=\"og:image\" content=\"https:\/\/static.africa-press.net\/cameroun\/sites\/57\/2022\/09\/img-631767b73fbdd.jpg\" \/>\n\t<meta property=\"og:image:width\" content=\"1367\" \/>\n\t<meta property=\"og:image:height\" content=\"2048\" \/>\n\t<meta property=\"og:image:type\" content=\"image\/jpeg\" \/>\n<meta name=\"author\" content=\"cfeditorfr\" \/>\n<meta name=\"twitter:card\" content=\"summary_large_image\" \/>\n<meta name=\"twitter:label1\" content=\"\u00c9crit par\" \/>\n\t<meta name=\"twitter:data1\" content=\"cfeditorfr\" \/>\n\t<meta name=\"twitter:label2\" content=\"Dur\u00e9e de lecture estim\u00e9e\" \/>\n\t<meta name=\"twitter:data2\" content=\"3 minutes\" \/>\n<script type=\"application\/ld+json\" class=\"yoast-schema-graph\">{\"@context\":\"https:\/\/schema.org\",\"@graph\":[{\"@type\":\"Article\",\"@id\":\"https:\/\/www.africa-press.net\/cameroun\/economie\/economie-ce-que-la-camerounaise-vera-songwe-laisse-a-la-cea#article\",\"isPartOf\":{\"@id\":\"https:\/\/www.africa-press.net\/cameroun\/economie\/economie-ce-que-la-camerounaise-vera-songwe-laisse-a-la-cea\"},\"author\":{\"name\":\"cfeditorfr\",\"@id\":\"https:\/\/www.africa-press.net\/cameroun\/#\/schema\/person\/2b1cf3cd81a31e3cd26889ca66d677f1\"},\"headline\":\"Economie\u00a0:\u00a0 ce que la Camerounaise Vera Songwe laisse \u00e0 la CEA\",\"datePublished\":\"2022-09-06T13:37:18+00:00\",\"dateModified\":\"2022-09-06T15:31:39+00:00\",\"mainEntityOfPage\":{\"@id\":\"https:\/\/www.africa-press.net\/cameroun\/economie\/economie-ce-que-la-camerounaise-vera-songwe-laisse-a-la-cea\"},\"wordCount\":483,\"commentCount\":0,\"image\":{\"@id\":\"https:\/\/www.africa-press.net\/cameroun\/economie\/economie-ce-que-la-camerounaise-vera-songwe-laisse-a-la-cea#primaryimage\"},\"thumbnailUrl\":\"https:\/\/static.africa-press.net\/cameroun\/sites\/57\/2022\/09\/img-631767b73fbdd.jpg\",\"keywords\":[\"Africa Press\",\"Africa Press-Cameroun\",\"Cameroun\"],\"articleSection\":[\"\u00c9conomie\",\"homepage-french\",\"Toutes les actualit\u00e9s\"],\"inLanguage\":\"fr-FR\",\"potentialAction\":[{\"@type\":\"CommentAction\",\"name\":\"Comment\",\"target\":[\"https:\/\/www.africa-press.net\/cameroun\/economie\/economie-ce-que-la-camerounaise-vera-songwe-laisse-a-la-cea#respond\"]}]},{\"@type\":\"WebPage\",\"@id\":\"https:\/\/www.africa-press.net\/cameroun\/economie\/economie-ce-que-la-camerounaise-vera-songwe-laisse-a-la-cea\",\"url\":\"https:\/\/www.africa-press.net\/cameroun\/economie\/economie-ce-que-la-camerounaise-vera-songwe-laisse-a-la-cea\",\"name\":\"Economie\u00a0:\u00a0 ce que la Camerounaise Vera Songwe laisse \u00e0 la CEA - Cameroun\",\"isPartOf\":{\"@id\":\"https:\/\/www.africa-press.net\/cameroun\/#website\"},\"primaryImageOfPage\":{\"@id\":\"https:\/\/www.africa-press.net\/cameroun\/economie\/economie-ce-que-la-camerounaise-vera-songwe-laisse-a-la-cea#primaryimage\"},\"image\":{\"@id\":\"https:\/\/www.africa-press.net\/cameroun\/economie\/economie-ce-que-la-camerounaise-vera-songwe-laisse-a-la-cea#primaryimage\"},\"thumbnailUrl\":\"https:\/\/static.africa-press.net\/cameroun\/sites\/57\/2022\/09\/img-631767b73fbdd.jpg\",\"datePublished\":\"2022-09-06T13:37:18+00:00\",\"dateModified\":\"2022-09-06T15:31:39+00:00\",\"author\":{\"@id\":\"https:\/\/www.africa-press.net\/cameroun\/#\/schema\/person\/2b1cf3cd81a31e3cd26889ca66d677f1\"},\"description\":\"Depuis l\u2019annonce de sa d\u00e9mission, Antonio Pedro (Secr\u00e9taire ex\u00e9cutif adjoint de la CEA charg\u00e9 de l\u2019appui aux programm ...\",\"breadcrumb\":{\"@id\":\"https:\/\/www.africa-press.net\/cameroun\/economie\/economie-ce-que-la-camerounaise-vera-songwe-laisse-a-la-cea#breadcrumb\"},\"inLanguage\":\"fr-FR\",\"potentialAction\":[{\"@type\":\"ReadAction\",\"target\":[\"https:\/\/www.africa-press.net\/cameroun\/economie\/economie-ce-que-la-camerounaise-vera-songwe-laisse-a-la-cea\"]}]},{\"@type\":\"ImageObject\",\"inLanguage\":\"fr-FR\",\"@id\":\"https:\/\/www.africa-press.net\/cameroun\/economie\/economie-ce-que-la-camerounaise-vera-songwe-laisse-a-la-cea#primaryimage\",\"url\":\"https:\/\/static.africa-press.net\/cameroun\/sites\/57\/2022\/09\/img-631767b73fbdd.jpg\",\"contentUrl\":\"https:\/\/static.africa-press.net\/cameroun\/sites\/57\/2022\/09\/img-631767b73fbdd.jpg\",\"width\":1367,\"height\":2048,\"caption\":\"Economie\u00a0:\u00a0 ce que la Camerounaise Vera Songwe laisse \u00e0 la CEA\"},{\"@type\":\"BreadcrumbList\",\"@id\":\"https:\/\/www.africa-press.net\/cameroun\/economie\/economie-ce-que-la-camerounaise-vera-songwe-laisse-a-la-cea#breadcrumb\",\"itemListElement\":[{\"@type\":\"ListItem\",\"position\":1,\"name\":\"Accueil\",\"item\":\"https:\/\/www.africa-press.net\/cameroun\/\"},{\"@type\":\"ListItem\",\"position\":2,\"name\":\"Economie\u00a0:\u00a0 ce que la Camerounaise Vera Songwe laisse \u00e0 la CEA\"}]},{\"@type\":\"WebSite\",\"@id\":\"https:\/\/www.africa-press.net\/cameroun\/#website\",\"url\":\"https:\/\/www.africa-press.net\/cameroun\/\",\"name\":\"Cameroun\",\"description\":\"Just another Africa News Agency Sites site\",\"potentialAction\":[{\"@type\":\"SearchAction\",\"target\":{\"@type\":\"EntryPoint\",\"urlTemplate\":\"https:\/\/www.africa-press.net\/cameroun\/?s={search_term_string}\"},\"query-input\":{\"@type\":\"PropertyValueSpecification\",\"valueRequired\":true,\"valueName\":\"search_term_string\"}}],\"inLanguage\":\"fr-FR\"},{\"@type\":\"Person\",\"@id\":\"https:\/\/www.africa-press.net\/cameroun\/#\/schema\/person\/2b1cf3cd81a31e3cd26889ca66d677f1\",\"name\":\"cfeditorfr\"}]}<\/script>\n<!-- \/ Yoast SEO Premium plugin. -->","yoast_head_json":{"title":"Economie\u00a0:\u00a0 ce que la Camerounaise Vera Songwe laisse \u00e0 la CEA - Cameroun","description":"Depuis l\u2019annonce de sa d\u00e9mission, Antonio Pedro (Secr\u00e9taire ex\u00e9cutif adjoint de la CEA charg\u00e9 de l\u2019appui aux programm ...","robots":{"index":"index","follow":"follow","max-snippet":"max-snippet:-1","max-image-preview":"max-image-preview:large","max-video-preview":"max-video-preview:-1"},"canonical":"https:\/\/www.africa-press.net\/cameroun\/economie\/economie-ce-que-la-camerounaise-vera-songwe-laisse-a-la-cea","og_locale":"fr_FR","og_type":"article","og_title":"Economie\u00a0:\u00a0 ce que la Camerounaise Vera Songwe laisse \u00e0 la CEA","og_description":"Depuis l\u2019annonce de sa d\u00e9mission, Antonio Pedro (Secr\u00e9taire ex\u00e9cutif adjoint de la CEA charg\u00e9 de l\u2019appui aux programm ...","og_url":"https:\/\/www.africa-press.net\/cameroun\/economie\/economie-ce-que-la-camerounaise-vera-songwe-laisse-a-la-cea","og_site_name":"Cameroun","article_published_time":"2022-09-06T13:37:18+00:00","article_modified_time":"2022-09-06T15:31:39+00:00","og_image":[{"width":1367,"height":2048,"url":"https:\/\/static.africa-press.net\/cameroun\/sites\/57\/2022\/09\/img-631767b73fbdd.jpg","type":"image\/jpeg"}],"author":"cfeditorfr","twitter_card":"summary_large_image","twitter_misc":{"\u00c9crit par":"cfeditorfr","Dur\u00e9e de lecture estim\u00e9e":"3 minutes"},"schema":{"@context":"https:\/\/schema.org","@graph":[{"@type":"Article","@id":"https:\/\/www.africa-press.net\/cameroun\/economie\/economie-ce-que-la-camerounaise-vera-songwe-laisse-a-la-cea#article","isPartOf":{"@id":"https:\/\/www.africa-press.net\/cameroun\/economie\/economie-ce-que-la-camerounaise-vera-songwe-laisse-a-la-cea"},"author":{"name":"cfeditorfr","@id":"https:\/\/www.africa-press.net\/cameroun\/#\/schema\/person\/2b1cf3cd81a31e3cd26889ca66d677f1"},"headline":"Economie\u00a0:\u00a0 ce que la Camerounaise Vera Songwe laisse \u00e0 la CEA","datePublished":"2022-09-06T13:37:18+00:00","dateModified":"2022-09-06T15:31:39+00:00","mainEntityOfPage":{"@id":"https:\/\/www.africa-press.net\/cameroun\/economie\/economie-ce-que-la-camerounaise-vera-songwe-laisse-a-la-cea"},"wordCount":483,"commentCount":0,"image":{"@id":"https:\/\/www.africa-press.net\/cameroun\/economie\/economie-ce-que-la-camerounaise-vera-songwe-laisse-a-la-cea#primaryimage"},"thumbnailUrl":"https:\/\/static.africa-press.net\/cameroun\/sites\/57\/2022\/09\/img-631767b73fbdd.jpg","keywords":["Africa Press","Africa Press-Cameroun","Cameroun"],"articleSection":["\u00c9conomie","homepage-french","Toutes les actualit\u00e9s"],"inLanguage":"fr-FR","potentialAction":[{"@type":"CommentAction","name":"Comment","target":["https:\/\/www.africa-press.net\/cameroun\/economie\/economie-ce-que-la-camerounaise-vera-songwe-laisse-a-la-cea#respond"]}]},{"@type":"WebPage","@id":"https:\/\/www.africa-press.net\/cameroun\/economie\/economie-ce-que-la-camerounaise-vera-songwe-laisse-a-la-cea","url":"https:\/\/www.africa-press.net\/cameroun\/economie\/economie-ce-que-la-camerounaise-vera-songwe-laisse-a-la-cea","name":"Economie\u00a0:\u00a0 ce que la Camerounaise Vera Songwe laisse \u00e0 la CEA - Cameroun","isPartOf":{"@id":"https:\/\/www.africa-press.net\/cameroun\/#website"},"primaryImageOfPage":{"@id":"https:\/\/www.africa-press.net\/cameroun\/economie\/economie-ce-que-la-camerounaise-vera-songwe-laisse-a-la-cea#primaryimage"},"image":{"@id":"https:\/\/www.africa-press.net\/cameroun\/economie\/economie-ce-que-la-camerounaise-vera-songwe-laisse-a-la-cea#primaryimage"},"thumbnailUrl":"https:\/\/static.africa-press.net\/cameroun\/sites\/57\/2022\/09\/img-631767b73fbdd.jpg","datePublished":"2022-09-06T13:37:18+00:00","dateModified":"2022-09-06T15:31:39+00:00","author":{"@id":"https:\/\/www.africa-press.net\/cameroun\/#\/schema\/person\/2b1cf3cd81a31e3cd26889ca66d677f1"},"description":"Depuis l\u2019annonce de sa d\u00e9mission, Antonio Pedro (Secr\u00e9taire ex\u00e9cutif adjoint de la CEA charg\u00e9 de l\u2019appui aux programm ...","breadcrumb":{"@id":"https:\/\/www.africa-press.net\/cameroun\/economie\/economie-ce-que-la-camerounaise-vera-songwe-laisse-a-la-cea#breadcrumb"},"inLanguage":"fr-FR","potentialAction":[{"@type":"ReadAction","target":["https:\/\/www.africa-press.net\/cameroun\/economie\/economie-ce-que-la-camerounaise-vera-songwe-laisse-a-la-cea"]}]},{"@type":"ImageObject","inLanguage":"fr-FR","@id":"https:\/\/www.africa-press.net\/cameroun\/economie\/economie-ce-que-la-camerounaise-vera-songwe-laisse-a-la-cea#primaryimage","url":"https:\/\/static.africa-press.net\/cameroun\/sites\/57\/2022\/09\/img-631767b73fbdd.jpg","contentUrl":"https:\/\/static.africa-press.net\/cameroun\/sites\/57\/2022\/09\/img-631767b73fbdd.jpg","width":1367,"height":2048,"caption":"Economie\u00a0:\u00a0 ce que la Camerounaise Vera Songwe laisse \u00e0 la CEA"},{"@type":"BreadcrumbList","@id":"https:\/\/www.africa-press.net\/cameroun\/economie\/economie-ce-que-la-camerounaise-vera-songwe-laisse-a-la-cea#breadcrumb","itemListElement":[{"@type":"ListItem","position":1,"name":"Accueil","item":"https:\/\/www.africa-press.net\/cameroun\/"},{"@type":"ListItem","position":2,"name":"Economie\u00a0:\u00a0 ce que la Camerounaise Vera Songwe laisse \u00e0 la CEA"}]},{"@type":"WebSite","@id":"https:\/\/www.africa-press.net\/cameroun\/#website","url":"https:\/\/www.africa-press.net\/cameroun\/","name":"Cameroun","description":"Just another Africa News Agency Sites site","potentialAction":[{"@type":"SearchAction","target":{"@type":"EntryPoint","urlTemplate":"https:\/\/www.africa-press.net\/cameroun\/?s={search_term_string}"},"query-input":{"@type":"PropertyValueSpecification","valueRequired":true,"valueName":"search_term_string"}}],"inLanguage":"fr-FR"},{"@type":"Person","@id":"https:\/\/www.africa-press.net\/cameroun\/#\/schema\/person\/2b1cf3cd81a31e3cd26889ca66d677f1","name":"cfeditorfr"}]}},"_links":{"self":[{"href":"https:\/\/www.africa-press.net\/cameroun\/wp-json\/wp\/v2\/posts\/26801","targetHints":{"allow":["GET"]}}],"collection":[{"href":"https:\/\/www.africa-press.net\/cameroun\/wp-json\/wp\/v2\/posts"}],"about":[{"href":"https:\/\/www.africa-press.net\/cameroun\/wp-json\/wp\/v2\/types\/post"}],"author":[{"embeddable":true,"href":"https:\/\/www.africa-press.net\/cameroun\/wp-json\/wp\/v2\/users\/82"}],"replies":[{"embeddable":true,"href":"https:\/\/www.africa-press.net\/cameroun\/wp-json\/wp\/v2\/comments?post=26801"}],"version-history":[{"count":0,"href":"https:\/\/www.africa-press.net\/cameroun\/wp-json\/wp\/v2\/posts\/26801\/revisions"}],"wp:featuredmedia":[{"embeddable":true,"href":"https:\/\/www.africa-press.net\/cameroun\/wp-json\/wp\/v2\/media\/26799"}],"wp:attachment":[{"href":"https:\/\/www.africa-press.net\/cameroun\/wp-json\/wp\/v2\/media?parent=26801"}],"wp:term":[{"taxonomy":"category","embeddable":true,"href":"https:\/\/www.africa-press.net\/cameroun\/wp-json\/wp\/v2\/categories?post=26801"},{"taxonomy":"post_tag","embeddable":true,"href":"https:\/\/www.africa-press.net\/cameroun\/wp-json\/wp\/v2\/tags?post=26801"}],"curies":[{"name":"wp","href":"https:\/\/api.w.org\/{rel}","templated":true}]}}