{"id":26815,"date":"2022-09-06T14:06:09","date_gmt":"2022-09-06T14:06:09","guid":{"rendered":"https:\/\/www.africa-press.net\/cameroun\/politique\/cameroun-pierre-semengue-accuse-la-fecafoot-de-sapproprier-largent-appartenant-a-la-ligue"},"modified":"2022-09-06T15:34:36","modified_gmt":"2022-09-06T15:34:36","slug":"cameroun-pierre-semengue-accuse-la-fecafoot-de-sapproprier-largent-appartenant-a-la-ligue","status":"publish","type":"post","link":"https:\/\/www.africa-press.net\/cameroun\/sports\/cameroun-pierre-semengue-accuse-la-fecafoot-de-sapproprier-largent-appartenant-a-la-ligue","title":{"rendered":"Cameroun : Pierre Semengue accuse la F\u00e9cafoot de s\u2019approprier l\u2019argent appartenant \u00e0 la Ligue"},"content":{"rendered":"<p><span style=\"color: #ff6600\"><strong>Africa-Press &#8211; Cameroun. <\/strong><\/span>Le pr\u00e9sident d\u00e9chu du conseil transitoire du football professionnel de la F\u00e9cafoot revient sur sa collaboration avec Samuel Eto\u2019o Fils et explique les accords qui les liaient.<\/p>\n<p>Depuis la cr\u00e9ation de la Ligue de Football Professionnel du Cameroun, (LFPC), en 2010, l\u2019instance a toujours eu \u00e0 sa t\u00eate, le G\u00e9n\u00e9ral Pierre Semengue. Sa mission \u00e9tait alors de professionnaliser le football camerounais. Mais, le g\u00e9n\u00e9ral d\u2019arm\u00e9e \u00e0 la retraite a \u00e9t\u00e9 arr\u00eat\u00e9 en pleine course.<\/p>\n<p>C\u2019\u00e9tait d\u2019abord par la F\u00e9cafoot sous Seidou Mbombo Njoya, en 2021, qui avait d\u00e9cid\u00e9 de dissoudre la LFPC. L\u2019affaire a \u00e9t\u00e9 port\u00e9e devant le Tribunal arbitral du sport (Tas), o\u00f9 l\u2019instance dirigeante du football au Cameroun avait \u00e9t\u00e9 somm\u00e9e de r\u00e9habiliter la Ligue. Ce qui ne s\u2019est jamais produit.<\/p>\n<p>Avec l\u2019arriv\u00e9e de Samuel Eto\u2019o \u00e0 la pr\u00e9sidence de la F\u00e9cafoot, beaucoup esp\u00e9raient une r\u00e9habilitation de la LFPC. L\u2019actuel pr\u00e9sident de la f\u00e9d\u00e9ration a plut\u00f4t pens\u00e9 \u00e0 mettre en place un Conseil transitoire du football professionnel (CTFP) log\u00e9 \u00e0 la F\u00e9cafoot et dirig\u00e9 par le g\u00e9n\u00e9ral Pierre S\u00e9m\u00e9ngue.<\/p>\n<p>Puis, l\u2019assembl\u00e9e g\u00e9n\u00e9rale de la F\u00e9cafoot a d\u00e9cid\u00e9 de dissoudre la LFPC le 26 ao\u00fbt dernier, \u00ab je n\u2019\u00e9tais qu\u2019un pot de fleurs au Conseil de transition du football professionnel. C\u2019est la F\u00e9cafoot qui faisait tout \u00bb, informe le G\u00e9n\u00e9ral au micro de nos confr\u00e8res de Magic FM .<\/p>\n<p>Pierre Semengue continue comme le rapporte nos confr\u00e8res d\u2019Allez Les Lions, en donnant les raisons qui l\u2019ont motiv\u00e9 \u00e0 accepter l\u2019offre de Samuel Eto\u2019o \u00e0 la direction du Conseil,<\/p>\n<p>\u00ab je pensais que Samuel Eto\u2019o voulait r\u00e9unir des footballeurs, c\u2019est pourquoi j\u2019ai accept\u00e9 sa main tendue lui faisant confiance. Il m\u2019a promis que j\u2019\u00e9tais l\u00e0 pour normaliser la Ligue, mais malheureusement, rien n\u2019a \u00e9t\u00e9 fait, m\u00eame l\u2019argent de la ligue a \u00e9t\u00e9 r\u00e9cup\u00e9r\u00e9 par la F\u00e9cafoot. Je voulais que les choses s\u2019arrangent mais Eto\u2019o n\u2019est pas sinc\u00e8re ; il promet beaucoup de choses mais rien ne se r\u00e9alise.\u00bb<\/p>\n<p>Au sortie de la r\u00e9union de conciliation entre Samuel Eto\u2019o et Pierre Semengue<\/p>\n<p>Par ailleurs, le tout premier pr\u00e9sident de la LFPC explique que la F\u00e9cafoot n\u2019a pas comp\u00e9tence pour dissoudre la Ligue,<\/p>\n<p>\u00ab la Ligue est une entit\u00e9 juridiquement et financi\u00e8rement ind\u00e9pendante. La Ligue est membre de la F\u00e9cafoot, association d\u00e9clar\u00e9e au Minat. Une association ne peut en dissoudre une autre. Je suis surpris par les actions de mon fils Eto\u2019o. Il ne m\u2019a m\u00eame pas pr\u00e9venu qu\u2019il allait valider la dissolution de la ligue\u00bb, a d\u00e9clar\u00e9 le G\u00e9n\u00e9ral Pierre Semengue.<\/p>\n<p><strong>Pour plus d&rsquo;informations et d&rsquo;analyses sur la <a href=\"https:\/\/www.africa-press.net\/cameroun\">Cameroun<\/a>, suivez <a href=\"https:\/\/www.africa-press.net\/\">Africa-Press<\/a><\/strong><\/p>\n","protected":false},"excerpt":{"rendered":"<p>Africa-Press &#8211; Cameroun. Le pr\u00e9sident d\u00e9chu du conseil transitoire du football professionnel de la F\u00e9cafoot revient sur sa collaboration avec Samuel Eto\u2019o Fils et explique les accords qui les liaient. Depuis la cr\u00e9ation de la Ligue de Football Professionnel du Cameroun, (LFPC), en 2010, l\u2019instance a toujours eu \u00e0 sa t\u00eate, le G\u00e9n\u00e9ral Pierre Semengue. [&hellip;]<\/p>\n","protected":false},"author":82,"featured_media":26814,"comment_status":"open","ping_status":"closed","sticky":false,"template":"","format":"standard","meta":{"footnotes":""},"categories":[11,6,10],"tags":[36,50,49],"class_list":["post-26815","post","type-post","status-publish","format-standard","has-post-thumbnail","hentry","category-homepage-french","category-sports","category-toutes-les-actualites","tag-africa-press","tag-africa-press-cameroun","tag-cameroun"],"yoast_head":"<!-- This site is optimized with the Yoast SEO Premium plugin v26.1 (Yoast SEO v27.0) - https:\/\/yoast.com\/product\/yoast-seo-premium-wordpress\/ -->\n<title>Cameroun : Pierre Semengue accuse la F\u00e9cafoot de s\u2019approprier l\u2019argent appartenant \u00e0 la Ligue - Cameroun<\/title>\n<meta name=\"description\" content=\"Le pr\u00e9sident d\u00e9chu du conseil transitoire du football professionnel de la F\u00e9cafoot revient sur sa collaboration avec Sam ...\" \/>\n<meta name=\"robots\" content=\"index, follow, max-snippet:-1, max-image-preview:large, max-video-preview:-1\" \/>\n<link rel=\"canonical\" href=\"https:\/\/www.africa-press.net\/cameroun\/sports\/cameroun-pierre-semengue-accuse-la-fecafoot-de-sapproprier-largent-appartenant-a-la-ligue\" \/>\n<meta property=\"og:locale\" content=\"fr_FR\" \/>\n<meta property=\"og:type\" content=\"article\" \/>\n<meta property=\"og:title\" content=\"Cameroun : Pierre Semengue accuse la F\u00e9cafoot de s\u2019approprier l\u2019argent appartenant \u00e0 la Ligue\" \/>\n<meta property=\"og:description\" content=\"Le pr\u00e9sident d\u00e9chu du conseil transitoire du football professionnel de la F\u00e9cafoot revient sur sa collaboration avec Sam ...\" \/>\n<meta property=\"og:url\" content=\"https:\/\/www.africa-press.net\/cameroun\/sports\/cameroun-pierre-semengue-accuse-la-fecafoot-de-sapproprier-largent-appartenant-a-la-ligue\" \/>\n<meta property=\"og:site_name\" content=\"Cameroun\" \/>\n<meta property=\"article:published_time\" content=\"2022-09-06T14:06:09+00:00\" \/>\n<meta property=\"article:modified_time\" content=\"2022-09-06T15:34:36+00:00\" \/>\n<meta property=\"og:image\" content=\"https:\/\/static.africa-press.net\/cameroun\/sites\/57\/2022\/09\/img-631768622cbfb.jpg\" \/>\n\t<meta property=\"og:image:width\" content=\"960\" \/>\n\t<meta property=\"og:image:height\" content=\"640\" \/>\n\t<meta property=\"og:image:type\" content=\"image\/jpeg\" \/>\n<meta name=\"author\" content=\"cfeditorfr\" \/>\n<meta name=\"twitter:card\" content=\"summary_large_image\" \/>\n<meta name=\"twitter:label1\" content=\"\u00c9crit par\" \/>\n\t<meta name=\"twitter:data1\" content=\"cfeditorfr\" \/>\n\t<meta name=\"twitter:label2\" content=\"Dur\u00e9e de lecture estim\u00e9e\" \/>\n\t<meta name=\"twitter:data2\" content=\"3 minutes\" \/>\n<script type=\"application\/ld+json\" class=\"yoast-schema-graph\">{\"@context\":\"https:\/\/schema.org\",\"@graph\":[{\"@type\":\"Article\",\"@id\":\"https:\/\/www.africa-press.net\/cameroun\/sports\/cameroun-pierre-semengue-accuse-la-fecafoot-de-sapproprier-largent-appartenant-a-la-ligue#article\",\"isPartOf\":{\"@id\":\"https:\/\/www.africa-press.net\/cameroun\/sports\/cameroun-pierre-semengue-accuse-la-fecafoot-de-sapproprier-largent-appartenant-a-la-ligue\"},\"author\":{\"name\":\"cfeditorfr\",\"@id\":\"https:\/\/www.africa-press.net\/cameroun\/#\/schema\/person\/2b1cf3cd81a31e3cd26889ca66d677f1\"},\"headline\":\"Cameroun : Pierre Semengue accuse la F\u00e9cafoot de s\u2019approprier l\u2019argent appartenant \u00e0 la Ligue\",\"datePublished\":\"2022-09-06T14:06:09+00:00\",\"dateModified\":\"2022-09-06T15:34:36+00:00\",\"mainEntityOfPage\":{\"@id\":\"https:\/\/www.africa-press.net\/cameroun\/sports\/cameroun-pierre-semengue-accuse-la-fecafoot-de-sapproprier-largent-appartenant-a-la-ligue\"},\"wordCount\":520,\"commentCount\":0,\"image\":{\"@id\":\"https:\/\/www.africa-press.net\/cameroun\/sports\/cameroun-pierre-semengue-accuse-la-fecafoot-de-sapproprier-largent-appartenant-a-la-ligue#primaryimage\"},\"thumbnailUrl\":\"https:\/\/static.africa-press.net\/cameroun\/sites\/57\/2022\/09\/img-631768622cbfb.jpg\",\"keywords\":[\"Africa Press\",\"Africa Press-Cameroun\",\"Cameroun\"],\"articleSection\":[\"homepage-french\",\"Sports\",\"Toutes les actualit\u00e9s\"],\"inLanguage\":\"fr-FR\",\"potentialAction\":[{\"@type\":\"CommentAction\",\"name\":\"Comment\",\"target\":[\"https:\/\/www.africa-press.net\/cameroun\/sports\/cameroun-pierre-semengue-accuse-la-fecafoot-de-sapproprier-largent-appartenant-a-la-ligue#respond\"]}]},{\"@type\":\"WebPage\",\"@id\":\"https:\/\/www.africa-press.net\/cameroun\/sports\/cameroun-pierre-semengue-accuse-la-fecafoot-de-sapproprier-largent-appartenant-a-la-ligue\",\"url\":\"https:\/\/www.africa-press.net\/cameroun\/sports\/cameroun-pierre-semengue-accuse-la-fecafoot-de-sapproprier-largent-appartenant-a-la-ligue\",\"name\":\"Cameroun : Pierre Semengue accuse la F\u00e9cafoot de s\u2019approprier l\u2019argent appartenant \u00e0 la Ligue - Cameroun\",\"isPartOf\":{\"@id\":\"https:\/\/www.africa-press.net\/cameroun\/#website\"},\"primaryImageOfPage\":{\"@id\":\"https:\/\/www.africa-press.net\/cameroun\/sports\/cameroun-pierre-semengue-accuse-la-fecafoot-de-sapproprier-largent-appartenant-a-la-ligue#primaryimage\"},\"image\":{\"@id\":\"https:\/\/www.africa-press.net\/cameroun\/sports\/cameroun-pierre-semengue-accuse-la-fecafoot-de-sapproprier-largent-appartenant-a-la-ligue#primaryimage\"},\"thumbnailUrl\":\"https:\/\/static.africa-press.net\/cameroun\/sites\/57\/2022\/09\/img-631768622cbfb.jpg\",\"datePublished\":\"2022-09-06T14:06:09+00:00\",\"dateModified\":\"2022-09-06T15:34:36+00:00\",\"author\":{\"@id\":\"https:\/\/www.africa-press.net\/cameroun\/#\/schema\/person\/2b1cf3cd81a31e3cd26889ca66d677f1\"},\"description\":\"Le pr\u00e9sident d\u00e9chu du conseil transitoire du football professionnel de la F\u00e9cafoot revient sur sa collaboration avec Sam ...\",\"breadcrumb\":{\"@id\":\"https:\/\/www.africa-press.net\/cameroun\/sports\/cameroun-pierre-semengue-accuse-la-fecafoot-de-sapproprier-largent-appartenant-a-la-ligue#breadcrumb\"},\"inLanguage\":\"fr-FR\",\"potentialAction\":[{\"@type\":\"ReadAction\",\"target\":[\"https:\/\/www.africa-press.net\/cameroun\/sports\/cameroun-pierre-semengue-accuse-la-fecafoot-de-sapproprier-largent-appartenant-a-la-ligue\"]}]},{\"@type\":\"ImageObject\",\"inLanguage\":\"fr-FR\",\"@id\":\"https:\/\/www.africa-press.net\/cameroun\/sports\/cameroun-pierre-semengue-accuse-la-fecafoot-de-sapproprier-largent-appartenant-a-la-ligue#primaryimage\",\"url\":\"https:\/\/static.africa-press.net\/cameroun\/sites\/57\/2022\/09\/img-631768622cbfb.jpg\",\"contentUrl\":\"https:\/\/static.africa-press.net\/cameroun\/sites\/57\/2022\/09\/img-631768622cbfb.jpg\",\"width\":960,\"height\":640,\"caption\":\"Cameroun : Pierre Semengue accuse la F\u00e9cafoot de s\u2019approprier l\u2019argent appartenant \u00e0 la Ligue\"},{\"@type\":\"BreadcrumbList\",\"@id\":\"https:\/\/www.africa-press.net\/cameroun\/sports\/cameroun-pierre-semengue-accuse-la-fecafoot-de-sapproprier-largent-appartenant-a-la-ligue#breadcrumb\",\"itemListElement\":[{\"@type\":\"ListItem\",\"position\":1,\"name\":\"Accueil\",\"item\":\"https:\/\/www.africa-press.net\/cameroun\/\"},{\"@type\":\"ListItem\",\"position\":2,\"name\":\"Cameroun : Pierre Semengue accuse la F\u00e9cafoot de s\u2019approprier l\u2019argent appartenant \u00e0 la Ligue\"}]},{\"@type\":\"WebSite\",\"@id\":\"https:\/\/www.africa-press.net\/cameroun\/#website\",\"url\":\"https:\/\/www.africa-press.net\/cameroun\/\",\"name\":\"Cameroun\",\"description\":\"Just another Africa News Agency Sites site\",\"potentialAction\":[{\"@type\":\"SearchAction\",\"target\":{\"@type\":\"EntryPoint\",\"urlTemplate\":\"https:\/\/www.africa-press.net\/cameroun\/?s={search_term_string}\"},\"query-input\":{\"@type\":\"PropertyValueSpecification\",\"valueRequired\":true,\"valueName\":\"search_term_string\"}}],\"inLanguage\":\"fr-FR\"},{\"@type\":\"Person\",\"@id\":\"https:\/\/www.africa-press.net\/cameroun\/#\/schema\/person\/2b1cf3cd81a31e3cd26889ca66d677f1\",\"name\":\"cfeditorfr\"}]}<\/script>\n<!-- \/ Yoast SEO Premium plugin. -->","yoast_head_json":{"title":"Cameroun : Pierre Semengue accuse la F\u00e9cafoot de s\u2019approprier l\u2019argent appartenant \u00e0 la Ligue - Cameroun","description":"Le pr\u00e9sident d\u00e9chu du conseil transitoire du football professionnel de la F\u00e9cafoot revient sur sa collaboration avec Sam ...","robots":{"index":"index","follow":"follow","max-snippet":"max-snippet:-1","max-image-preview":"max-image-preview:large","max-video-preview":"max-video-preview:-1"},"canonical":"https:\/\/www.africa-press.net\/cameroun\/sports\/cameroun-pierre-semengue-accuse-la-fecafoot-de-sapproprier-largent-appartenant-a-la-ligue","og_locale":"fr_FR","og_type":"article","og_title":"Cameroun : Pierre Semengue accuse la F\u00e9cafoot de s\u2019approprier l\u2019argent appartenant \u00e0 la Ligue","og_description":"Le pr\u00e9sident d\u00e9chu du conseil transitoire du football professionnel de la F\u00e9cafoot revient sur sa collaboration avec Sam ...","og_url":"https:\/\/www.africa-press.net\/cameroun\/sports\/cameroun-pierre-semengue-accuse-la-fecafoot-de-sapproprier-largent-appartenant-a-la-ligue","og_site_name":"Cameroun","article_published_time":"2022-09-06T14:06:09+00:00","article_modified_time":"2022-09-06T15:34:36+00:00","og_image":[{"width":960,"height":640,"url":"https:\/\/static.africa-press.net\/cameroun\/sites\/57\/2022\/09\/img-631768622cbfb.jpg","type":"image\/jpeg"}],"author":"cfeditorfr","twitter_card":"summary_large_image","twitter_misc":{"\u00c9crit par":"cfeditorfr","Dur\u00e9e de lecture estim\u00e9e":"3 minutes"},"schema":{"@context":"https:\/\/schema.org","@graph":[{"@type":"Article","@id":"https:\/\/www.africa-press.net\/cameroun\/sports\/cameroun-pierre-semengue-accuse-la-fecafoot-de-sapproprier-largent-appartenant-a-la-ligue#article","isPartOf":{"@id":"https:\/\/www.africa-press.net\/cameroun\/sports\/cameroun-pierre-semengue-accuse-la-fecafoot-de-sapproprier-largent-appartenant-a-la-ligue"},"author":{"name":"cfeditorfr","@id":"https:\/\/www.africa-press.net\/cameroun\/#\/schema\/person\/2b1cf3cd81a31e3cd26889ca66d677f1"},"headline":"Cameroun : Pierre Semengue accuse la F\u00e9cafoot de s\u2019approprier l\u2019argent appartenant \u00e0 la Ligue","datePublished":"2022-09-06T14:06:09+00:00","dateModified":"2022-09-06T15:34:36+00:00","mainEntityOfPage":{"@id":"https:\/\/www.africa-press.net\/cameroun\/sports\/cameroun-pierre-semengue-accuse-la-fecafoot-de-sapproprier-largent-appartenant-a-la-ligue"},"wordCount":520,"commentCount":0,"image":{"@id":"https:\/\/www.africa-press.net\/cameroun\/sports\/cameroun-pierre-semengue-accuse-la-fecafoot-de-sapproprier-largent-appartenant-a-la-ligue#primaryimage"},"thumbnailUrl":"https:\/\/static.africa-press.net\/cameroun\/sites\/57\/2022\/09\/img-631768622cbfb.jpg","keywords":["Africa Press","Africa Press-Cameroun","Cameroun"],"articleSection":["homepage-french","Sports","Toutes les actualit\u00e9s"],"inLanguage":"fr-FR","potentialAction":[{"@type":"CommentAction","name":"Comment","target":["https:\/\/www.africa-press.net\/cameroun\/sports\/cameroun-pierre-semengue-accuse-la-fecafoot-de-sapproprier-largent-appartenant-a-la-ligue#respond"]}]},{"@type":"WebPage","@id":"https:\/\/www.africa-press.net\/cameroun\/sports\/cameroun-pierre-semengue-accuse-la-fecafoot-de-sapproprier-largent-appartenant-a-la-ligue","url":"https:\/\/www.africa-press.net\/cameroun\/sports\/cameroun-pierre-semengue-accuse-la-fecafoot-de-sapproprier-largent-appartenant-a-la-ligue","name":"Cameroun : Pierre Semengue accuse la F\u00e9cafoot de s\u2019approprier l\u2019argent appartenant \u00e0 la Ligue - Cameroun","isPartOf":{"@id":"https:\/\/www.africa-press.net\/cameroun\/#website"},"primaryImageOfPage":{"@id":"https:\/\/www.africa-press.net\/cameroun\/sports\/cameroun-pierre-semengue-accuse-la-fecafoot-de-sapproprier-largent-appartenant-a-la-ligue#primaryimage"},"image":{"@id":"https:\/\/www.africa-press.net\/cameroun\/sports\/cameroun-pierre-semengue-accuse-la-fecafoot-de-sapproprier-largent-appartenant-a-la-ligue#primaryimage"},"thumbnailUrl":"https:\/\/static.africa-press.net\/cameroun\/sites\/57\/2022\/09\/img-631768622cbfb.jpg","datePublished":"2022-09-06T14:06:09+00:00","dateModified":"2022-09-06T15:34:36+00:00","author":{"@id":"https:\/\/www.africa-press.net\/cameroun\/#\/schema\/person\/2b1cf3cd81a31e3cd26889ca66d677f1"},"description":"Le pr\u00e9sident d\u00e9chu du conseil transitoire du football professionnel de la F\u00e9cafoot revient sur sa collaboration avec Sam ...","breadcrumb":{"@id":"https:\/\/www.africa-press.net\/cameroun\/sports\/cameroun-pierre-semengue-accuse-la-fecafoot-de-sapproprier-largent-appartenant-a-la-ligue#breadcrumb"},"inLanguage":"fr-FR","potentialAction":[{"@type":"ReadAction","target":["https:\/\/www.africa-press.net\/cameroun\/sports\/cameroun-pierre-semengue-accuse-la-fecafoot-de-sapproprier-largent-appartenant-a-la-ligue"]}]},{"@type":"ImageObject","inLanguage":"fr-FR","@id":"https:\/\/www.africa-press.net\/cameroun\/sports\/cameroun-pierre-semengue-accuse-la-fecafoot-de-sapproprier-largent-appartenant-a-la-ligue#primaryimage","url":"https:\/\/static.africa-press.net\/cameroun\/sites\/57\/2022\/09\/img-631768622cbfb.jpg","contentUrl":"https:\/\/static.africa-press.net\/cameroun\/sites\/57\/2022\/09\/img-631768622cbfb.jpg","width":960,"height":640,"caption":"Cameroun : Pierre Semengue accuse la F\u00e9cafoot de s\u2019approprier l\u2019argent appartenant \u00e0 la Ligue"},{"@type":"BreadcrumbList","@id":"https:\/\/www.africa-press.net\/cameroun\/sports\/cameroun-pierre-semengue-accuse-la-fecafoot-de-sapproprier-largent-appartenant-a-la-ligue#breadcrumb","itemListElement":[{"@type":"ListItem","position":1,"name":"Accueil","item":"https:\/\/www.africa-press.net\/cameroun\/"},{"@type":"ListItem","position":2,"name":"Cameroun : Pierre Semengue accuse la F\u00e9cafoot de s\u2019approprier l\u2019argent appartenant \u00e0 la Ligue"}]},{"@type":"WebSite","@id":"https:\/\/www.africa-press.net\/cameroun\/#website","url":"https:\/\/www.africa-press.net\/cameroun\/","name":"Cameroun","description":"Just another Africa News Agency Sites site","potentialAction":[{"@type":"SearchAction","target":{"@type":"EntryPoint","urlTemplate":"https:\/\/www.africa-press.net\/cameroun\/?s={search_term_string}"},"query-input":{"@type":"PropertyValueSpecification","valueRequired":true,"valueName":"search_term_string"}}],"inLanguage":"fr-FR"},{"@type":"Person","@id":"https:\/\/www.africa-press.net\/cameroun\/#\/schema\/person\/2b1cf3cd81a31e3cd26889ca66d677f1","name":"cfeditorfr"}]}},"_links":{"self":[{"href":"https:\/\/www.africa-press.net\/cameroun\/wp-json\/wp\/v2\/posts\/26815","targetHints":{"allow":["GET"]}}],"collection":[{"href":"https:\/\/www.africa-press.net\/cameroun\/wp-json\/wp\/v2\/posts"}],"about":[{"href":"https:\/\/www.africa-press.net\/cameroun\/wp-json\/wp\/v2\/types\/post"}],"author":[{"embeddable":true,"href":"https:\/\/www.africa-press.net\/cameroun\/wp-json\/wp\/v2\/users\/82"}],"replies":[{"embeddable":true,"href":"https:\/\/www.africa-press.net\/cameroun\/wp-json\/wp\/v2\/comments?post=26815"}],"version-history":[{"count":0,"href":"https:\/\/www.africa-press.net\/cameroun\/wp-json\/wp\/v2\/posts\/26815\/revisions"}],"wp:featuredmedia":[{"embeddable":true,"href":"https:\/\/www.africa-press.net\/cameroun\/wp-json\/wp\/v2\/media\/26814"}],"wp:attachment":[{"href":"https:\/\/www.africa-press.net\/cameroun\/wp-json\/wp\/v2\/media?parent=26815"}],"wp:term":[{"taxonomy":"category","embeddable":true,"href":"https:\/\/www.africa-press.net\/cameroun\/wp-json\/wp\/v2\/categories?post=26815"},{"taxonomy":"post_tag","embeddable":true,"href":"https:\/\/www.africa-press.net\/cameroun\/wp-json\/wp\/v2\/tags?post=26815"}],"curies":[{"name":"wp","href":"https:\/\/api.w.org\/{rel}","templated":true}]}}