{"id":2682,"date":"2021-04-28T17:36:10","date_gmt":"2021-04-28T17:36:10","guid":{"rendered":"https:\/\/www.africa-press.net\/cameroun\/politique\/cameroun-medias-des-patrons-de-presse-veulent-manifester-le-3-mai-2021-a-yaounde"},"modified":"2021-04-28T20:07:24","modified_gmt":"2021-04-28T20:07:24","slug":"cameroun-medias-des-patrons-de-presse-veulent-manifester-le-3-mai-2021-a-yaounde","status":"publish","type":"post","link":"https:\/\/www.africa-press.net\/cameroun\/politique\/cameroun-medias-des-patrons-de-presse-veulent-manifester-le-3-mai-2021-a-yaounde","title":{"rendered":"Cameroun &#8211; M\u00e9dias: Des patrons de presse veulent manifester le 3 Mai 2021 \u00e0 Yaound\u00e9"},"content":{"rendered":"<p><span style=\"color: #ff6600\"><strong><a href=\"https:\/\/www.africa-press.net\/\">Africa-Press<\/a> &#8211; <a href=\"https:\/\/www.africa-press.net\/cameroun\">Cameroun<\/a>. <\/strong><\/span>Des \u00e9diteurs de journaux veulent marcher \u00e0 Yaound\u00e9 le 3 mai 2021. Pour ce faire, le R\u00e9seau des Patrons de Presse du Cameroun (REPAC) a adress\u00e9 une \u00abdemande d\u2019une autorisation pacifique de marche\u00bb au sous-pr\u00e9fet de Yaound\u00e9 1er. Fran\u00e7ois Mboke, le pr\u00e9sident de l\u2019association, fait savoir dans ce document sign\u00e9 de sa main, que \u00abcette marche pacifique sera accompagn\u00e9e de quelques pancartes portant quelques sollicitations des pouvoirs publics vis-\u00e0-vis de la presse\u00bb.<\/p>\n<p>Le directeur de publication du journal Diapason indique que l\u2019itin\u00e9raire de la marche ira de l\u2019H\u00f4tel de ville de Yaound\u00e9 vers le minist\u00e8re de la Communication o\u00f9 les marcheurs comptent remettre un plaidoyer \u00abpour transmission \u00e0 la Haute hi\u00e9rarchie\u00bb. Le contenu de cette esp\u00e8ce de m\u00e9morandum n\u2019est pas d\u00e9voil\u00e9, mais le journaliste et lanceur d\u2019alerte Boris Bertolt croit savoir que le document des membres du R\u00e9seau des Patrons de Presse du Cameroun a pour motif principal: le \u00abrefus du gouvernement de mettre en oeuvre les recommandations des \u00e9tats g\u00e9n\u00e9raux de la communication de 2012. Les journalistes camerounais comptent porter \u00e0 l\u2019attention de l\u2019opinion nationale et internationale leurs souffrances\u00bb, renseigne l\u2019ancien des quotidiens Mutations et Le Jour.<\/p>\n<p>Le REPAC s\u2019\u00e9tait d\u00e9j\u00e0 signal\u00e9 il y a un an. Le 4 mai 2020, ses membres avaient d\u00e9cid\u00e9 d\u2019observer, sur tout le territoire, une journ\u00e9e \u00abpresse morte\u00bb. Plusieurs journaux, parmi lesquels Le Messager, Mutations, InfoMatin, La M\u00e9t\u00e9o, Int\u00e9gration, l\u2019Ind\u00e9pendant, The Post, The Voice, d\u00e9non\u00e7aient \u00able refus de l\u2019Etat de soutenir la r\u00e9silience de la presse \u00e0 capitaux priv\u00e9s, l\u2019accentuation de la fragilit\u00e9 de la presse priv\u00e9e suite aux mesures restrictives prises dans le cadre de la lutte contre le Covid-19\u00bb.<\/p>\n<p>Ils se plaignaient aussi de l\u2019acc\u00e8s tr\u00e8s limit\u00e9 des journaux priv\u00e9s \u00e0 la commande publique, la non mise en \u0153uvre des r\u00e9solutions des \u00e9tats g\u00e9n\u00e9raux de la communication de 2012, les arrestations arbitraires des journalistes dans l\u2019exercice de leur fonction ou encore le maintien des peines privatives de libert\u00e9 pour les d\u00e9lits de presse.<\/p>\n","protected":false},"excerpt":{"rendered":"<p>Africa-Press &#8211; Cameroun. Des \u00e9diteurs de journaux veulent marcher \u00e0 Yaound\u00e9 le 3 mai 2021. Pour ce faire, le R\u00e9seau des Patrons de Presse du Cameroun (REPAC) a adress\u00e9 une \u00abdemande d\u2019une autorisation pacifique de marche\u00bb au sous-pr\u00e9fet de Yaound\u00e9 1er. Fran\u00e7ois Mboke, le pr\u00e9sident de l\u2019association, fait savoir dans ce document sign\u00e9 de sa [&hellip;]<\/p>\n","protected":false},"author":82,"featured_media":2681,"comment_status":"open","ping_status":"closed","sticky":false,"template":"","format":"standard","meta":{"footnotes":""},"categories":[11,2,10],"tags":[36,50,49],"class_list":["post-2682","post","type-post","status-publish","format-standard","has-post-thumbnail","hentry","category-homepage-french","category-politique","category-toutes-les-actualites","tag-africa-press","tag-africa-press-cameroun","tag-cameroun"],"yoast_head":"<!-- This site is optimized with the Yoast SEO Premium plugin v26.1 (Yoast SEO v27.0) - https:\/\/yoast.com\/product\/yoast-seo-premium-wordpress\/ -->\n<title>Cameroun - M\u00e9dias: Des patrons de presse veulent manifester le 3 Mai 2021 \u00e0 Yaound\u00e9 - Cameroun<\/title>\n<meta name=\"description\" content=\"Des \u00e9diteurs de journaux veulent marcher \u00e0 Yaound\u00e9 le 3 mai 2021. Pour ce faire, le R\u00e9seau des Patrons de Presse du Came ...\" \/>\n<meta name=\"robots\" content=\"index, follow, max-snippet:-1, max-image-preview:large, max-video-preview:-1\" \/>\n<link rel=\"canonical\" href=\"https:\/\/www.africa-press.net\/cameroun\/politique\/cameroun-medias-des-patrons-de-presse-veulent-manifester-le-3-mai-2021-a-yaounde\" \/>\n<meta property=\"og:locale\" content=\"fr_FR\" \/>\n<meta property=\"og:type\" content=\"article\" \/>\n<meta property=\"og:title\" content=\"Cameroun - M\u00e9dias: Des patrons de presse veulent manifester le 3 Mai 2021 \u00e0 Yaound\u00e9\" \/>\n<meta property=\"og:description\" content=\"Des \u00e9diteurs de journaux veulent marcher \u00e0 Yaound\u00e9 le 3 mai 2021. Pour ce faire, le R\u00e9seau des Patrons de Presse du Came ...\" \/>\n<meta property=\"og:url\" content=\"https:\/\/www.africa-press.net\/cameroun\/politique\/cameroun-medias-des-patrons-de-presse-veulent-manifester-le-3-mai-2021-a-yaounde\" \/>\n<meta property=\"og:site_name\" content=\"Cameroun\" \/>\n<meta property=\"article:published_time\" content=\"2021-04-28T17:36:10+00:00\" \/>\n<meta property=\"article:modified_time\" content=\"2021-04-28T20:07:24+00:00\" \/>\n<meta property=\"og:image\" content=\"https:\/\/static.africa-press.net\/cameroun\/sites\/57\/2021\/04\/img-6089c05d3222f.jpg\" \/>\n\t<meta property=\"og:image:width\" content=\"800\" \/>\n\t<meta property=\"og:image:height\" content=\"662\" \/>\n\t<meta property=\"og:image:type\" content=\"image\/jpeg\" \/>\n<meta name=\"author\" content=\"cfeditorfr\" \/>\n<meta name=\"twitter:card\" content=\"summary_large_image\" \/>\n<meta name=\"twitter:label1\" content=\"\u00c9crit par\" \/>\n\t<meta name=\"twitter:data1\" content=\"cfeditorfr\" \/>\n\t<meta name=\"twitter:label2\" content=\"Dur\u00e9e de lecture estim\u00e9e\" \/>\n\t<meta name=\"twitter:data2\" content=\"2 minutes\" \/>\n<script type=\"application\/ld+json\" class=\"yoast-schema-graph\">{\"@context\":\"https:\/\/schema.org\",\"@graph\":[{\"@type\":\"Article\",\"@id\":\"https:\/\/www.africa-press.net\/cameroun\/politique\/cameroun-medias-des-patrons-de-presse-veulent-manifester-le-3-mai-2021-a-yaounde#article\",\"isPartOf\":{\"@id\":\"https:\/\/www.africa-press.net\/cameroun\/politique\/cameroun-medias-des-patrons-de-presse-veulent-manifester-le-3-mai-2021-a-yaounde\"},\"author\":{\"name\":\"cfeditorfr\",\"@id\":\"https:\/\/www.africa-press.net\/cameroun\/#\/schema\/person\/2b1cf3cd81a31e3cd26889ca66d677f1\"},\"headline\":\"Cameroun &#8211; M\u00e9dias: Des patrons de presse veulent manifester le 3 Mai 2021 \u00e0 Yaound\u00e9\",\"datePublished\":\"2021-04-28T17:36:10+00:00\",\"dateModified\":\"2021-04-28T20:07:24+00:00\",\"mainEntityOfPage\":{\"@id\":\"https:\/\/www.africa-press.net\/cameroun\/politique\/cameroun-medias-des-patrons-de-presse-veulent-manifester-le-3-mai-2021-a-yaounde\"},\"wordCount\":378,\"commentCount\":0,\"image\":{\"@id\":\"https:\/\/www.africa-press.net\/cameroun\/politique\/cameroun-medias-des-patrons-de-presse-veulent-manifester-le-3-mai-2021-a-yaounde#primaryimage\"},\"thumbnailUrl\":\"https:\/\/static.africa-press.net\/cameroun\/sites\/57\/2021\/04\/img-6089c05d3222f.jpg\",\"keywords\":[\"Africa Press\",\"Africa Press-Cameroun\",\"Cameroun\"],\"articleSection\":[\"homepage-french\",\"Politique\",\"Toutes les actualit\u00e9s\"],\"inLanguage\":\"fr-FR\",\"potentialAction\":[{\"@type\":\"CommentAction\",\"name\":\"Comment\",\"target\":[\"https:\/\/www.africa-press.net\/cameroun\/politique\/cameroun-medias-des-patrons-de-presse-veulent-manifester-le-3-mai-2021-a-yaounde#respond\"]}]},{\"@type\":\"WebPage\",\"@id\":\"https:\/\/www.africa-press.net\/cameroun\/politique\/cameroun-medias-des-patrons-de-presse-veulent-manifester-le-3-mai-2021-a-yaounde\",\"url\":\"https:\/\/www.africa-press.net\/cameroun\/politique\/cameroun-medias-des-patrons-de-presse-veulent-manifester-le-3-mai-2021-a-yaounde\",\"name\":\"Cameroun - M\u00e9dias: Des patrons de presse veulent manifester le 3 Mai 2021 \u00e0 Yaound\u00e9 - Cameroun\",\"isPartOf\":{\"@id\":\"https:\/\/www.africa-press.net\/cameroun\/#website\"},\"primaryImageOfPage\":{\"@id\":\"https:\/\/www.africa-press.net\/cameroun\/politique\/cameroun-medias-des-patrons-de-presse-veulent-manifester-le-3-mai-2021-a-yaounde#primaryimage\"},\"image\":{\"@id\":\"https:\/\/www.africa-press.net\/cameroun\/politique\/cameroun-medias-des-patrons-de-presse-veulent-manifester-le-3-mai-2021-a-yaounde#primaryimage\"},\"thumbnailUrl\":\"https:\/\/static.africa-press.net\/cameroun\/sites\/57\/2021\/04\/img-6089c05d3222f.jpg\",\"datePublished\":\"2021-04-28T17:36:10+00:00\",\"dateModified\":\"2021-04-28T20:07:24+00:00\",\"author\":{\"@id\":\"https:\/\/www.africa-press.net\/cameroun\/#\/schema\/person\/2b1cf3cd81a31e3cd26889ca66d677f1\"},\"description\":\"Des \u00e9diteurs de journaux veulent marcher \u00e0 Yaound\u00e9 le 3 mai 2021. Pour ce faire, le R\u00e9seau des Patrons de Presse du Came ...\",\"breadcrumb\":{\"@id\":\"https:\/\/www.africa-press.net\/cameroun\/politique\/cameroun-medias-des-patrons-de-presse-veulent-manifester-le-3-mai-2021-a-yaounde#breadcrumb\"},\"inLanguage\":\"fr-FR\",\"potentialAction\":[{\"@type\":\"ReadAction\",\"target\":[\"https:\/\/www.africa-press.net\/cameroun\/politique\/cameroun-medias-des-patrons-de-presse-veulent-manifester-le-3-mai-2021-a-yaounde\"]}]},{\"@type\":\"ImageObject\",\"inLanguage\":\"fr-FR\",\"@id\":\"https:\/\/www.africa-press.net\/cameroun\/politique\/cameroun-medias-des-patrons-de-presse-veulent-manifester-le-3-mai-2021-a-yaounde#primaryimage\",\"url\":\"https:\/\/static.africa-press.net\/cameroun\/sites\/57\/2021\/04\/img-6089c05d3222f.jpg\",\"contentUrl\":\"https:\/\/static.africa-press.net\/cameroun\/sites\/57\/2021\/04\/img-6089c05d3222f.jpg\",\"width\":800,\"height\":662,\"caption\":\"Cameroun - M\u00e9dias: Des patrons de presse veulent manifester le 3 Mai 2021 \u00e0 Yaound\u00e9\"},{\"@type\":\"BreadcrumbList\",\"@id\":\"https:\/\/www.africa-press.net\/cameroun\/politique\/cameroun-medias-des-patrons-de-presse-veulent-manifester-le-3-mai-2021-a-yaounde#breadcrumb\",\"itemListElement\":[{\"@type\":\"ListItem\",\"position\":1,\"name\":\"Accueil\",\"item\":\"https:\/\/www.africa-press.net\/cameroun\/\"},{\"@type\":\"ListItem\",\"position\":2,\"name\":\"Cameroun &#8211; M\u00e9dias: Des patrons de presse veulent manifester le 3 Mai 2021 \u00e0 Yaound\u00e9\"}]},{\"@type\":\"WebSite\",\"@id\":\"https:\/\/www.africa-press.net\/cameroun\/#website\",\"url\":\"https:\/\/www.africa-press.net\/cameroun\/\",\"name\":\"Cameroun\",\"description\":\"Just another Africa News Agency Sites site\",\"potentialAction\":[{\"@type\":\"SearchAction\",\"target\":{\"@type\":\"EntryPoint\",\"urlTemplate\":\"https:\/\/www.africa-press.net\/cameroun\/?s={search_term_string}\"},\"query-input\":{\"@type\":\"PropertyValueSpecification\",\"valueRequired\":true,\"valueName\":\"search_term_string\"}}],\"inLanguage\":\"fr-FR\"},{\"@type\":\"Person\",\"@id\":\"https:\/\/www.africa-press.net\/cameroun\/#\/schema\/person\/2b1cf3cd81a31e3cd26889ca66d677f1\",\"name\":\"cfeditorfr\"}]}<\/script>\n<!-- \/ Yoast SEO Premium plugin. -->","yoast_head_json":{"title":"Cameroun - M\u00e9dias: Des patrons de presse veulent manifester le 3 Mai 2021 \u00e0 Yaound\u00e9 - Cameroun","description":"Des \u00e9diteurs de journaux veulent marcher \u00e0 Yaound\u00e9 le 3 mai 2021. Pour ce faire, le R\u00e9seau des Patrons de Presse du Came ...","robots":{"index":"index","follow":"follow","max-snippet":"max-snippet:-1","max-image-preview":"max-image-preview:large","max-video-preview":"max-video-preview:-1"},"canonical":"https:\/\/www.africa-press.net\/cameroun\/politique\/cameroun-medias-des-patrons-de-presse-veulent-manifester-le-3-mai-2021-a-yaounde","og_locale":"fr_FR","og_type":"article","og_title":"Cameroun - M\u00e9dias: Des patrons de presse veulent manifester le 3 Mai 2021 \u00e0 Yaound\u00e9","og_description":"Des \u00e9diteurs de journaux veulent marcher \u00e0 Yaound\u00e9 le 3 mai 2021. Pour ce faire, le R\u00e9seau des Patrons de Presse du Came ...","og_url":"https:\/\/www.africa-press.net\/cameroun\/politique\/cameroun-medias-des-patrons-de-presse-veulent-manifester-le-3-mai-2021-a-yaounde","og_site_name":"Cameroun","article_published_time":"2021-04-28T17:36:10+00:00","article_modified_time":"2021-04-28T20:07:24+00:00","og_image":[{"width":800,"height":662,"url":"https:\/\/static.africa-press.net\/cameroun\/sites\/57\/2021\/04\/img-6089c05d3222f.jpg","type":"image\/jpeg"}],"author":"cfeditorfr","twitter_card":"summary_large_image","twitter_misc":{"\u00c9crit par":"cfeditorfr","Dur\u00e9e de lecture estim\u00e9e":"2 minutes"},"schema":{"@context":"https:\/\/schema.org","@graph":[{"@type":"Article","@id":"https:\/\/www.africa-press.net\/cameroun\/politique\/cameroun-medias-des-patrons-de-presse-veulent-manifester-le-3-mai-2021-a-yaounde#article","isPartOf":{"@id":"https:\/\/www.africa-press.net\/cameroun\/politique\/cameroun-medias-des-patrons-de-presse-veulent-manifester-le-3-mai-2021-a-yaounde"},"author":{"name":"cfeditorfr","@id":"https:\/\/www.africa-press.net\/cameroun\/#\/schema\/person\/2b1cf3cd81a31e3cd26889ca66d677f1"},"headline":"Cameroun &#8211; M\u00e9dias: Des patrons de presse veulent manifester le 3 Mai 2021 \u00e0 Yaound\u00e9","datePublished":"2021-04-28T17:36:10+00:00","dateModified":"2021-04-28T20:07:24+00:00","mainEntityOfPage":{"@id":"https:\/\/www.africa-press.net\/cameroun\/politique\/cameroun-medias-des-patrons-de-presse-veulent-manifester-le-3-mai-2021-a-yaounde"},"wordCount":378,"commentCount":0,"image":{"@id":"https:\/\/www.africa-press.net\/cameroun\/politique\/cameroun-medias-des-patrons-de-presse-veulent-manifester-le-3-mai-2021-a-yaounde#primaryimage"},"thumbnailUrl":"https:\/\/static.africa-press.net\/cameroun\/sites\/57\/2021\/04\/img-6089c05d3222f.jpg","keywords":["Africa Press","Africa Press-Cameroun","Cameroun"],"articleSection":["homepage-french","Politique","Toutes les actualit\u00e9s"],"inLanguage":"fr-FR","potentialAction":[{"@type":"CommentAction","name":"Comment","target":["https:\/\/www.africa-press.net\/cameroun\/politique\/cameroun-medias-des-patrons-de-presse-veulent-manifester-le-3-mai-2021-a-yaounde#respond"]}]},{"@type":"WebPage","@id":"https:\/\/www.africa-press.net\/cameroun\/politique\/cameroun-medias-des-patrons-de-presse-veulent-manifester-le-3-mai-2021-a-yaounde","url":"https:\/\/www.africa-press.net\/cameroun\/politique\/cameroun-medias-des-patrons-de-presse-veulent-manifester-le-3-mai-2021-a-yaounde","name":"Cameroun - M\u00e9dias: Des patrons de presse veulent manifester le 3 Mai 2021 \u00e0 Yaound\u00e9 - Cameroun","isPartOf":{"@id":"https:\/\/www.africa-press.net\/cameroun\/#website"},"primaryImageOfPage":{"@id":"https:\/\/www.africa-press.net\/cameroun\/politique\/cameroun-medias-des-patrons-de-presse-veulent-manifester-le-3-mai-2021-a-yaounde#primaryimage"},"image":{"@id":"https:\/\/www.africa-press.net\/cameroun\/politique\/cameroun-medias-des-patrons-de-presse-veulent-manifester-le-3-mai-2021-a-yaounde#primaryimage"},"thumbnailUrl":"https:\/\/static.africa-press.net\/cameroun\/sites\/57\/2021\/04\/img-6089c05d3222f.jpg","datePublished":"2021-04-28T17:36:10+00:00","dateModified":"2021-04-28T20:07:24+00:00","author":{"@id":"https:\/\/www.africa-press.net\/cameroun\/#\/schema\/person\/2b1cf3cd81a31e3cd26889ca66d677f1"},"description":"Des \u00e9diteurs de journaux veulent marcher \u00e0 Yaound\u00e9 le 3 mai 2021. Pour ce faire, le R\u00e9seau des Patrons de Presse du Came ...","breadcrumb":{"@id":"https:\/\/www.africa-press.net\/cameroun\/politique\/cameroun-medias-des-patrons-de-presse-veulent-manifester-le-3-mai-2021-a-yaounde#breadcrumb"},"inLanguage":"fr-FR","potentialAction":[{"@type":"ReadAction","target":["https:\/\/www.africa-press.net\/cameroun\/politique\/cameroun-medias-des-patrons-de-presse-veulent-manifester-le-3-mai-2021-a-yaounde"]}]},{"@type":"ImageObject","inLanguage":"fr-FR","@id":"https:\/\/www.africa-press.net\/cameroun\/politique\/cameroun-medias-des-patrons-de-presse-veulent-manifester-le-3-mai-2021-a-yaounde#primaryimage","url":"https:\/\/static.africa-press.net\/cameroun\/sites\/57\/2021\/04\/img-6089c05d3222f.jpg","contentUrl":"https:\/\/static.africa-press.net\/cameroun\/sites\/57\/2021\/04\/img-6089c05d3222f.jpg","width":800,"height":662,"caption":"Cameroun - M\u00e9dias: Des patrons de presse veulent manifester le 3 Mai 2021 \u00e0 Yaound\u00e9"},{"@type":"BreadcrumbList","@id":"https:\/\/www.africa-press.net\/cameroun\/politique\/cameroun-medias-des-patrons-de-presse-veulent-manifester-le-3-mai-2021-a-yaounde#breadcrumb","itemListElement":[{"@type":"ListItem","position":1,"name":"Accueil","item":"https:\/\/www.africa-press.net\/cameroun\/"},{"@type":"ListItem","position":2,"name":"Cameroun &#8211; M\u00e9dias: Des patrons de presse veulent manifester le 3 Mai 2021 \u00e0 Yaound\u00e9"}]},{"@type":"WebSite","@id":"https:\/\/www.africa-press.net\/cameroun\/#website","url":"https:\/\/www.africa-press.net\/cameroun\/","name":"Cameroun","description":"Just another Africa News Agency Sites site","potentialAction":[{"@type":"SearchAction","target":{"@type":"EntryPoint","urlTemplate":"https:\/\/www.africa-press.net\/cameroun\/?s={search_term_string}"},"query-input":{"@type":"PropertyValueSpecification","valueRequired":true,"valueName":"search_term_string"}}],"inLanguage":"fr-FR"},{"@type":"Person","@id":"https:\/\/www.africa-press.net\/cameroun\/#\/schema\/person\/2b1cf3cd81a31e3cd26889ca66d677f1","name":"cfeditorfr"}]}},"_links":{"self":[{"href":"https:\/\/www.africa-press.net\/cameroun\/wp-json\/wp\/v2\/posts\/2682","targetHints":{"allow":["GET"]}}],"collection":[{"href":"https:\/\/www.africa-press.net\/cameroun\/wp-json\/wp\/v2\/posts"}],"about":[{"href":"https:\/\/www.africa-press.net\/cameroun\/wp-json\/wp\/v2\/types\/post"}],"author":[{"embeddable":true,"href":"https:\/\/www.africa-press.net\/cameroun\/wp-json\/wp\/v2\/users\/82"}],"replies":[{"embeddable":true,"href":"https:\/\/www.africa-press.net\/cameroun\/wp-json\/wp\/v2\/comments?post=2682"}],"version-history":[{"count":0,"href":"https:\/\/www.africa-press.net\/cameroun\/wp-json\/wp\/v2\/posts\/2682\/revisions"}],"wp:featuredmedia":[{"embeddable":true,"href":"https:\/\/www.africa-press.net\/cameroun\/wp-json\/wp\/v2\/media\/2681"}],"wp:attachment":[{"href":"https:\/\/www.africa-press.net\/cameroun\/wp-json\/wp\/v2\/media?parent=2682"}],"wp:term":[{"taxonomy":"category","embeddable":true,"href":"https:\/\/www.africa-press.net\/cameroun\/wp-json\/wp\/v2\/categories?post=2682"},{"taxonomy":"post_tag","embeddable":true,"href":"https:\/\/www.africa-press.net\/cameroun\/wp-json\/wp\/v2\/tags?post=2682"}],"curies":[{"name":"wp","href":"https:\/\/api.w.org\/{rel}","templated":true}]}}